{"id":80902,"date":"2022-12-02T18:18:47","date_gmt":"2022-12-02T18:18:47","guid":{"rendered":"http:\/\/www.noticiasradioreflejos.com.ar\/2021\/?p=80902"},"modified":"2022-12-02T18:18:47","modified_gmt":"2022-12-02T18:18:47","slug":"nevo-en-jujuy-los-habitantes-celebran-un-diciembre-blanco","status":"publish","type":"post","link":"https:\/\/www.noticiasradioreflejos.com.ar\/2021\/nevo-en-jujuy-los-habitantes-celebran-un-diciembre-blanco\/","title":{"rendered":"Nev\u00f3 en Jujuy: los habitantes celebran \u00abun diciembre blanco\u00bb"},"content":{"rendered":"<p>Una baja en las temperaturas por lluvias provoc\u00f3 nevadas, que dejaron a Abra Pampa, la llamada Capital de la Puna, ampliamente te\u00f1ida de blanco. Lo mismo ocurri\u00f3 en otras localidades del norte y en la regi\u00f3n de la Quebrada de Humahuaca.<!--more--><\/p>\n<figure class=\"mb-3\"><img decoding=\"async\" src=\"https:\/\/www.telam.com.ar\/thumbs\/bluesteel\/advf\/imagenes\/2022\/12\/638a0a4cb1e52_1200.jpg\" alt=\"Segn especialistas locales la nevada de verano es un fenmeno que se da principalmente en las zonas de alta montaa\" width=\"100%\" height=\"100%\" \/><\/p>\n<div class=\"media-icons\"><\/div><figcaption>Seg\u00fan especialistas locales la nevada de verano es un fen\u00f3meno que se da principalmente en las zonas de alta monta\u00f1a.<\/figcaption><\/figure>\n<p>Una baja en las temperaturas por precipitaciones en Jujuy provoc\u00f3 nevadas en las \u00faltimas horas en distintas localidades del norte provincial, donde sus pobladores se encargaron de compartir los paisajes vestidos de blanco a trav\u00e9s de las redes sociales.<\/p>\n<p>La ca\u00edda de nieve empez\u00f3 a reportarse la noche del jueves, cuando se mostr\u00f3 con bastante intensidad, y continu\u00f3 este viernes en poblados de la regi\u00f3n de la Puna y de la Quebrada, como ser El Aguilar, Abra Pampa, Pumahuasi, Santa Catalina, Miyuyoc y Varas, entre otros.<\/p>\n<blockquote class=\"twitter-tweet\" data-width=\"500\" data-dnt=\"true\">\n<p lang=\"es\" dir=\"ltr\">TIEMPO \ud83c\udf28\ufe0f Una baja en las temperaturas por precipitaciones en Jujuy provoc\u00f3 nevadas en las \u00faltimas horas en las localidades de la Puna y de la Quebrada, como ser El Aguilar, Abra Pampa, Pumahuasi, Santa Catalina, Miyuyoc y Varas, entre otros <a href=\"https:\/\/t.co\/Uqald4iCIX\">pic.twitter.com\/Uqald4iCIX<\/a><\/p>\n<p>&mdash; Agencia T\u00e9lam (@AgenciaTelam) <a href=\"https:\/\/twitter.com\/AgenciaTelam\/status\/1598684762364854273?ref_src=twsrc%5Etfw\">December 2, 2022<\/a><\/p><\/blockquote>\n<p><script async src=\"https:\/\/platform.twitter.com\/widgets.js\" charset=\"utf-8\"><\/script><\/p>\n<p>\u00abDiciembre de blanco en gran parte de la Puna de Jujuy. Disfrutar de esta maravilla, regalo de la naturaleza\u00bb, public\u00f3 en redes, al compartir diversas im\u00e1genes, el portal digital Diario de Abra Pampa, de la localidad hom\u00f3nima, distante a unos 210 kil\u00f3metros al norte de la ciudad capital.<\/p>\n<p>En el lugar, tambi\u00e9n conocido como la\u00a0<strong>Capital de la Puna<\/strong>, la ca\u00edda de nieve sorprendi\u00f3 el jueves a sus habitantes mientras estaban terminando su jornada laboral o de estudios, y se registraban unos 8 grados de temperatura, seg\u00fan report\u00f3 el mismo medio.<\/p>\n<p>Tras continuar la nevada durante las primeras horas de este viernes, el paisaje se pudo observar ampliamente te\u00f1ido de blanco, lo cual tambi\u00e9n ocurri\u00f3 en otros poblados de la Puna e incluso de la regi\u00f3n de la Quebrada de Humahuaca, donde se reportaron postales, por ejemplo, desde la escuela rural N\u00ba 115, de Varas.<\/p>\n<figure class=\"mb-3\"><img decoding=\"async\" src=\"https:\/\/www.telam.com.ar\/thumbs\/bluesteel\/advf\/imagenes\/2022\/12\/638a0a4cc0f2c_1200.jpg\" alt=\"El SMN report que continuar la inestabilidad del tiempo con una temperatura mnima en descenso hasta los 4 grados\" width=\"100%\" height=\"100%\" \/><\/p>\n<div class=\"media-icons\"><\/div><figcaption>El SMN report\u00f3 que continuar\u00e1 la inestabilidad del tiempo, con una temperatura m\u00ednima en descenso hasta los 4 grados.<\/figcaption><\/figure>\n<p>Si bien la ca\u00edda de nieve no era esperable en esta parte del a\u00f1o, las condiciones geogr\u00e1ficas de Jujuy alejan de lo extraordinario la ca\u00edda de nieve en la provincia durante el verano, estaci\u00f3n pr\u00f3xima a iniciarse.<\/p>\n<p>Seg\u00fan especialistas locales es un fen\u00f3meno que se da principalmente en las zonas de alta monta\u00f1a, es decir en inmediaciones del Paso internacional Jama, que conecta con Chile.<\/p>\n<p><strong>Las nevadas en el verano, en la \u00e9poca de lluvias, suelen repetirse<\/strong>\u00a0principalmente en los picos de cordones monta\u00f1osos que superan los 4 mil metros de altitud, no as\u00ed en las zonas m\u00e1s pobladas donde genera mayor sorpresa.<\/p>\n<p>El Servicio Meteorol\u00f3gico Nacional report\u00f3 que continuar\u00e1 la inestabilidad del tiempo, con una temperatura m\u00ednima en descenso hasta los 4 grados al norte provincial.<\/p>\n","protected":false},"excerpt":{"rendered":"<p>Una baja en las temperaturas por lluvias provoc\u00f3 nevadas, que dejaron a Abra Pampa, la llamada Capital de la Puna, ampliamente te\u00f1ida de blanco. Lo mismo ocurri\u00f3 en otras localidades del norte y en la regi\u00f3n de la Quebrada de Humahuaca.<\/p>\n","protected":false},"author":3,"featured_media":0,"comment_status":"closed","ping_status":"closed","sticky":false,"template":"","format":"standard","meta":{"footnotes":""},"categories":[46],"tags":[],"class_list":["post-80902","post","type-post","status-publish","format-standard","hentry","category-ciencia-y-tecnologia"],"yoast_head":"<!-- This site is optimized with the Yoast SEO plugin v25.9 - https:\/\/yoast.com\/wordpress\/plugins\/seo\/ -->\n<title>Nev\u00f3 en Jujuy: los habitantes celebran &quot;un diciembre blanco&quot; - Noticias Radio Reflejos<\/title>\n<meta name=\"robots\" content=\"index, follow, max-snippet:-1, max-image-preview:large, max-video-preview:-1\" \/>\n<link rel=\"canonical\" href=\"https:\/\/www.noticiasradioreflejos.com.ar\/2021\/nevo-en-jujuy-los-habitantes-celebran-un-diciembre-blanco\/\" \/>\n<meta property=\"og:locale\" content=\"es_ES\" \/>\n<meta property=\"og:type\" content=\"article\" \/>\n<meta property=\"og:title\" content=\"Nev\u00f3 en Jujuy: los habitantes celebran &quot;un diciembre blanco&quot; - Noticias Radio Reflejos\" \/>\n<meta property=\"og:description\" content=\"Una baja en las temperaturas por lluvias provoc\u00f3 nevadas, que dejaron a Abra Pampa, la llamada Capital de la Puna, ampliamente te\u00f1ida de blanco. Lo mismo ocurri\u00f3 en otras localidades del norte y en la regi\u00f3n de la Quebrada de Humahuaca.\" \/>\n<meta property=\"og:url\" content=\"https:\/\/www.noticiasradioreflejos.com.ar\/2021\/nevo-en-jujuy-los-habitantes-celebran-un-diciembre-blanco\/\" \/>\n<meta property=\"og:site_name\" content=\"Noticias Radio Reflejos\" \/>\n<meta property=\"article:published_time\" content=\"2022-12-02T18:18:47+00:00\" \/>\n<meta property=\"og:image\" content=\"https:\/\/www.telam.com.ar\/thumbs\/bluesteel\/advf\/imagenes\/2022\/12\/638a0a4cb1e52_1200.jpg\" \/>\n<meta name=\"author\" content=\"Arnaldo Botto\" \/>\n<meta name=\"twitter:card\" content=\"summary_large_image\" \/>\n<script type=\"application\/ld+json\" class=\"yoast-schema-graph\">{\"@context\":\"https:\/\/schema.org\",\"@graph\":[{\"@type\":\"WebPage\",\"@id\":\"https:\/\/www.noticiasradioreflejos.com.ar\/2021\/nevo-en-jujuy-los-habitantes-celebran-un-diciembre-blanco\/\",\"url\":\"https:\/\/www.noticiasradioreflejos.com.ar\/2021\/nevo-en-jujuy-los-habitantes-celebran-un-diciembre-blanco\/\",\"name\":\"Nev\u00f3 en Jujuy: los habitantes celebran \\\"un diciembre blanco\\\" - Noticias Radio Reflejos\",\"isPartOf\":{\"@id\":\"https:\/\/www.noticiasradioreflejos.com.ar\/2021\/#website\"},\"primaryImageOfPage\":{\"@id\":\"https:\/\/www.noticiasradioreflejos.com.ar\/2021\/nevo-en-jujuy-los-habitantes-celebran-un-diciembre-blanco\/#primaryimage\"},\"image\":{\"@id\":\"https:\/\/www.noticiasradioreflejos.com.ar\/2021\/nevo-en-jujuy-los-habitantes-celebran-un-diciembre-blanco\/#primaryimage\"},\"thumbnailUrl\":\"https:\/\/www.telam.com.ar\/thumbs\/bluesteel\/advf\/imagenes\/2022\/12\/638a0a4cb1e52_1200.jpg\",\"datePublished\":\"2022-12-02T18:18:47+00:00\",\"author\":{\"@id\":\"https:\/\/www.noticiasradioreflejos.com.ar\/2021\/#\/schema\/person\/ad82545263dcc5ec0996818884fd5fb1\"},\"breadcrumb\":{\"@id\":\"https:\/\/www.noticiasradioreflejos.com.ar\/2021\/nevo-en-jujuy-los-habitantes-celebran-un-diciembre-blanco\/#breadcrumb\"},\"inLanguage\":\"es\",\"potentialAction\":[{\"@type\":\"ReadAction\",\"target\":[\"https:\/\/www.noticiasradioreflejos.com.ar\/2021\/nevo-en-jujuy-los-habitantes-celebran-un-diciembre-blanco\/\"]}]},{\"@type\":\"ImageObject\",\"inLanguage\":\"es\",\"@id\":\"https:\/\/www.noticiasradioreflejos.com.ar\/2021\/nevo-en-jujuy-los-habitantes-celebran-un-diciembre-blanco\/#primaryimage\",\"url\":\"https:\/\/www.telam.com.ar\/thumbs\/bluesteel\/advf\/imagenes\/2022\/12\/638a0a4cb1e52_1200.jpg\",\"contentUrl\":\"https:\/\/www.telam.com.ar\/thumbs\/bluesteel\/advf\/imagenes\/2022\/12\/638a0a4cb1e52_1200.jpg\"},{\"@type\":\"BreadcrumbList\",\"@id\":\"https:\/\/www.noticiasradioreflejos.com.ar\/2021\/nevo-en-jujuy-los-habitantes-celebran-un-diciembre-blanco\/#breadcrumb\",\"itemListElement\":[{\"@type\":\"ListItem\",\"position\":1,\"name\":\"Portada\",\"item\":\"https:\/\/www.noticiasradioreflejos.com.ar\/2021\/\"},{\"@type\":\"ListItem\",\"position\":2,\"name\":\"Nev\u00f3 en Jujuy: los habitantes celebran \u00abun diciembre blanco\u00bb\"}]},{\"@type\":\"WebSite\",\"@id\":\"https:\/\/www.noticiasradioreflejos.com.ar\/2021\/#website\",\"url\":\"https:\/\/www.noticiasradioreflejos.com.ar\/2021\/\",\"name\":\"Noticias Radio Reflejos\",\"description\":\"Las noticias de mi comarca\",\"potentialAction\":[{\"@type\":\"SearchAction\",\"target\":{\"@type\":\"EntryPoint\",\"urlTemplate\":\"https:\/\/www.noticiasradioreflejos.com.ar\/2021\/?s={search_term_string}\"},\"query-input\":{\"@type\":\"PropertyValueSpecification\",\"valueRequired\":true,\"valueName\":\"search_term_string\"}}],\"inLanguage\":\"es\"},{\"@type\":\"Person\",\"@id\":\"https:\/\/www.noticiasradioreflejos.com.ar\/2021\/#\/schema\/person\/ad82545263dcc5ec0996818884fd5fb1\",\"name\":\"Arnaldo Botto\",\"image\":{\"@type\":\"ImageObject\",\"inLanguage\":\"es\",\"@id\":\"https:\/\/www.noticiasradioreflejos.com.ar\/2021\/#\/schema\/person\/image\/\",\"url\":\"https:\/\/secure.gravatar.com\/avatar\/55cb5e37c1efa326397366e6974cb338056df65cb50e7d64d1cf314e87504837?s=96&d=mm&r=g\",\"contentUrl\":\"https:\/\/secure.gravatar.com\/avatar\/55cb5e37c1efa326397366e6974cb338056df65cb50e7d64d1cf314e87504837?s=96&d=mm&r=g\",\"caption\":\"Arnaldo Botto\"},\"url\":\"https:\/\/www.noticiasradioreflejos.com.ar\/2021\/author\/arnaldo\/\"}]}<\/script>\n<!-- \/ Yoast SEO plugin. -->","yoast_head_json":{"title":"Nev\u00f3 en Jujuy: los habitantes celebran \"un diciembre blanco\" - Noticias Radio Reflejos","robots":{"index":"index","follow":"follow","max-snippet":"max-snippet:-1","max-image-preview":"max-image-preview:large","max-video-preview":"max-video-preview:-1"},"canonical":"https:\/\/www.noticiasradioreflejos.com.ar\/2021\/nevo-en-jujuy-los-habitantes-celebran-un-diciembre-blanco\/","og_locale":"es_ES","og_type":"article","og_title":"Nev\u00f3 en Jujuy: los habitantes celebran \"un diciembre blanco\" - Noticias Radio Reflejos","og_description":"Una baja en las temperaturas por lluvias provoc\u00f3 nevadas, que dejaron a Abra Pampa, la llamada Capital de la Puna, ampliamente te\u00f1ida de blanco. Lo mismo ocurri\u00f3 en otras localidades del norte y en la regi\u00f3n de la Quebrada de Humahuaca.","og_url":"https:\/\/www.noticiasradioreflejos.com.ar\/2021\/nevo-en-jujuy-los-habitantes-celebran-un-diciembre-blanco\/","og_site_name":"Noticias Radio Reflejos","article_published_time":"2022-12-02T18:18:47+00:00","og_image":[{"url":"https:\/\/www.telam.com.ar\/thumbs\/bluesteel\/advf\/imagenes\/2022\/12\/638a0a4cb1e52_1200.jpg","type":"","width":"","height":""}],"author":"Arnaldo Botto","twitter_card":"summary_large_image","schema":{"@context":"https:\/\/schema.org","@graph":[{"@type":"WebPage","@id":"https:\/\/www.noticiasradioreflejos.com.ar\/2021\/nevo-en-jujuy-los-habitantes-celebran-un-diciembre-blanco\/","url":"https:\/\/www.noticiasradioreflejos.com.ar\/2021\/nevo-en-jujuy-los-habitantes-celebran-un-diciembre-blanco\/","name":"Nev\u00f3 en Jujuy: los habitantes celebran \"un diciembre blanco\" - Noticias Radio Reflejos","isPartOf":{"@id":"https:\/\/www.noticiasradioreflejos.com.ar\/2021\/#website"},"primaryImageOfPage":{"@id":"https:\/\/www.noticiasradioreflejos.com.ar\/2021\/nevo-en-jujuy-los-habitantes-celebran-un-diciembre-blanco\/#primaryimage"},"image":{"@id":"https:\/\/www.noticiasradioreflejos.com.ar\/2021\/nevo-en-jujuy-los-habitantes-celebran-un-diciembre-blanco\/#primaryimage"},"thumbnailUrl":"https:\/\/www.telam.com.ar\/thumbs\/bluesteel\/advf\/imagenes\/2022\/12\/638a0a4cb1e52_1200.jpg","datePublished":"2022-12-02T18:18:47+00:00","author":{"@id":"https:\/\/www.noticiasradioreflejos.com.ar\/2021\/#\/schema\/person\/ad82545263dcc5ec0996818884fd5fb1"},"breadcrumb":{"@id":"https:\/\/www.noticiasradioreflejos.com.ar\/2021\/nevo-en-jujuy-los-habitantes-celebran-un-diciembre-blanco\/#breadcrumb"},"inLanguage":"es","potentialAction":[{"@type":"ReadAction","target":["https:\/\/www.noticiasradioreflejos.com.ar\/2021\/nevo-en-jujuy-los-habitantes-celebran-un-diciembre-blanco\/"]}]},{"@type":"ImageObject","inLanguage":"es","@id":"https:\/\/www.noticiasradioreflejos.com.ar\/2021\/nevo-en-jujuy-los-habitantes-celebran-un-diciembre-blanco\/#primaryimage","url":"https:\/\/www.telam.com.ar\/thumbs\/bluesteel\/advf\/imagenes\/2022\/12\/638a0a4cb1e52_1200.jpg","contentUrl":"https:\/\/www.telam.com.ar\/thumbs\/bluesteel\/advf\/imagenes\/2022\/12\/638a0a4cb1e52_1200.jpg"},{"@type":"BreadcrumbList","@id":"https:\/\/www.noticiasradioreflejos.com.ar\/2021\/nevo-en-jujuy-los-habitantes-celebran-un-diciembre-blanco\/#breadcrumb","itemListElement":[{"@type":"ListItem","position":1,"name":"Portada","item":"https:\/\/www.noticiasradioreflejos.com.ar\/2021\/"},{"@type":"ListItem","position":2,"name":"Nev\u00f3 en Jujuy: los habitantes celebran \u00abun diciembre blanco\u00bb"}]},{"@type":"WebSite","@id":"https:\/\/www.noticiasradioreflejos.com.ar\/2021\/#website","url":"https:\/\/www.noticiasradioreflejos.com.ar\/2021\/","name":"Noticias Radio Reflejos","description":"Las noticias de mi comarca","potentialAction":[{"@type":"SearchAction","target":{"@type":"EntryPoint","urlTemplate":"https:\/\/www.noticiasradioreflejos.com.ar\/2021\/?s={search_term_string}"},"query-input":{"@type":"PropertyValueSpecification","valueRequired":true,"valueName":"search_term_string"}}],"inLanguage":"es"},{"@type":"Person","@id":"https:\/\/www.noticiasradioreflejos.com.ar\/2021\/#\/schema\/person\/ad82545263dcc5ec0996818884fd5fb1","name":"Arnaldo Botto","image":{"@type":"ImageObject","inLanguage":"es","@id":"https:\/\/www.noticiasradioreflejos.com.ar\/2021\/#\/schema\/person\/image\/","url":"https:\/\/secure.gravatar.com\/avatar\/55cb5e37c1efa326397366e6974cb338056df65cb50e7d64d1cf314e87504837?s=96&d=mm&r=g","contentUrl":"https:\/\/secure.gravatar.com\/avatar\/55cb5e37c1efa326397366e6974cb338056df65cb50e7d64d1cf314e87504837?s=96&d=mm&r=g","caption":"Arnaldo Botto"},"url":"https:\/\/www.noticiasradioreflejos.com.ar\/2021\/author\/arnaldo\/"}]}},"_links":{"self":[{"href":"https:\/\/www.noticiasradioreflejos.com.ar\/2021\/wp-json\/wp\/v2\/posts\/80902","targetHints":{"allow":["GET"]}}],"collection":[{"href":"https:\/\/www.noticiasradioreflejos.com.ar\/2021\/wp-json\/wp\/v2\/posts"}],"about":[{"href":"https:\/\/www.noticiasradioreflejos.com.ar\/2021\/wp-json\/wp\/v2\/types\/post"}],"author":[{"embeddable":true,"href":"https:\/\/www.noticiasradioreflejos.com.ar\/2021\/wp-json\/wp\/v2\/users\/3"}],"replies":[{"embeddable":true,"href":"https:\/\/www.noticiasradioreflejos.com.ar\/2021\/wp-json\/wp\/v2\/comments?post=80902"}],"version-history":[{"count":1,"href":"https:\/\/www.noticiasradioreflejos.com.ar\/2021\/wp-json\/wp\/v2\/posts\/80902\/revisions"}],"predecessor-version":[{"id":80904,"href":"https:\/\/www.noticiasradioreflejos.com.ar\/2021\/wp-json\/wp\/v2\/posts\/80902\/revisions\/80904"}],"wp:attachment":[{"href":"https:\/\/www.noticiasradioreflejos.com.ar\/2021\/wp-json\/wp\/v2\/media?parent=80902"}],"wp:term":[{"taxonomy":"category","embeddable":true,"href":"https:\/\/www.noticiasradioreflejos.com.ar\/2021\/wp-json\/wp\/v2\/categories?post=80902"},{"taxonomy":"post_tag","embeddable":true,"href":"https:\/\/www.noticiasradioreflejos.com.ar\/2021\/wp-json\/wp\/v2\/tags?post=80902"}],"curies":[{"name":"wp","href":"https:\/\/api.w.org\/{rel}","templated":true}]}}