{"id":80897,"date":"2022-12-02T18:10:20","date_gmt":"2022-12-02T18:10:20","guid":{"rendered":"http:\/\/www.noticiasradioreflejos.com.ar\/2021\/?p=80897"},"modified":"2022-12-02T18:10:20","modified_gmt":"2022-12-02T18:10:20","slug":"en-sexta-seccion-recibimos-denuncias-de-todas-las-modalidades-de-trata","status":"publish","type":"post","link":"https:\/\/www.noticiasradioreflejos.com.ar\/2021\/en-sexta-seccion-recibimos-denuncias-de-todas-las-modalidades-de-trata\/","title":{"rendered":"\u201cEn Sexta Secci\u00f3n recibimos denuncias de todas las modalidades de trata\u201d"},"content":{"rendered":"<p>La delegada del Comit\u00e9 de Lucha contra la Trata de Personas, Evangelina Castro, habl\u00f3 sobre esta problem\u00e1tica en el marco del D\u00eda Internacional contra la Esclavitud. \u201cEl delito siempre estuvo conviviendo con nosotros y antes no lo ve\u00edamos\u201d asegur\u00f3.<\/p>\n<p>En el micro Tiempo Educativo, y en el marco de un nuevo D\u00eda Internacional contra la Esclavitud, la delegada de la Sexta Secci\u00f3n del Comit\u00e9 de Lucha contra la Trata de Personas, Evangelina Castro, brind\u00f3 detalles de lo que viene ocurriendo en nuestra regi\u00f3n.<\/p>\n<p>En un comienzo y a modo de introducci\u00f3n, aclar\u00f3 que \u201cdesde la pandemia hay un delegado por provincia, pero en el caso de Buenos Aires, hay un delegado por cada secci\u00f3n electoral. En mi caso, abarco desde Pellegrini a Patagones\u201d.<\/p>\n<p>Comentando en qu\u00e9 consiste su trabajo, Castro explic\u00f3 que \u201cparte de mi funci\u00f3n es acercarle la ley de lucha de trata a la comunidad, a los vecinos, a las instituciones y a los funcionarios; los ejes, lo que ocurre en nuestros municipios, con prevenci\u00f3n y la l\u00ednea 145, las capacitaciones en escuelas y el ojo puesto en las redes sociales con ofertas laborales falsas o grooming; y tambi\u00e9n en asesoramiento y ejecuci\u00f3n de denuncias, adem\u00e1s de acompa\u00f1ar a las v\u00edctimas\u201d.<\/p>\n<p>En otro pasaje de la charla, y pese al asombro de algunos, confirm\u00f3 que \u201cac\u00e1 en Sexta Secci\u00f3n recibimos denuncias de todas las modalidades de trata, excepto la venta de \u00f3rganos y fluidos. Pero hay mucha denuncia de vecinos sobre varias etapas de la trata. Ya sea porque detectan ofrecimiento o captaci\u00f3n, o porque sospechan de trabajadores por ver camiones de traslado entrando a alg\u00fan campo, y al verlo tan mal sospechan de d\u00f3nde ir\u00e1 a parar esa gente\u201d.<\/p>\n<p>Siguiendo esa l\u00ednea, mencion\u00f3 que \u201ca veces los servicios locales o sociales de salud, reciben a alguna persona que necesita algo y donde el profesional preguntar un par de cosas se da cuenta de la situaci\u00f3n irregular; ya sea porque duerme en el piso, no tiene agua potable, trabaja m\u00e1s de 12 horas, no cobran\u2026 los agentes de detecci\u00f3n empiezan a mirar m\u00e1s. El delito siempre estuvo conviviendo con nosotros y antes no lo ve\u00edamos o entendimos as\u00ed\u201d.<\/p>\n<p>Al tiempo que coment\u00f3 que \u201choy la explotaci\u00f3n sexual no tiene los cabarets, pero hay un circuito de traslados. La gente denuncia los movimientos extra\u00f1os que se hacen, porque ven que las chicas tienen ciertas personas que las manejan\u201d.<\/p>\n<p>Buscando dejar claro el concepto, y subrayando la necesidad del aporte de todos sin correr riesgos, la Delegada reafirm\u00f3 que \u201cel vecino no tiene que ser investigador privado. No debe ponerse en peligro. Alcanza con realizar la denuncia al 145\u201d.<\/p>\n<p>Por \u00faltimo admiti\u00f3 que \u201ctodo el tiempo el delito muta. Nosotros terminamos de aprender una forma de captaci\u00f3n, y ellos ya ten\u00edan pensada otra. Parece que vamos atr\u00e1s. Con la pandemia aument\u00f3 la virtualidad. El grooming ya cada vez tiene menos que ver con enga\u00f1ar al chico para un encuentro sexual, sino que apunta m\u00e1s a obtener material sensual o sexual, cuya finalidad es venderlo o subirlo a internet\u201d.<\/p>\n<p><iframe loading=\"lazy\" src=\"https:\/\/w.soundcloud.com\/player\/?url=https%3A\/\/api.soundcloud.com\/tracks\/1394829403&amp;color=%23ff5500&amp;auto_play=false&amp;hide_related=false&amp;show_comments=true&amp;show_user=true&amp;show_reposts=false&amp;show_teaser=true\" width=\"100%\" height=\"166\" frameborder=\"no\" scrolling=\"no\"><\/iframe><\/p>\n<div style=\"font-size: 10px; color: #cccccc; line-break: anywhere; word-break: normal; overflow: hidden; white-space: nowrap; text-overflow: ellipsis; font-family: Interstate,Lucida Grande,Lucida Sans Unicode,Lucida Sans,Garuda,Verdana,Tahoma,sans-serif; font-weight: 100;\"><a style=\"color: #cccccc; text-decoration: none;\" title=\"fmreflejos 103.7\" href=\"https:\/\/soundcloud.com\/fmreflejos-103-7\" target=\"_blank\" rel=\"noopener\">fmreflejos 103.7<\/a> \u00b7 <a style=\"color: #cccccc; text-decoration: none;\" title=\"Evangelina Castro\" href=\"https:\/\/soundcloud.com\/fmreflejos-103-7\/evangelina-castro\" target=\"_blank\" rel=\"noopener\">Evangelina Castro<\/a><\/div>\n","protected":false},"excerpt":{"rendered":"<p>La delegada del Comit\u00e9 de Lucha contra la Trata de Personas, Evangelina Castro, habl\u00f3 sobre esta problem\u00e1tica en el marco del D\u00eda Internacional contra la Esclavitud. \u201cEl delito siempre estuvo conviviendo con nosotros y antes no lo ve\u00edamos\u201d asegur\u00f3. En el micro Tiempo Educativo, y en el marco de un nuevo D\u00eda Internacional contra la [&hellip;]<\/p>\n","protected":false},"author":3,"featured_media":0,"comment_status":"closed","ping_status":"closed","sticky":false,"template":"","format":"standard","meta":{"footnotes":""},"categories":[24],"tags":[48],"class_list":["post-80897","post","type-post","status-publish","format-standard","hentry","category-politica","tag-destacada"],"yoast_head":"<!-- This site is optimized with the Yoast SEO plugin v25.9 - https:\/\/yoast.com\/wordpress\/plugins\/seo\/ -->\n<title>\u201cEn Sexta Secci\u00f3n recibimos denuncias de todas las modalidades de trata\u201d - Noticias Radio Reflejos<\/title>\n<meta name=\"robots\" content=\"index, follow, max-snippet:-1, max-image-preview:large, max-video-preview:-1\" \/>\n<link rel=\"canonical\" href=\"https:\/\/www.noticiasradioreflejos.com.ar\/2021\/en-sexta-seccion-recibimos-denuncias-de-todas-las-modalidades-de-trata\/\" \/>\n<meta property=\"og:locale\" content=\"es_ES\" \/>\n<meta property=\"og:type\" content=\"article\" \/>\n<meta property=\"og:title\" content=\"\u201cEn Sexta Secci\u00f3n recibimos denuncias de todas las modalidades de trata\u201d - Noticias Radio Reflejos\" \/>\n<meta property=\"og:description\" content=\"La delegada del Comit\u00e9 de Lucha contra la Trata de Personas, Evangelina Castro, habl\u00f3 sobre esta problem\u00e1tica en el marco del D\u00eda Internacional contra la Esclavitud. \u201cEl delito siempre estuvo conviviendo con nosotros y antes no lo ve\u00edamos\u201d asegur\u00f3. En el micro Tiempo Educativo, y en el marco de un nuevo D\u00eda Internacional contra la [&hellip;]\" \/>\n<meta property=\"og:url\" content=\"https:\/\/www.noticiasradioreflejos.com.ar\/2021\/en-sexta-seccion-recibimos-denuncias-de-todas-las-modalidades-de-trata\/\" \/>\n<meta property=\"og:site_name\" content=\"Noticias Radio Reflejos\" \/>\n<meta property=\"article:published_time\" content=\"2022-12-02T18:10:20+00:00\" \/>\n<meta property=\"og:image\" content=\"https:\/\/www.noticiasradioreflejos.com.ar\/2021\/wp-content\/uploads\/2021\/07\/logosol300x200.png\" \/>\n\t<meta property=\"og:image:width\" content=\"300\" \/>\n\t<meta property=\"og:image:height\" content=\"200\" \/>\n\t<meta property=\"og:image:type\" content=\"image\/png\" \/>\n<meta name=\"author\" content=\"Arnaldo Botto\" \/>\n<meta name=\"twitter:card\" content=\"summary_large_image\" \/>\n<script type=\"application\/ld+json\" class=\"yoast-schema-graph\">{\"@context\":\"https:\/\/schema.org\",\"@graph\":[{\"@type\":\"WebPage\",\"@id\":\"https:\/\/www.noticiasradioreflejos.com.ar\/2021\/en-sexta-seccion-recibimos-denuncias-de-todas-las-modalidades-de-trata\/\",\"url\":\"https:\/\/www.noticiasradioreflejos.com.ar\/2021\/en-sexta-seccion-recibimos-denuncias-de-todas-las-modalidades-de-trata\/\",\"name\":\"\u201cEn Sexta Secci\u00f3n recibimos denuncias de todas las modalidades de trata\u201d - Noticias Radio Reflejos\",\"isPartOf\":{\"@id\":\"https:\/\/www.noticiasradioreflejos.com.ar\/2021\/#website\"},\"datePublished\":\"2022-12-02T18:10:20+00:00\",\"author\":{\"@id\":\"https:\/\/www.noticiasradioreflejos.com.ar\/2021\/#\/schema\/person\/ad82545263dcc5ec0996818884fd5fb1\"},\"breadcrumb\":{\"@id\":\"https:\/\/www.noticiasradioreflejos.com.ar\/2021\/en-sexta-seccion-recibimos-denuncias-de-todas-las-modalidades-de-trata\/#breadcrumb\"},\"inLanguage\":\"es\",\"potentialAction\":[{\"@type\":\"ReadAction\",\"target\":[\"https:\/\/www.noticiasradioreflejos.com.ar\/2021\/en-sexta-seccion-recibimos-denuncias-de-todas-las-modalidades-de-trata\/\"]}]},{\"@type\":\"BreadcrumbList\",\"@id\":\"https:\/\/www.noticiasradioreflejos.com.ar\/2021\/en-sexta-seccion-recibimos-denuncias-de-todas-las-modalidades-de-trata\/#breadcrumb\",\"itemListElement\":[{\"@type\":\"ListItem\",\"position\":1,\"name\":\"Portada\",\"item\":\"https:\/\/www.noticiasradioreflejos.com.ar\/2021\/\"},{\"@type\":\"ListItem\",\"position\":2,\"name\":\"\u201cEn Sexta Secci\u00f3n recibimos denuncias de todas las modalidades de trata\u201d\"}]},{\"@type\":\"WebSite\",\"@id\":\"https:\/\/www.noticiasradioreflejos.com.ar\/2021\/#website\",\"url\":\"https:\/\/www.noticiasradioreflejos.com.ar\/2021\/\",\"name\":\"Noticias Radio Reflejos\",\"description\":\"Las noticias de mi comarca\",\"potentialAction\":[{\"@type\":\"SearchAction\",\"target\":{\"@type\":\"EntryPoint\",\"urlTemplate\":\"https:\/\/www.noticiasradioreflejos.com.ar\/2021\/?s={search_term_string}\"},\"query-input\":{\"@type\":\"PropertyValueSpecification\",\"valueRequired\":true,\"valueName\":\"search_term_string\"}}],\"inLanguage\":\"es\"},{\"@type\":\"Person\",\"@id\":\"https:\/\/www.noticiasradioreflejos.com.ar\/2021\/#\/schema\/person\/ad82545263dcc5ec0996818884fd5fb1\",\"name\":\"Arnaldo Botto\",\"image\":{\"@type\":\"ImageObject\",\"inLanguage\":\"es\",\"@id\":\"https:\/\/www.noticiasradioreflejos.com.ar\/2021\/#\/schema\/person\/image\/\",\"url\":\"https:\/\/secure.gravatar.com\/avatar\/55cb5e37c1efa326397366e6974cb338056df65cb50e7d64d1cf314e87504837?s=96&d=mm&r=g\",\"contentUrl\":\"https:\/\/secure.gravatar.com\/avatar\/55cb5e37c1efa326397366e6974cb338056df65cb50e7d64d1cf314e87504837?s=96&d=mm&r=g\",\"caption\":\"Arnaldo Botto\"},\"url\":\"https:\/\/www.noticiasradioreflejos.com.ar\/2021\/author\/arnaldo\/\"}]}<\/script>\n<!-- \/ Yoast SEO plugin. -->","yoast_head_json":{"title":"\u201cEn Sexta Secci\u00f3n recibimos denuncias de todas las modalidades de trata\u201d - Noticias Radio Reflejos","robots":{"index":"index","follow":"follow","max-snippet":"max-snippet:-1","max-image-preview":"max-image-preview:large","max-video-preview":"max-video-preview:-1"},"canonical":"https:\/\/www.noticiasradioreflejos.com.ar\/2021\/en-sexta-seccion-recibimos-denuncias-de-todas-las-modalidades-de-trata\/","og_locale":"es_ES","og_type":"article","og_title":"\u201cEn Sexta Secci\u00f3n recibimos denuncias de todas las modalidades de trata\u201d - Noticias Radio Reflejos","og_description":"La delegada del Comit\u00e9 de Lucha contra la Trata de Personas, Evangelina Castro, habl\u00f3 sobre esta problem\u00e1tica en el marco del D\u00eda Internacional contra la Esclavitud. \u201cEl delito siempre estuvo conviviendo con nosotros y antes no lo ve\u00edamos\u201d asegur\u00f3. En el micro Tiempo Educativo, y en el marco de un nuevo D\u00eda Internacional contra la [&hellip;]","og_url":"https:\/\/www.noticiasradioreflejos.com.ar\/2021\/en-sexta-seccion-recibimos-denuncias-de-todas-las-modalidades-de-trata\/","og_site_name":"Noticias Radio Reflejos","article_published_time":"2022-12-02T18:10:20+00:00","og_image":[{"width":300,"height":200,"url":"https:\/\/www.noticiasradioreflejos.com.ar\/2021\/wp-content\/uploads\/2021\/07\/logosol300x200.png","type":"image\/png"}],"author":"Arnaldo Botto","twitter_card":"summary_large_image","schema":{"@context":"https:\/\/schema.org","@graph":[{"@type":"WebPage","@id":"https:\/\/www.noticiasradioreflejos.com.ar\/2021\/en-sexta-seccion-recibimos-denuncias-de-todas-las-modalidades-de-trata\/","url":"https:\/\/www.noticiasradioreflejos.com.ar\/2021\/en-sexta-seccion-recibimos-denuncias-de-todas-las-modalidades-de-trata\/","name":"\u201cEn Sexta Secci\u00f3n recibimos denuncias de todas las modalidades de trata\u201d - Noticias Radio Reflejos","isPartOf":{"@id":"https:\/\/www.noticiasradioreflejos.com.ar\/2021\/#website"},"datePublished":"2022-12-02T18:10:20+00:00","author":{"@id":"https:\/\/www.noticiasradioreflejos.com.ar\/2021\/#\/schema\/person\/ad82545263dcc5ec0996818884fd5fb1"},"breadcrumb":{"@id":"https:\/\/www.noticiasradioreflejos.com.ar\/2021\/en-sexta-seccion-recibimos-denuncias-de-todas-las-modalidades-de-trata\/#breadcrumb"},"inLanguage":"es","potentialAction":[{"@type":"ReadAction","target":["https:\/\/www.noticiasradioreflejos.com.ar\/2021\/en-sexta-seccion-recibimos-denuncias-de-todas-las-modalidades-de-trata\/"]}]},{"@type":"BreadcrumbList","@id":"https:\/\/www.noticiasradioreflejos.com.ar\/2021\/en-sexta-seccion-recibimos-denuncias-de-todas-las-modalidades-de-trata\/#breadcrumb","itemListElement":[{"@type":"ListItem","position":1,"name":"Portada","item":"https:\/\/www.noticiasradioreflejos.com.ar\/2021\/"},{"@type":"ListItem","position":2,"name":"\u201cEn Sexta Secci\u00f3n recibimos denuncias de todas las modalidades de trata\u201d"}]},{"@type":"WebSite","@id":"https:\/\/www.noticiasradioreflejos.com.ar\/2021\/#website","url":"https:\/\/www.noticiasradioreflejos.com.ar\/2021\/","name":"Noticias Radio Reflejos","description":"Las noticias de mi comarca","potentialAction":[{"@type":"SearchAction","target":{"@type":"EntryPoint","urlTemplate":"https:\/\/www.noticiasradioreflejos.com.ar\/2021\/?s={search_term_string}"},"query-input":{"@type":"PropertyValueSpecification","valueRequired":true,"valueName":"search_term_string"}}],"inLanguage":"es"},{"@type":"Person","@id":"https:\/\/www.noticiasradioreflejos.com.ar\/2021\/#\/schema\/person\/ad82545263dcc5ec0996818884fd5fb1","name":"Arnaldo Botto","image":{"@type":"ImageObject","inLanguage":"es","@id":"https:\/\/www.noticiasradioreflejos.com.ar\/2021\/#\/schema\/person\/image\/","url":"https:\/\/secure.gravatar.com\/avatar\/55cb5e37c1efa326397366e6974cb338056df65cb50e7d64d1cf314e87504837?s=96&d=mm&r=g","contentUrl":"https:\/\/secure.gravatar.com\/avatar\/55cb5e37c1efa326397366e6974cb338056df65cb50e7d64d1cf314e87504837?s=96&d=mm&r=g","caption":"Arnaldo Botto"},"url":"https:\/\/www.noticiasradioreflejos.com.ar\/2021\/author\/arnaldo\/"}]}},"_links":{"self":[{"href":"https:\/\/www.noticiasradioreflejos.com.ar\/2021\/wp-json\/wp\/v2\/posts\/80897","targetHints":{"allow":["GET"]}}],"collection":[{"href":"https:\/\/www.noticiasradioreflejos.com.ar\/2021\/wp-json\/wp\/v2\/posts"}],"about":[{"href":"https:\/\/www.noticiasradioreflejos.com.ar\/2021\/wp-json\/wp\/v2\/types\/post"}],"author":[{"embeddable":true,"href":"https:\/\/www.noticiasradioreflejos.com.ar\/2021\/wp-json\/wp\/v2\/users\/3"}],"replies":[{"embeddable":true,"href":"https:\/\/www.noticiasradioreflejos.com.ar\/2021\/wp-json\/wp\/v2\/comments?post=80897"}],"version-history":[{"count":2,"href":"https:\/\/www.noticiasradioreflejos.com.ar\/2021\/wp-json\/wp\/v2\/posts\/80897\/revisions"}],"predecessor-version":[{"id":80901,"href":"https:\/\/www.noticiasradioreflejos.com.ar\/2021\/wp-json\/wp\/v2\/posts\/80897\/revisions\/80901"}],"wp:attachment":[{"href":"https:\/\/www.noticiasradioreflejos.com.ar\/2021\/wp-json\/wp\/v2\/media?parent=80897"}],"wp:term":[{"taxonomy":"category","embeddable":true,"href":"https:\/\/www.noticiasradioreflejos.com.ar\/2021\/wp-json\/wp\/v2\/categories?post=80897"},{"taxonomy":"post_tag","embeddable":true,"href":"https:\/\/www.noticiasradioreflejos.com.ar\/2021\/wp-json\/wp\/v2\/tags?post=80897"}],"curies":[{"name":"wp","href":"https:\/\/api.w.org\/{rel}","templated":true}]}}