{"id":80894,"date":"2022-12-02T14:37:48","date_gmt":"2022-12-02T14:37:48","guid":{"rendered":"http:\/\/www.noticiasradioreflejos.com.ar\/2021\/?p=80894"},"modified":"2022-12-02T14:44:21","modified_gmt":"2022-12-02T14:44:21","slug":"nueve-provincias-bajo-alerta-amarilla-por-tormentas","status":"publish","type":"post","link":"https:\/\/www.noticiasradioreflejos.com.ar\/2021\/nueve-provincias-bajo-alerta-amarilla-por-tormentas\/","title":{"rendered":"Nueve provincias bajo alerta amarilla por tormentas"},"content":{"rendered":"<p>Catamarca, Chaco, C\u00f3rdoba, Formosa, Jujuy, La Rioja, Salta, Santiago del Estero y Tucum\u00e1n son las provincias alcanzadas por el alerta que emiti\u00f3 el SMN.<!--more--><\/p>\n<p>Las provincias de Catamarca, Chaco, C\u00f3rdoba, Formosa, Jujuy, La Rioja, Salta, Santiago del Estero y Tucum\u00e1n estaban esta ma\u00f1ana bajo alerta amarilla por tormentas, acompa\u00f1adas por intensas r\u00e1fagas de viento, ocasional ca\u00edda de granizo, fuerte actividad el\u00e9ctrica y abundante ca\u00edda de agua en cortos per\u00edodos, inform\u00f3 el Servicio Meteorol\u00f3gico Nacional (SMN).<\/p>\n<p>Se esperan valores de precipitaci\u00f3n acumulada entre 30 y 50 mil\u00edmetros para la localidad formose\u00f1a de Pati\u00f1o, el norte y este de la provincia de Salta, el centro y sur de Chaco y las localidades riojanas de Arauco, la capital, Castro Barros, Sanagasta, Chamical, General Belgrano y General Ocampo.<\/p>\n<p>Tambi\u00e9n se esperan estos valores en la provincia de Santiago del Estero, en las localidades de Figueroa, el oeste de Alberdi, de Copo, de Moreno, Pellegrini y Atamisqui, Banda, la capital, Choya, Loreto, Ojo de Agua, Robles, San Mart\u00edn y Sil\u00edpica; y en C\u00f3rdoba, en las zonas bajas de Cruz del Eje y de Minas y en las zonas serranas de Cruz del Eje, de Minas, de Pocho, de San Alberto y de San Javier.<\/p>\n<p>En tanto, se prev\u00e9n valores entre 20 y 40 mil\u00edmetros de precipitaci\u00f3n para el norte y este de Jujuy, que afecta a San Pedro, Palpal\u00e1 y Tilcara entre otras localidades; el centro y sur de Salta; la provincia de Tucum\u00e1n; y el este de Catamarca, incluida su capital, San Fernando del Valle de Catamarca.<\/p>\n<p>El SMN recomend\u00f3 en las zonas afectadas no sacar la basura, retirar objetos que impidan que el agua escurra, evitar actividades al aire libre, no refugiarse cerca de \u00e1rboles y postes de electricidad que puedan caerse y para minimizar el riesgo de ser alcanzado por un rayo, no permanecer en playas, r\u00edos, lagunas o piletas.<\/p>\n<p>Tambi\u00e9n estar atento ante la posible ca\u00edda de granizo, informarse por las autoridades y tener siempre lista una mochila de emergencias con linterna, radio, documentos y tel\u00e9fono.<\/p>\n","protected":false},"excerpt":{"rendered":"<p>Catamarca, Chaco, C\u00f3rdoba, Formosa, Jujuy, La Rioja, Salta, Santiago del Estero y Tucum\u00e1n son las provincias alcanzadas por el alerta que emiti\u00f3 el SMN.<\/p>\n","protected":false},"author":3,"featured_media":80896,"comment_status":"closed","ping_status":"closed","sticky":false,"template":"","format":"standard","meta":{"footnotes":""},"categories":[46],"tags":[],"class_list":["post-80894","post","type-post","status-publish","format-standard","has-post-thumbnail","hentry","category-ciencia-y-tecnologia"],"yoast_head":"<!-- This site is optimized with the Yoast SEO plugin v25.9 - https:\/\/yoast.com\/wordpress\/plugins\/seo\/ -->\n<title>Nueve provincias bajo alerta amarilla por tormentas - Noticias Radio Reflejos<\/title>\n<meta name=\"robots\" content=\"index, follow, max-snippet:-1, max-image-preview:large, max-video-preview:-1\" \/>\n<link rel=\"canonical\" href=\"https:\/\/www.noticiasradioreflejos.com.ar\/2021\/nueve-provincias-bajo-alerta-amarilla-por-tormentas\/\" \/>\n<meta property=\"og:locale\" content=\"es_ES\" \/>\n<meta property=\"og:type\" content=\"article\" \/>\n<meta property=\"og:title\" content=\"Nueve provincias bajo alerta amarilla por tormentas - Noticias Radio Reflejos\" \/>\n<meta property=\"og:description\" content=\"Catamarca, Chaco, C\u00f3rdoba, Formosa, Jujuy, La Rioja, Salta, Santiago del Estero y Tucum\u00e1n son las provincias alcanzadas por el alerta que emiti\u00f3 el SMN.\" \/>\n<meta property=\"og:url\" content=\"https:\/\/www.noticiasradioreflejos.com.ar\/2021\/nueve-provincias-bajo-alerta-amarilla-por-tormentas\/\" \/>\n<meta property=\"og:site_name\" content=\"Noticias Radio Reflejos\" \/>\n<meta property=\"article:published_time\" content=\"2022-12-02T14:37:48+00:00\" \/>\n<meta property=\"article:modified_time\" content=\"2022-12-02T14:44:21+00:00\" \/>\n<meta property=\"og:image\" content=\"https:\/\/www.noticiasradioreflejos.com.ar\/2021\/wp-content\/uploads\/2022\/12\/Alerta-x-tormentas.jpg\" \/>\n\t<meta property=\"og:image:width\" content=\"1200\" \/>\n\t<meta property=\"og:image:height\" content=\"675\" \/>\n\t<meta property=\"og:image:type\" content=\"image\/jpeg\" \/>\n<meta name=\"author\" content=\"Arnaldo Botto\" \/>\n<meta name=\"twitter:card\" content=\"summary_large_image\" \/>\n<script type=\"application\/ld+json\" class=\"yoast-schema-graph\">{\"@context\":\"https:\/\/schema.org\",\"@graph\":[{\"@type\":\"WebPage\",\"@id\":\"https:\/\/www.noticiasradioreflejos.com.ar\/2021\/nueve-provincias-bajo-alerta-amarilla-por-tormentas\/\",\"url\":\"https:\/\/www.noticiasradioreflejos.com.ar\/2021\/nueve-provincias-bajo-alerta-amarilla-por-tormentas\/\",\"name\":\"Nueve provincias bajo alerta amarilla por tormentas - Noticias Radio Reflejos\",\"isPartOf\":{\"@id\":\"https:\/\/www.noticiasradioreflejos.com.ar\/2021\/#website\"},\"primaryImageOfPage\":{\"@id\":\"https:\/\/www.noticiasradioreflejos.com.ar\/2021\/nueve-provincias-bajo-alerta-amarilla-por-tormentas\/#primaryimage\"},\"image\":{\"@id\":\"https:\/\/www.noticiasradioreflejos.com.ar\/2021\/nueve-provincias-bajo-alerta-amarilla-por-tormentas\/#primaryimage\"},\"thumbnailUrl\":\"https:\/\/www.noticiasradioreflejos.com.ar\/2021\/wp-content\/uploads\/2022\/12\/Alerta-x-tormentas.jpg\",\"datePublished\":\"2022-12-02T14:37:48+00:00\",\"dateModified\":\"2022-12-02T14:44:21+00:00\",\"author\":{\"@id\":\"https:\/\/www.noticiasradioreflejos.com.ar\/2021\/#\/schema\/person\/ad82545263dcc5ec0996818884fd5fb1\"},\"breadcrumb\":{\"@id\":\"https:\/\/www.noticiasradioreflejos.com.ar\/2021\/nueve-provincias-bajo-alerta-amarilla-por-tormentas\/#breadcrumb\"},\"inLanguage\":\"es\",\"potentialAction\":[{\"@type\":\"ReadAction\",\"target\":[\"https:\/\/www.noticiasradioreflejos.com.ar\/2021\/nueve-provincias-bajo-alerta-amarilla-por-tormentas\/\"]}]},{\"@type\":\"ImageObject\",\"inLanguage\":\"es\",\"@id\":\"https:\/\/www.noticiasradioreflejos.com.ar\/2021\/nueve-provincias-bajo-alerta-amarilla-por-tormentas\/#primaryimage\",\"url\":\"https:\/\/www.noticiasradioreflejos.com.ar\/2021\/wp-content\/uploads\/2022\/12\/Alerta-x-tormentas.jpg\",\"contentUrl\":\"https:\/\/www.noticiasradioreflejos.com.ar\/2021\/wp-content\/uploads\/2022\/12\/Alerta-x-tormentas.jpg\",\"width\":1200,\"height\":675},{\"@type\":\"BreadcrumbList\",\"@id\":\"https:\/\/www.noticiasradioreflejos.com.ar\/2021\/nueve-provincias-bajo-alerta-amarilla-por-tormentas\/#breadcrumb\",\"itemListElement\":[{\"@type\":\"ListItem\",\"position\":1,\"name\":\"Portada\",\"item\":\"https:\/\/www.noticiasradioreflejos.com.ar\/2021\/\"},{\"@type\":\"ListItem\",\"position\":2,\"name\":\"Nueve provincias bajo alerta amarilla por tormentas\"}]},{\"@type\":\"WebSite\",\"@id\":\"https:\/\/www.noticiasradioreflejos.com.ar\/2021\/#website\",\"url\":\"https:\/\/www.noticiasradioreflejos.com.ar\/2021\/\",\"name\":\"Noticias Radio Reflejos\",\"description\":\"Las noticias de mi comarca\",\"potentialAction\":[{\"@type\":\"SearchAction\",\"target\":{\"@type\":\"EntryPoint\",\"urlTemplate\":\"https:\/\/www.noticiasradioreflejos.com.ar\/2021\/?s={search_term_string}\"},\"query-input\":{\"@type\":\"PropertyValueSpecification\",\"valueRequired\":true,\"valueName\":\"search_term_string\"}}],\"inLanguage\":\"es\"},{\"@type\":\"Person\",\"@id\":\"https:\/\/www.noticiasradioreflejos.com.ar\/2021\/#\/schema\/person\/ad82545263dcc5ec0996818884fd5fb1\",\"name\":\"Arnaldo Botto\",\"image\":{\"@type\":\"ImageObject\",\"inLanguage\":\"es\",\"@id\":\"https:\/\/www.noticiasradioreflejos.com.ar\/2021\/#\/schema\/person\/image\/\",\"url\":\"https:\/\/secure.gravatar.com\/avatar\/55cb5e37c1efa326397366e6974cb338056df65cb50e7d64d1cf314e87504837?s=96&d=mm&r=g\",\"contentUrl\":\"https:\/\/secure.gravatar.com\/avatar\/55cb5e37c1efa326397366e6974cb338056df65cb50e7d64d1cf314e87504837?s=96&d=mm&r=g\",\"caption\":\"Arnaldo Botto\"},\"url\":\"https:\/\/www.noticiasradioreflejos.com.ar\/2021\/author\/arnaldo\/\"}]}<\/script>\n<!-- \/ Yoast SEO plugin. -->","yoast_head_json":{"title":"Nueve provincias bajo alerta amarilla por tormentas - Noticias Radio Reflejos","robots":{"index":"index","follow":"follow","max-snippet":"max-snippet:-1","max-image-preview":"max-image-preview:large","max-video-preview":"max-video-preview:-1"},"canonical":"https:\/\/www.noticiasradioreflejos.com.ar\/2021\/nueve-provincias-bajo-alerta-amarilla-por-tormentas\/","og_locale":"es_ES","og_type":"article","og_title":"Nueve provincias bajo alerta amarilla por tormentas - Noticias Radio Reflejos","og_description":"Catamarca, Chaco, C\u00f3rdoba, Formosa, Jujuy, La Rioja, Salta, Santiago del Estero y Tucum\u00e1n son las provincias alcanzadas por el alerta que emiti\u00f3 el SMN.","og_url":"https:\/\/www.noticiasradioreflejos.com.ar\/2021\/nueve-provincias-bajo-alerta-amarilla-por-tormentas\/","og_site_name":"Noticias Radio Reflejos","article_published_time":"2022-12-02T14:37:48+00:00","article_modified_time":"2022-12-02T14:44:21+00:00","og_image":[{"width":1200,"height":675,"url":"https:\/\/www.noticiasradioreflejos.com.ar\/2021\/wp-content\/uploads\/2022\/12\/Alerta-x-tormentas.jpg","type":"image\/jpeg"}],"author":"Arnaldo Botto","twitter_card":"summary_large_image","schema":{"@context":"https:\/\/schema.org","@graph":[{"@type":"WebPage","@id":"https:\/\/www.noticiasradioreflejos.com.ar\/2021\/nueve-provincias-bajo-alerta-amarilla-por-tormentas\/","url":"https:\/\/www.noticiasradioreflejos.com.ar\/2021\/nueve-provincias-bajo-alerta-amarilla-por-tormentas\/","name":"Nueve provincias bajo alerta amarilla por tormentas - Noticias Radio Reflejos","isPartOf":{"@id":"https:\/\/www.noticiasradioreflejos.com.ar\/2021\/#website"},"primaryImageOfPage":{"@id":"https:\/\/www.noticiasradioreflejos.com.ar\/2021\/nueve-provincias-bajo-alerta-amarilla-por-tormentas\/#primaryimage"},"image":{"@id":"https:\/\/www.noticiasradioreflejos.com.ar\/2021\/nueve-provincias-bajo-alerta-amarilla-por-tormentas\/#primaryimage"},"thumbnailUrl":"https:\/\/www.noticiasradioreflejos.com.ar\/2021\/wp-content\/uploads\/2022\/12\/Alerta-x-tormentas.jpg","datePublished":"2022-12-02T14:37:48+00:00","dateModified":"2022-12-02T14:44:21+00:00","author":{"@id":"https:\/\/www.noticiasradioreflejos.com.ar\/2021\/#\/schema\/person\/ad82545263dcc5ec0996818884fd5fb1"},"breadcrumb":{"@id":"https:\/\/www.noticiasradioreflejos.com.ar\/2021\/nueve-provincias-bajo-alerta-amarilla-por-tormentas\/#breadcrumb"},"inLanguage":"es","potentialAction":[{"@type":"ReadAction","target":["https:\/\/www.noticiasradioreflejos.com.ar\/2021\/nueve-provincias-bajo-alerta-amarilla-por-tormentas\/"]}]},{"@type":"ImageObject","inLanguage":"es","@id":"https:\/\/www.noticiasradioreflejos.com.ar\/2021\/nueve-provincias-bajo-alerta-amarilla-por-tormentas\/#primaryimage","url":"https:\/\/www.noticiasradioreflejos.com.ar\/2021\/wp-content\/uploads\/2022\/12\/Alerta-x-tormentas.jpg","contentUrl":"https:\/\/www.noticiasradioreflejos.com.ar\/2021\/wp-content\/uploads\/2022\/12\/Alerta-x-tormentas.jpg","width":1200,"height":675},{"@type":"BreadcrumbList","@id":"https:\/\/www.noticiasradioreflejos.com.ar\/2021\/nueve-provincias-bajo-alerta-amarilla-por-tormentas\/#breadcrumb","itemListElement":[{"@type":"ListItem","position":1,"name":"Portada","item":"https:\/\/www.noticiasradioreflejos.com.ar\/2021\/"},{"@type":"ListItem","position":2,"name":"Nueve provincias bajo alerta amarilla por tormentas"}]},{"@type":"WebSite","@id":"https:\/\/www.noticiasradioreflejos.com.ar\/2021\/#website","url":"https:\/\/www.noticiasradioreflejos.com.ar\/2021\/","name":"Noticias Radio Reflejos","description":"Las noticias de mi comarca","potentialAction":[{"@type":"SearchAction","target":{"@type":"EntryPoint","urlTemplate":"https:\/\/www.noticiasradioreflejos.com.ar\/2021\/?s={search_term_string}"},"query-input":{"@type":"PropertyValueSpecification","valueRequired":true,"valueName":"search_term_string"}}],"inLanguage":"es"},{"@type":"Person","@id":"https:\/\/www.noticiasradioreflejos.com.ar\/2021\/#\/schema\/person\/ad82545263dcc5ec0996818884fd5fb1","name":"Arnaldo Botto","image":{"@type":"ImageObject","inLanguage":"es","@id":"https:\/\/www.noticiasradioreflejos.com.ar\/2021\/#\/schema\/person\/image\/","url":"https:\/\/secure.gravatar.com\/avatar\/55cb5e37c1efa326397366e6974cb338056df65cb50e7d64d1cf314e87504837?s=96&d=mm&r=g","contentUrl":"https:\/\/secure.gravatar.com\/avatar\/55cb5e37c1efa326397366e6974cb338056df65cb50e7d64d1cf314e87504837?s=96&d=mm&r=g","caption":"Arnaldo Botto"},"url":"https:\/\/www.noticiasradioreflejos.com.ar\/2021\/author\/arnaldo\/"}]}},"_links":{"self":[{"href":"https:\/\/www.noticiasradioreflejos.com.ar\/2021\/wp-json\/wp\/v2\/posts\/80894","targetHints":{"allow":["GET"]}}],"collection":[{"href":"https:\/\/www.noticiasradioreflejos.com.ar\/2021\/wp-json\/wp\/v2\/posts"}],"about":[{"href":"https:\/\/www.noticiasradioreflejos.com.ar\/2021\/wp-json\/wp\/v2\/types\/post"}],"author":[{"embeddable":true,"href":"https:\/\/www.noticiasradioreflejos.com.ar\/2021\/wp-json\/wp\/v2\/users\/3"}],"replies":[{"embeddable":true,"href":"https:\/\/www.noticiasradioreflejos.com.ar\/2021\/wp-json\/wp\/v2\/comments?post=80894"}],"version-history":[{"count":1,"href":"https:\/\/www.noticiasradioreflejos.com.ar\/2021\/wp-json\/wp\/v2\/posts\/80894\/revisions"}],"predecessor-version":[{"id":80895,"href":"https:\/\/www.noticiasradioreflejos.com.ar\/2021\/wp-json\/wp\/v2\/posts\/80894\/revisions\/80895"}],"wp:featuredmedia":[{"embeddable":true,"href":"https:\/\/www.noticiasradioreflejos.com.ar\/2021\/wp-json\/wp\/v2\/media\/80896"}],"wp:attachment":[{"href":"https:\/\/www.noticiasradioreflejos.com.ar\/2021\/wp-json\/wp\/v2\/media?parent=80894"}],"wp:term":[{"taxonomy":"category","embeddable":true,"href":"https:\/\/www.noticiasradioreflejos.com.ar\/2021\/wp-json\/wp\/v2\/categories?post=80894"},{"taxonomy":"post_tag","embeddable":true,"href":"https:\/\/www.noticiasradioreflejos.com.ar\/2021\/wp-json\/wp\/v2\/tags?post=80894"}],"curies":[{"name":"wp","href":"https:\/\/api.w.org\/{rel}","templated":true}]}}