{"id":80888,"date":"2022-12-02T13:46:37","date_gmt":"2022-12-02T13:46:37","guid":{"rendered":"http:\/\/www.noticiasradioreflejos.com.ar\/2021\/?p=80888"},"modified":"2022-12-02T13:46:37","modified_gmt":"2022-12-02T13:46:37","slug":"entre-hoy-y-el-domingo-se-realizaran-cortes-de-transito-en-ruta-51","status":"publish","type":"post","link":"https:\/\/www.noticiasradioreflejos.com.ar\/2021\/entre-hoy-y-el-domingo-se-realizaran-cortes-de-transito-en-ruta-51\/","title":{"rendered":"Entre hoy y el domingo se realizar\u00e1n cortes de tr\u00e1nsito en Ruta 51."},"content":{"rendered":"<p>En el marco de la obra de Interconexi\u00f3n en 500 kV, Bah\u00eda Blanca \u2013 Mar del Plata, y derivaci\u00f3n en 132 kV a Villa Gesell que realiza la empresa INTESAR S.A., durante esta semana se concret\u00f3 la colocaci\u00f3n de los p\u00f3rticos de protecci\u00f3n sobre el km 718 de la Ruta 51.<!--more--><\/p>\n<p>Los p\u00f3rticos se utilizan como una medida de seguridad para poder desarrollar el tendido, finalizar\u00e1 hoy para poder llevar a cabo las tareas de tendido el fin de semana (s\u00e1bado 3\/12 y domingo 4\/12 en la franja horaria de 8 a 18), que implican el cruce a\u00e9reo por encima de la ruta.<\/p>\n<p>Como medida de seguridad, durante el d\u00eda de hoy se har\u00e1n alrededor de 10 breves interrupciones totales del tr\u00e1nsito por una duraci\u00f3n no mayor a los 2 minutos cada una, para colocar cuerdas sesgadas por encima de estos p\u00f3rticos.<\/p>\n<p>Para el d\u00eda s\u00e1bado 3 y domingo 4, se realizar\u00e1n alrededor de 5 interrupciones totales del tr\u00e1nsito, esta vez con una duraci\u00f3n que ser\u00e1 mayor, pero no superar\u00e1 los 5 minutos cada una, para efectuar el cruce del cable piloto de cada uno de los cables a tender. Luego se dar\u00e1 inicio al tendido y durante esta actividad se realizar\u00e1n alrededor de otras 5 interrupciones totales del tr\u00e1nsito, con una duraci\u00f3n no mayor a los 10 minutos cada una.<\/p>\n<p>Todos los cortes de tr\u00e1nsito se hacen para evitar cualquier tipo de accidente, ya que hay riesgo de arrollamiento de operarios, de seccionamiento del cable piloto y descenso a calzada, riesgo de desconexi\u00f3n del reenv\u00edo y ca\u00edda de este sobre p\u00f3rticos o calzada.<\/p>\n<p>Toda la zona de trabajo se encuentra completamente se\u00f1alizada y con banderilleros. Es muy importante la colaboraci\u00f3n de conductores de veh\u00edculos disminuyendo la marcha para prevenir cualquier accidente. Los p\u00f3rticos y carteler\u00eda permanecer\u00e1n hasta la finalizaci\u00f3n de todas las actividades en la zona (a m\u00e1s tardar el d\u00eda jueves 8 de diciembre).<\/p>\n<p>Se contar\u00e1 con la colaboraci\u00f3n de la Polic\u00eda Vial de Bah\u00eda Blanca durante las interrupciones del tr\u00e1nsito y disminuci\u00f3n de marcha.<\/p>\n<p>A continuaci\u00f3n una fotograf\u00eda de la misma intervenci\u00f3n llevada a cabo en la Ruta Nacional N\u00ba 33:<\/p>\n","protected":false},"excerpt":{"rendered":"<p>En el marco de la obra de Interconexi\u00f3n en 500 kV, Bah\u00eda Blanca \u2013 Mar del Plata, y derivaci\u00f3n en 132 kV a Villa Gesell que realiza la empresa INTESAR S.A., durante esta semana se concret\u00f3 la colocaci\u00f3n de los p\u00f3rticos de protecci\u00f3n sobre el km 718 de la Ruta 51.<\/p>\n","protected":false},"author":3,"featured_media":0,"comment_status":"closed","ping_status":"closed","sticky":false,"template":"","format":"standard","meta":{"footnotes":""},"categories":[29,26],"tags":[48],"class_list":["post-80888","post","type-post","status-publish","format-standard","hentry","category-policiales","category-sociedad","tag-destacada"],"yoast_head":"<!-- This site is optimized with the Yoast SEO plugin v25.9 - https:\/\/yoast.com\/wordpress\/plugins\/seo\/ -->\n<title>Entre hoy y el domingo se realizar\u00e1n cortes de tr\u00e1nsito en Ruta 51. - Noticias Radio Reflejos<\/title>\n<meta name=\"robots\" content=\"index, follow, max-snippet:-1, max-image-preview:large, max-video-preview:-1\" \/>\n<link rel=\"canonical\" href=\"https:\/\/www.noticiasradioreflejos.com.ar\/2021\/entre-hoy-y-el-domingo-se-realizaran-cortes-de-transito-en-ruta-51\/\" \/>\n<meta property=\"og:locale\" content=\"es_ES\" \/>\n<meta property=\"og:type\" content=\"article\" \/>\n<meta property=\"og:title\" content=\"Entre hoy y el domingo se realizar\u00e1n cortes de tr\u00e1nsito en Ruta 51. - Noticias Radio Reflejos\" \/>\n<meta property=\"og:description\" content=\"En el marco de la obra de Interconexi\u00f3n en 500 kV, Bah\u00eda Blanca \u2013 Mar del Plata, y derivaci\u00f3n en 132 kV a Villa Gesell que realiza la empresa INTESAR S.A., durante esta semana se concret\u00f3 la colocaci\u00f3n de los p\u00f3rticos de protecci\u00f3n sobre el km 718 de la Ruta 51.\" \/>\n<meta property=\"og:url\" content=\"https:\/\/www.noticiasradioreflejos.com.ar\/2021\/entre-hoy-y-el-domingo-se-realizaran-cortes-de-transito-en-ruta-51\/\" \/>\n<meta property=\"og:site_name\" content=\"Noticias Radio Reflejos\" \/>\n<meta property=\"article:published_time\" content=\"2022-12-02T13:46:37+00:00\" \/>\n<meta property=\"og:image\" content=\"https:\/\/www.noticiasradioreflejos.com.ar\/2021\/wp-content\/uploads\/2021\/07\/logosol300x200.png\" \/>\n\t<meta property=\"og:image:width\" content=\"300\" \/>\n\t<meta property=\"og:image:height\" content=\"200\" \/>\n\t<meta property=\"og:image:type\" content=\"image\/png\" \/>\n<meta name=\"author\" content=\"Arnaldo Botto\" \/>\n<meta name=\"twitter:card\" content=\"summary_large_image\" \/>\n<script type=\"application\/ld+json\" class=\"yoast-schema-graph\">{\"@context\":\"https:\/\/schema.org\",\"@graph\":[{\"@type\":\"WebPage\",\"@id\":\"https:\/\/www.noticiasradioreflejos.com.ar\/2021\/entre-hoy-y-el-domingo-se-realizaran-cortes-de-transito-en-ruta-51\/\",\"url\":\"https:\/\/www.noticiasradioreflejos.com.ar\/2021\/entre-hoy-y-el-domingo-se-realizaran-cortes-de-transito-en-ruta-51\/\",\"name\":\"Entre hoy y el domingo se realizar\u00e1n cortes de tr\u00e1nsito en Ruta 51. - Noticias Radio Reflejos\",\"isPartOf\":{\"@id\":\"https:\/\/www.noticiasradioreflejos.com.ar\/2021\/#website\"},\"datePublished\":\"2022-12-02T13:46:37+00:00\",\"author\":{\"@id\":\"https:\/\/www.noticiasradioreflejos.com.ar\/2021\/#\/schema\/person\/ad82545263dcc5ec0996818884fd5fb1\"},\"breadcrumb\":{\"@id\":\"https:\/\/www.noticiasradioreflejos.com.ar\/2021\/entre-hoy-y-el-domingo-se-realizaran-cortes-de-transito-en-ruta-51\/#breadcrumb\"},\"inLanguage\":\"es\",\"potentialAction\":[{\"@type\":\"ReadAction\",\"target\":[\"https:\/\/www.noticiasradioreflejos.com.ar\/2021\/entre-hoy-y-el-domingo-se-realizaran-cortes-de-transito-en-ruta-51\/\"]}]},{\"@type\":\"BreadcrumbList\",\"@id\":\"https:\/\/www.noticiasradioreflejos.com.ar\/2021\/entre-hoy-y-el-domingo-se-realizaran-cortes-de-transito-en-ruta-51\/#breadcrumb\",\"itemListElement\":[{\"@type\":\"ListItem\",\"position\":1,\"name\":\"Portada\",\"item\":\"https:\/\/www.noticiasradioreflejos.com.ar\/2021\/\"},{\"@type\":\"ListItem\",\"position\":2,\"name\":\"Entre hoy y el domingo se realizar\u00e1n cortes de tr\u00e1nsito en Ruta 51.\"}]},{\"@type\":\"WebSite\",\"@id\":\"https:\/\/www.noticiasradioreflejos.com.ar\/2021\/#website\",\"url\":\"https:\/\/www.noticiasradioreflejos.com.ar\/2021\/\",\"name\":\"Noticias Radio Reflejos\",\"description\":\"Las noticias de mi comarca\",\"potentialAction\":[{\"@type\":\"SearchAction\",\"target\":{\"@type\":\"EntryPoint\",\"urlTemplate\":\"https:\/\/www.noticiasradioreflejos.com.ar\/2021\/?s={search_term_string}\"},\"query-input\":{\"@type\":\"PropertyValueSpecification\",\"valueRequired\":true,\"valueName\":\"search_term_string\"}}],\"inLanguage\":\"es\"},{\"@type\":\"Person\",\"@id\":\"https:\/\/www.noticiasradioreflejos.com.ar\/2021\/#\/schema\/person\/ad82545263dcc5ec0996818884fd5fb1\",\"name\":\"Arnaldo Botto\",\"image\":{\"@type\":\"ImageObject\",\"inLanguage\":\"es\",\"@id\":\"https:\/\/www.noticiasradioreflejos.com.ar\/2021\/#\/schema\/person\/image\/\",\"url\":\"https:\/\/secure.gravatar.com\/avatar\/55cb5e37c1efa326397366e6974cb338056df65cb50e7d64d1cf314e87504837?s=96&d=mm&r=g\",\"contentUrl\":\"https:\/\/secure.gravatar.com\/avatar\/55cb5e37c1efa326397366e6974cb338056df65cb50e7d64d1cf314e87504837?s=96&d=mm&r=g\",\"caption\":\"Arnaldo Botto\"},\"url\":\"https:\/\/www.noticiasradioreflejos.com.ar\/2021\/author\/arnaldo\/\"}]}<\/script>\n<!-- \/ Yoast SEO plugin. -->","yoast_head_json":{"title":"Entre hoy y el domingo se realizar\u00e1n cortes de tr\u00e1nsito en Ruta 51. - Noticias Radio Reflejos","robots":{"index":"index","follow":"follow","max-snippet":"max-snippet:-1","max-image-preview":"max-image-preview:large","max-video-preview":"max-video-preview:-1"},"canonical":"https:\/\/www.noticiasradioreflejos.com.ar\/2021\/entre-hoy-y-el-domingo-se-realizaran-cortes-de-transito-en-ruta-51\/","og_locale":"es_ES","og_type":"article","og_title":"Entre hoy y el domingo se realizar\u00e1n cortes de tr\u00e1nsito en Ruta 51. - Noticias Radio Reflejos","og_description":"En el marco de la obra de Interconexi\u00f3n en 500 kV, Bah\u00eda Blanca \u2013 Mar del Plata, y derivaci\u00f3n en 132 kV a Villa Gesell que realiza la empresa INTESAR S.A., durante esta semana se concret\u00f3 la colocaci\u00f3n de los p\u00f3rticos de protecci\u00f3n sobre el km 718 de la Ruta 51.","og_url":"https:\/\/www.noticiasradioreflejos.com.ar\/2021\/entre-hoy-y-el-domingo-se-realizaran-cortes-de-transito-en-ruta-51\/","og_site_name":"Noticias Radio Reflejos","article_published_time":"2022-12-02T13:46:37+00:00","og_image":[{"width":300,"height":200,"url":"https:\/\/www.noticiasradioreflejos.com.ar\/2021\/wp-content\/uploads\/2021\/07\/logosol300x200.png","type":"image\/png"}],"author":"Arnaldo Botto","twitter_card":"summary_large_image","schema":{"@context":"https:\/\/schema.org","@graph":[{"@type":"WebPage","@id":"https:\/\/www.noticiasradioreflejos.com.ar\/2021\/entre-hoy-y-el-domingo-se-realizaran-cortes-de-transito-en-ruta-51\/","url":"https:\/\/www.noticiasradioreflejos.com.ar\/2021\/entre-hoy-y-el-domingo-se-realizaran-cortes-de-transito-en-ruta-51\/","name":"Entre hoy y el domingo se realizar\u00e1n cortes de tr\u00e1nsito en Ruta 51. - Noticias Radio Reflejos","isPartOf":{"@id":"https:\/\/www.noticiasradioreflejos.com.ar\/2021\/#website"},"datePublished":"2022-12-02T13:46:37+00:00","author":{"@id":"https:\/\/www.noticiasradioreflejos.com.ar\/2021\/#\/schema\/person\/ad82545263dcc5ec0996818884fd5fb1"},"breadcrumb":{"@id":"https:\/\/www.noticiasradioreflejos.com.ar\/2021\/entre-hoy-y-el-domingo-se-realizaran-cortes-de-transito-en-ruta-51\/#breadcrumb"},"inLanguage":"es","potentialAction":[{"@type":"ReadAction","target":["https:\/\/www.noticiasradioreflejos.com.ar\/2021\/entre-hoy-y-el-domingo-se-realizaran-cortes-de-transito-en-ruta-51\/"]}]},{"@type":"BreadcrumbList","@id":"https:\/\/www.noticiasradioreflejos.com.ar\/2021\/entre-hoy-y-el-domingo-se-realizaran-cortes-de-transito-en-ruta-51\/#breadcrumb","itemListElement":[{"@type":"ListItem","position":1,"name":"Portada","item":"https:\/\/www.noticiasradioreflejos.com.ar\/2021\/"},{"@type":"ListItem","position":2,"name":"Entre hoy y el domingo se realizar\u00e1n cortes de tr\u00e1nsito en Ruta 51."}]},{"@type":"WebSite","@id":"https:\/\/www.noticiasradioreflejos.com.ar\/2021\/#website","url":"https:\/\/www.noticiasradioreflejos.com.ar\/2021\/","name":"Noticias Radio Reflejos","description":"Las noticias de mi comarca","potentialAction":[{"@type":"SearchAction","target":{"@type":"EntryPoint","urlTemplate":"https:\/\/www.noticiasradioreflejos.com.ar\/2021\/?s={search_term_string}"},"query-input":{"@type":"PropertyValueSpecification","valueRequired":true,"valueName":"search_term_string"}}],"inLanguage":"es"},{"@type":"Person","@id":"https:\/\/www.noticiasradioreflejos.com.ar\/2021\/#\/schema\/person\/ad82545263dcc5ec0996818884fd5fb1","name":"Arnaldo Botto","image":{"@type":"ImageObject","inLanguage":"es","@id":"https:\/\/www.noticiasradioreflejos.com.ar\/2021\/#\/schema\/person\/image\/","url":"https:\/\/secure.gravatar.com\/avatar\/55cb5e37c1efa326397366e6974cb338056df65cb50e7d64d1cf314e87504837?s=96&d=mm&r=g","contentUrl":"https:\/\/secure.gravatar.com\/avatar\/55cb5e37c1efa326397366e6974cb338056df65cb50e7d64d1cf314e87504837?s=96&d=mm&r=g","caption":"Arnaldo Botto"},"url":"https:\/\/www.noticiasradioreflejos.com.ar\/2021\/author\/arnaldo\/"}]}},"_links":{"self":[{"href":"https:\/\/www.noticiasradioreflejos.com.ar\/2021\/wp-json\/wp\/v2\/posts\/80888","targetHints":{"allow":["GET"]}}],"collection":[{"href":"https:\/\/www.noticiasradioreflejos.com.ar\/2021\/wp-json\/wp\/v2\/posts"}],"about":[{"href":"https:\/\/www.noticiasradioreflejos.com.ar\/2021\/wp-json\/wp\/v2\/types\/post"}],"author":[{"embeddable":true,"href":"https:\/\/www.noticiasradioreflejos.com.ar\/2021\/wp-json\/wp\/v2\/users\/3"}],"replies":[{"embeddable":true,"href":"https:\/\/www.noticiasradioreflejos.com.ar\/2021\/wp-json\/wp\/v2\/comments?post=80888"}],"version-history":[{"count":1,"href":"https:\/\/www.noticiasradioreflejos.com.ar\/2021\/wp-json\/wp\/v2\/posts\/80888\/revisions"}],"predecessor-version":[{"id":80890,"href":"https:\/\/www.noticiasradioreflejos.com.ar\/2021\/wp-json\/wp\/v2\/posts\/80888\/revisions\/80890"}],"wp:attachment":[{"href":"https:\/\/www.noticiasradioreflejos.com.ar\/2021\/wp-json\/wp\/v2\/media?parent=80888"}],"wp:term":[{"taxonomy":"category","embeddable":true,"href":"https:\/\/www.noticiasradioreflejos.com.ar\/2021\/wp-json\/wp\/v2\/categories?post=80888"},{"taxonomy":"post_tag","embeddable":true,"href":"https:\/\/www.noticiasradioreflejos.com.ar\/2021\/wp-json\/wp\/v2\/tags?post=80888"}],"curies":[{"name":"wp","href":"https:\/\/api.w.org\/{rel}","templated":true}]}}