{"id":80878,"date":"2022-12-02T11:35:37","date_gmt":"2022-12-02T11:35:37","guid":{"rendered":"http:\/\/www.noticiasradioreflejos.com.ar\/2021\/?p=80878"},"modified":"2022-12-02T11:35:37","modified_gmt":"2022-12-02T11:35:37","slug":"aumentaron-los-peajes-en-la-autopista-buenos-aires-la-plata-y-en-la-autovia-2","status":"publish","type":"post","link":"https:\/\/www.noticiasradioreflejos.com.ar\/2021\/aumentaron-los-peajes-en-la-autopista-buenos-aires-la-plata-y-en-la-autovia-2\/","title":{"rendered":"Aumentaron los peajes en la autopista Buenos Aires-La Plata y en la Autov\u00eda 2"},"content":{"rendered":"<p>El tramo entre ambas capitales tendr\u00e1 un costo de 200 pesos y 260 en horario pico. Viajar a la costa atl\u00e1ntica tendr\u00e1 un valor 700 pesos pasando por las cabinas de Hudson y Samboromb\u00f3n y 350 pesos circulando por la ruta 11.<!--more--><\/p>\n<figure class=\"mb-3\"><img decoding=\"async\" src=\"https:\/\/www.telam.com.ar\/thumbs\/bluesteel\/advf\/imagenes\/2022\/09\/63173ce62f05c_1200.jpg\" alt=\"Las tarifas de la autopista Buenos AiresLa Plata y de la Autova 2 aumentaron tras 4 aos de tarifas congeladas Foto Candelaria Lagos\" width=\"100%\" height=\"100%\" \/><\/p>\n<div class=\"media-icons\"><\/div><figcaption>Las tarifas de la autopista Buenos Aires-La Plata y de la Autov\u00eda 2 aumentaron tras 4 a\u00f1os de tarifas congeladas \/ Foto: Candelaria Lagos.<\/figcaption><\/figure>\n<p>Las nuevas tarifas para los viajes por la autopista La Plata-Buenos Aires, as\u00ed como para la costa atl\u00e1ntica,\u00a0<strong>comenzaron a regir desde este jueves, por lo que los automovilistas que se trasladen a la Ciudad Aut\u00f3noma de Buenos Aires pagar\u00e1n 200 pesos en hora normal y 260 en hora pico en el peaje de Hudson.<\/strong><\/p>\n<p>Esos montos se incrementar\u00e1n a 260 y 300 pesos, respectivamente,\u00a0<strong>desde marzo.<\/strong><\/p>\n<p>Los valores fueron autorizadas por el Ministerio de Infraestructura,\u00a0<strong>tras la realizaci\u00f3n de las audiencias p\u00fablicas requeridas por ley.<\/strong><\/p>\n<p>Para quienes viajen en sentido provincia, los montos ser\u00e1n los mismos pero se abonar\u00e1n\u00a0<strong>100 pesos en el peaje de Dock Sud y otros 100 en Hudson en horario normal, y 130 en cada una en horario pico.<\/strong><\/p>\n<p>Desde marzo,\u00a0<strong>subir\u00e1 a 130 por estaci\u00f3n en hora normal y a 150 en horario pico, en cada peaje.<\/strong><\/p>\n<div class=\"twitter-tweet twitter-tweet-rendered\"><iframe id=\"twitter-widget-0\" class=\"\" title=\"Twitter Tweet\" src=\"https:\/\/platform.twitter.com\/embed\/Tweet.html?creatorScreenName=agenciatelam&amp;dnt=false&amp;embedId=twitter-widget-0&amp;features=eyJ0ZndfdGltZWxpbmVfbGlzdCI6eyJidWNrZXQiOlsibGlua3RyLmVlIiwidHIuZWUiLCJ0ZXJyYS5jb20uYnIiLCJ3d3cubGlua3RyLmVlIiwid3d3LnRyLmVlIiwid3d3LnRlcnJhLmNvbS5iciJdLCJ2ZXJzaW9uIjpudWxsfSwidGZ3X2hvcml6b25fdGltZWxpbmVfMTIwMzQiOnsiYnVja2V0IjoidHJlYXRtZW50IiwidmVyc2lvbiI6bnVsbH0sInRmd190d2VldF9lZGl0X2JhY2tlbmQiOnsiYnVja2V0Ijoib24iLCJ2ZXJzaW9uIjpudWxsfSwidGZ3X3JlZnNyY19zZXNzaW9uIjp7ImJ1Y2tldCI6Im9uIiwidmVyc2lvbiI6bnVsbH0sInRmd19jaGluX3BpbGxzXzE0NzQxIjp7ImJ1Y2tldCI6ImNvbG9yX2ljb25zIiwidmVyc2lvbiI6bnVsbH0sInRmd190d2VldF9yZXN1bHRfbWlncmF0aW9uXzEzOTc5Ijp7ImJ1Y2tldCI6InR3ZWV0X3Jlc3VsdCIsInZlcnNpb24iOm51bGx9LCJ0Zndfc2Vuc2l0aXZlX21lZGlhX2ludGVyc3RpdGlhbF8xMzk2MyI6eyJidWNrZXQiOiJpbnRlcnN0aXRpYWwiLCJ2ZXJzaW9uIjpudWxsfSwidGZ3X2V4cGVyaW1lbnRzX2Nvb2tpZV9leHBpcmF0aW9uIjp7ImJ1Y2tldCI6MTIwOTYwMCwidmVyc2lvbiI6bnVsbH0sInRmd19kdXBsaWNhdGVfc2NyaWJlc190b19zZXR0aW5ncyI6eyJidWNrZXQiOiJvbiIsInZlcnNpb24iOm51bGx9LCJ0ZndfdmlkZW9faGxzX2R5bmFtaWNfbWFuaWZlc3RzXzE1MDgyIjp7ImJ1Y2tldCI6InRydWVfYml0cmF0ZSIsInZlcnNpb24iOm51bGx9LCJ0Zndfc2hvd19ibHVlX3ZlcmlmaWVkX2JhZGdlIjp7ImJ1Y2tldCI6Im9uIiwidmVyc2lvbiI6bnVsbH0sInRmd190d2VldF9lZGl0X2Zyb250ZW5kIjp7ImJ1Y2tldCI6Im9uIiwidmVyc2lvbiI6bnVsbH19&amp;frame=false&amp;hideCard=false&amp;hideThread=false&amp;id=1598292747873550336&amp;lang=es&amp;origin=https%3A%2F%2Fwww.telam.com.ar%2Fnotas%2F202212%2F612771-buenos-aires-la-plata-autopista-nuevas-tarifas.html&amp;sessionId=0d196b9ff4e54879462435d7dce069a6af392e5e&amp;siteScreenName=agenciatelam&amp;theme=light&amp;widgetsVersion=a3525f077c700%3A1667415560940&amp;width=550px\" frameborder=\"0\" scrolling=\"no\" allowfullscreen=\"allowfullscreen\" data-tweet-id=\"1598292747873550336\" data-mce-fragment=\"1\"><\/iframe><\/div>\n<p>Para la costa los valores ser\u00e1n:\u00a0<strong>Autov\u00eda 2 (peajes de Samboromb\u00f3n y Maip\u00fa) 350 pesos cada uno; y en ruta 11 (peaje La Huella), 350 pesos,<\/strong>\u00a0y en ambos casos, el precio del bonificado quedar\u00e1 en 250 pesos.<\/p>\n<p>En tanto, en las rutas 11 y 74 (peajes de Mar Chiquita y Madariaga)<strong>\u00a0el costo ser\u00e1 de 150 pesos, y de 100 el bonificado.<\/strong><\/p>\n<p>Desde marzo\u00a0<strong>se deber\u00e1 abonar en Samboromb\u00f3n, Maip\u00fa y La Huella 450 pesos (350 pesos la bonificada) y en 200 en Madariaga y Mar Chiquita (150 la bonificada).<\/strong><\/p>\n<p>Los t\u00e9cnicos de Aubasa indicaron en las audiencias que estos incrementos<strong>\u00a0\u00abest\u00e1n muy lejos de la suba del 431% que registr\u00f3 el \u00cdndice de Precios Nivel General que inform\u00f3 el Indec y 335% que tuvieron los salarios de los trabajadores en los \u00faltimos cuatro a\u00f1os\u00bb.<\/strong><\/p>\n","protected":false},"excerpt":{"rendered":"<p>El tramo entre ambas capitales tendr\u00e1 un costo de 200 pesos y 260 en horario pico. Viajar a la costa atl\u00e1ntica tendr\u00e1 un valor 700 pesos pasando por las cabinas de Hudson y Samboromb\u00f3n y 350 pesos circulando por la ruta 11.<\/p>\n","protected":false},"author":3,"featured_media":0,"comment_status":"closed","ping_status":"closed","sticky":false,"template":"","format":"standard","meta":{"footnotes":""},"categories":[36],"tags":[],"class_list":["post-80878","post","type-post","status-publish","format-standard","hentry","category-economia"],"yoast_head":"<!-- This site is optimized with the Yoast SEO plugin v25.9 - https:\/\/yoast.com\/wordpress\/plugins\/seo\/ -->\n<title>Aumentaron los peajes en la autopista Buenos Aires-La Plata y en la Autov\u00eda 2 - Noticias Radio Reflejos<\/title>\n<meta name=\"robots\" content=\"index, follow, max-snippet:-1, max-image-preview:large, max-video-preview:-1\" \/>\n<link rel=\"canonical\" href=\"https:\/\/www.noticiasradioreflejos.com.ar\/2021\/aumentaron-los-peajes-en-la-autopista-buenos-aires-la-plata-y-en-la-autovia-2\/\" \/>\n<meta property=\"og:locale\" content=\"es_ES\" \/>\n<meta property=\"og:type\" content=\"article\" \/>\n<meta property=\"og:title\" content=\"Aumentaron los peajes en la autopista Buenos Aires-La Plata y en la Autov\u00eda 2 - Noticias Radio Reflejos\" \/>\n<meta property=\"og:description\" content=\"El tramo entre ambas capitales tendr\u00e1 un costo de 200 pesos y 260 en horario pico. Viajar a la costa atl\u00e1ntica tendr\u00e1 un valor 700 pesos pasando por las cabinas de Hudson y Samboromb\u00f3n y 350 pesos circulando por la ruta 11.\" \/>\n<meta property=\"og:url\" content=\"https:\/\/www.noticiasradioreflejos.com.ar\/2021\/aumentaron-los-peajes-en-la-autopista-buenos-aires-la-plata-y-en-la-autovia-2\/\" \/>\n<meta property=\"og:site_name\" content=\"Noticias Radio Reflejos\" \/>\n<meta property=\"article:published_time\" content=\"2022-12-02T11:35:37+00:00\" \/>\n<meta property=\"og:image\" content=\"https:\/\/www.telam.com.ar\/thumbs\/bluesteel\/advf\/imagenes\/2022\/09\/63173ce62f05c_1200.jpg\" \/>\n<meta name=\"author\" content=\"Arnaldo Botto\" \/>\n<meta name=\"twitter:card\" content=\"summary_large_image\" \/>\n<script type=\"application\/ld+json\" class=\"yoast-schema-graph\">{\"@context\":\"https:\/\/schema.org\",\"@graph\":[{\"@type\":\"WebPage\",\"@id\":\"https:\/\/www.noticiasradioreflejos.com.ar\/2021\/aumentaron-los-peajes-en-la-autopista-buenos-aires-la-plata-y-en-la-autovia-2\/\",\"url\":\"https:\/\/www.noticiasradioreflejos.com.ar\/2021\/aumentaron-los-peajes-en-la-autopista-buenos-aires-la-plata-y-en-la-autovia-2\/\",\"name\":\"Aumentaron los peajes en la autopista Buenos Aires-La Plata y en la Autov\u00eda 2 - Noticias Radio Reflejos\",\"isPartOf\":{\"@id\":\"https:\/\/www.noticiasradioreflejos.com.ar\/2021\/#website\"},\"primaryImageOfPage\":{\"@id\":\"https:\/\/www.noticiasradioreflejos.com.ar\/2021\/aumentaron-los-peajes-en-la-autopista-buenos-aires-la-plata-y-en-la-autovia-2\/#primaryimage\"},\"image\":{\"@id\":\"https:\/\/www.noticiasradioreflejos.com.ar\/2021\/aumentaron-los-peajes-en-la-autopista-buenos-aires-la-plata-y-en-la-autovia-2\/#primaryimage\"},\"thumbnailUrl\":\"https:\/\/www.telam.com.ar\/thumbs\/bluesteel\/advf\/imagenes\/2022\/09\/63173ce62f05c_1200.jpg\",\"datePublished\":\"2022-12-02T11:35:37+00:00\",\"author\":{\"@id\":\"https:\/\/www.noticiasradioreflejos.com.ar\/2021\/#\/schema\/person\/ad82545263dcc5ec0996818884fd5fb1\"},\"breadcrumb\":{\"@id\":\"https:\/\/www.noticiasradioreflejos.com.ar\/2021\/aumentaron-los-peajes-en-la-autopista-buenos-aires-la-plata-y-en-la-autovia-2\/#breadcrumb\"},\"inLanguage\":\"es\",\"potentialAction\":[{\"@type\":\"ReadAction\",\"target\":[\"https:\/\/www.noticiasradioreflejos.com.ar\/2021\/aumentaron-los-peajes-en-la-autopista-buenos-aires-la-plata-y-en-la-autovia-2\/\"]}]},{\"@type\":\"ImageObject\",\"inLanguage\":\"es\",\"@id\":\"https:\/\/www.noticiasradioreflejos.com.ar\/2021\/aumentaron-los-peajes-en-la-autopista-buenos-aires-la-plata-y-en-la-autovia-2\/#primaryimage\",\"url\":\"https:\/\/www.telam.com.ar\/thumbs\/bluesteel\/advf\/imagenes\/2022\/09\/63173ce62f05c_1200.jpg\",\"contentUrl\":\"https:\/\/www.telam.com.ar\/thumbs\/bluesteel\/advf\/imagenes\/2022\/09\/63173ce62f05c_1200.jpg\"},{\"@type\":\"BreadcrumbList\",\"@id\":\"https:\/\/www.noticiasradioreflejos.com.ar\/2021\/aumentaron-los-peajes-en-la-autopista-buenos-aires-la-plata-y-en-la-autovia-2\/#breadcrumb\",\"itemListElement\":[{\"@type\":\"ListItem\",\"position\":1,\"name\":\"Portada\",\"item\":\"https:\/\/www.noticiasradioreflejos.com.ar\/2021\/\"},{\"@type\":\"ListItem\",\"position\":2,\"name\":\"Aumentaron los peajes en la autopista Buenos Aires-La Plata y en la Autov\u00eda 2\"}]},{\"@type\":\"WebSite\",\"@id\":\"https:\/\/www.noticiasradioreflejos.com.ar\/2021\/#website\",\"url\":\"https:\/\/www.noticiasradioreflejos.com.ar\/2021\/\",\"name\":\"Noticias Radio Reflejos\",\"description\":\"Las noticias de mi comarca\",\"potentialAction\":[{\"@type\":\"SearchAction\",\"target\":{\"@type\":\"EntryPoint\",\"urlTemplate\":\"https:\/\/www.noticiasradioreflejos.com.ar\/2021\/?s={search_term_string}\"},\"query-input\":{\"@type\":\"PropertyValueSpecification\",\"valueRequired\":true,\"valueName\":\"search_term_string\"}}],\"inLanguage\":\"es\"},{\"@type\":\"Person\",\"@id\":\"https:\/\/www.noticiasradioreflejos.com.ar\/2021\/#\/schema\/person\/ad82545263dcc5ec0996818884fd5fb1\",\"name\":\"Arnaldo Botto\",\"image\":{\"@type\":\"ImageObject\",\"inLanguage\":\"es\",\"@id\":\"https:\/\/www.noticiasradioreflejos.com.ar\/2021\/#\/schema\/person\/image\/\",\"url\":\"https:\/\/secure.gravatar.com\/avatar\/55cb5e37c1efa326397366e6974cb338056df65cb50e7d64d1cf314e87504837?s=96&d=mm&r=g\",\"contentUrl\":\"https:\/\/secure.gravatar.com\/avatar\/55cb5e37c1efa326397366e6974cb338056df65cb50e7d64d1cf314e87504837?s=96&d=mm&r=g\",\"caption\":\"Arnaldo Botto\"},\"url\":\"https:\/\/www.noticiasradioreflejos.com.ar\/2021\/author\/arnaldo\/\"}]}<\/script>\n<!-- \/ Yoast SEO plugin. -->","yoast_head_json":{"title":"Aumentaron los peajes en la autopista Buenos Aires-La Plata y en la Autov\u00eda 2 - Noticias Radio Reflejos","robots":{"index":"index","follow":"follow","max-snippet":"max-snippet:-1","max-image-preview":"max-image-preview:large","max-video-preview":"max-video-preview:-1"},"canonical":"https:\/\/www.noticiasradioreflejos.com.ar\/2021\/aumentaron-los-peajes-en-la-autopista-buenos-aires-la-plata-y-en-la-autovia-2\/","og_locale":"es_ES","og_type":"article","og_title":"Aumentaron los peajes en la autopista Buenos Aires-La Plata y en la Autov\u00eda 2 - Noticias Radio Reflejos","og_description":"El tramo entre ambas capitales tendr\u00e1 un costo de 200 pesos y 260 en horario pico. Viajar a la costa atl\u00e1ntica tendr\u00e1 un valor 700 pesos pasando por las cabinas de Hudson y Samboromb\u00f3n y 350 pesos circulando por la ruta 11.","og_url":"https:\/\/www.noticiasradioreflejos.com.ar\/2021\/aumentaron-los-peajes-en-la-autopista-buenos-aires-la-plata-y-en-la-autovia-2\/","og_site_name":"Noticias Radio Reflejos","article_published_time":"2022-12-02T11:35:37+00:00","og_image":[{"url":"https:\/\/www.telam.com.ar\/thumbs\/bluesteel\/advf\/imagenes\/2022\/09\/63173ce62f05c_1200.jpg","type":"","width":"","height":""}],"author":"Arnaldo Botto","twitter_card":"summary_large_image","schema":{"@context":"https:\/\/schema.org","@graph":[{"@type":"WebPage","@id":"https:\/\/www.noticiasradioreflejos.com.ar\/2021\/aumentaron-los-peajes-en-la-autopista-buenos-aires-la-plata-y-en-la-autovia-2\/","url":"https:\/\/www.noticiasradioreflejos.com.ar\/2021\/aumentaron-los-peajes-en-la-autopista-buenos-aires-la-plata-y-en-la-autovia-2\/","name":"Aumentaron los peajes en la autopista Buenos Aires-La Plata y en la Autov\u00eda 2 - Noticias Radio Reflejos","isPartOf":{"@id":"https:\/\/www.noticiasradioreflejos.com.ar\/2021\/#website"},"primaryImageOfPage":{"@id":"https:\/\/www.noticiasradioreflejos.com.ar\/2021\/aumentaron-los-peajes-en-la-autopista-buenos-aires-la-plata-y-en-la-autovia-2\/#primaryimage"},"image":{"@id":"https:\/\/www.noticiasradioreflejos.com.ar\/2021\/aumentaron-los-peajes-en-la-autopista-buenos-aires-la-plata-y-en-la-autovia-2\/#primaryimage"},"thumbnailUrl":"https:\/\/www.telam.com.ar\/thumbs\/bluesteel\/advf\/imagenes\/2022\/09\/63173ce62f05c_1200.jpg","datePublished":"2022-12-02T11:35:37+00:00","author":{"@id":"https:\/\/www.noticiasradioreflejos.com.ar\/2021\/#\/schema\/person\/ad82545263dcc5ec0996818884fd5fb1"},"breadcrumb":{"@id":"https:\/\/www.noticiasradioreflejos.com.ar\/2021\/aumentaron-los-peajes-en-la-autopista-buenos-aires-la-plata-y-en-la-autovia-2\/#breadcrumb"},"inLanguage":"es","potentialAction":[{"@type":"ReadAction","target":["https:\/\/www.noticiasradioreflejos.com.ar\/2021\/aumentaron-los-peajes-en-la-autopista-buenos-aires-la-plata-y-en-la-autovia-2\/"]}]},{"@type":"ImageObject","inLanguage":"es","@id":"https:\/\/www.noticiasradioreflejos.com.ar\/2021\/aumentaron-los-peajes-en-la-autopista-buenos-aires-la-plata-y-en-la-autovia-2\/#primaryimage","url":"https:\/\/www.telam.com.ar\/thumbs\/bluesteel\/advf\/imagenes\/2022\/09\/63173ce62f05c_1200.jpg","contentUrl":"https:\/\/www.telam.com.ar\/thumbs\/bluesteel\/advf\/imagenes\/2022\/09\/63173ce62f05c_1200.jpg"},{"@type":"BreadcrumbList","@id":"https:\/\/www.noticiasradioreflejos.com.ar\/2021\/aumentaron-los-peajes-en-la-autopista-buenos-aires-la-plata-y-en-la-autovia-2\/#breadcrumb","itemListElement":[{"@type":"ListItem","position":1,"name":"Portada","item":"https:\/\/www.noticiasradioreflejos.com.ar\/2021\/"},{"@type":"ListItem","position":2,"name":"Aumentaron los peajes en la autopista Buenos Aires-La Plata y en la Autov\u00eda 2"}]},{"@type":"WebSite","@id":"https:\/\/www.noticiasradioreflejos.com.ar\/2021\/#website","url":"https:\/\/www.noticiasradioreflejos.com.ar\/2021\/","name":"Noticias Radio Reflejos","description":"Las noticias de mi comarca","potentialAction":[{"@type":"SearchAction","target":{"@type":"EntryPoint","urlTemplate":"https:\/\/www.noticiasradioreflejos.com.ar\/2021\/?s={search_term_string}"},"query-input":{"@type":"PropertyValueSpecification","valueRequired":true,"valueName":"search_term_string"}}],"inLanguage":"es"},{"@type":"Person","@id":"https:\/\/www.noticiasradioreflejos.com.ar\/2021\/#\/schema\/person\/ad82545263dcc5ec0996818884fd5fb1","name":"Arnaldo Botto","image":{"@type":"ImageObject","inLanguage":"es","@id":"https:\/\/www.noticiasradioreflejos.com.ar\/2021\/#\/schema\/person\/image\/","url":"https:\/\/secure.gravatar.com\/avatar\/55cb5e37c1efa326397366e6974cb338056df65cb50e7d64d1cf314e87504837?s=96&d=mm&r=g","contentUrl":"https:\/\/secure.gravatar.com\/avatar\/55cb5e37c1efa326397366e6974cb338056df65cb50e7d64d1cf314e87504837?s=96&d=mm&r=g","caption":"Arnaldo Botto"},"url":"https:\/\/www.noticiasradioreflejos.com.ar\/2021\/author\/arnaldo\/"}]}},"_links":{"self":[{"href":"https:\/\/www.noticiasradioreflejos.com.ar\/2021\/wp-json\/wp\/v2\/posts\/80878","targetHints":{"allow":["GET"]}}],"collection":[{"href":"https:\/\/www.noticiasradioreflejos.com.ar\/2021\/wp-json\/wp\/v2\/posts"}],"about":[{"href":"https:\/\/www.noticiasradioreflejos.com.ar\/2021\/wp-json\/wp\/v2\/types\/post"}],"author":[{"embeddable":true,"href":"https:\/\/www.noticiasradioreflejos.com.ar\/2021\/wp-json\/wp\/v2\/users\/3"}],"replies":[{"embeddable":true,"href":"https:\/\/www.noticiasradioreflejos.com.ar\/2021\/wp-json\/wp\/v2\/comments?post=80878"}],"version-history":[{"count":1,"href":"https:\/\/www.noticiasradioreflejos.com.ar\/2021\/wp-json\/wp\/v2\/posts\/80878\/revisions"}],"predecessor-version":[{"id":80879,"href":"https:\/\/www.noticiasradioreflejos.com.ar\/2021\/wp-json\/wp\/v2\/posts\/80878\/revisions\/80879"}],"wp:attachment":[{"href":"https:\/\/www.noticiasradioreflejos.com.ar\/2021\/wp-json\/wp\/v2\/media?parent=80878"}],"wp:term":[{"taxonomy":"category","embeddable":true,"href":"https:\/\/www.noticiasradioreflejos.com.ar\/2021\/wp-json\/wp\/v2\/categories?post=80878"},{"taxonomy":"post_tag","embeddable":true,"href":"https:\/\/www.noticiasradioreflejos.com.ar\/2021\/wp-json\/wp\/v2\/tags?post=80878"}],"curies":[{"name":"wp","href":"https:\/\/api.w.org\/{rel}","templated":true}]}}