{"id":80875,"date":"2022-12-02T11:31:58","date_gmt":"2022-12-02T11:31:58","guid":{"rendered":"http:\/\/www.noticiasradioreflejos.com.ar\/2021\/?p=80875"},"modified":"2022-12-02T11:31:58","modified_gmt":"2022-12-02T11:31:58","slug":"argentina-1985-nominada-a-mejor-pelicula-iberoamericana","status":"publish","type":"post","link":"https:\/\/www.noticiasradioreflejos.com.ar\/2021\/argentina-1985-nominada-a-mejor-pelicula-iberoamericana\/","title":{"rendered":"\u00abArgentina, 1985\u00bb: nominada a Mejor Pel\u00edcula Iberoamericana"},"content":{"rendered":"<p>El largometraje protagonizado por Ricardo Dar\u00edn y Peter Lanzani, se meti\u00f3 en los Premios Goya que entregar\u00e1 la Academia de Cine de Espa\u00f1a el pr\u00f3ximo 11 de febrero en Sevilla.<!--more--><\/p>\n<figure class=\"mb-3\"><img decoding=\"async\" src=\"https:\/\/www.telam.com.ar\/thumbs\/bluesteel\/advf\/imagenes\/2021\/08\/6126b4d75ddec_1200.jpg\" alt=\"La pelcula obtuvo en Venecia el premio de la crtica internacional tuvo pasos por San Sebastin y Londres y Darn viaj a varios pases para presentar el filme\" width=\"100%\" height=\"100%\" \/><\/p>\n<div class=\"media-icons\"><\/div><figcaption>La pel\u00edcula obtuvo en Venecia el premio de la cr\u00edtica internacional, tuvo pasos por San Sebasti\u00e1n y Londres, y Dar\u00edn viaj\u00f3 a varios pa\u00edses para presentar el filme<\/figcaption><\/figure>\n<p>\u00abArgentina, 1985\u00bb, de Santiago Mitre, se meti\u00f3 en el apartado a Mejor Pel\u00edcula Iberoamericana de los Premios Goya que entregar\u00e1 la Academia de Cine de Espa\u00f1a el pr\u00f3ximo 11 de febrero en Sevilla.<\/p>\n<p>De esta forma, la pel\u00edcula protagonizada por Ricardo Dar\u00edn y Peter Lanzani, contin\u00faa su camino de reconocimientos y suma menciones en su trayecto hacia el Oscar o, al menos, para conseguir quedar en la lista final de nominados a Mejor Pel\u00edcula Extranjera.<\/p>\n<div class=\"video_repositive\">\n<div id=\"EDK2FtU5oxg\" class=\"video_telam\">\n<div class=\"feature_article_inner\">\n<div class=\"feature_article_title\">\n<h2 class=\"text-center\">Trailer<\/h2>\n<p><iframe loading=\"lazy\" title=\"Argentina, 1985 | Tr\u00e1iler oficial\" src=\"https:\/\/www.youtube.com\/embed\/EDK2FtU5oxg\" width=\"843\" height=\"474\" frameborder=\"0\" allowfullscreen=\"allowfullscreen\"><\/iframe><\/p>\n<p>La pel\u00edcula que recrea el trabajo de los fiscales en el Juicio a las Juntas, buscar\u00e1, as\u00ed, conseguir el premio en Espa\u00f1a que ya obtuvieron \u00abRelatos salvajes\u00bb, \u00abEl secreto de sus ojos\u00bb, \u00abEl clan\u00bb, \u00abLa odisea de los giles\u00bb, \u00abPlata quemada\u00bb, \u00abCenizas del para\u00edso\u00bb, \u00abEl ciudadano ilustre\u00bb, \u00abUn lugar en el mundo\u00bb y \u00abUn cuento chino\u00bb.<\/p>\n<p>En su derrotero, la cinta de Mitre obtuvo en Venecia el premio de la cr\u00edtica internacional. Adem\u00e1s, tuvo pasos por San Sebasti\u00e1n y Londres, y Dar\u00edn, productor tambi\u00e9n de la cinta, viaj\u00f3 a varios pa\u00edses, entre ellos Estados Unidos, para presentar el filme.<\/p>\n<\/div>\n<\/div>\n<\/div>\n<\/div>\n","protected":false},"excerpt":{"rendered":"<p>El largometraje protagonizado por Ricardo Dar\u00edn y Peter Lanzani, se meti\u00f3 en los Premios Goya que entregar\u00e1 la Academia de Cine de Espa\u00f1a el pr\u00f3ximo 11 de febrero en Sevilla.<\/p>\n","protected":false},"author":3,"featured_media":0,"comment_status":"closed","ping_status":"closed","sticky":false,"template":"","format":"standard","meta":{"footnotes":""},"categories":[35,24],"tags":[],"class_list":["post-80875","post","type-post","status-publish","format-standard","hentry","category-cultura","category-politica"],"yoast_head":"<!-- This site is optimized with the Yoast SEO plugin v25.9 - https:\/\/yoast.com\/wordpress\/plugins\/seo\/ -->\n<title>&quot;Argentina, 1985&quot;: nominada a Mejor Pel\u00edcula Iberoamericana - Noticias Radio Reflejos<\/title>\n<meta name=\"robots\" content=\"index, follow, max-snippet:-1, max-image-preview:large, max-video-preview:-1\" \/>\n<link rel=\"canonical\" href=\"https:\/\/www.noticiasradioreflejos.com.ar\/2021\/argentina-1985-nominada-a-mejor-pelicula-iberoamericana\/\" \/>\n<meta property=\"og:locale\" content=\"es_ES\" \/>\n<meta property=\"og:type\" content=\"article\" \/>\n<meta property=\"og:title\" content=\"&quot;Argentina, 1985&quot;: nominada a Mejor Pel\u00edcula Iberoamericana - Noticias Radio Reflejos\" \/>\n<meta property=\"og:description\" content=\"El largometraje protagonizado por Ricardo Dar\u00edn y Peter Lanzani, se meti\u00f3 en los Premios Goya que entregar\u00e1 la Academia de Cine de Espa\u00f1a el pr\u00f3ximo 11 de febrero en Sevilla.\" \/>\n<meta property=\"og:url\" content=\"https:\/\/www.noticiasradioreflejos.com.ar\/2021\/argentina-1985-nominada-a-mejor-pelicula-iberoamericana\/\" \/>\n<meta property=\"og:site_name\" content=\"Noticias Radio Reflejos\" \/>\n<meta property=\"article:published_time\" content=\"2022-12-02T11:31:58+00:00\" \/>\n<meta property=\"og:image\" content=\"https:\/\/www.telam.com.ar\/thumbs\/bluesteel\/advf\/imagenes\/2021\/08\/6126b4d75ddec_1200.jpg\" \/>\n<meta name=\"author\" content=\"Arnaldo Botto\" \/>\n<meta name=\"twitter:card\" content=\"summary_large_image\" \/>\n<script type=\"application\/ld+json\" class=\"yoast-schema-graph\">{\"@context\":\"https:\/\/schema.org\",\"@graph\":[{\"@type\":\"WebPage\",\"@id\":\"https:\/\/www.noticiasradioreflejos.com.ar\/2021\/argentina-1985-nominada-a-mejor-pelicula-iberoamericana\/\",\"url\":\"https:\/\/www.noticiasradioreflejos.com.ar\/2021\/argentina-1985-nominada-a-mejor-pelicula-iberoamericana\/\",\"name\":\"\\\"Argentina, 1985\\\": nominada a Mejor Pel\u00edcula Iberoamericana - Noticias Radio Reflejos\",\"isPartOf\":{\"@id\":\"https:\/\/www.noticiasradioreflejos.com.ar\/2021\/#website\"},\"primaryImageOfPage\":{\"@id\":\"https:\/\/www.noticiasradioreflejos.com.ar\/2021\/argentina-1985-nominada-a-mejor-pelicula-iberoamericana\/#primaryimage\"},\"image\":{\"@id\":\"https:\/\/www.noticiasradioreflejos.com.ar\/2021\/argentina-1985-nominada-a-mejor-pelicula-iberoamericana\/#primaryimage\"},\"thumbnailUrl\":\"https:\/\/www.telam.com.ar\/thumbs\/bluesteel\/advf\/imagenes\/2021\/08\/6126b4d75ddec_1200.jpg\",\"datePublished\":\"2022-12-02T11:31:58+00:00\",\"author\":{\"@id\":\"https:\/\/www.noticiasradioreflejos.com.ar\/2021\/#\/schema\/person\/ad82545263dcc5ec0996818884fd5fb1\"},\"breadcrumb\":{\"@id\":\"https:\/\/www.noticiasradioreflejos.com.ar\/2021\/argentina-1985-nominada-a-mejor-pelicula-iberoamericana\/#breadcrumb\"},\"inLanguage\":\"es\",\"potentialAction\":[{\"@type\":\"ReadAction\",\"target\":[\"https:\/\/www.noticiasradioreflejos.com.ar\/2021\/argentina-1985-nominada-a-mejor-pelicula-iberoamericana\/\"]}]},{\"@type\":\"ImageObject\",\"inLanguage\":\"es\",\"@id\":\"https:\/\/www.noticiasradioreflejos.com.ar\/2021\/argentina-1985-nominada-a-mejor-pelicula-iberoamericana\/#primaryimage\",\"url\":\"https:\/\/www.telam.com.ar\/thumbs\/bluesteel\/advf\/imagenes\/2021\/08\/6126b4d75ddec_1200.jpg\",\"contentUrl\":\"https:\/\/www.telam.com.ar\/thumbs\/bluesteel\/advf\/imagenes\/2021\/08\/6126b4d75ddec_1200.jpg\"},{\"@type\":\"BreadcrumbList\",\"@id\":\"https:\/\/www.noticiasradioreflejos.com.ar\/2021\/argentina-1985-nominada-a-mejor-pelicula-iberoamericana\/#breadcrumb\",\"itemListElement\":[{\"@type\":\"ListItem\",\"position\":1,\"name\":\"Portada\",\"item\":\"https:\/\/www.noticiasradioreflejos.com.ar\/2021\/\"},{\"@type\":\"ListItem\",\"position\":2,\"name\":\"\u00abArgentina, 1985\u00bb: nominada a Mejor Pel\u00edcula Iberoamericana\"}]},{\"@type\":\"WebSite\",\"@id\":\"https:\/\/www.noticiasradioreflejos.com.ar\/2021\/#website\",\"url\":\"https:\/\/www.noticiasradioreflejos.com.ar\/2021\/\",\"name\":\"Noticias Radio Reflejos\",\"description\":\"Las noticias de mi comarca\",\"potentialAction\":[{\"@type\":\"SearchAction\",\"target\":{\"@type\":\"EntryPoint\",\"urlTemplate\":\"https:\/\/www.noticiasradioreflejos.com.ar\/2021\/?s={search_term_string}\"},\"query-input\":{\"@type\":\"PropertyValueSpecification\",\"valueRequired\":true,\"valueName\":\"search_term_string\"}}],\"inLanguage\":\"es\"},{\"@type\":\"Person\",\"@id\":\"https:\/\/www.noticiasradioreflejos.com.ar\/2021\/#\/schema\/person\/ad82545263dcc5ec0996818884fd5fb1\",\"name\":\"Arnaldo Botto\",\"image\":{\"@type\":\"ImageObject\",\"inLanguage\":\"es\",\"@id\":\"https:\/\/www.noticiasradioreflejos.com.ar\/2021\/#\/schema\/person\/image\/\",\"url\":\"https:\/\/secure.gravatar.com\/avatar\/55cb5e37c1efa326397366e6974cb338056df65cb50e7d64d1cf314e87504837?s=96&d=mm&r=g\",\"contentUrl\":\"https:\/\/secure.gravatar.com\/avatar\/55cb5e37c1efa326397366e6974cb338056df65cb50e7d64d1cf314e87504837?s=96&d=mm&r=g\",\"caption\":\"Arnaldo Botto\"},\"url\":\"https:\/\/www.noticiasradioreflejos.com.ar\/2021\/author\/arnaldo\/\"}]}<\/script>\n<!-- \/ Yoast SEO plugin. -->","yoast_head_json":{"title":"\"Argentina, 1985\": nominada a Mejor Pel\u00edcula Iberoamericana - Noticias Radio Reflejos","robots":{"index":"index","follow":"follow","max-snippet":"max-snippet:-1","max-image-preview":"max-image-preview:large","max-video-preview":"max-video-preview:-1"},"canonical":"https:\/\/www.noticiasradioreflejos.com.ar\/2021\/argentina-1985-nominada-a-mejor-pelicula-iberoamericana\/","og_locale":"es_ES","og_type":"article","og_title":"\"Argentina, 1985\": nominada a Mejor Pel\u00edcula Iberoamericana - Noticias Radio Reflejos","og_description":"El largometraje protagonizado por Ricardo Dar\u00edn y Peter Lanzani, se meti\u00f3 en los Premios Goya que entregar\u00e1 la Academia de Cine de Espa\u00f1a el pr\u00f3ximo 11 de febrero en Sevilla.","og_url":"https:\/\/www.noticiasradioreflejos.com.ar\/2021\/argentina-1985-nominada-a-mejor-pelicula-iberoamericana\/","og_site_name":"Noticias Radio Reflejos","article_published_time":"2022-12-02T11:31:58+00:00","og_image":[{"url":"https:\/\/www.telam.com.ar\/thumbs\/bluesteel\/advf\/imagenes\/2021\/08\/6126b4d75ddec_1200.jpg","type":"","width":"","height":""}],"author":"Arnaldo Botto","twitter_card":"summary_large_image","schema":{"@context":"https:\/\/schema.org","@graph":[{"@type":"WebPage","@id":"https:\/\/www.noticiasradioreflejos.com.ar\/2021\/argentina-1985-nominada-a-mejor-pelicula-iberoamericana\/","url":"https:\/\/www.noticiasradioreflejos.com.ar\/2021\/argentina-1985-nominada-a-mejor-pelicula-iberoamericana\/","name":"\"Argentina, 1985\": nominada a Mejor Pel\u00edcula Iberoamericana - Noticias Radio Reflejos","isPartOf":{"@id":"https:\/\/www.noticiasradioreflejos.com.ar\/2021\/#website"},"primaryImageOfPage":{"@id":"https:\/\/www.noticiasradioreflejos.com.ar\/2021\/argentina-1985-nominada-a-mejor-pelicula-iberoamericana\/#primaryimage"},"image":{"@id":"https:\/\/www.noticiasradioreflejos.com.ar\/2021\/argentina-1985-nominada-a-mejor-pelicula-iberoamericana\/#primaryimage"},"thumbnailUrl":"https:\/\/www.telam.com.ar\/thumbs\/bluesteel\/advf\/imagenes\/2021\/08\/6126b4d75ddec_1200.jpg","datePublished":"2022-12-02T11:31:58+00:00","author":{"@id":"https:\/\/www.noticiasradioreflejos.com.ar\/2021\/#\/schema\/person\/ad82545263dcc5ec0996818884fd5fb1"},"breadcrumb":{"@id":"https:\/\/www.noticiasradioreflejos.com.ar\/2021\/argentina-1985-nominada-a-mejor-pelicula-iberoamericana\/#breadcrumb"},"inLanguage":"es","potentialAction":[{"@type":"ReadAction","target":["https:\/\/www.noticiasradioreflejos.com.ar\/2021\/argentina-1985-nominada-a-mejor-pelicula-iberoamericana\/"]}]},{"@type":"ImageObject","inLanguage":"es","@id":"https:\/\/www.noticiasradioreflejos.com.ar\/2021\/argentina-1985-nominada-a-mejor-pelicula-iberoamericana\/#primaryimage","url":"https:\/\/www.telam.com.ar\/thumbs\/bluesteel\/advf\/imagenes\/2021\/08\/6126b4d75ddec_1200.jpg","contentUrl":"https:\/\/www.telam.com.ar\/thumbs\/bluesteel\/advf\/imagenes\/2021\/08\/6126b4d75ddec_1200.jpg"},{"@type":"BreadcrumbList","@id":"https:\/\/www.noticiasradioreflejos.com.ar\/2021\/argentina-1985-nominada-a-mejor-pelicula-iberoamericana\/#breadcrumb","itemListElement":[{"@type":"ListItem","position":1,"name":"Portada","item":"https:\/\/www.noticiasradioreflejos.com.ar\/2021\/"},{"@type":"ListItem","position":2,"name":"\u00abArgentina, 1985\u00bb: nominada a Mejor Pel\u00edcula Iberoamericana"}]},{"@type":"WebSite","@id":"https:\/\/www.noticiasradioreflejos.com.ar\/2021\/#website","url":"https:\/\/www.noticiasradioreflejos.com.ar\/2021\/","name":"Noticias Radio Reflejos","description":"Las noticias de mi comarca","potentialAction":[{"@type":"SearchAction","target":{"@type":"EntryPoint","urlTemplate":"https:\/\/www.noticiasradioreflejos.com.ar\/2021\/?s={search_term_string}"},"query-input":{"@type":"PropertyValueSpecification","valueRequired":true,"valueName":"search_term_string"}}],"inLanguage":"es"},{"@type":"Person","@id":"https:\/\/www.noticiasradioreflejos.com.ar\/2021\/#\/schema\/person\/ad82545263dcc5ec0996818884fd5fb1","name":"Arnaldo Botto","image":{"@type":"ImageObject","inLanguage":"es","@id":"https:\/\/www.noticiasradioreflejos.com.ar\/2021\/#\/schema\/person\/image\/","url":"https:\/\/secure.gravatar.com\/avatar\/55cb5e37c1efa326397366e6974cb338056df65cb50e7d64d1cf314e87504837?s=96&d=mm&r=g","contentUrl":"https:\/\/secure.gravatar.com\/avatar\/55cb5e37c1efa326397366e6974cb338056df65cb50e7d64d1cf314e87504837?s=96&d=mm&r=g","caption":"Arnaldo Botto"},"url":"https:\/\/www.noticiasradioreflejos.com.ar\/2021\/author\/arnaldo\/"}]}},"_links":{"self":[{"href":"https:\/\/www.noticiasradioreflejos.com.ar\/2021\/wp-json\/wp\/v2\/posts\/80875","targetHints":{"allow":["GET"]}}],"collection":[{"href":"https:\/\/www.noticiasradioreflejos.com.ar\/2021\/wp-json\/wp\/v2\/posts"}],"about":[{"href":"https:\/\/www.noticiasradioreflejos.com.ar\/2021\/wp-json\/wp\/v2\/types\/post"}],"author":[{"embeddable":true,"href":"https:\/\/www.noticiasradioreflejos.com.ar\/2021\/wp-json\/wp\/v2\/users\/3"}],"replies":[{"embeddable":true,"href":"https:\/\/www.noticiasradioreflejos.com.ar\/2021\/wp-json\/wp\/v2\/comments?post=80875"}],"version-history":[{"count":1,"href":"https:\/\/www.noticiasradioreflejos.com.ar\/2021\/wp-json\/wp\/v2\/posts\/80875\/revisions"}],"predecessor-version":[{"id":80877,"href":"https:\/\/www.noticiasradioreflejos.com.ar\/2021\/wp-json\/wp\/v2\/posts\/80875\/revisions\/80877"}],"wp:attachment":[{"href":"https:\/\/www.noticiasradioreflejos.com.ar\/2021\/wp-json\/wp\/v2\/media?parent=80875"}],"wp:term":[{"taxonomy":"category","embeddable":true,"href":"https:\/\/www.noticiasradioreflejos.com.ar\/2021\/wp-json\/wp\/v2\/categories?post=80875"},{"taxonomy":"post_tag","embeddable":true,"href":"https:\/\/www.noticiasradioreflejos.com.ar\/2021\/wp-json\/wp\/v2\/tags?post=80875"}],"curies":[{"name":"wp","href":"https:\/\/api.w.org\/{rel}","templated":true}]}}