{"id":80858,"date":"2022-12-01T18:25:13","date_gmt":"2022-12-01T18:25:13","guid":{"rendered":"http:\/\/www.noticiasradioreflejos.com.ar\/2021\/?p=80858"},"modified":"2022-12-01T18:25:13","modified_gmt":"2022-12-01T18:25:13","slug":"la-ctera-acordo-en-paritarias-un-aumento-del-114-anual","status":"publish","type":"post","link":"https:\/\/www.noticiasradioreflejos.com.ar\/2021\/la-ctera-acordo-en-paritarias-un-aumento-del-114-anual\/","title":{"rendered":"La Ctera acord\u00f3 en paritarias un aumento del 114% anual"},"content":{"rendered":"<p>Se acord\u00f3 un incremento salarial paulatino de 97% en diciembre del 2022, 105,9% en enero del 2023 y finalizar\u00eda en febrero del 2023, con un total de aumento del 114%.<!--more--><\/p>\n<figure class=\"mb-3\"><img decoding=\"async\" src=\"https:\/\/www.telam.com.ar\/thumbs\/bluesteel\/advf\/imagenes\/2022\/12\/6388e73cce683_1200.jpg\" alt=\"El gremio ratific que el salario no es ganancia e inform que en la reunin solicitaron que los trabajadores de la educacin no tributen el impuesto a las Ganancias Foto Prensa Ctera\" width=\"100%\" height=\"100%\" \/><\/p>\n<div class=\"media-icons\"><\/div><figcaption>El gremio ratific\u00f3 que \u00abel salario no es ganancia\u00bb e inform\u00f3 que en la reuni\u00f3n solicitaron que los trabajadores de la educaci\u00f3n \u00abno tributen el impuesto a las Ganancias\u00bb \/ Foto: Prensa Ctera<\/figcaption><\/figure>\n<p>La Confederaci\u00f3n de Trabajadores de la Educaci\u00f3n de la Rep\u00fablica Argentina (Ctera) anunci\u00f3 este jueves que logr\u00f3 un incremento salarial del 114% anual y un aumento del Fondo Nacional de Incentivo Docente (Fonid), en el marco de la reuni\u00f3n paritaria celebrada con autoridades del ministerio de Educaci\u00f3n<\/p>\n<p>Seg\u00fan indic\u00f3 el sindicato docente a trav\u00e9s de un comunicado, se acord\u00f3 un\u00a0<strong>incremento salarial paulatino de 97% en diciembre del 2022, 105,9% en enero del 2023 y finalizar\u00eda en febrero del 2023, con un total de aumento del 114%<\/strong>.<\/p>\n<p>La reuni\u00f3n paritaria fue presidida por el ministro de Educaci\u00f3n, Jaime Perczyk, y por la delegaci\u00f3n de Ctera participaron Sonia Alesso, Roberto Baradel, Juan Monserrat, Ang\u00e9lica Graciano y Luis Branchi.<\/p>\n<p>Asimismo, durante la reuni\u00f3n,\u00a0<strong>se acord\u00f3 un aumento del Fonid y conectividad que llegar\u00eda a 12.100 pesos<\/strong>\u00a0para febrero del 2023.<\/p>\n<p>Por otra parte, el gremio ratific\u00f3 que \u00abel salario no es ganancia\u00bb e inform\u00f3 que en la reuni\u00f3n solicitaron que los trabajadores de la educaci\u00f3n \u00abno tributen el impuesto a las ganancias\u00bb.<\/p>\n<blockquote class=\"twitter-tweet\" data-width=\"500\" data-dnt=\"true\">\n<p lang=\"es\" dir=\"ltr\">PARITARIA NACIONAL DOCENTE CTERA LOGR\u00d3 UN AUMENTO DEL 114 % ANUAL<br \/>\ud83d\udc47\ud83c\udffc<a href=\"https:\/\/t.co\/v6xQ0zf85N\">https:\/\/t.co\/v6xQ0zf85N<\/a> <a href=\"https:\/\/t.co\/e1Y65raSxK\">pic.twitter.com\/e1Y65raSxK<\/a><\/p>\n<p>&mdash; CTERA (@cteracta) <a href=\"https:\/\/twitter.com\/cteracta\/status\/1598340033295040514?ref_src=twsrc%5Etfw\">December 1, 2022<\/a><\/p><\/blockquote>\n<p><script async src=\"https:\/\/platform.twitter.com\/widgets.js\" charset=\"utf-8\"><\/script><\/p>\n<p>En esta l\u00ednea, Ctera solicit\u00f3 a las autoridades de la cartera educativa que\u00a0<strong>\u00abmientras se contin\u00fae discutiendo no se descuente en el aguinaldo del mes de diciembre\u00bb,<\/strong>\u00a0y tambi\u00e9n que a los jubilados nacionales que cobran por Anses se les abone en el haber de enero \u00abla diferencia entre el haber cobrado y el incremento por la movilidad jubilatoria correspondiente al mes de diciembre de 2022\u00bb.<\/p>\n<p>Por \u00faltimo, confirmaron que el ministerio de Educaci\u00f3n convocar\u00e1 a la paritaria nacional docente a comienzos del a\u00f1o 2023 para empezar a discutir la pauta salarial para el a\u00f1o entrante.<\/p>\n","protected":false},"excerpt":{"rendered":"<p>Se acord\u00f3 un incremento salarial paulatino de 97% en diciembre del 2022, 105,9% en enero del 2023 y finalizar\u00eda en febrero del 2023, con un total de aumento del 114%.<\/p>\n","protected":false},"author":3,"featured_media":0,"comment_status":"closed","ping_status":"closed","sticky":false,"template":"","format":"standard","meta":{"footnotes":""},"categories":[1],"tags":[],"class_list":["post-80858","post","type-post","status-publish","format-standard","hentry","category-sin-categoria"],"yoast_head":"<!-- This site is optimized with the Yoast SEO plugin v25.9 - https:\/\/yoast.com\/wordpress\/plugins\/seo\/ -->\n<title>La Ctera acord\u00f3 en paritarias un aumento del 114% anual - Noticias Radio Reflejos<\/title>\n<meta name=\"robots\" content=\"index, follow, max-snippet:-1, max-image-preview:large, max-video-preview:-1\" \/>\n<link rel=\"canonical\" href=\"https:\/\/www.noticiasradioreflejos.com.ar\/2021\/la-ctera-acordo-en-paritarias-un-aumento-del-114-anual\/\" \/>\n<meta property=\"og:locale\" content=\"es_ES\" \/>\n<meta property=\"og:type\" content=\"article\" \/>\n<meta property=\"og:title\" content=\"La Ctera acord\u00f3 en paritarias un aumento del 114% anual - Noticias Radio Reflejos\" \/>\n<meta property=\"og:description\" content=\"Se acord\u00f3 un incremento salarial paulatino de 97% en diciembre del 2022, 105,9% en enero del 2023 y finalizar\u00eda en febrero del 2023, con un total de aumento del 114%.\" \/>\n<meta property=\"og:url\" content=\"https:\/\/www.noticiasradioreflejos.com.ar\/2021\/la-ctera-acordo-en-paritarias-un-aumento-del-114-anual\/\" \/>\n<meta property=\"og:site_name\" content=\"Noticias Radio Reflejos\" \/>\n<meta property=\"article:published_time\" content=\"2022-12-01T18:25:13+00:00\" \/>\n<meta property=\"og:image\" content=\"https:\/\/www.telam.com.ar\/thumbs\/bluesteel\/advf\/imagenes\/2022\/12\/6388e73cce683_1200.jpg\" \/>\n<meta name=\"author\" content=\"Arnaldo Botto\" \/>\n<meta name=\"twitter:card\" content=\"summary_large_image\" \/>\n<script type=\"application\/ld+json\" class=\"yoast-schema-graph\">{\"@context\":\"https:\/\/schema.org\",\"@graph\":[{\"@type\":\"WebPage\",\"@id\":\"https:\/\/www.noticiasradioreflejos.com.ar\/2021\/la-ctera-acordo-en-paritarias-un-aumento-del-114-anual\/\",\"url\":\"https:\/\/www.noticiasradioreflejos.com.ar\/2021\/la-ctera-acordo-en-paritarias-un-aumento-del-114-anual\/\",\"name\":\"La Ctera acord\u00f3 en paritarias un aumento del 114% anual - Noticias Radio Reflejos\",\"isPartOf\":{\"@id\":\"https:\/\/www.noticiasradioreflejos.com.ar\/2021\/#website\"},\"primaryImageOfPage\":{\"@id\":\"https:\/\/www.noticiasradioreflejos.com.ar\/2021\/la-ctera-acordo-en-paritarias-un-aumento-del-114-anual\/#primaryimage\"},\"image\":{\"@id\":\"https:\/\/www.noticiasradioreflejos.com.ar\/2021\/la-ctera-acordo-en-paritarias-un-aumento-del-114-anual\/#primaryimage\"},\"thumbnailUrl\":\"https:\/\/www.telam.com.ar\/thumbs\/bluesteel\/advf\/imagenes\/2022\/12\/6388e73cce683_1200.jpg\",\"datePublished\":\"2022-12-01T18:25:13+00:00\",\"author\":{\"@id\":\"https:\/\/www.noticiasradioreflejos.com.ar\/2021\/#\/schema\/person\/ad82545263dcc5ec0996818884fd5fb1\"},\"breadcrumb\":{\"@id\":\"https:\/\/www.noticiasradioreflejos.com.ar\/2021\/la-ctera-acordo-en-paritarias-un-aumento-del-114-anual\/#breadcrumb\"},\"inLanguage\":\"es\",\"potentialAction\":[{\"@type\":\"ReadAction\",\"target\":[\"https:\/\/www.noticiasradioreflejos.com.ar\/2021\/la-ctera-acordo-en-paritarias-un-aumento-del-114-anual\/\"]}]},{\"@type\":\"ImageObject\",\"inLanguage\":\"es\",\"@id\":\"https:\/\/www.noticiasradioreflejos.com.ar\/2021\/la-ctera-acordo-en-paritarias-un-aumento-del-114-anual\/#primaryimage\",\"url\":\"https:\/\/www.telam.com.ar\/thumbs\/bluesteel\/advf\/imagenes\/2022\/12\/6388e73cce683_1200.jpg\",\"contentUrl\":\"https:\/\/www.telam.com.ar\/thumbs\/bluesteel\/advf\/imagenes\/2022\/12\/6388e73cce683_1200.jpg\"},{\"@type\":\"BreadcrumbList\",\"@id\":\"https:\/\/www.noticiasradioreflejos.com.ar\/2021\/la-ctera-acordo-en-paritarias-un-aumento-del-114-anual\/#breadcrumb\",\"itemListElement\":[{\"@type\":\"ListItem\",\"position\":1,\"name\":\"Portada\",\"item\":\"https:\/\/www.noticiasradioreflejos.com.ar\/2021\/\"},{\"@type\":\"ListItem\",\"position\":2,\"name\":\"La Ctera acord\u00f3 en paritarias un aumento del 114% anual\"}]},{\"@type\":\"WebSite\",\"@id\":\"https:\/\/www.noticiasradioreflejos.com.ar\/2021\/#website\",\"url\":\"https:\/\/www.noticiasradioreflejos.com.ar\/2021\/\",\"name\":\"Noticias Radio Reflejos\",\"description\":\"Las noticias de mi comarca\",\"potentialAction\":[{\"@type\":\"SearchAction\",\"target\":{\"@type\":\"EntryPoint\",\"urlTemplate\":\"https:\/\/www.noticiasradioreflejos.com.ar\/2021\/?s={search_term_string}\"},\"query-input\":{\"@type\":\"PropertyValueSpecification\",\"valueRequired\":true,\"valueName\":\"search_term_string\"}}],\"inLanguage\":\"es\"},{\"@type\":\"Person\",\"@id\":\"https:\/\/www.noticiasradioreflejos.com.ar\/2021\/#\/schema\/person\/ad82545263dcc5ec0996818884fd5fb1\",\"name\":\"Arnaldo Botto\",\"image\":{\"@type\":\"ImageObject\",\"inLanguage\":\"es\",\"@id\":\"https:\/\/www.noticiasradioreflejos.com.ar\/2021\/#\/schema\/person\/image\/\",\"url\":\"https:\/\/secure.gravatar.com\/avatar\/55cb5e37c1efa326397366e6974cb338056df65cb50e7d64d1cf314e87504837?s=96&d=mm&r=g\",\"contentUrl\":\"https:\/\/secure.gravatar.com\/avatar\/55cb5e37c1efa326397366e6974cb338056df65cb50e7d64d1cf314e87504837?s=96&d=mm&r=g\",\"caption\":\"Arnaldo Botto\"},\"url\":\"https:\/\/www.noticiasradioreflejos.com.ar\/2021\/author\/arnaldo\/\"}]}<\/script>\n<!-- \/ Yoast SEO plugin. -->","yoast_head_json":{"title":"La Ctera acord\u00f3 en paritarias un aumento del 114% anual - Noticias Radio Reflejos","robots":{"index":"index","follow":"follow","max-snippet":"max-snippet:-1","max-image-preview":"max-image-preview:large","max-video-preview":"max-video-preview:-1"},"canonical":"https:\/\/www.noticiasradioreflejos.com.ar\/2021\/la-ctera-acordo-en-paritarias-un-aumento-del-114-anual\/","og_locale":"es_ES","og_type":"article","og_title":"La Ctera acord\u00f3 en paritarias un aumento del 114% anual - Noticias Radio Reflejos","og_description":"Se acord\u00f3 un incremento salarial paulatino de 97% en diciembre del 2022, 105,9% en enero del 2023 y finalizar\u00eda en febrero del 2023, con un total de aumento del 114%.","og_url":"https:\/\/www.noticiasradioreflejos.com.ar\/2021\/la-ctera-acordo-en-paritarias-un-aumento-del-114-anual\/","og_site_name":"Noticias Radio Reflejos","article_published_time":"2022-12-01T18:25:13+00:00","og_image":[{"url":"https:\/\/www.telam.com.ar\/thumbs\/bluesteel\/advf\/imagenes\/2022\/12\/6388e73cce683_1200.jpg","type":"","width":"","height":""}],"author":"Arnaldo Botto","twitter_card":"summary_large_image","schema":{"@context":"https:\/\/schema.org","@graph":[{"@type":"WebPage","@id":"https:\/\/www.noticiasradioreflejos.com.ar\/2021\/la-ctera-acordo-en-paritarias-un-aumento-del-114-anual\/","url":"https:\/\/www.noticiasradioreflejos.com.ar\/2021\/la-ctera-acordo-en-paritarias-un-aumento-del-114-anual\/","name":"La Ctera acord\u00f3 en paritarias un aumento del 114% anual - Noticias Radio Reflejos","isPartOf":{"@id":"https:\/\/www.noticiasradioreflejos.com.ar\/2021\/#website"},"primaryImageOfPage":{"@id":"https:\/\/www.noticiasradioreflejos.com.ar\/2021\/la-ctera-acordo-en-paritarias-un-aumento-del-114-anual\/#primaryimage"},"image":{"@id":"https:\/\/www.noticiasradioreflejos.com.ar\/2021\/la-ctera-acordo-en-paritarias-un-aumento-del-114-anual\/#primaryimage"},"thumbnailUrl":"https:\/\/www.telam.com.ar\/thumbs\/bluesteel\/advf\/imagenes\/2022\/12\/6388e73cce683_1200.jpg","datePublished":"2022-12-01T18:25:13+00:00","author":{"@id":"https:\/\/www.noticiasradioreflejos.com.ar\/2021\/#\/schema\/person\/ad82545263dcc5ec0996818884fd5fb1"},"breadcrumb":{"@id":"https:\/\/www.noticiasradioreflejos.com.ar\/2021\/la-ctera-acordo-en-paritarias-un-aumento-del-114-anual\/#breadcrumb"},"inLanguage":"es","potentialAction":[{"@type":"ReadAction","target":["https:\/\/www.noticiasradioreflejos.com.ar\/2021\/la-ctera-acordo-en-paritarias-un-aumento-del-114-anual\/"]}]},{"@type":"ImageObject","inLanguage":"es","@id":"https:\/\/www.noticiasradioreflejos.com.ar\/2021\/la-ctera-acordo-en-paritarias-un-aumento-del-114-anual\/#primaryimage","url":"https:\/\/www.telam.com.ar\/thumbs\/bluesteel\/advf\/imagenes\/2022\/12\/6388e73cce683_1200.jpg","contentUrl":"https:\/\/www.telam.com.ar\/thumbs\/bluesteel\/advf\/imagenes\/2022\/12\/6388e73cce683_1200.jpg"},{"@type":"BreadcrumbList","@id":"https:\/\/www.noticiasradioreflejos.com.ar\/2021\/la-ctera-acordo-en-paritarias-un-aumento-del-114-anual\/#breadcrumb","itemListElement":[{"@type":"ListItem","position":1,"name":"Portada","item":"https:\/\/www.noticiasradioreflejos.com.ar\/2021\/"},{"@type":"ListItem","position":2,"name":"La Ctera acord\u00f3 en paritarias un aumento del 114% anual"}]},{"@type":"WebSite","@id":"https:\/\/www.noticiasradioreflejos.com.ar\/2021\/#website","url":"https:\/\/www.noticiasradioreflejos.com.ar\/2021\/","name":"Noticias Radio Reflejos","description":"Las noticias de mi comarca","potentialAction":[{"@type":"SearchAction","target":{"@type":"EntryPoint","urlTemplate":"https:\/\/www.noticiasradioreflejos.com.ar\/2021\/?s={search_term_string}"},"query-input":{"@type":"PropertyValueSpecification","valueRequired":true,"valueName":"search_term_string"}}],"inLanguage":"es"},{"@type":"Person","@id":"https:\/\/www.noticiasradioreflejos.com.ar\/2021\/#\/schema\/person\/ad82545263dcc5ec0996818884fd5fb1","name":"Arnaldo Botto","image":{"@type":"ImageObject","inLanguage":"es","@id":"https:\/\/www.noticiasradioreflejos.com.ar\/2021\/#\/schema\/person\/image\/","url":"https:\/\/secure.gravatar.com\/avatar\/55cb5e37c1efa326397366e6974cb338056df65cb50e7d64d1cf314e87504837?s=96&d=mm&r=g","contentUrl":"https:\/\/secure.gravatar.com\/avatar\/55cb5e37c1efa326397366e6974cb338056df65cb50e7d64d1cf314e87504837?s=96&d=mm&r=g","caption":"Arnaldo Botto"},"url":"https:\/\/www.noticiasradioreflejos.com.ar\/2021\/author\/arnaldo\/"}]}},"_links":{"self":[{"href":"https:\/\/www.noticiasradioreflejos.com.ar\/2021\/wp-json\/wp\/v2\/posts\/80858","targetHints":{"allow":["GET"]}}],"collection":[{"href":"https:\/\/www.noticiasradioreflejos.com.ar\/2021\/wp-json\/wp\/v2\/posts"}],"about":[{"href":"https:\/\/www.noticiasradioreflejos.com.ar\/2021\/wp-json\/wp\/v2\/types\/post"}],"author":[{"embeddable":true,"href":"https:\/\/www.noticiasradioreflejos.com.ar\/2021\/wp-json\/wp\/v2\/users\/3"}],"replies":[{"embeddable":true,"href":"https:\/\/www.noticiasradioreflejos.com.ar\/2021\/wp-json\/wp\/v2\/comments?post=80858"}],"version-history":[{"count":1,"href":"https:\/\/www.noticiasradioreflejos.com.ar\/2021\/wp-json\/wp\/v2\/posts\/80858\/revisions"}],"predecessor-version":[{"id":80859,"href":"https:\/\/www.noticiasradioreflejos.com.ar\/2021\/wp-json\/wp\/v2\/posts\/80858\/revisions\/80859"}],"wp:attachment":[{"href":"https:\/\/www.noticiasradioreflejos.com.ar\/2021\/wp-json\/wp\/v2\/media?parent=80858"}],"wp:term":[{"taxonomy":"category","embeddable":true,"href":"https:\/\/www.noticiasradioreflejos.com.ar\/2021\/wp-json\/wp\/v2\/categories?post=80858"},{"taxonomy":"post_tag","embeddable":true,"href":"https:\/\/www.noticiasradioreflejos.com.ar\/2021\/wp-json\/wp\/v2\/tags?post=80858"}],"curies":[{"name":"wp","href":"https:\/\/api.w.org\/{rel}","templated":true}]}}