{"id":80824,"date":"2022-12-01T17:52:18","date_gmt":"2022-12-01T17:52:18","guid":{"rendered":"http:\/\/www.noticiasradioreflejos.com.ar\/2021\/?p=80824"},"modified":"2022-12-01T17:52:55","modified_gmt":"2022-12-01T17:52:55","slug":"restos-arqueologicos-recolectarlos-del-campo-ya-es-un-delito","status":"publish","type":"post","link":"https:\/\/www.noticiasradioreflejos.com.ar\/2021\/restos-arqueologicos-recolectarlos-del-campo-ya-es-un-delito\/","title":{"rendered":"Restos arqueol\u00f3gicos: \u201cRecolectarlos del campo ya es un delito\u201d"},"content":{"rendered":"<p>El Dr. Fernando Oliva explic\u00f3 distintas situaciones que a\u00fan siguen pareciendo normales, y sin embargo, causan un grave da\u00f1o tanto para los registros arqueol\u00f3gicos como los paleontol\u00f3gicos. \u201cHay que saber manejar los sitios\u201d asegur\u00f3.<!--more--><\/p>\n<p><a title=\"Santa Marta (42)\" href=\"https:\/\/www.flickr.com\/photos\/182279889@N02\/52535502567\/in\/dateposted-public\/\" data-flickr-embed=\"true\"><img loading=\"lazy\" decoding=\"async\" src=\"https:\/\/live.staticflickr.com\/65535\/52535502567_a17880f36a_c.jpg\" alt=\"Santa Marta (42)\" width=\"800\" height=\"450\" \/><\/a><\/p>\n<p>&nbsp;<\/p>\n<p>El Dr. Fernando Oliva, a cargo del Centro de Registros Arqueol\u00f3gicos y Paleontol\u00f3gicos de la Provincia de Buenos Aires, se prest\u00f3 a una extensa entrevista en la cual se abordaron distintas tem\u00e1ticas con ligaz\u00f3n directa a su actividad.<\/p>\n<p>Lo primero que dej\u00f3 en claro el especialista es que \u201chay que hacer una construcci\u00f3n colectiva en el cuidado de los sitios arqueol\u00f3gicos y paleontol\u00f3gicos. Una vez que se rompen no vuelven atr\u00e1s. Entre todos hay que armar medidas para conservar y saber manejar los sitios\u201d.<\/p>\n<p>Al mismo tiempo y graficando el contexto en el cual nos encontramos a diario, Oliva fue claro al referenciar que \u201cla provincia de Buenos Aires es casi tan grande como la pen\u00ednsula ib\u00e9rica. O sea que ten\u00e9s un gran territorio con ocupaciones humanas en cuanto a lo arqueol\u00f3gico y lo paleontol\u00f3gico, con diferentes tipos de evidencia. Ya solo por la dimensi\u00f3n y la informaci\u00f3n cient\u00edfica, nos hablan de un territorio sumamente importante\u201d.<\/p>\n<p>En otro pasaje de la charla, y buscando traer a la luz un tema recurrente en los medios de comunicaci\u00f3n, fue tajante al sostener que \u201cel tr\u00e1fico de arqueolog\u00eda est\u00e1 penado, es un delito importante\u201d.<\/p>\n<p>Pero sorprendiendo a m\u00e1s de un desprevenido, reconoci\u00f3 que \u201cya recolectar los elementos que uno encuentra en el campo es un delito. Ni hablar comprar ese tipo de cosas. Hay una articulaci\u00f3n muy grande con fuerzas internacionales, incluida Interpol\u201d.<\/p>\n<p>&nbsp;<\/p>\n<p><a title=\"Santa Marta (46)\" href=\"https:\/\/www.flickr.com\/photos\/182279889@N02\/52536259244\/in\/dateposted-public\/\" data-flickr-embed=\"true\"><img loading=\"lazy\" decoding=\"async\" src=\"https:\/\/live.staticflickr.com\/65535\/52536259244_5dea4b3862_c.jpg\" alt=\"Santa Marta (46)\" width=\"800\" height=\"450\" \/><\/a><\/p>\n<p>&nbsp;<\/p>\n<p>De igual manera y generando docencia, el funcionario explic\u00f3 que \u201cpor eso es tan importante que cuando uno hereda cosas de los abuelos, que tienen valor arqueol\u00f3gico, las declare. No se las van a sacar, sino que queda en el registro qui\u00e9n es el tenedor de eso, y si llega a ser robada, puede buscarse a nivel mundial\u201d.<\/p>\n<p>Por \u00faltimo, y en otro pasaje de la charla, se refiri\u00f3 al Museo de la <strong>Profesora Nora Cinquini<\/strong>, ubicado en Chasic\u00f3, en donde tras su muerte sus hijos pretenden venderlo al igual que el campo.<\/p>\n<p>Al respecto, el Dr. Oliva admiti\u00f3 que \u201cla colecci\u00f3n est\u00e1 declarada y por ende para el estado tiene una entidad. Creo que se la han ofrecido al municipio. Nosotros s\u00f3lo recibimos la declaraci\u00f3n\u201d.<\/p>\n<p>De todas formas subray\u00f3 que \u201ceste ofrecimiento lleva un proceso de tiempo, que tambi\u00e9n abarca a \u00f3rganos provinciales y nacionales. La idea primaria es que la colecci\u00f3n quede en el partido de Tornquist\u201d.<\/p>\n<p>&nbsp;<\/p>\n<p><iframe loading=\"lazy\" src=\"https:\/\/w.soundcloud.com\/player\/?url=https%3A\/\/api.soundcloud.com\/tracks\/1394092873&amp;color=%23ff5500&amp;auto_play=false&amp;hide_related=false&amp;show_comments=true&amp;show_user=true&amp;show_reposts=false&amp;show_teaser=true\" width=\"100%\" height=\"166\" frameborder=\"no\" scrolling=\"no\"><\/iframe><\/p>\n<div style=\"font-size: 10px; color: #cccccc; line-break: anywhere; word-break: normal; overflow: hidden; white-space: nowrap; text-overflow: ellipsis; font-family: Interstate,Lucida Grande,Lucida Sans Unicode,Lucida Sans,Garuda,Verdana,Tahoma,sans-serif; font-weight: 100;\"><a style=\"color: #cccccc; text-decoration: none;\" title=\"fmreflejos 103.7\" href=\"https:\/\/soundcloud.com\/fmreflejos-103-7\" target=\"_blank\" rel=\"noopener\">fmreflejos 103.7<\/a> \u00b7 <a style=\"color: #cccccc; text-decoration: none;\" title=\"Fernando Oliva\" href=\"https:\/\/soundcloud.com\/fmreflejos-103-7\/fernando-oliva-2\" target=\"_blank\" rel=\"noopener\">Fernando Oliva<\/a><\/div>\n","protected":false},"excerpt":{"rendered":"<p>El Dr. Fernando Oliva explic\u00f3 distintas situaciones que a\u00fan siguen pareciendo normales, y sin embargo, causan un grave da\u00f1o tanto para los registros arqueol\u00f3gicos como los paleontol\u00f3gicos. \u201cHay que saber manejar los sitios\u201d asegur\u00f3.<\/p>\n","protected":false},"author":3,"featured_media":0,"comment_status":"closed","ping_status":"closed","sticky":false,"template":"","format":"standard","meta":{"footnotes":""},"categories":[46,35,26,33],"tags":[48],"class_list":["post-80824","post","type-post","status-publish","format-standard","hentry","category-ciencia-y-tecnologia","category-cultura","category-sociedad","category-turismo","tag-destacada"],"yoast_head":"<!-- This site is optimized with the Yoast SEO plugin v25.9 - https:\/\/yoast.com\/wordpress\/plugins\/seo\/ -->\n<title>Restos arqueol\u00f3gicos: \u201cRecolectarlos del campo ya es un delito\u201d - Noticias Radio Reflejos<\/title>\n<meta name=\"robots\" content=\"index, follow, max-snippet:-1, max-image-preview:large, max-video-preview:-1\" \/>\n<link rel=\"canonical\" href=\"https:\/\/www.noticiasradioreflejos.com.ar\/2021\/restos-arqueologicos-recolectarlos-del-campo-ya-es-un-delito\/\" \/>\n<meta property=\"og:locale\" content=\"es_ES\" \/>\n<meta property=\"og:type\" content=\"article\" \/>\n<meta property=\"og:title\" content=\"Restos arqueol\u00f3gicos: \u201cRecolectarlos del campo ya es un delito\u201d - Noticias Radio Reflejos\" \/>\n<meta property=\"og:description\" content=\"El Dr. Fernando Oliva explic\u00f3 distintas situaciones que a\u00fan siguen pareciendo normales, y sin embargo, causan un grave da\u00f1o tanto para los registros arqueol\u00f3gicos como los paleontol\u00f3gicos. \u201cHay que saber manejar los sitios\u201d asegur\u00f3.\" \/>\n<meta property=\"og:url\" content=\"https:\/\/www.noticiasradioreflejos.com.ar\/2021\/restos-arqueologicos-recolectarlos-del-campo-ya-es-un-delito\/\" \/>\n<meta property=\"og:site_name\" content=\"Noticias Radio Reflejos\" \/>\n<meta property=\"article:published_time\" content=\"2022-12-01T17:52:18+00:00\" \/>\n<meta property=\"article:modified_time\" content=\"2022-12-01T17:52:55+00:00\" \/>\n<meta property=\"og:image\" content=\"https:\/\/live.staticflickr.com\/65535\/52535502567_a17880f36a_c.jpg\" \/>\n<meta name=\"author\" content=\"Arnaldo Botto\" \/>\n<meta name=\"twitter:card\" content=\"summary_large_image\" \/>\n<script type=\"application\/ld+json\" class=\"yoast-schema-graph\">{\"@context\":\"https:\/\/schema.org\",\"@graph\":[{\"@type\":\"WebPage\",\"@id\":\"https:\/\/www.noticiasradioreflejos.com.ar\/2021\/restos-arqueologicos-recolectarlos-del-campo-ya-es-un-delito\/\",\"url\":\"https:\/\/www.noticiasradioreflejos.com.ar\/2021\/restos-arqueologicos-recolectarlos-del-campo-ya-es-un-delito\/\",\"name\":\"Restos arqueol\u00f3gicos: \u201cRecolectarlos del campo ya es un delito\u201d - Noticias Radio Reflejos\",\"isPartOf\":{\"@id\":\"https:\/\/www.noticiasradioreflejos.com.ar\/2021\/#website\"},\"primaryImageOfPage\":{\"@id\":\"https:\/\/www.noticiasradioreflejos.com.ar\/2021\/restos-arqueologicos-recolectarlos-del-campo-ya-es-un-delito\/#primaryimage\"},\"image\":{\"@id\":\"https:\/\/www.noticiasradioreflejos.com.ar\/2021\/restos-arqueologicos-recolectarlos-del-campo-ya-es-un-delito\/#primaryimage\"},\"thumbnailUrl\":\"https:\/\/live.staticflickr.com\/65535\/52535502567_a17880f36a_c.jpg\",\"datePublished\":\"2022-12-01T17:52:18+00:00\",\"dateModified\":\"2022-12-01T17:52:55+00:00\",\"author\":{\"@id\":\"https:\/\/www.noticiasradioreflejos.com.ar\/2021\/#\/schema\/person\/ad82545263dcc5ec0996818884fd5fb1\"},\"breadcrumb\":{\"@id\":\"https:\/\/www.noticiasradioreflejos.com.ar\/2021\/restos-arqueologicos-recolectarlos-del-campo-ya-es-un-delito\/#breadcrumb\"},\"inLanguage\":\"es\",\"potentialAction\":[{\"@type\":\"ReadAction\",\"target\":[\"https:\/\/www.noticiasradioreflejos.com.ar\/2021\/restos-arqueologicos-recolectarlos-del-campo-ya-es-un-delito\/\"]}]},{\"@type\":\"ImageObject\",\"inLanguage\":\"es\",\"@id\":\"https:\/\/www.noticiasradioreflejos.com.ar\/2021\/restos-arqueologicos-recolectarlos-del-campo-ya-es-un-delito\/#primaryimage\",\"url\":\"https:\/\/live.staticflickr.com\/65535\/52535502567_a17880f36a_c.jpg\",\"contentUrl\":\"https:\/\/live.staticflickr.com\/65535\/52535502567_a17880f36a_c.jpg\"},{\"@type\":\"BreadcrumbList\",\"@id\":\"https:\/\/www.noticiasradioreflejos.com.ar\/2021\/restos-arqueologicos-recolectarlos-del-campo-ya-es-un-delito\/#breadcrumb\",\"itemListElement\":[{\"@type\":\"ListItem\",\"position\":1,\"name\":\"Portada\",\"item\":\"https:\/\/www.noticiasradioreflejos.com.ar\/2021\/\"},{\"@type\":\"ListItem\",\"position\":2,\"name\":\"Restos arqueol\u00f3gicos: \u201cRecolectarlos del campo ya es un delito\u201d\"}]},{\"@type\":\"WebSite\",\"@id\":\"https:\/\/www.noticiasradioreflejos.com.ar\/2021\/#website\",\"url\":\"https:\/\/www.noticiasradioreflejos.com.ar\/2021\/\",\"name\":\"Noticias Radio Reflejos\",\"description\":\"Las noticias de mi comarca\",\"potentialAction\":[{\"@type\":\"SearchAction\",\"target\":{\"@type\":\"EntryPoint\",\"urlTemplate\":\"https:\/\/www.noticiasradioreflejos.com.ar\/2021\/?s={search_term_string}\"},\"query-input\":{\"@type\":\"PropertyValueSpecification\",\"valueRequired\":true,\"valueName\":\"search_term_string\"}}],\"inLanguage\":\"es\"},{\"@type\":\"Person\",\"@id\":\"https:\/\/www.noticiasradioreflejos.com.ar\/2021\/#\/schema\/person\/ad82545263dcc5ec0996818884fd5fb1\",\"name\":\"Arnaldo Botto\",\"image\":{\"@type\":\"ImageObject\",\"inLanguage\":\"es\",\"@id\":\"https:\/\/www.noticiasradioreflejos.com.ar\/2021\/#\/schema\/person\/image\/\",\"url\":\"https:\/\/secure.gravatar.com\/avatar\/55cb5e37c1efa326397366e6974cb338056df65cb50e7d64d1cf314e87504837?s=96&d=mm&r=g\",\"contentUrl\":\"https:\/\/secure.gravatar.com\/avatar\/55cb5e37c1efa326397366e6974cb338056df65cb50e7d64d1cf314e87504837?s=96&d=mm&r=g\",\"caption\":\"Arnaldo Botto\"},\"url\":\"https:\/\/www.noticiasradioreflejos.com.ar\/2021\/author\/arnaldo\/\"}]}<\/script>\n<!-- \/ Yoast SEO plugin. -->","yoast_head_json":{"title":"Restos arqueol\u00f3gicos: \u201cRecolectarlos del campo ya es un delito\u201d - Noticias Radio Reflejos","robots":{"index":"index","follow":"follow","max-snippet":"max-snippet:-1","max-image-preview":"max-image-preview:large","max-video-preview":"max-video-preview:-1"},"canonical":"https:\/\/www.noticiasradioreflejos.com.ar\/2021\/restos-arqueologicos-recolectarlos-del-campo-ya-es-un-delito\/","og_locale":"es_ES","og_type":"article","og_title":"Restos arqueol\u00f3gicos: \u201cRecolectarlos del campo ya es un delito\u201d - Noticias Radio Reflejos","og_description":"El Dr. Fernando Oliva explic\u00f3 distintas situaciones que a\u00fan siguen pareciendo normales, y sin embargo, causan un grave da\u00f1o tanto para los registros arqueol\u00f3gicos como los paleontol\u00f3gicos. \u201cHay que saber manejar los sitios\u201d asegur\u00f3.","og_url":"https:\/\/www.noticiasradioreflejos.com.ar\/2021\/restos-arqueologicos-recolectarlos-del-campo-ya-es-un-delito\/","og_site_name":"Noticias Radio Reflejos","article_published_time":"2022-12-01T17:52:18+00:00","article_modified_time":"2022-12-01T17:52:55+00:00","og_image":[{"url":"https:\/\/live.staticflickr.com\/65535\/52535502567_a17880f36a_c.jpg","type":"","width":"","height":""}],"author":"Arnaldo Botto","twitter_card":"summary_large_image","schema":{"@context":"https:\/\/schema.org","@graph":[{"@type":"WebPage","@id":"https:\/\/www.noticiasradioreflejos.com.ar\/2021\/restos-arqueologicos-recolectarlos-del-campo-ya-es-un-delito\/","url":"https:\/\/www.noticiasradioreflejos.com.ar\/2021\/restos-arqueologicos-recolectarlos-del-campo-ya-es-un-delito\/","name":"Restos arqueol\u00f3gicos: \u201cRecolectarlos del campo ya es un delito\u201d - Noticias Radio Reflejos","isPartOf":{"@id":"https:\/\/www.noticiasradioreflejos.com.ar\/2021\/#website"},"primaryImageOfPage":{"@id":"https:\/\/www.noticiasradioreflejos.com.ar\/2021\/restos-arqueologicos-recolectarlos-del-campo-ya-es-un-delito\/#primaryimage"},"image":{"@id":"https:\/\/www.noticiasradioreflejos.com.ar\/2021\/restos-arqueologicos-recolectarlos-del-campo-ya-es-un-delito\/#primaryimage"},"thumbnailUrl":"https:\/\/live.staticflickr.com\/65535\/52535502567_a17880f36a_c.jpg","datePublished":"2022-12-01T17:52:18+00:00","dateModified":"2022-12-01T17:52:55+00:00","author":{"@id":"https:\/\/www.noticiasradioreflejos.com.ar\/2021\/#\/schema\/person\/ad82545263dcc5ec0996818884fd5fb1"},"breadcrumb":{"@id":"https:\/\/www.noticiasradioreflejos.com.ar\/2021\/restos-arqueologicos-recolectarlos-del-campo-ya-es-un-delito\/#breadcrumb"},"inLanguage":"es","potentialAction":[{"@type":"ReadAction","target":["https:\/\/www.noticiasradioreflejos.com.ar\/2021\/restos-arqueologicos-recolectarlos-del-campo-ya-es-un-delito\/"]}]},{"@type":"ImageObject","inLanguage":"es","@id":"https:\/\/www.noticiasradioreflejos.com.ar\/2021\/restos-arqueologicos-recolectarlos-del-campo-ya-es-un-delito\/#primaryimage","url":"https:\/\/live.staticflickr.com\/65535\/52535502567_a17880f36a_c.jpg","contentUrl":"https:\/\/live.staticflickr.com\/65535\/52535502567_a17880f36a_c.jpg"},{"@type":"BreadcrumbList","@id":"https:\/\/www.noticiasradioreflejos.com.ar\/2021\/restos-arqueologicos-recolectarlos-del-campo-ya-es-un-delito\/#breadcrumb","itemListElement":[{"@type":"ListItem","position":1,"name":"Portada","item":"https:\/\/www.noticiasradioreflejos.com.ar\/2021\/"},{"@type":"ListItem","position":2,"name":"Restos arqueol\u00f3gicos: \u201cRecolectarlos del campo ya es un delito\u201d"}]},{"@type":"WebSite","@id":"https:\/\/www.noticiasradioreflejos.com.ar\/2021\/#website","url":"https:\/\/www.noticiasradioreflejos.com.ar\/2021\/","name":"Noticias Radio Reflejos","description":"Las noticias de mi comarca","potentialAction":[{"@type":"SearchAction","target":{"@type":"EntryPoint","urlTemplate":"https:\/\/www.noticiasradioreflejos.com.ar\/2021\/?s={search_term_string}"},"query-input":{"@type":"PropertyValueSpecification","valueRequired":true,"valueName":"search_term_string"}}],"inLanguage":"es"},{"@type":"Person","@id":"https:\/\/www.noticiasradioreflejos.com.ar\/2021\/#\/schema\/person\/ad82545263dcc5ec0996818884fd5fb1","name":"Arnaldo Botto","image":{"@type":"ImageObject","inLanguage":"es","@id":"https:\/\/www.noticiasradioreflejos.com.ar\/2021\/#\/schema\/person\/image\/","url":"https:\/\/secure.gravatar.com\/avatar\/55cb5e37c1efa326397366e6974cb338056df65cb50e7d64d1cf314e87504837?s=96&d=mm&r=g","contentUrl":"https:\/\/secure.gravatar.com\/avatar\/55cb5e37c1efa326397366e6974cb338056df65cb50e7d64d1cf314e87504837?s=96&d=mm&r=g","caption":"Arnaldo Botto"},"url":"https:\/\/www.noticiasradioreflejos.com.ar\/2021\/author\/arnaldo\/"}]}},"_links":{"self":[{"href":"https:\/\/www.noticiasradioreflejos.com.ar\/2021\/wp-json\/wp\/v2\/posts\/80824","targetHints":{"allow":["GET"]}}],"collection":[{"href":"https:\/\/www.noticiasradioreflejos.com.ar\/2021\/wp-json\/wp\/v2\/posts"}],"about":[{"href":"https:\/\/www.noticiasradioreflejos.com.ar\/2021\/wp-json\/wp\/v2\/types\/post"}],"author":[{"embeddable":true,"href":"https:\/\/www.noticiasradioreflejos.com.ar\/2021\/wp-json\/wp\/v2\/users\/3"}],"replies":[{"embeddable":true,"href":"https:\/\/www.noticiasradioreflejos.com.ar\/2021\/wp-json\/wp\/v2\/comments?post=80824"}],"version-history":[{"count":3,"href":"https:\/\/www.noticiasradioreflejos.com.ar\/2021\/wp-json\/wp\/v2\/posts\/80824\/revisions"}],"predecessor-version":[{"id":80855,"href":"https:\/\/www.noticiasradioreflejos.com.ar\/2021\/wp-json\/wp\/v2\/posts\/80824\/revisions\/80855"}],"wp:attachment":[{"href":"https:\/\/www.noticiasradioreflejos.com.ar\/2021\/wp-json\/wp\/v2\/media?parent=80824"}],"wp:term":[{"taxonomy":"category","embeddable":true,"href":"https:\/\/www.noticiasradioreflejos.com.ar\/2021\/wp-json\/wp\/v2\/categories?post=80824"},{"taxonomy":"post_tag","embeddable":true,"href":"https:\/\/www.noticiasradioreflejos.com.ar\/2021\/wp-json\/wp\/v2\/tags?post=80824"}],"curies":[{"name":"wp","href":"https:\/\/api.w.org\/{rel}","templated":true}]}}