{"id":80804,"date":"2022-12-01T10:59:04","date_gmt":"2022-12-01T10:59:04","guid":{"rendered":"http:\/\/www.noticiasradioreflejos.com.ar\/2021\/?p=80804"},"modified":"2022-12-01T10:59:51","modified_gmt":"2022-12-01T10:59:51","slug":"mas-de-140-mil-personas-viven-con-vih-sida-en-la-argentina-y-no-descendio-la-mortalidad","status":"publish","type":"post","link":"https:\/\/www.noticiasradioreflejos.com.ar\/2021\/mas-de-140-mil-personas-viven-con-vih-sida-en-la-argentina-y-no-descendio-la-mortalidad\/","title":{"rendered":"M\u00e1s de 140 mil personas viven con VIH Sida en la Argentina y no descendi\u00f3 la mortalidad"},"content":{"rendered":"<p>El Ministerio de Salud inform\u00f3 que 140.800 personas viven con esa enfermedad en el pa\u00eds y el 65% de las personas diagnosticadas se atiende en el sistema de salud p\u00fablico.<!--more--><\/p>\n<p>El Ministerio de Salud inform\u00f3 que 140.800 personas viven con VIH en Argentina y que no se registra descenso en la mortalidad a causa del Sida, en la v\u00edspera del<strong>\u00a0D\u00eda Mundial de lucha contra esa enfermedad.<\/strong><\/p>\n<p>La cartera, en su p\u00e1gina web, indic\u00f3 adem\u00e1s que el 65% de las personas diagnosticadas se atiende en el sistema de salud p\u00fablico.<\/p>\n<p>En tanto, no se registra descenso de la mortalidad, siendo<strong>\u00a0el 20% de las defunciones personas j\u00f3venes, menores de 34 a\u00f1os.<\/strong><\/p>\n<p>Adem\u00e1s, indic\u00f3 que el\u00a0<strong>diagn\u00f3stico tard\u00edo tiene una prevalencia del 30,1%<\/strong>\u00a0y en promedio\u00a0<strong>se notifican 5.300 personas con VIH cada a\u00f1o.<\/strong><\/p>\n<p>Con respecto a la\u00a0<strong>tasa de VIH cada 100.000 habitante<\/strong>s la provincia de Jujuy se encuentra en un 40,4%, seguido por Salta 28,1 y Tucum\u00e1n con 16,7%.<\/p>\n<p>En relaci\u00f3n a las infecciones, el bolet\u00edn detall\u00f3 que\u00a0<strong>m\u00e1s del 98% se produce por relaciones sexuales sin protecci\u00f3n.<\/strong><\/p>\n","protected":false},"excerpt":{"rendered":"<p>El Ministerio de Salud inform\u00f3 que 140.800 personas viven con esa enfermedad en el pa\u00eds y el 65% de las personas diagnosticadas se atiende en el sistema de salud p\u00fablico.<\/p>\n","protected":false},"author":3,"featured_media":0,"comment_status":"closed","ping_status":"closed","sticky":false,"template":"","format":"standard","meta":{"footnotes":""},"categories":[30],"tags":[],"class_list":["post-80804","post","type-post","status-publish","format-standard","hentry","category-salud"],"yoast_head":"<!-- This site is optimized with the Yoast SEO plugin v25.9 - https:\/\/yoast.com\/wordpress\/plugins\/seo\/ -->\n<title>M\u00e1s de 140 mil personas viven con VIH Sida en la Argentina y no descendi\u00f3 la mortalidad - Noticias Radio Reflejos<\/title>\n<meta name=\"robots\" content=\"index, follow, max-snippet:-1, max-image-preview:large, max-video-preview:-1\" \/>\n<link rel=\"canonical\" href=\"https:\/\/www.noticiasradioreflejos.com.ar\/2021\/mas-de-140-mil-personas-viven-con-vih-sida-en-la-argentina-y-no-descendio-la-mortalidad\/\" \/>\n<meta property=\"og:locale\" content=\"es_ES\" \/>\n<meta property=\"og:type\" content=\"article\" \/>\n<meta property=\"og:title\" content=\"M\u00e1s de 140 mil personas viven con VIH Sida en la Argentina y no descendi\u00f3 la mortalidad - Noticias Radio Reflejos\" \/>\n<meta property=\"og:description\" content=\"El Ministerio de Salud inform\u00f3 que 140.800 personas viven con esa enfermedad en el pa\u00eds y el 65% de las personas diagnosticadas se atiende en el sistema de salud p\u00fablico.\" \/>\n<meta property=\"og:url\" content=\"https:\/\/www.noticiasradioreflejos.com.ar\/2021\/mas-de-140-mil-personas-viven-con-vih-sida-en-la-argentina-y-no-descendio-la-mortalidad\/\" \/>\n<meta property=\"og:site_name\" content=\"Noticias Radio Reflejos\" \/>\n<meta property=\"article:published_time\" content=\"2022-12-01T10:59:04+00:00\" \/>\n<meta property=\"article:modified_time\" content=\"2022-12-01T10:59:51+00:00\" \/>\n<meta property=\"og:image\" content=\"https:\/\/www.noticiasradioreflejos.com.ar\/2021\/wp-content\/uploads\/2021\/07\/logosol300x200.png\" \/>\n\t<meta property=\"og:image:width\" content=\"300\" \/>\n\t<meta property=\"og:image:height\" content=\"200\" \/>\n\t<meta property=\"og:image:type\" content=\"image\/png\" \/>\n<meta name=\"author\" content=\"Arnaldo Botto\" \/>\n<meta name=\"twitter:card\" content=\"summary_large_image\" \/>\n<script type=\"application\/ld+json\" class=\"yoast-schema-graph\">{\"@context\":\"https:\/\/schema.org\",\"@graph\":[{\"@type\":\"WebPage\",\"@id\":\"https:\/\/www.noticiasradioreflejos.com.ar\/2021\/mas-de-140-mil-personas-viven-con-vih-sida-en-la-argentina-y-no-descendio-la-mortalidad\/\",\"url\":\"https:\/\/www.noticiasradioreflejos.com.ar\/2021\/mas-de-140-mil-personas-viven-con-vih-sida-en-la-argentina-y-no-descendio-la-mortalidad\/\",\"name\":\"M\u00e1s de 140 mil personas viven con VIH Sida en la Argentina y no descendi\u00f3 la mortalidad - Noticias Radio Reflejos\",\"isPartOf\":{\"@id\":\"https:\/\/www.noticiasradioreflejos.com.ar\/2021\/#website\"},\"datePublished\":\"2022-12-01T10:59:04+00:00\",\"dateModified\":\"2022-12-01T10:59:51+00:00\",\"author\":{\"@id\":\"https:\/\/www.noticiasradioreflejos.com.ar\/2021\/#\/schema\/person\/ad82545263dcc5ec0996818884fd5fb1\"},\"breadcrumb\":{\"@id\":\"https:\/\/www.noticiasradioreflejos.com.ar\/2021\/mas-de-140-mil-personas-viven-con-vih-sida-en-la-argentina-y-no-descendio-la-mortalidad\/#breadcrumb\"},\"inLanguage\":\"es\",\"potentialAction\":[{\"@type\":\"ReadAction\",\"target\":[\"https:\/\/www.noticiasradioreflejos.com.ar\/2021\/mas-de-140-mil-personas-viven-con-vih-sida-en-la-argentina-y-no-descendio-la-mortalidad\/\"]}]},{\"@type\":\"BreadcrumbList\",\"@id\":\"https:\/\/www.noticiasradioreflejos.com.ar\/2021\/mas-de-140-mil-personas-viven-con-vih-sida-en-la-argentina-y-no-descendio-la-mortalidad\/#breadcrumb\",\"itemListElement\":[{\"@type\":\"ListItem\",\"position\":1,\"name\":\"Portada\",\"item\":\"https:\/\/www.noticiasradioreflejos.com.ar\/2021\/\"},{\"@type\":\"ListItem\",\"position\":2,\"name\":\"M\u00e1s de 140 mil personas viven con VIH Sida en la Argentina y no descendi\u00f3 la mortalidad\"}]},{\"@type\":\"WebSite\",\"@id\":\"https:\/\/www.noticiasradioreflejos.com.ar\/2021\/#website\",\"url\":\"https:\/\/www.noticiasradioreflejos.com.ar\/2021\/\",\"name\":\"Noticias Radio Reflejos\",\"description\":\"Las noticias de mi comarca\",\"potentialAction\":[{\"@type\":\"SearchAction\",\"target\":{\"@type\":\"EntryPoint\",\"urlTemplate\":\"https:\/\/www.noticiasradioreflejos.com.ar\/2021\/?s={search_term_string}\"},\"query-input\":{\"@type\":\"PropertyValueSpecification\",\"valueRequired\":true,\"valueName\":\"search_term_string\"}}],\"inLanguage\":\"es\"},{\"@type\":\"Person\",\"@id\":\"https:\/\/www.noticiasradioreflejos.com.ar\/2021\/#\/schema\/person\/ad82545263dcc5ec0996818884fd5fb1\",\"name\":\"Arnaldo Botto\",\"image\":{\"@type\":\"ImageObject\",\"inLanguage\":\"es\",\"@id\":\"https:\/\/www.noticiasradioreflejos.com.ar\/2021\/#\/schema\/person\/image\/\",\"url\":\"https:\/\/secure.gravatar.com\/avatar\/55cb5e37c1efa326397366e6974cb338056df65cb50e7d64d1cf314e87504837?s=96&d=mm&r=g\",\"contentUrl\":\"https:\/\/secure.gravatar.com\/avatar\/55cb5e37c1efa326397366e6974cb338056df65cb50e7d64d1cf314e87504837?s=96&d=mm&r=g\",\"caption\":\"Arnaldo Botto\"},\"url\":\"https:\/\/www.noticiasradioreflejos.com.ar\/2021\/author\/arnaldo\/\"}]}<\/script>\n<!-- \/ Yoast SEO plugin. -->","yoast_head_json":{"title":"M\u00e1s de 140 mil personas viven con VIH Sida en la Argentina y no descendi\u00f3 la mortalidad - Noticias Radio Reflejos","robots":{"index":"index","follow":"follow","max-snippet":"max-snippet:-1","max-image-preview":"max-image-preview:large","max-video-preview":"max-video-preview:-1"},"canonical":"https:\/\/www.noticiasradioreflejos.com.ar\/2021\/mas-de-140-mil-personas-viven-con-vih-sida-en-la-argentina-y-no-descendio-la-mortalidad\/","og_locale":"es_ES","og_type":"article","og_title":"M\u00e1s de 140 mil personas viven con VIH Sida en la Argentina y no descendi\u00f3 la mortalidad - Noticias Radio Reflejos","og_description":"El Ministerio de Salud inform\u00f3 que 140.800 personas viven con esa enfermedad en el pa\u00eds y el 65% de las personas diagnosticadas se atiende en el sistema de salud p\u00fablico.","og_url":"https:\/\/www.noticiasradioreflejos.com.ar\/2021\/mas-de-140-mil-personas-viven-con-vih-sida-en-la-argentina-y-no-descendio-la-mortalidad\/","og_site_name":"Noticias Radio Reflejos","article_published_time":"2022-12-01T10:59:04+00:00","article_modified_time":"2022-12-01T10:59:51+00:00","og_image":[{"width":300,"height":200,"url":"https:\/\/www.noticiasradioreflejos.com.ar\/2021\/wp-content\/uploads\/2021\/07\/logosol300x200.png","type":"image\/png"}],"author":"Arnaldo Botto","twitter_card":"summary_large_image","schema":{"@context":"https:\/\/schema.org","@graph":[{"@type":"WebPage","@id":"https:\/\/www.noticiasradioreflejos.com.ar\/2021\/mas-de-140-mil-personas-viven-con-vih-sida-en-la-argentina-y-no-descendio-la-mortalidad\/","url":"https:\/\/www.noticiasradioreflejos.com.ar\/2021\/mas-de-140-mil-personas-viven-con-vih-sida-en-la-argentina-y-no-descendio-la-mortalidad\/","name":"M\u00e1s de 140 mil personas viven con VIH Sida en la Argentina y no descendi\u00f3 la mortalidad - Noticias Radio Reflejos","isPartOf":{"@id":"https:\/\/www.noticiasradioreflejos.com.ar\/2021\/#website"},"datePublished":"2022-12-01T10:59:04+00:00","dateModified":"2022-12-01T10:59:51+00:00","author":{"@id":"https:\/\/www.noticiasradioreflejos.com.ar\/2021\/#\/schema\/person\/ad82545263dcc5ec0996818884fd5fb1"},"breadcrumb":{"@id":"https:\/\/www.noticiasradioreflejos.com.ar\/2021\/mas-de-140-mil-personas-viven-con-vih-sida-en-la-argentina-y-no-descendio-la-mortalidad\/#breadcrumb"},"inLanguage":"es","potentialAction":[{"@type":"ReadAction","target":["https:\/\/www.noticiasradioreflejos.com.ar\/2021\/mas-de-140-mil-personas-viven-con-vih-sida-en-la-argentina-y-no-descendio-la-mortalidad\/"]}]},{"@type":"BreadcrumbList","@id":"https:\/\/www.noticiasradioreflejos.com.ar\/2021\/mas-de-140-mil-personas-viven-con-vih-sida-en-la-argentina-y-no-descendio-la-mortalidad\/#breadcrumb","itemListElement":[{"@type":"ListItem","position":1,"name":"Portada","item":"https:\/\/www.noticiasradioreflejos.com.ar\/2021\/"},{"@type":"ListItem","position":2,"name":"M\u00e1s de 140 mil personas viven con VIH Sida en la Argentina y no descendi\u00f3 la mortalidad"}]},{"@type":"WebSite","@id":"https:\/\/www.noticiasradioreflejos.com.ar\/2021\/#website","url":"https:\/\/www.noticiasradioreflejos.com.ar\/2021\/","name":"Noticias Radio Reflejos","description":"Las noticias de mi comarca","potentialAction":[{"@type":"SearchAction","target":{"@type":"EntryPoint","urlTemplate":"https:\/\/www.noticiasradioreflejos.com.ar\/2021\/?s={search_term_string}"},"query-input":{"@type":"PropertyValueSpecification","valueRequired":true,"valueName":"search_term_string"}}],"inLanguage":"es"},{"@type":"Person","@id":"https:\/\/www.noticiasradioreflejos.com.ar\/2021\/#\/schema\/person\/ad82545263dcc5ec0996818884fd5fb1","name":"Arnaldo Botto","image":{"@type":"ImageObject","inLanguage":"es","@id":"https:\/\/www.noticiasradioreflejos.com.ar\/2021\/#\/schema\/person\/image\/","url":"https:\/\/secure.gravatar.com\/avatar\/55cb5e37c1efa326397366e6974cb338056df65cb50e7d64d1cf314e87504837?s=96&d=mm&r=g","contentUrl":"https:\/\/secure.gravatar.com\/avatar\/55cb5e37c1efa326397366e6974cb338056df65cb50e7d64d1cf314e87504837?s=96&d=mm&r=g","caption":"Arnaldo Botto"},"url":"https:\/\/www.noticiasradioreflejos.com.ar\/2021\/author\/arnaldo\/"}]}},"_links":{"self":[{"href":"https:\/\/www.noticiasradioreflejos.com.ar\/2021\/wp-json\/wp\/v2\/posts\/80804","targetHints":{"allow":["GET"]}}],"collection":[{"href":"https:\/\/www.noticiasradioreflejos.com.ar\/2021\/wp-json\/wp\/v2\/posts"}],"about":[{"href":"https:\/\/www.noticiasradioreflejos.com.ar\/2021\/wp-json\/wp\/v2\/types\/post"}],"author":[{"embeddable":true,"href":"https:\/\/www.noticiasradioreflejos.com.ar\/2021\/wp-json\/wp\/v2\/users\/3"}],"replies":[{"embeddable":true,"href":"https:\/\/www.noticiasradioreflejos.com.ar\/2021\/wp-json\/wp\/v2\/comments?post=80804"}],"version-history":[{"count":2,"href":"https:\/\/www.noticiasradioreflejos.com.ar\/2021\/wp-json\/wp\/v2\/posts\/80804\/revisions"}],"predecessor-version":[{"id":80807,"href":"https:\/\/www.noticiasradioreflejos.com.ar\/2021\/wp-json\/wp\/v2\/posts\/80804\/revisions\/80807"}],"wp:attachment":[{"href":"https:\/\/www.noticiasradioreflejos.com.ar\/2021\/wp-json\/wp\/v2\/media?parent=80804"}],"wp:term":[{"taxonomy":"category","embeddable":true,"href":"https:\/\/www.noticiasradioreflejos.com.ar\/2021\/wp-json\/wp\/v2\/categories?post=80804"},{"taxonomy":"post_tag","embeddable":true,"href":"https:\/\/www.noticiasradioreflejos.com.ar\/2021\/wp-json\/wp\/v2\/tags?post=80804"}],"curies":[{"name":"wp","href":"https:\/\/api.w.org\/{rel}","templated":true}]}}