{"id":80795,"date":"2022-11-30T21:11:37","date_gmt":"2022-11-30T21:11:37","guid":{"rendered":"http:\/\/www.noticiasradioreflejos.com.ar\/2021\/?p=80795"},"modified":"2022-11-30T23:36:54","modified_gmt":"2022-11-30T23:36:54","slug":"argentina-gano-gusto-y-se-clasifico-primera","status":"publish","type":"post","link":"https:\/\/www.noticiasradioreflejos.com.ar\/2021\/argentina-gano-gusto-y-se-clasifico-primera\/","title":{"rendered":"Argentina gan\u00f3, gust\u00f3 y se clasific\u00f3 primera"},"content":{"rendered":"<p>Alexis Mac Allister (1m ST) y Juli\u00e1n \u00c1lvarez (22m ST) anotaron los goles argentinos; a los 38m del primer tiempo el arquero polaco, Wojciech Szczesny, le ataj\u00f3 un penal a Lionel Messi.<!--more--><\/p>\n<figure class=\"mb-3\"><img decoding=\"async\" src=\"https:\/\/www.telam.com.ar\/thumbs\/bluesteel\/advf\/imagenes\/2022\/11\/6387c2a8c987d_1200.jpg\" alt=\"Foto Maximiliano Luna\" width=\"100%\" height=\"100%\" \/><\/p>\n<div class=\"media-icons\"><\/div><figcaption>Foto: Maximiliano Luna<\/figcaption><\/figure>\n<div class=\"wrapper-header\">\n<div class=\"container-xl\">\n<div class=\"row\">\n<div class=\"col-12\">\n<div class=\"head-content mb-4\">\n<p class=\"speak\">La \u00abScaloneta\u00bb borr\u00f3 de la cancha a Polonia, qued\u00f3 primero en el grupo y se qued\u00f3 corto con el 2-0: mostr\u00f3 amplia superioridad en todas las l\u00edneas<\/p>\n<\/div>\n<\/div>\n<\/div>\n<\/div>\n<\/div>\n<div class=\"wrapper-editable-content\">\n<div>\n<div class=\"wrapper-editable-content\">\n<div>\n<div class=\"container-md\">\n<div class=\"row\">\n<div class=\"col-md-12 speak\">\n<div class=\"paragraph\">\n<figure class=\"mb-3\"><img decoding=\"async\" src=\"https:\/\/www.telam.com.ar\/thumbs\/bluesteel\/advf\/imagenes\/2022\/11\/6387c2a8b02cb_1200.jpg\" alt=\"Foto Maximiliano Luna enviado especial\" width=\"100%\" height=\"100%\" \/><\/p>\n<div class=\"media-icons\"><\/div><figcaption>Foto: Maximiliano Luna, enviado especial.<\/figcaption><\/figure>\n<p>El seleccionado argentino despleg\u00f3 su f\u00fatbol para relucir su mejor versi\u00f3n en el Mundial de Qatar 2022, con un partido completo en todas las l\u00edneas para\u00a0<a href=\"https:\/\/www.telam.com.ar\/notas\/202211\/612714-argentina-polonia-clasificacion-qatar-2022.html\" target=\"_blank\" rel=\"noopener\">vencer a Polonia 2-0 y clasificar con autoridad a los octavos de final<\/a>.<\/p>\n<p>El equipo de Lionel Scaloni se destrab\u00f3 despu\u00e9s de la\u00a0<a href=\"https:\/\/www.telam.com.ar\/notas\/202211\/612280-argentina-victoria-mexico-qatar.html\" target=\"_blank\" rel=\"noopener\">victoria contra M\u00e9xico<\/a>, este mi\u00e9rcoles borr\u00f3 de la cancha a Polonia con un\u00a0<a href=\"https:\/\/www.telam.com.ar\/notas\/202211\/612708-argentina-polonia-goles-qatar.html\" target=\"_blank\" rel=\"noopener\">2-0<\/a>\u00a0que qued\u00f3 corto y pas\u00f3 como primero del grupo C.<\/p>\n<p>Pese al penal fallado por el capit\u00e1n Lionel Messi en el primer tiempo, la \u00abScaloneta\u00bb tuvo la templanza para salir al segundo tiempo con la misma actitud y el premio lo recibi\u00f3 con el gol tempranero de Alexis Mac Allister.<\/p>\n<p>Dentro de las variantes que despleg\u00f3 el equipo en ataque hubo una que sobresali\u00f3 y fue la del centro atr\u00e1s, un recurso que no pasa de moda y es tan dif\u00edcil de desactivar para defensas que juntan l\u00edneas y se repliegan como hizo Polonia.<\/p>\n<figure class=\"mb-3\"><img decoding=\"async\" src=\"https:\/\/www.telam.com.ar\/thumbs\/bluesteel\/advf\/imagenes\/2022\/11\/6387b9c46ab58_1200.jpg\" alt=\"Foto Fernando Gens enviado especial\" width=\"100%\" height=\"100%\" \/><\/p>\n<div class=\"media-icons\"><\/div><figcaption>Foto: Fernando Gens, enviado especial.<\/figcaption><\/figure>\n<p>As\u00ed fue que la Argentina logr\u00f3 desbloquear el partido que le plante\u00f3 el equipo europeo, que en todo momento pens\u00f3 en el empate.<\/p>\n<p>Para sellar la victoria apareci\u00f3 la conexi\u00f3n riverplatense entre Enzo Fern\u00e1ndez y Juli\u00e1n \u00c1lvarez con un pase entre l\u00edneas y una definici\u00f3n a tono de un jugador de \u00e9lite.<\/p>\n<p>El planteo t\u00e1ctico de la Argentina no vari\u00f3 pese al nuevo cambio de nombres que introdujo el entrenador Lionel Scaloni.<\/p>\n<p>En defensa Cristian Romero y Nicol\u00e1s Otamendi se repartieron la marca de Robert Lewandowski y anularon al goleador.<\/p>\n<p>Scaloni volvi\u00f3 a demostrar que lee bien los partidos y si bien sorprendi\u00f3 la salida de Lisandro Mart\u00ednez del equipo, la presencia del \u00abCuti\u00bb le dio m\u00e1s presencia a\u00e9rea al equipo.<\/p>\n<p>En la mitad de cancha Rodrigo De Paul, Enzo Fern\u00e1ndez y Alexis Mac Allister formaron el tri\u00e1ngulo y por delante de ellos jugaron Lionel Messi suelto, \u00c1ngel Di Mar\u00eda por derecha y Juli\u00e1n \u00c1lvarez que part\u00eda desde la izquierda hacia el centro.<\/p>\n<figure class=\"mb-3\"><img decoding=\"async\" src=\"https:\/\/www.telam.com.ar\/thumbs\/bluesteel\/advf\/imagenes\/2022\/11\/6387b46031e68_1200.jpg\" alt=\"Foto Fernando Gens enviado especial\" width=\"100%\" height=\"100%\" \/><\/p>\n<div class=\"media-icons\"><\/div><figcaption>Foto: Fernando Gens, enviado especial.<\/figcaption><\/figure>\n<p>Polonia sorprendi\u00f3 en los primeros minutos con una presi\u00f3n muy alta con los zagueros ubicados por delante del c\u00edrculo central.<\/p>\n<p>Argentina logr\u00f3 desactivar esa intenci\u00f3n del rival ya que se empez\u00f3 a adue\u00f1ar de la posesi\u00f3n de la pelota.<\/p>\n<p>El equipo europeo se repleg\u00f3 con dos l\u00edneas de cuatro junto y con Lewandowski solo arriba como referencia de \u00e1rea.<\/p>\n<p>En este sentido, Argentina no tuvo fallas ya que si bien perdi\u00f3 algunas pelotas en campo rival no permiti\u00f3 los contraataques.<\/p>\n<p>En ese punto mucho tuvo que ver Otamendi y los anticipos a los dos delanteros polacos.<\/p>\n<p>En ataque, el equipo de Scaloni prob\u00f3 con distintas variantes: desnivelar con Di Mar\u00eda por izquierda y derecha y los pases de Messi a la espalda del lateral derecha Matty Cash.<\/p>\n<figure class=\"mb-3\"><img decoding=\"async\" src=\"https:\/\/www.telam.com.ar\/thumbs\/bluesteel\/advf\/imagenes\/2022\/11\/6387ae25ed95f_1200.jpg\" alt=\"Foto Fernando Gens enviado especial\" width=\"100%\" height=\"100%\" \/><\/p>\n<div class=\"media-icons\"><\/div><figcaption>Foto: Fernando Gens, enviado especial.<\/figcaption><\/figure>\n<p>Lo mejor se vio en los \u00faltimos quince minutos donde adem\u00e1s del penal de Messi tuvo dos situaciones en los pies de Juli\u00e1n \u00c1lvarez.<\/p>\n<p>A comparaci\u00f3n de lo que pas\u00f3 contra Arabia Saudita, la Argentina fue la que peg\u00f3 de entrada en el segundo tiempo con el gol de Mac Allister.<\/p>\n<p>Despu\u00e9s del gol del ex Argentinos Juniors y Boca Juniors, Scaloni sac\u00f3 a Di Mar\u00eda y puso a Paredes para armar un 4-4-2 y reforz\u00f3 el lateral izquierdo con Nicol\u00e1s Tagliafico.<\/p>\n<p>Esta variante solt\u00f3 m\u00e1s a Enzo Fern\u00e1ndez, quien habilit\u00f3 a la \u00abAra\u00f1a\u00bb \u00c1lvarez con un pase exquisito para el posterior remate al \u00e1ngulo para el 2-0.<\/p>\n<p>El resultado qued\u00f3 corto por la inmensa superioridad de la \u00abAlbiceleste\u00bb durante todo el partido y por las innumerables situaciones de gol para ampliar el marcador que no se concretaron por algunas malas definiciones y la gran actuaci\u00f3n de Wojciech Szczesny.<\/p>\n<p>El pr\u00f3ximo paso ser\u00e1 Australia, un equipo inexperto que seguramente le plantear\u00e1 un partido inc\u00f3modo al equipo de Scaloni.<\/p>\n<p>Despu\u00e9s de un partido de estas caracter\u00edsticas es dif\u00edcil pensar en variantes desde el inicio pero el DT santafesino ya dej\u00f3 en claro que juega el que est\u00e1 mejor y no le tiembla el pulso si tiene que sacar a jugadores claves de su ciclo como pas\u00f3 con Leandro Paredes antes y hoy con Lautaro Mart\u00ednez.<\/p>\n<p>POR JER\u00d3NIMO GRANERO, ENVIADO ESPECIAL<\/p>\n<\/div>\n<\/div>\n<\/div>\n<\/div>\n<\/div>\n<\/div>\n<\/div>\n<\/div>\n","protected":false},"excerpt":{"rendered":"<p>Alexis Mac Allister (1m ST) y Juli\u00e1n \u00c1lvarez (22m ST) anotaron los goles argentinos; a los 38m del primer tiempo el arquero polaco, Wojciech Szczesny, le ataj\u00f3 un penal a Lionel Messi.<\/p>\n","protected":false},"author":3,"featured_media":0,"comment_status":"closed","ping_status":"closed","sticky":false,"template":"","format":"standard","meta":{"footnotes":""},"categories":[27],"tags":[48],"class_list":["post-80795","post","type-post","status-publish","format-standard","hentry","category-deportes","tag-destacada"],"yoast_head":"<!-- This site is optimized with the Yoast SEO plugin v25.9 - https:\/\/yoast.com\/wordpress\/plugins\/seo\/ -->\n<title>Argentina gan\u00f3, gust\u00f3 y se clasific\u00f3 primera - Noticias Radio Reflejos<\/title>\n<meta name=\"robots\" content=\"index, follow, max-snippet:-1, max-image-preview:large, max-video-preview:-1\" \/>\n<link rel=\"canonical\" href=\"https:\/\/www.noticiasradioreflejos.com.ar\/2021\/argentina-gano-gusto-y-se-clasifico-primera\/\" \/>\n<meta property=\"og:locale\" content=\"es_ES\" \/>\n<meta property=\"og:type\" content=\"article\" \/>\n<meta property=\"og:title\" content=\"Argentina gan\u00f3, gust\u00f3 y se clasific\u00f3 primera - Noticias Radio Reflejos\" \/>\n<meta property=\"og:description\" content=\"Alexis Mac Allister (1m ST) y Juli\u00e1n \u00c1lvarez (22m ST) anotaron los goles argentinos; a los 38m del primer tiempo el arquero polaco, Wojciech Szczesny, le ataj\u00f3 un penal a Lionel Messi.\" \/>\n<meta property=\"og:url\" content=\"https:\/\/www.noticiasradioreflejos.com.ar\/2021\/argentina-gano-gusto-y-se-clasifico-primera\/\" \/>\n<meta property=\"og:site_name\" content=\"Noticias Radio Reflejos\" \/>\n<meta property=\"article:published_time\" content=\"2022-11-30T21:11:37+00:00\" \/>\n<meta property=\"article:modified_time\" content=\"2022-11-30T23:36:54+00:00\" \/>\n<meta property=\"og:image\" content=\"https:\/\/www.telam.com.ar\/thumbs\/bluesteel\/advf\/imagenes\/2022\/11\/6387c2a8c987d_1200.jpg\" \/>\n<meta name=\"author\" content=\"Arnaldo Botto\" \/>\n<meta name=\"twitter:card\" content=\"summary_large_image\" \/>\n<script type=\"application\/ld+json\" class=\"yoast-schema-graph\">{\"@context\":\"https:\/\/schema.org\",\"@graph\":[{\"@type\":\"WebPage\",\"@id\":\"https:\/\/www.noticiasradioreflejos.com.ar\/2021\/argentina-gano-gusto-y-se-clasifico-primera\/\",\"url\":\"https:\/\/www.noticiasradioreflejos.com.ar\/2021\/argentina-gano-gusto-y-se-clasifico-primera\/\",\"name\":\"Argentina gan\u00f3, gust\u00f3 y se clasific\u00f3 primera - Noticias Radio Reflejos\",\"isPartOf\":{\"@id\":\"https:\/\/www.noticiasradioreflejos.com.ar\/2021\/#website\"},\"primaryImageOfPage\":{\"@id\":\"https:\/\/www.noticiasradioreflejos.com.ar\/2021\/argentina-gano-gusto-y-se-clasifico-primera\/#primaryimage\"},\"image\":{\"@id\":\"https:\/\/www.noticiasradioreflejos.com.ar\/2021\/argentina-gano-gusto-y-se-clasifico-primera\/#primaryimage\"},\"thumbnailUrl\":\"https:\/\/www.telam.com.ar\/thumbs\/bluesteel\/advf\/imagenes\/2022\/11\/6387c2a8c987d_1200.jpg\",\"datePublished\":\"2022-11-30T21:11:37+00:00\",\"dateModified\":\"2022-11-30T23:36:54+00:00\",\"author\":{\"@id\":\"https:\/\/www.noticiasradioreflejos.com.ar\/2021\/#\/schema\/person\/ad82545263dcc5ec0996818884fd5fb1\"},\"breadcrumb\":{\"@id\":\"https:\/\/www.noticiasradioreflejos.com.ar\/2021\/argentina-gano-gusto-y-se-clasifico-primera\/#breadcrumb\"},\"inLanguage\":\"es\",\"potentialAction\":[{\"@type\":\"ReadAction\",\"target\":[\"https:\/\/www.noticiasradioreflejos.com.ar\/2021\/argentina-gano-gusto-y-se-clasifico-primera\/\"]}]},{\"@type\":\"ImageObject\",\"inLanguage\":\"es\",\"@id\":\"https:\/\/www.noticiasradioreflejos.com.ar\/2021\/argentina-gano-gusto-y-se-clasifico-primera\/#primaryimage\",\"url\":\"https:\/\/www.telam.com.ar\/thumbs\/bluesteel\/advf\/imagenes\/2022\/11\/6387c2a8c987d_1200.jpg\",\"contentUrl\":\"https:\/\/www.telam.com.ar\/thumbs\/bluesteel\/advf\/imagenes\/2022\/11\/6387c2a8c987d_1200.jpg\"},{\"@type\":\"BreadcrumbList\",\"@id\":\"https:\/\/www.noticiasradioreflejos.com.ar\/2021\/argentina-gano-gusto-y-se-clasifico-primera\/#breadcrumb\",\"itemListElement\":[{\"@type\":\"ListItem\",\"position\":1,\"name\":\"Portada\",\"item\":\"https:\/\/www.noticiasradioreflejos.com.ar\/2021\/\"},{\"@type\":\"ListItem\",\"position\":2,\"name\":\"Argentina gan\u00f3, gust\u00f3 y se clasific\u00f3 primera\"}]},{\"@type\":\"WebSite\",\"@id\":\"https:\/\/www.noticiasradioreflejos.com.ar\/2021\/#website\",\"url\":\"https:\/\/www.noticiasradioreflejos.com.ar\/2021\/\",\"name\":\"Noticias Radio Reflejos\",\"description\":\"Las noticias de mi comarca\",\"potentialAction\":[{\"@type\":\"SearchAction\",\"target\":{\"@type\":\"EntryPoint\",\"urlTemplate\":\"https:\/\/www.noticiasradioreflejos.com.ar\/2021\/?s={search_term_string}\"},\"query-input\":{\"@type\":\"PropertyValueSpecification\",\"valueRequired\":true,\"valueName\":\"search_term_string\"}}],\"inLanguage\":\"es\"},{\"@type\":\"Person\",\"@id\":\"https:\/\/www.noticiasradioreflejos.com.ar\/2021\/#\/schema\/person\/ad82545263dcc5ec0996818884fd5fb1\",\"name\":\"Arnaldo Botto\",\"image\":{\"@type\":\"ImageObject\",\"inLanguage\":\"es\",\"@id\":\"https:\/\/www.noticiasradioreflejos.com.ar\/2021\/#\/schema\/person\/image\/\",\"url\":\"https:\/\/secure.gravatar.com\/avatar\/55cb5e37c1efa326397366e6974cb338056df65cb50e7d64d1cf314e87504837?s=96&d=mm&r=g\",\"contentUrl\":\"https:\/\/secure.gravatar.com\/avatar\/55cb5e37c1efa326397366e6974cb338056df65cb50e7d64d1cf314e87504837?s=96&d=mm&r=g\",\"caption\":\"Arnaldo Botto\"},\"url\":\"https:\/\/www.noticiasradioreflejos.com.ar\/2021\/author\/arnaldo\/\"}]}<\/script>\n<!-- \/ Yoast SEO plugin. -->","yoast_head_json":{"title":"Argentina gan\u00f3, gust\u00f3 y se clasific\u00f3 primera - Noticias Radio Reflejos","robots":{"index":"index","follow":"follow","max-snippet":"max-snippet:-1","max-image-preview":"max-image-preview:large","max-video-preview":"max-video-preview:-1"},"canonical":"https:\/\/www.noticiasradioreflejos.com.ar\/2021\/argentina-gano-gusto-y-se-clasifico-primera\/","og_locale":"es_ES","og_type":"article","og_title":"Argentina gan\u00f3, gust\u00f3 y se clasific\u00f3 primera - Noticias Radio Reflejos","og_description":"Alexis Mac Allister (1m ST) y Juli\u00e1n \u00c1lvarez (22m ST) anotaron los goles argentinos; a los 38m del primer tiempo el arquero polaco, Wojciech Szczesny, le ataj\u00f3 un penal a Lionel Messi.","og_url":"https:\/\/www.noticiasradioreflejos.com.ar\/2021\/argentina-gano-gusto-y-se-clasifico-primera\/","og_site_name":"Noticias Radio Reflejos","article_published_time":"2022-11-30T21:11:37+00:00","article_modified_time":"2022-11-30T23:36:54+00:00","og_image":[{"url":"https:\/\/www.telam.com.ar\/thumbs\/bluesteel\/advf\/imagenes\/2022\/11\/6387c2a8c987d_1200.jpg","type":"","width":"","height":""}],"author":"Arnaldo Botto","twitter_card":"summary_large_image","schema":{"@context":"https:\/\/schema.org","@graph":[{"@type":"WebPage","@id":"https:\/\/www.noticiasradioreflejos.com.ar\/2021\/argentina-gano-gusto-y-se-clasifico-primera\/","url":"https:\/\/www.noticiasradioreflejos.com.ar\/2021\/argentina-gano-gusto-y-se-clasifico-primera\/","name":"Argentina gan\u00f3, gust\u00f3 y se clasific\u00f3 primera - Noticias Radio Reflejos","isPartOf":{"@id":"https:\/\/www.noticiasradioreflejos.com.ar\/2021\/#website"},"primaryImageOfPage":{"@id":"https:\/\/www.noticiasradioreflejos.com.ar\/2021\/argentina-gano-gusto-y-se-clasifico-primera\/#primaryimage"},"image":{"@id":"https:\/\/www.noticiasradioreflejos.com.ar\/2021\/argentina-gano-gusto-y-se-clasifico-primera\/#primaryimage"},"thumbnailUrl":"https:\/\/www.telam.com.ar\/thumbs\/bluesteel\/advf\/imagenes\/2022\/11\/6387c2a8c987d_1200.jpg","datePublished":"2022-11-30T21:11:37+00:00","dateModified":"2022-11-30T23:36:54+00:00","author":{"@id":"https:\/\/www.noticiasradioreflejos.com.ar\/2021\/#\/schema\/person\/ad82545263dcc5ec0996818884fd5fb1"},"breadcrumb":{"@id":"https:\/\/www.noticiasradioreflejos.com.ar\/2021\/argentina-gano-gusto-y-se-clasifico-primera\/#breadcrumb"},"inLanguage":"es","potentialAction":[{"@type":"ReadAction","target":["https:\/\/www.noticiasradioreflejos.com.ar\/2021\/argentina-gano-gusto-y-se-clasifico-primera\/"]}]},{"@type":"ImageObject","inLanguage":"es","@id":"https:\/\/www.noticiasradioreflejos.com.ar\/2021\/argentina-gano-gusto-y-se-clasifico-primera\/#primaryimage","url":"https:\/\/www.telam.com.ar\/thumbs\/bluesteel\/advf\/imagenes\/2022\/11\/6387c2a8c987d_1200.jpg","contentUrl":"https:\/\/www.telam.com.ar\/thumbs\/bluesteel\/advf\/imagenes\/2022\/11\/6387c2a8c987d_1200.jpg"},{"@type":"BreadcrumbList","@id":"https:\/\/www.noticiasradioreflejos.com.ar\/2021\/argentina-gano-gusto-y-se-clasifico-primera\/#breadcrumb","itemListElement":[{"@type":"ListItem","position":1,"name":"Portada","item":"https:\/\/www.noticiasradioreflejos.com.ar\/2021\/"},{"@type":"ListItem","position":2,"name":"Argentina gan\u00f3, gust\u00f3 y se clasific\u00f3 primera"}]},{"@type":"WebSite","@id":"https:\/\/www.noticiasradioreflejos.com.ar\/2021\/#website","url":"https:\/\/www.noticiasradioreflejos.com.ar\/2021\/","name":"Noticias Radio Reflejos","description":"Las noticias de mi comarca","potentialAction":[{"@type":"SearchAction","target":{"@type":"EntryPoint","urlTemplate":"https:\/\/www.noticiasradioreflejos.com.ar\/2021\/?s={search_term_string}"},"query-input":{"@type":"PropertyValueSpecification","valueRequired":true,"valueName":"search_term_string"}}],"inLanguage":"es"},{"@type":"Person","@id":"https:\/\/www.noticiasradioreflejos.com.ar\/2021\/#\/schema\/person\/ad82545263dcc5ec0996818884fd5fb1","name":"Arnaldo Botto","image":{"@type":"ImageObject","inLanguage":"es","@id":"https:\/\/www.noticiasradioreflejos.com.ar\/2021\/#\/schema\/person\/image\/","url":"https:\/\/secure.gravatar.com\/avatar\/55cb5e37c1efa326397366e6974cb338056df65cb50e7d64d1cf314e87504837?s=96&d=mm&r=g","contentUrl":"https:\/\/secure.gravatar.com\/avatar\/55cb5e37c1efa326397366e6974cb338056df65cb50e7d64d1cf314e87504837?s=96&d=mm&r=g","caption":"Arnaldo Botto"},"url":"https:\/\/www.noticiasradioreflejos.com.ar\/2021\/author\/arnaldo\/"}]}},"_links":{"self":[{"href":"https:\/\/www.noticiasradioreflejos.com.ar\/2021\/wp-json\/wp\/v2\/posts\/80795","targetHints":{"allow":["GET"]}}],"collection":[{"href":"https:\/\/www.noticiasradioreflejos.com.ar\/2021\/wp-json\/wp\/v2\/posts"}],"about":[{"href":"https:\/\/www.noticiasradioreflejos.com.ar\/2021\/wp-json\/wp\/v2\/types\/post"}],"author":[{"embeddable":true,"href":"https:\/\/www.noticiasradioreflejos.com.ar\/2021\/wp-json\/wp\/v2\/users\/3"}],"replies":[{"embeddable":true,"href":"https:\/\/www.noticiasradioreflejos.com.ar\/2021\/wp-json\/wp\/v2\/comments?post=80795"}],"version-history":[{"count":4,"href":"https:\/\/www.noticiasradioreflejos.com.ar\/2021\/wp-json\/wp\/v2\/posts\/80795\/revisions"}],"predecessor-version":[{"id":80800,"href":"https:\/\/www.noticiasradioreflejos.com.ar\/2021\/wp-json\/wp\/v2\/posts\/80795\/revisions\/80800"}],"wp:attachment":[{"href":"https:\/\/www.noticiasradioreflejos.com.ar\/2021\/wp-json\/wp\/v2\/media?parent=80795"}],"wp:term":[{"taxonomy":"category","embeddable":true,"href":"https:\/\/www.noticiasradioreflejos.com.ar\/2021\/wp-json\/wp\/v2\/categories?post=80795"},{"taxonomy":"post_tag","embeddable":true,"href":"https:\/\/www.noticiasradioreflejos.com.ar\/2021\/wp-json\/wp\/v2\/tags?post=80795"}],"curies":[{"name":"wp","href":"https:\/\/api.w.org\/{rel}","templated":true}]}}