{"id":80784,"date":"2022-11-30T17:11:56","date_gmt":"2022-11-30T17:11:56","guid":{"rendered":"http:\/\/www.noticiasradioreflejos.com.ar\/2021\/?p=80784"},"modified":"2022-11-30T17:11:56","modified_gmt":"2022-11-30T17:11:56","slug":"consejo-escolar-informe-de-obras","status":"publish","type":"post","link":"https:\/\/www.noticiasradioreflejos.com.ar\/2021\/consejo-escolar-informe-de-obras\/","title":{"rendered":"Consejo Escolar: informe de obras"},"content":{"rendered":"<p>El Consejo Escolar de Tornquist informa a la comunidad los trabajos realizados durante el mes de noviembre. Dichos trabajos son financiados con Fondos Presupuestario, Compensador y PEED (Programa de Emergencia Educativa), en los siguientes establecimientos educativos:<!--more--><\/p>\n<p>EEE N\u00b0501 Tornquist: Cambios de luminarias y vidrios. Corte de pasto (Fondos Compensador y Presupuestario)<br \/>\nJI N\u00b0907 Tornquist: Reparaci\u00f3n de cerradura, cambio de luminaria en la cocina, reparaci\u00f3n y amurado de canillas, reparaci\u00f3n de muchetas de Durlock, cambio de vidrio de puerta y cambio de luminarias en el exterior del jard\u00edn. (Fondo Compensador)<br \/>\nES N\u00b05 y EP N\u00b021 Villa Ventana: Colocaci\u00f3n de membrana por filtraciones. (Fondo Compensador)<br \/>\nEP N\u00b02 Saldungaray: Corte de pasto. (Fondo Compensador)<br \/>\nEP N\u00b012 y JIRIMM N\u00b04 Fuerte Argentino: Corte de pasto. (Fondo Compensador)<br \/>\nJI N\u00b0906 Villa Ventana:  Se coloc\u00f3 el calefactor de 4500 kcal que faltaba en el pasillo, restan detalles de terminaci\u00f3n que fueron notificados a la empresa contratista. (Fondos PEED)<br \/>\nEP N\u00b05 Estaci\u00f3n Estomba: Se encuentran colocados los artefactos el\u00e9ctricos, est\u00e1n montados los cielorrasos y se finaliz\u00f3 con las tareas de pintura. La obra tiene un avance del 95%. Se le solicit\u00f3 a la empresa el plano el\u00e9ctrico junto con un informe de la instalaci\u00f3n para poder pedir los servicios b\u00e1sicos, de modo que la Direcci\u00f3n General de Escuelas comience con los pagos del servicio de luz. (Fondos PEED)<br \/>\nES N\u00b02 Sierra de la Ventana: Contin\u00faa el montaje del cielorraso de madera enchapada en pino y resta la ejecuci\u00f3n de desag\u00fces cloacales para la finalizaci\u00f3n de la obra. (Fondo PEED)<br \/>\nESA N\u00b01 Sede Villa Ventana:  La obra no presenta avances, se elaboraron tres certificados, de los cuales, la empresa contratista comunica que s\u00f3lo recibi\u00f3 el pago por el 1\u00ba certificado. (Fondos PEED)<br \/>\nSUM Tres Picos: Instalaci\u00f3n tablero trif\u00e1sico en el SUM perteneciente a la EP N\u00b09 y el JI N\u00b0909. (Fondo Compensador)<br \/>\nJI N\u00b0901 Tornquist: Limpieza de canaletas, arreglo de techo, reparaci\u00f3n de canillas, cambio de luminarias y arreglo de cerradura. (Fondo Compensador)<br \/>\nJI N\u00b0905 Tornquist: Desinfecci\u00f3n de areneros. (Fondo Compensador)<br \/>\nEST N\u00b01 Tornquist: Corte de pasto. (Fondo Compensador)<br \/>\nEEE N\u00b0502 Saldungaray: Reestructuraci\u00f3n del desag\u00fce pluvial del patio interno. (Fondos Compensador y Presupuestario)<br \/>\nEP N\u00b07 y JIRIMM N\u00b03 de Estancia Funke: Corte de pasto. (Fondo Compensador)<br \/>\nES N\u00b01 Tornquist: Arreglos varios en sanitarios y puerta de ingreso al SUM. (Fondo Compensador)<br \/>\nEP N\u00b013 Paraje La Querencia: Corte de pasto (Fondo Compensador)<br \/>\nJI N\u00b0902 Saldungaray: Corte de pasto, cambio de vidrio y de luminarias. (Fondos Compensador y Presupuestario)<br \/>\n\u2026\u2026\u2026\u2026\u2026\u2026\u2026\u2026\u2026\u2026\u2026\u2026\u2026\u2026\u2026\u2026\u2026\u2026\u2026\u2026\u2026\u2026\u2026\u2026\u2026\u2026\u2026\u2026\u2026\u2026\u2026\u2026\u2026\u2026\u2026\u2026\u2026\u2026\u2026\u2026\u2026\u2026\u2026\u2026\u2026\u2026\u2026\u2026\u2026\u2026\u2026\u2026\u2026\u2026\u2026\u2026\u2026\u2026\u2026\u2026\u2026\u2026\u2026\u2026\u2026\u2026\u2026\u2026\u2026<br \/>\nFONDO EDUCATIVO: continuamos a la espera por parte del Municipio de Tornquist de los siguientes pedidos de subsidio. Aclarando que los montos se tendr\u00e1n que actualizar al momento de ser aprobados:<br \/>\nES N\u00b06 Chasic\u00f3: Acondicionamiento de pared medianera del patio $113.000.- Fecha de ingreso: 06\/07\/2022<br \/>\nJIRIMM N\u00b05 Berraondo: Puesta en valor del edificio $928.000.- Fecha de ingreso: 06\/07\/2022<br \/>\nESA N\u00b01 Tornquist: Colocaci\u00f3n de puerta de acceso al patio $133.100.- Fecha de ingreso: 13\/07\/2022<br \/>\nEP N\u00b07 Estancia Funke: Confecci\u00f3n de dos bibliotecas $137.000.- Fecha de ingreso: 15\/07\/2022<br \/>\nEST N\u00b01 Tornquist: Recambio de 16 pa\u00f1os de vidrios $86.975.- Fecha de ingreso: 18\/08\/2022<br \/>\nEP N\u00b07 Estancia Funke: Pago para gastos de servicios operativos y funcionamiento $26.000.- Fecha de ingreso: 18\/08\/2022<br \/>\nES N\u00b06 Chasic\u00f3: Reemplazo de ventanas del frente de la instituci\u00f3n. $441.600.- Fecha de ingreso: 12\/10\/2022<br \/>\nES N\u00b04 Saldungaray: Compra de pizarr\u00f3n. $46.678.- Fecha de ingreso: 19\/10\/2022<br \/>\nJI N\u00b0906 Villa Ventana: Pintura exterior del establecimiento. $365.031.- Fecha de ingreso: 19\/10\/2022<br \/>\nJI N\u00b0907 Tornquist: Estructura con material enrejado para paredes, techo y lona (arenero) $ 494.260.- Fecha de ingreso: 23\/10\/2022<\/p>\n<p><a data-flickr-embed=\"true\" href=\"https:\/\/www.flickr.com\/photos\/182279889@N02\/52533421632\/in\/dateposted-public\/\" title=\"JI N\u00b0907..\"><img loading=\"lazy\" decoding=\"async\" src=\"https:\/\/live.staticflickr.com\/65535\/52533421632_3d5ed77cab_c.jpg\" width=\"800\" height=\"600\" alt=\"JI N\u00b0907..\"><\/a><script async src=\"\/\/embedr.flickr.com\/assets\/client-code.js\" charset=\"utf-8\"><\/script><\/p>\n<p><a data-flickr-embed=\"true\" href=\"https:\/\/www.flickr.com\/photos\/182279889@N02\/52533890281\/in\/dateposted-public\/\" title=\"T\u00c9CNICA\"><img loading=\"lazy\" decoding=\"async\" src=\"https:\/\/live.staticflickr.com\/65535\/52533890281_0fbd745dac_c.jpg\" width=\"800\" height=\"800\" alt=\"T\u00c9CNICA\"><\/a><script async src=\"\/\/embedr.flickr.com\/assets\/client-code.js\" charset=\"utf-8\"><\/script><\/p>\n<p><a data-flickr-embed=\"true\" href=\"https:\/\/www.flickr.com\/photos\/182279889@N02\/52533890291\/in\/dateposted-public\/\" title=\"JI 901..\"><img loading=\"lazy\" decoding=\"async\" src=\"https:\/\/live.staticflickr.com\/65535\/52533890291_57aa087154_c.jpg\" width=\"800\" height=\"800\" alt=\"JI 901..\"><\/a><script async src=\"\/\/embedr.flickr.com\/assets\/client-code.js\" charset=\"utf-8\"><\/script><\/p>\n<p><a data-flickr-embed=\"true\" href=\"https:\/\/www.flickr.com\/photos\/182279889@N02\/52534366895\/in\/dateposted-public\/\" title=\"EP 2...\"><img loading=\"lazy\" decoding=\"async\" src=\"https:\/\/live.staticflickr.com\/65535\/52534366895_f5cf4963a2_c.jpg\" width=\"800\" height=\"600\" alt=\"EP 2...\"><\/a><script async src=\"\/\/embedr.flickr.com\/assets\/client-code.js\" charset=\"utf-8\"><\/script><\/p>\n<p><a data-flickr-embed=\"true\" href=\"https:\/\/www.flickr.com\/photos\/182279889@N02\/52533890331\/in\/dateposted-public\/\" title=\"EP 2..\"><img loading=\"lazy\" decoding=\"async\" src=\"https:\/\/live.staticflickr.com\/65535\/52533890331_0ff1ef75ed_c.jpg\" width=\"800\" height=\"600\" alt=\"EP 2..\"><\/a><script async src=\"\/\/embedr.flickr.com\/assets\/client-code.js\" charset=\"utf-8\"><\/script><\/p>\n","protected":false},"excerpt":{"rendered":"<p>El Consejo Escolar de Tornquist informa a la comunidad los trabajos realizados durante el mes de noviembre. Dichos trabajos son financiados con Fondos Presupuestario, Compensador y PEED (Programa de Emergencia Educativa), en los siguientes establecimientos educativos:<\/p>\n","protected":false},"author":3,"featured_media":0,"comment_status":"closed","ping_status":"closed","sticky":false,"template":"","format":"standard","meta":{"footnotes":""},"categories":[1],"tags":[],"class_list":["post-80784","post","type-post","status-publish","format-standard","hentry","category-sin-categoria"],"yoast_head":"<!-- This site is optimized with the Yoast SEO plugin v25.9 - https:\/\/yoast.com\/wordpress\/plugins\/seo\/ -->\n<title>Consejo Escolar: informe de obras - Noticias Radio Reflejos<\/title>\n<meta name=\"robots\" content=\"index, follow, max-snippet:-1, max-image-preview:large, max-video-preview:-1\" \/>\n<link rel=\"canonical\" href=\"https:\/\/www.noticiasradioreflejos.com.ar\/2021\/consejo-escolar-informe-de-obras\/\" \/>\n<meta property=\"og:locale\" content=\"es_ES\" \/>\n<meta property=\"og:type\" content=\"article\" \/>\n<meta property=\"og:title\" content=\"Consejo Escolar: informe de obras - Noticias Radio Reflejos\" \/>\n<meta property=\"og:description\" content=\"El Consejo Escolar de Tornquist informa a la comunidad los trabajos realizados durante el mes de noviembre. Dichos trabajos son financiados con Fondos Presupuestario, Compensador y PEED (Programa de Emergencia Educativa), en los siguientes establecimientos educativos:\" \/>\n<meta property=\"og:url\" content=\"https:\/\/www.noticiasradioreflejos.com.ar\/2021\/consejo-escolar-informe-de-obras\/\" \/>\n<meta property=\"og:site_name\" content=\"Noticias Radio Reflejos\" \/>\n<meta property=\"article:published_time\" content=\"2022-11-30T17:11:56+00:00\" \/>\n<meta property=\"og:image\" content=\"https:\/\/live.staticflickr.com\/65535\/52533421632_3d5ed77cab_c.jpg\" \/>\n<meta name=\"author\" content=\"Arnaldo Botto\" \/>\n<meta name=\"twitter:card\" content=\"summary_large_image\" \/>\n<script type=\"application\/ld+json\" class=\"yoast-schema-graph\">{\"@context\":\"https:\/\/schema.org\",\"@graph\":[{\"@type\":\"WebPage\",\"@id\":\"https:\/\/www.noticiasradioreflejos.com.ar\/2021\/consejo-escolar-informe-de-obras\/\",\"url\":\"https:\/\/www.noticiasradioreflejos.com.ar\/2021\/consejo-escolar-informe-de-obras\/\",\"name\":\"Consejo Escolar: informe de obras - Noticias Radio Reflejos\",\"isPartOf\":{\"@id\":\"https:\/\/www.noticiasradioreflejos.com.ar\/2021\/#website\"},\"primaryImageOfPage\":{\"@id\":\"https:\/\/www.noticiasradioreflejos.com.ar\/2021\/consejo-escolar-informe-de-obras\/#primaryimage\"},\"image\":{\"@id\":\"https:\/\/www.noticiasradioreflejos.com.ar\/2021\/consejo-escolar-informe-de-obras\/#primaryimage\"},\"thumbnailUrl\":\"https:\/\/live.staticflickr.com\/65535\/52533421632_3d5ed77cab_c.jpg\",\"datePublished\":\"2022-11-30T17:11:56+00:00\",\"author\":{\"@id\":\"https:\/\/www.noticiasradioreflejos.com.ar\/2021\/#\/schema\/person\/ad82545263dcc5ec0996818884fd5fb1\"},\"breadcrumb\":{\"@id\":\"https:\/\/www.noticiasradioreflejos.com.ar\/2021\/consejo-escolar-informe-de-obras\/#breadcrumb\"},\"inLanguage\":\"es\",\"potentialAction\":[{\"@type\":\"ReadAction\",\"target\":[\"https:\/\/www.noticiasradioreflejos.com.ar\/2021\/consejo-escolar-informe-de-obras\/\"]}]},{\"@type\":\"ImageObject\",\"inLanguage\":\"es\",\"@id\":\"https:\/\/www.noticiasradioreflejos.com.ar\/2021\/consejo-escolar-informe-de-obras\/#primaryimage\",\"url\":\"https:\/\/live.staticflickr.com\/65535\/52533421632_3d5ed77cab_c.jpg\",\"contentUrl\":\"https:\/\/live.staticflickr.com\/65535\/52533421632_3d5ed77cab_c.jpg\"},{\"@type\":\"BreadcrumbList\",\"@id\":\"https:\/\/www.noticiasradioreflejos.com.ar\/2021\/consejo-escolar-informe-de-obras\/#breadcrumb\",\"itemListElement\":[{\"@type\":\"ListItem\",\"position\":1,\"name\":\"Portada\",\"item\":\"https:\/\/www.noticiasradioreflejos.com.ar\/2021\/\"},{\"@type\":\"ListItem\",\"position\":2,\"name\":\"Consejo Escolar: informe de obras\"}]},{\"@type\":\"WebSite\",\"@id\":\"https:\/\/www.noticiasradioreflejos.com.ar\/2021\/#website\",\"url\":\"https:\/\/www.noticiasradioreflejos.com.ar\/2021\/\",\"name\":\"Noticias Radio Reflejos\",\"description\":\"Las noticias de mi comarca\",\"potentialAction\":[{\"@type\":\"SearchAction\",\"target\":{\"@type\":\"EntryPoint\",\"urlTemplate\":\"https:\/\/www.noticiasradioreflejos.com.ar\/2021\/?s={search_term_string}\"},\"query-input\":{\"@type\":\"PropertyValueSpecification\",\"valueRequired\":true,\"valueName\":\"search_term_string\"}}],\"inLanguage\":\"es\"},{\"@type\":\"Person\",\"@id\":\"https:\/\/www.noticiasradioreflejos.com.ar\/2021\/#\/schema\/person\/ad82545263dcc5ec0996818884fd5fb1\",\"name\":\"Arnaldo Botto\",\"image\":{\"@type\":\"ImageObject\",\"inLanguage\":\"es\",\"@id\":\"https:\/\/www.noticiasradioreflejos.com.ar\/2021\/#\/schema\/person\/image\/\",\"url\":\"https:\/\/secure.gravatar.com\/avatar\/55cb5e37c1efa326397366e6974cb338056df65cb50e7d64d1cf314e87504837?s=96&d=mm&r=g\",\"contentUrl\":\"https:\/\/secure.gravatar.com\/avatar\/55cb5e37c1efa326397366e6974cb338056df65cb50e7d64d1cf314e87504837?s=96&d=mm&r=g\",\"caption\":\"Arnaldo Botto\"},\"url\":\"https:\/\/www.noticiasradioreflejos.com.ar\/2021\/author\/arnaldo\/\"}]}<\/script>\n<!-- \/ Yoast SEO plugin. -->","yoast_head_json":{"title":"Consejo Escolar: informe de obras - Noticias Radio Reflejos","robots":{"index":"index","follow":"follow","max-snippet":"max-snippet:-1","max-image-preview":"max-image-preview:large","max-video-preview":"max-video-preview:-1"},"canonical":"https:\/\/www.noticiasradioreflejos.com.ar\/2021\/consejo-escolar-informe-de-obras\/","og_locale":"es_ES","og_type":"article","og_title":"Consejo Escolar: informe de obras - Noticias Radio Reflejos","og_description":"El Consejo Escolar de Tornquist informa a la comunidad los trabajos realizados durante el mes de noviembre. Dichos trabajos son financiados con Fondos Presupuestario, Compensador y PEED (Programa de Emergencia Educativa), en los siguientes establecimientos educativos:","og_url":"https:\/\/www.noticiasradioreflejos.com.ar\/2021\/consejo-escolar-informe-de-obras\/","og_site_name":"Noticias Radio Reflejos","article_published_time":"2022-11-30T17:11:56+00:00","og_image":[{"url":"https:\/\/live.staticflickr.com\/65535\/52533421632_3d5ed77cab_c.jpg","type":"","width":"","height":""}],"author":"Arnaldo Botto","twitter_card":"summary_large_image","schema":{"@context":"https:\/\/schema.org","@graph":[{"@type":"WebPage","@id":"https:\/\/www.noticiasradioreflejos.com.ar\/2021\/consejo-escolar-informe-de-obras\/","url":"https:\/\/www.noticiasradioreflejos.com.ar\/2021\/consejo-escolar-informe-de-obras\/","name":"Consejo Escolar: informe de obras - Noticias Radio Reflejos","isPartOf":{"@id":"https:\/\/www.noticiasradioreflejos.com.ar\/2021\/#website"},"primaryImageOfPage":{"@id":"https:\/\/www.noticiasradioreflejos.com.ar\/2021\/consejo-escolar-informe-de-obras\/#primaryimage"},"image":{"@id":"https:\/\/www.noticiasradioreflejos.com.ar\/2021\/consejo-escolar-informe-de-obras\/#primaryimage"},"thumbnailUrl":"https:\/\/live.staticflickr.com\/65535\/52533421632_3d5ed77cab_c.jpg","datePublished":"2022-11-30T17:11:56+00:00","author":{"@id":"https:\/\/www.noticiasradioreflejos.com.ar\/2021\/#\/schema\/person\/ad82545263dcc5ec0996818884fd5fb1"},"breadcrumb":{"@id":"https:\/\/www.noticiasradioreflejos.com.ar\/2021\/consejo-escolar-informe-de-obras\/#breadcrumb"},"inLanguage":"es","potentialAction":[{"@type":"ReadAction","target":["https:\/\/www.noticiasradioreflejos.com.ar\/2021\/consejo-escolar-informe-de-obras\/"]}]},{"@type":"ImageObject","inLanguage":"es","@id":"https:\/\/www.noticiasradioreflejos.com.ar\/2021\/consejo-escolar-informe-de-obras\/#primaryimage","url":"https:\/\/live.staticflickr.com\/65535\/52533421632_3d5ed77cab_c.jpg","contentUrl":"https:\/\/live.staticflickr.com\/65535\/52533421632_3d5ed77cab_c.jpg"},{"@type":"BreadcrumbList","@id":"https:\/\/www.noticiasradioreflejos.com.ar\/2021\/consejo-escolar-informe-de-obras\/#breadcrumb","itemListElement":[{"@type":"ListItem","position":1,"name":"Portada","item":"https:\/\/www.noticiasradioreflejos.com.ar\/2021\/"},{"@type":"ListItem","position":2,"name":"Consejo Escolar: informe de obras"}]},{"@type":"WebSite","@id":"https:\/\/www.noticiasradioreflejos.com.ar\/2021\/#website","url":"https:\/\/www.noticiasradioreflejos.com.ar\/2021\/","name":"Noticias Radio Reflejos","description":"Las noticias de mi comarca","potentialAction":[{"@type":"SearchAction","target":{"@type":"EntryPoint","urlTemplate":"https:\/\/www.noticiasradioreflejos.com.ar\/2021\/?s={search_term_string}"},"query-input":{"@type":"PropertyValueSpecification","valueRequired":true,"valueName":"search_term_string"}}],"inLanguage":"es"},{"@type":"Person","@id":"https:\/\/www.noticiasradioreflejos.com.ar\/2021\/#\/schema\/person\/ad82545263dcc5ec0996818884fd5fb1","name":"Arnaldo Botto","image":{"@type":"ImageObject","inLanguage":"es","@id":"https:\/\/www.noticiasradioreflejos.com.ar\/2021\/#\/schema\/person\/image\/","url":"https:\/\/secure.gravatar.com\/avatar\/55cb5e37c1efa326397366e6974cb338056df65cb50e7d64d1cf314e87504837?s=96&d=mm&r=g","contentUrl":"https:\/\/secure.gravatar.com\/avatar\/55cb5e37c1efa326397366e6974cb338056df65cb50e7d64d1cf314e87504837?s=96&d=mm&r=g","caption":"Arnaldo Botto"},"url":"https:\/\/www.noticiasradioreflejos.com.ar\/2021\/author\/arnaldo\/"}]}},"_links":{"self":[{"href":"https:\/\/www.noticiasradioreflejos.com.ar\/2021\/wp-json\/wp\/v2\/posts\/80784","targetHints":{"allow":["GET"]}}],"collection":[{"href":"https:\/\/www.noticiasradioreflejos.com.ar\/2021\/wp-json\/wp\/v2\/posts"}],"about":[{"href":"https:\/\/www.noticiasradioreflejos.com.ar\/2021\/wp-json\/wp\/v2\/types\/post"}],"author":[{"embeddable":true,"href":"https:\/\/www.noticiasradioreflejos.com.ar\/2021\/wp-json\/wp\/v2\/users\/3"}],"replies":[{"embeddable":true,"href":"https:\/\/www.noticiasradioreflejos.com.ar\/2021\/wp-json\/wp\/v2\/comments?post=80784"}],"version-history":[{"count":1,"href":"https:\/\/www.noticiasradioreflejos.com.ar\/2021\/wp-json\/wp\/v2\/posts\/80784\/revisions"}],"predecessor-version":[{"id":80786,"href":"https:\/\/www.noticiasradioreflejos.com.ar\/2021\/wp-json\/wp\/v2\/posts\/80784\/revisions\/80786"}],"wp:attachment":[{"href":"https:\/\/www.noticiasradioreflejos.com.ar\/2021\/wp-json\/wp\/v2\/media?parent=80784"}],"wp:term":[{"taxonomy":"category","embeddable":true,"href":"https:\/\/www.noticiasradioreflejos.com.ar\/2021\/wp-json\/wp\/v2\/categories?post=80784"},{"taxonomy":"post_tag","embeddable":true,"href":"https:\/\/www.noticiasradioreflejos.com.ar\/2021\/wp-json\/wp\/v2\/tags?post=80784"}],"curies":[{"name":"wp","href":"https:\/\/api.w.org\/{rel}","templated":true}]}}