{"id":80781,"date":"2022-11-30T17:02:40","date_gmt":"2022-11-30T17:02:40","guid":{"rendered":"http:\/\/www.noticiasradioreflejos.com.ar\/2021\/?p=80781"},"modified":"2022-11-30T17:02:40","modified_gmt":"2022-11-30T17:02:40","slug":"consejo-de-mujeres-comunicado-por-el-25n","status":"publish","type":"post","link":"https:\/\/www.noticiasradioreflejos.com.ar\/2021\/consejo-de-mujeres-comunicado-por-el-25n\/","title":{"rendered":"Consejo de Mujeres: Comunicado por el 25N"},"content":{"rendered":"<p>El viernes 25 de noviembre de 2022 en la plaza Independencia de Saldungaray, se llev\u00f3 a cabo una jornada conmemorativa organizada por el Consejo Municipal de las Mujeres de Tornquist, la Red de Vecinas, las Bibliotecas Populares Mariano Moreno, Macedonio Fern\u00e1ndez y Jos\u00e9 de San Mart\u00edn, la Agrupaci\u00f3n Ventania, SUTEBA Tornquist, la Subsecretar\u00eda de Juventudes, Pol\u00edticas de G\u00e9nero y Diversidades del Municipio de Tornquist, Concejalas de los bloques Juntos y Frente de Todos  del HCD de Tornquist. La actividad fue declarada de Inter\u00e9s Municipal por Resoluci\u00f3n  N\u00ba 77\/22 del HCD Tornquist.<!--more--><\/p>\n<p>La jornada de encuentro hizo girar la rueda de la vida con la m\u00fasica de Sof\u00eda Ibarra, Quim, D\u00fao Las Kostureras y el baile y los tambores de la Murga Los Cusifai; tambi\u00e9n con talleres, juegos, lecturas, carteles y folleter\u00eda. En el marco de esta actividad colectiva se inaugur\u00f3 la muestra \u201cCielo Abierto\u201d, con obras de Liliana Puliti y Ver\u00f3nica Rivero en la Biblioteca San Mart\u00edn, y Silvia Alonso present\u00f3 all\u00ed su libro \u201cMujeres en m\u00ed\u201d. <\/p>\n<p>Organizamos adem\u00e1s una feria abierta para mujeres y disidencias del distrito que result\u00f3 muy exitosa, especialmente en este contexto de crisis econ\u00f3mica y endeudamiento, que afecta sobre todo a mujeres y LGBTTTIQ+. Ello nos compromete a la continuidad de esta propuesta en futuros eventos.<\/p>\n<p>Destacamos y agradecemos que la directora, preceptoras y estudiantes de la EESA N\u00b0 1 de Tornquist se sumaran a la jornada y compartieran sus saberes con la concurrencia.<\/p>\n<p>Implementamos por primera vez \u201cel rinc\u00f3n de infancias libres\u201d, un espacio de lectura, juego y pintura para les chiques. As\u00ed, quienes asistieron con crianzas, pudieron hacer red y colectivizar las tareas de cuidado.<\/p>\n<p>Valoramos muy especialmente que la Secretar\u00eda de Salud Tornquist y el Equipo de Referencia Regional para al abordaje de las Violencias de Regi\u00f3n Sanitaria 1 se hicieran presentes con un stand informativo.<\/p>\n<p>El viernes 25 de noviembre de 2022 en la plaza Independencia de Saldungaray, vivimos una muy bella jornada con la alegr\u00eda de ser nosotras con las otras  y pudimos hacerla tan bella porque antes nos hab\u00edamos juntado convencidas de que s\u00f3lo las acciones colectivas pueden transformar la realidad.<\/p>\n<p>LIBRES DE VIOLENCIA NOS QUEREMOS porque el derecho a una vida libre de violencia es un Derecho Humano.\u00bb<\/p>\n","protected":false},"excerpt":{"rendered":"<p>El viernes 25 de noviembre de 2022 en la plaza Independencia de Saldungaray, se llev\u00f3 a cabo una jornada conmemorativa organizada por el Consejo Municipal de las Mujeres de Tornquist, la Red de Vecinas, las Bibliotecas Populares Mariano Moreno, Macedonio Fern\u00e1ndez y Jos\u00e9 de San Mart\u00edn, la Agrupaci\u00f3n Ventania, SUTEBA Tornquist, la Subsecretar\u00eda de Juventudes, [&hellip;]<\/p>\n","protected":false},"author":3,"featured_media":0,"comment_status":"closed","ping_status":"closed","sticky":false,"template":"","format":"standard","meta":{"footnotes":""},"categories":[26],"tags":[],"class_list":["post-80781","post","type-post","status-publish","format-standard","hentry","category-sociedad"],"yoast_head":"<!-- This site is optimized with the Yoast SEO plugin v25.9 - https:\/\/yoast.com\/wordpress\/plugins\/seo\/ -->\n<title>Consejo de Mujeres: Comunicado por el 25N - Noticias Radio Reflejos<\/title>\n<meta name=\"robots\" content=\"index, follow, max-snippet:-1, max-image-preview:large, max-video-preview:-1\" \/>\n<link rel=\"canonical\" href=\"https:\/\/www.noticiasradioreflejos.com.ar\/2021\/consejo-de-mujeres-comunicado-por-el-25n\/\" \/>\n<meta property=\"og:locale\" content=\"es_ES\" \/>\n<meta property=\"og:type\" content=\"article\" \/>\n<meta property=\"og:title\" content=\"Consejo de Mujeres: Comunicado por el 25N - Noticias Radio Reflejos\" \/>\n<meta property=\"og:description\" content=\"El viernes 25 de noviembre de 2022 en la plaza Independencia de Saldungaray, se llev\u00f3 a cabo una jornada conmemorativa organizada por el Consejo Municipal de las Mujeres de Tornquist, la Red de Vecinas, las Bibliotecas Populares Mariano Moreno, Macedonio Fern\u00e1ndez y Jos\u00e9 de San Mart\u00edn, la Agrupaci\u00f3n Ventania, SUTEBA Tornquist, la Subsecretar\u00eda de Juventudes, [&hellip;]\" \/>\n<meta property=\"og:url\" content=\"https:\/\/www.noticiasradioreflejos.com.ar\/2021\/consejo-de-mujeres-comunicado-por-el-25n\/\" \/>\n<meta property=\"og:site_name\" content=\"Noticias Radio Reflejos\" \/>\n<meta property=\"article:published_time\" content=\"2022-11-30T17:02:40+00:00\" \/>\n<meta property=\"og:image\" content=\"https:\/\/www.noticiasradioreflejos.com.ar\/2021\/wp-content\/uploads\/2021\/07\/logosol300x200.png\" \/>\n\t<meta property=\"og:image:width\" content=\"300\" \/>\n\t<meta property=\"og:image:height\" content=\"200\" \/>\n\t<meta property=\"og:image:type\" content=\"image\/png\" \/>\n<meta name=\"author\" content=\"Arnaldo Botto\" \/>\n<meta name=\"twitter:card\" content=\"summary_large_image\" \/>\n<script type=\"application\/ld+json\" class=\"yoast-schema-graph\">{\"@context\":\"https:\/\/schema.org\",\"@graph\":[{\"@type\":\"WebPage\",\"@id\":\"https:\/\/www.noticiasradioreflejos.com.ar\/2021\/consejo-de-mujeres-comunicado-por-el-25n\/\",\"url\":\"https:\/\/www.noticiasradioreflejos.com.ar\/2021\/consejo-de-mujeres-comunicado-por-el-25n\/\",\"name\":\"Consejo de Mujeres: Comunicado por el 25N - Noticias Radio Reflejos\",\"isPartOf\":{\"@id\":\"https:\/\/www.noticiasradioreflejos.com.ar\/2021\/#website\"},\"datePublished\":\"2022-11-30T17:02:40+00:00\",\"author\":{\"@id\":\"https:\/\/www.noticiasradioreflejos.com.ar\/2021\/#\/schema\/person\/ad82545263dcc5ec0996818884fd5fb1\"},\"breadcrumb\":{\"@id\":\"https:\/\/www.noticiasradioreflejos.com.ar\/2021\/consejo-de-mujeres-comunicado-por-el-25n\/#breadcrumb\"},\"inLanguage\":\"es\",\"potentialAction\":[{\"@type\":\"ReadAction\",\"target\":[\"https:\/\/www.noticiasradioreflejos.com.ar\/2021\/consejo-de-mujeres-comunicado-por-el-25n\/\"]}]},{\"@type\":\"BreadcrumbList\",\"@id\":\"https:\/\/www.noticiasradioreflejos.com.ar\/2021\/consejo-de-mujeres-comunicado-por-el-25n\/#breadcrumb\",\"itemListElement\":[{\"@type\":\"ListItem\",\"position\":1,\"name\":\"Portada\",\"item\":\"https:\/\/www.noticiasradioreflejos.com.ar\/2021\/\"},{\"@type\":\"ListItem\",\"position\":2,\"name\":\"Consejo de Mujeres: Comunicado por el 25N\"}]},{\"@type\":\"WebSite\",\"@id\":\"https:\/\/www.noticiasradioreflejos.com.ar\/2021\/#website\",\"url\":\"https:\/\/www.noticiasradioreflejos.com.ar\/2021\/\",\"name\":\"Noticias Radio Reflejos\",\"description\":\"Las noticias de mi comarca\",\"potentialAction\":[{\"@type\":\"SearchAction\",\"target\":{\"@type\":\"EntryPoint\",\"urlTemplate\":\"https:\/\/www.noticiasradioreflejos.com.ar\/2021\/?s={search_term_string}\"},\"query-input\":{\"@type\":\"PropertyValueSpecification\",\"valueRequired\":true,\"valueName\":\"search_term_string\"}}],\"inLanguage\":\"es\"},{\"@type\":\"Person\",\"@id\":\"https:\/\/www.noticiasradioreflejos.com.ar\/2021\/#\/schema\/person\/ad82545263dcc5ec0996818884fd5fb1\",\"name\":\"Arnaldo Botto\",\"image\":{\"@type\":\"ImageObject\",\"inLanguage\":\"es\",\"@id\":\"https:\/\/www.noticiasradioreflejos.com.ar\/2021\/#\/schema\/person\/image\/\",\"url\":\"https:\/\/secure.gravatar.com\/avatar\/55cb5e37c1efa326397366e6974cb338056df65cb50e7d64d1cf314e87504837?s=96&d=mm&r=g\",\"contentUrl\":\"https:\/\/secure.gravatar.com\/avatar\/55cb5e37c1efa326397366e6974cb338056df65cb50e7d64d1cf314e87504837?s=96&d=mm&r=g\",\"caption\":\"Arnaldo Botto\"},\"url\":\"https:\/\/www.noticiasradioreflejos.com.ar\/2021\/author\/arnaldo\/\"}]}<\/script>\n<!-- \/ Yoast SEO plugin. -->","yoast_head_json":{"title":"Consejo de Mujeres: Comunicado por el 25N - Noticias Radio Reflejos","robots":{"index":"index","follow":"follow","max-snippet":"max-snippet:-1","max-image-preview":"max-image-preview:large","max-video-preview":"max-video-preview:-1"},"canonical":"https:\/\/www.noticiasradioreflejos.com.ar\/2021\/consejo-de-mujeres-comunicado-por-el-25n\/","og_locale":"es_ES","og_type":"article","og_title":"Consejo de Mujeres: Comunicado por el 25N - Noticias Radio Reflejos","og_description":"El viernes 25 de noviembre de 2022 en la plaza Independencia de Saldungaray, se llev\u00f3 a cabo una jornada conmemorativa organizada por el Consejo Municipal de las Mujeres de Tornquist, la Red de Vecinas, las Bibliotecas Populares Mariano Moreno, Macedonio Fern\u00e1ndez y Jos\u00e9 de San Mart\u00edn, la Agrupaci\u00f3n Ventania, SUTEBA Tornquist, la Subsecretar\u00eda de Juventudes, [&hellip;]","og_url":"https:\/\/www.noticiasradioreflejos.com.ar\/2021\/consejo-de-mujeres-comunicado-por-el-25n\/","og_site_name":"Noticias Radio Reflejos","article_published_time":"2022-11-30T17:02:40+00:00","og_image":[{"width":300,"height":200,"url":"https:\/\/www.noticiasradioreflejos.com.ar\/2021\/wp-content\/uploads\/2021\/07\/logosol300x200.png","type":"image\/png"}],"author":"Arnaldo Botto","twitter_card":"summary_large_image","schema":{"@context":"https:\/\/schema.org","@graph":[{"@type":"WebPage","@id":"https:\/\/www.noticiasradioreflejos.com.ar\/2021\/consejo-de-mujeres-comunicado-por-el-25n\/","url":"https:\/\/www.noticiasradioreflejos.com.ar\/2021\/consejo-de-mujeres-comunicado-por-el-25n\/","name":"Consejo de Mujeres: Comunicado por el 25N - Noticias Radio Reflejos","isPartOf":{"@id":"https:\/\/www.noticiasradioreflejos.com.ar\/2021\/#website"},"datePublished":"2022-11-30T17:02:40+00:00","author":{"@id":"https:\/\/www.noticiasradioreflejos.com.ar\/2021\/#\/schema\/person\/ad82545263dcc5ec0996818884fd5fb1"},"breadcrumb":{"@id":"https:\/\/www.noticiasradioreflejos.com.ar\/2021\/consejo-de-mujeres-comunicado-por-el-25n\/#breadcrumb"},"inLanguage":"es","potentialAction":[{"@type":"ReadAction","target":["https:\/\/www.noticiasradioreflejos.com.ar\/2021\/consejo-de-mujeres-comunicado-por-el-25n\/"]}]},{"@type":"BreadcrumbList","@id":"https:\/\/www.noticiasradioreflejos.com.ar\/2021\/consejo-de-mujeres-comunicado-por-el-25n\/#breadcrumb","itemListElement":[{"@type":"ListItem","position":1,"name":"Portada","item":"https:\/\/www.noticiasradioreflejos.com.ar\/2021\/"},{"@type":"ListItem","position":2,"name":"Consejo de Mujeres: Comunicado por el 25N"}]},{"@type":"WebSite","@id":"https:\/\/www.noticiasradioreflejos.com.ar\/2021\/#website","url":"https:\/\/www.noticiasradioreflejos.com.ar\/2021\/","name":"Noticias Radio Reflejos","description":"Las noticias de mi comarca","potentialAction":[{"@type":"SearchAction","target":{"@type":"EntryPoint","urlTemplate":"https:\/\/www.noticiasradioreflejos.com.ar\/2021\/?s={search_term_string}"},"query-input":{"@type":"PropertyValueSpecification","valueRequired":true,"valueName":"search_term_string"}}],"inLanguage":"es"},{"@type":"Person","@id":"https:\/\/www.noticiasradioreflejos.com.ar\/2021\/#\/schema\/person\/ad82545263dcc5ec0996818884fd5fb1","name":"Arnaldo Botto","image":{"@type":"ImageObject","inLanguage":"es","@id":"https:\/\/www.noticiasradioreflejos.com.ar\/2021\/#\/schema\/person\/image\/","url":"https:\/\/secure.gravatar.com\/avatar\/55cb5e37c1efa326397366e6974cb338056df65cb50e7d64d1cf314e87504837?s=96&d=mm&r=g","contentUrl":"https:\/\/secure.gravatar.com\/avatar\/55cb5e37c1efa326397366e6974cb338056df65cb50e7d64d1cf314e87504837?s=96&d=mm&r=g","caption":"Arnaldo Botto"},"url":"https:\/\/www.noticiasradioreflejos.com.ar\/2021\/author\/arnaldo\/"}]}},"_links":{"self":[{"href":"https:\/\/www.noticiasradioreflejos.com.ar\/2021\/wp-json\/wp\/v2\/posts\/80781","targetHints":{"allow":["GET"]}}],"collection":[{"href":"https:\/\/www.noticiasradioreflejos.com.ar\/2021\/wp-json\/wp\/v2\/posts"}],"about":[{"href":"https:\/\/www.noticiasradioreflejos.com.ar\/2021\/wp-json\/wp\/v2\/types\/post"}],"author":[{"embeddable":true,"href":"https:\/\/www.noticiasradioreflejos.com.ar\/2021\/wp-json\/wp\/v2\/users\/3"}],"replies":[{"embeddable":true,"href":"https:\/\/www.noticiasradioreflejos.com.ar\/2021\/wp-json\/wp\/v2\/comments?post=80781"}],"version-history":[{"count":1,"href":"https:\/\/www.noticiasradioreflejos.com.ar\/2021\/wp-json\/wp\/v2\/posts\/80781\/revisions"}],"predecessor-version":[{"id":80783,"href":"https:\/\/www.noticiasradioreflejos.com.ar\/2021\/wp-json\/wp\/v2\/posts\/80781\/revisions\/80783"}],"wp:attachment":[{"href":"https:\/\/www.noticiasradioreflejos.com.ar\/2021\/wp-json\/wp\/v2\/media?parent=80781"}],"wp:term":[{"taxonomy":"category","embeddable":true,"href":"https:\/\/www.noticiasradioreflejos.com.ar\/2021\/wp-json\/wp\/v2\/categories?post=80781"},{"taxonomy":"post_tag","embeddable":true,"href":"https:\/\/www.noticiasradioreflejos.com.ar\/2021\/wp-json\/wp\/v2\/tags?post=80781"}],"curies":[{"name":"wp","href":"https:\/\/api.w.org\/{rel}","templated":true}]}}