{"id":80756,"date":"2022-11-30T11:35:54","date_gmt":"2022-11-30T11:35:54","guid":{"rendered":"http:\/\/www.noticiasradioreflejos.com.ar\/2021\/?p=80756"},"modified":"2022-11-30T11:35:54","modified_gmt":"2022-11-30T11:35:54","slug":"las-victimas-de-violencia-de-genero-podran-pedir-un-movil-policial-con-el-boton-antipanico","status":"publish","type":"post","link":"https:\/\/www.noticiasradioreflejos.com.ar\/2021\/las-victimas-de-violencia-de-genero-podran-pedir-un-movil-policial-con-el-boton-antipanico\/","title":{"rendered":"Las v\u00edctimas de violencia de g\u00e9nero podr\u00e1n pedir un m\u00f3vil policial con el bot\u00f3n antip\u00e1nico"},"content":{"rendered":"<p>As\u00ed lo anunci\u00f3 la ministra de las Mujeres, Pol\u00edticas de G\u00e9nero y Diversidad Sexual bonaerense, Estela D\u00edaz, quien tambi\u00e9n inform\u00f3 que trabajan con empresas de telecomunicaciones para que el dispositivo que tienen las v\u00edctimas para alertar sobre una potencial situaci\u00f3n de violencia no consuma datos del celular.<!--more--><\/p>\n<figure class=\"mb-3\"><img decoding=\"async\" src=\"https:\/\/www.telam.com.ar\/thumbs\/bluesteel\/advf\/imagenes\/2022\/11\/63861d083f6aa_1200.jpg\" alt=\"La lnea 144 podr monitorear la ubicacin de los mviles ante una situacin de emergencia\" width=\"100%\" height=\"100%\" \/><\/p>\n<div class=\"media-icons\"><\/div><figcaption>La l\u00ednea 144 podr\u00e1 monitorear la ubicaci\u00f3n de los m\u00f3viles ante una situaci\u00f3n de emergencia.<\/figcaption><\/figure>\n<p>Las v\u00edctimas de violencia de g\u00e9nero en la provincia de Buenos Aires podr\u00e1n pedir un m\u00f3vil policial con el bot\u00f3n antip\u00e1nico a partir de un acuerdo que el Gobierno bonaerense firm\u00f3 con la l\u00ednea 911, que recepta las emergencias policiales.<\/p>\n<p>As\u00ed, entre otras cosas,<strong>\u00a0la l\u00ednea 144 podr\u00e1 monitorear la ubicaci\u00f3n de los m\u00f3viles ante una situaci\u00f3n de emergencia<\/strong>.<\/p>\n<p>La ministra de las Mujeres, Pol\u00edticas de G\u00e9nero y Diversidad Sexual bonaerense, Estela D\u00edaz, se refiri\u00f3 en un comunicado a los anuncios que formul\u00f3 en el marco del II Congreso de Pol\u00edticas P\u00fablicas contra las Violencias de G\u00e9nero que se realiz\u00f3 d\u00edas atr\u00e1s en Mar del Plata.<\/p>\n<p>Adem\u00e1s, inform\u00f3 que se suscribir\u00e1 un convenio con la empresa de telecomunicaciones Telef\u00f3nica de Argentina primero y luego con otras compa\u00f1\u00edas para que el bot\u00f3n antip\u00e1nico que tienen las v\u00edctimas para alertar sobre una potencial situaci\u00f3n de violencia no consuma datos del celular.<\/p>\n<p>De ese modo, las personas que cuentan con un bot\u00f3n antip\u00e1nico para denunciar la ruptura de la perimetral por parte del agresor\u00a0<strong>podr\u00e1n activarlo aunque no tengan datos en el celular<\/strong>.<\/p>\n<p>Desde el Poder Ejecutivo tambi\u00e9n se anunci\u00f3 la utilizaci\u00f3n de un Formulario \u00danico de Denuncias de Violencia de G\u00e9nero para que todas las comisar\u00edas y \u00e1reas especializadas en las intendencias tengan un \u00fanico sistema que permita alimentar el Registro \u00danico de Casos (RUC), y para que las fuerzas de seguridad cuenten con un cuestionario unificado para evaluar el nivel de riesgo que expresa cada denuncia.<\/p>\n<p>A la vez, se incorporar\u00e1 a las organizaciones sociales que trabajan en el territorio al programa Comunidades sin Violencias, que\u00a0<strong>destina fondos y asistencia t\u00e9cnica en los 135 municipios de la provincia de Buenos Aires<\/strong>.<\/p>\n<ul>\n<li>\n<h3>Atenci\u00f3n, contenci\u00f3n y asesoramiento en situaciones de violencia de g\u00e9nero<\/h3>\n<\/li>\n<li>Por llamada gratuita las 24 hs L\u00ednea 144<\/li>\n<li>Por WhatsApp +5491127716463<\/li>\n<li>Por mail a\u00a0<a href=\"mailto:linea144@mingeneros.gob.ar\">linea144@mingeneros.gob.ar<\/a><\/li>\n<li>Descargando la\u00a0<a href=\"https:\/\/www.argentina.gob.ar\/aplicaciones\/linea-144-atencion-mujeres-y-LGBTI\">app<\/a><\/li>\n<\/ul>\n","protected":false},"excerpt":{"rendered":"<p>As\u00ed lo anunci\u00f3 la ministra de las Mujeres, Pol\u00edticas de G\u00e9nero y Diversidad Sexual bonaerense, Estela D\u00edaz, quien tambi\u00e9n inform\u00f3 que trabajan con empresas de telecomunicaciones para que el dispositivo que tienen las v\u00edctimas para alertar sobre una potencial situaci\u00f3n de violencia no consuma datos del celular.<\/p>\n","protected":false},"author":3,"featured_media":80757,"comment_status":"closed","ping_status":"closed","sticky":false,"template":"","format":"standard","meta":{"footnotes":""},"categories":[29,24,26],"tags":[],"class_list":["post-80756","post","type-post","status-publish","format-standard","has-post-thumbnail","hentry","category-policiales","category-politica","category-sociedad"],"yoast_head":"<!-- This site is optimized with the Yoast SEO plugin v25.9 - https:\/\/yoast.com\/wordpress\/plugins\/seo\/ -->\n<title>Las v\u00edctimas de violencia de g\u00e9nero podr\u00e1n pedir un m\u00f3vil policial con el bot\u00f3n antip\u00e1nico - Noticias Radio Reflejos<\/title>\n<meta name=\"robots\" content=\"index, follow, max-snippet:-1, max-image-preview:large, max-video-preview:-1\" \/>\n<link rel=\"canonical\" href=\"https:\/\/www.noticiasradioreflejos.com.ar\/2021\/las-victimas-de-violencia-de-genero-podran-pedir-un-movil-policial-con-el-boton-antipanico\/\" \/>\n<meta property=\"og:locale\" content=\"es_ES\" \/>\n<meta property=\"og:type\" content=\"article\" \/>\n<meta property=\"og:title\" content=\"Las v\u00edctimas de violencia de g\u00e9nero podr\u00e1n pedir un m\u00f3vil policial con el bot\u00f3n antip\u00e1nico - Noticias Radio Reflejos\" \/>\n<meta property=\"og:description\" content=\"As\u00ed lo anunci\u00f3 la ministra de las Mujeres, Pol\u00edticas de G\u00e9nero y Diversidad Sexual bonaerense, Estela D\u00edaz, quien tambi\u00e9n inform\u00f3 que trabajan con empresas de telecomunicaciones para que el dispositivo que tienen las v\u00edctimas para alertar sobre una potencial situaci\u00f3n de violencia no consuma datos del celular.\" \/>\n<meta property=\"og:url\" content=\"https:\/\/www.noticiasradioreflejos.com.ar\/2021\/las-victimas-de-violencia-de-genero-podran-pedir-un-movil-policial-con-el-boton-antipanico\/\" \/>\n<meta property=\"og:site_name\" content=\"Noticias Radio Reflejos\" \/>\n<meta property=\"article:published_time\" content=\"2022-11-30T11:35:54+00:00\" \/>\n<meta property=\"og:image\" content=\"https:\/\/www.noticiasradioreflejos.com.ar\/2021\/wp-content\/uploads\/2022\/11\/boton-antipanico.jpg\" \/>\n\t<meta property=\"og:image:width\" content=\"1200\" \/>\n\t<meta property=\"og:image:height\" content=\"676\" \/>\n\t<meta property=\"og:image:type\" content=\"image\/jpeg\" \/>\n<meta name=\"author\" content=\"Arnaldo Botto\" \/>\n<meta name=\"twitter:card\" content=\"summary_large_image\" \/>\n<script type=\"application\/ld+json\" class=\"yoast-schema-graph\">{\"@context\":\"https:\/\/schema.org\",\"@graph\":[{\"@type\":\"WebPage\",\"@id\":\"https:\/\/www.noticiasradioreflejos.com.ar\/2021\/las-victimas-de-violencia-de-genero-podran-pedir-un-movil-policial-con-el-boton-antipanico\/\",\"url\":\"https:\/\/www.noticiasradioreflejos.com.ar\/2021\/las-victimas-de-violencia-de-genero-podran-pedir-un-movil-policial-con-el-boton-antipanico\/\",\"name\":\"Las v\u00edctimas de violencia de g\u00e9nero podr\u00e1n pedir un m\u00f3vil policial con el bot\u00f3n antip\u00e1nico - Noticias Radio Reflejos\",\"isPartOf\":{\"@id\":\"https:\/\/www.noticiasradioreflejos.com.ar\/2021\/#website\"},\"primaryImageOfPage\":{\"@id\":\"https:\/\/www.noticiasradioreflejos.com.ar\/2021\/las-victimas-de-violencia-de-genero-podran-pedir-un-movil-policial-con-el-boton-antipanico\/#primaryimage\"},\"image\":{\"@id\":\"https:\/\/www.noticiasradioreflejos.com.ar\/2021\/las-victimas-de-violencia-de-genero-podran-pedir-un-movil-policial-con-el-boton-antipanico\/#primaryimage\"},\"thumbnailUrl\":\"https:\/\/www.noticiasradioreflejos.com.ar\/2021\/wp-content\/uploads\/2022\/11\/boton-antipanico.jpg\",\"datePublished\":\"2022-11-30T11:35:54+00:00\",\"author\":{\"@id\":\"https:\/\/www.noticiasradioreflejos.com.ar\/2021\/#\/schema\/person\/ad82545263dcc5ec0996818884fd5fb1\"},\"breadcrumb\":{\"@id\":\"https:\/\/www.noticiasradioreflejos.com.ar\/2021\/las-victimas-de-violencia-de-genero-podran-pedir-un-movil-policial-con-el-boton-antipanico\/#breadcrumb\"},\"inLanguage\":\"es\",\"potentialAction\":[{\"@type\":\"ReadAction\",\"target\":[\"https:\/\/www.noticiasradioreflejos.com.ar\/2021\/las-victimas-de-violencia-de-genero-podran-pedir-un-movil-policial-con-el-boton-antipanico\/\"]}]},{\"@type\":\"ImageObject\",\"inLanguage\":\"es\",\"@id\":\"https:\/\/www.noticiasradioreflejos.com.ar\/2021\/las-victimas-de-violencia-de-genero-podran-pedir-un-movil-policial-con-el-boton-antipanico\/#primaryimage\",\"url\":\"https:\/\/www.noticiasradioreflejos.com.ar\/2021\/wp-content\/uploads\/2022\/11\/boton-antipanico.jpg\",\"contentUrl\":\"https:\/\/www.noticiasradioreflejos.com.ar\/2021\/wp-content\/uploads\/2022\/11\/boton-antipanico.jpg\",\"width\":1200,\"height\":676},{\"@type\":\"BreadcrumbList\",\"@id\":\"https:\/\/www.noticiasradioreflejos.com.ar\/2021\/las-victimas-de-violencia-de-genero-podran-pedir-un-movil-policial-con-el-boton-antipanico\/#breadcrumb\",\"itemListElement\":[{\"@type\":\"ListItem\",\"position\":1,\"name\":\"Portada\",\"item\":\"https:\/\/www.noticiasradioreflejos.com.ar\/2021\/\"},{\"@type\":\"ListItem\",\"position\":2,\"name\":\"Las v\u00edctimas de violencia de g\u00e9nero podr\u00e1n pedir un m\u00f3vil policial con el bot\u00f3n antip\u00e1nico\"}]},{\"@type\":\"WebSite\",\"@id\":\"https:\/\/www.noticiasradioreflejos.com.ar\/2021\/#website\",\"url\":\"https:\/\/www.noticiasradioreflejos.com.ar\/2021\/\",\"name\":\"Noticias Radio Reflejos\",\"description\":\"Las noticias de mi comarca\",\"potentialAction\":[{\"@type\":\"SearchAction\",\"target\":{\"@type\":\"EntryPoint\",\"urlTemplate\":\"https:\/\/www.noticiasradioreflejos.com.ar\/2021\/?s={search_term_string}\"},\"query-input\":{\"@type\":\"PropertyValueSpecification\",\"valueRequired\":true,\"valueName\":\"search_term_string\"}}],\"inLanguage\":\"es\"},{\"@type\":\"Person\",\"@id\":\"https:\/\/www.noticiasradioreflejos.com.ar\/2021\/#\/schema\/person\/ad82545263dcc5ec0996818884fd5fb1\",\"name\":\"Arnaldo Botto\",\"image\":{\"@type\":\"ImageObject\",\"inLanguage\":\"es\",\"@id\":\"https:\/\/www.noticiasradioreflejos.com.ar\/2021\/#\/schema\/person\/image\/\",\"url\":\"https:\/\/secure.gravatar.com\/avatar\/55cb5e37c1efa326397366e6974cb338056df65cb50e7d64d1cf314e87504837?s=96&d=mm&r=g\",\"contentUrl\":\"https:\/\/secure.gravatar.com\/avatar\/55cb5e37c1efa326397366e6974cb338056df65cb50e7d64d1cf314e87504837?s=96&d=mm&r=g\",\"caption\":\"Arnaldo Botto\"},\"url\":\"https:\/\/www.noticiasradioreflejos.com.ar\/2021\/author\/arnaldo\/\"}]}<\/script>\n<!-- \/ Yoast SEO plugin. -->","yoast_head_json":{"title":"Las v\u00edctimas de violencia de g\u00e9nero podr\u00e1n pedir un m\u00f3vil policial con el bot\u00f3n antip\u00e1nico - Noticias Radio Reflejos","robots":{"index":"index","follow":"follow","max-snippet":"max-snippet:-1","max-image-preview":"max-image-preview:large","max-video-preview":"max-video-preview:-1"},"canonical":"https:\/\/www.noticiasradioreflejos.com.ar\/2021\/las-victimas-de-violencia-de-genero-podran-pedir-un-movil-policial-con-el-boton-antipanico\/","og_locale":"es_ES","og_type":"article","og_title":"Las v\u00edctimas de violencia de g\u00e9nero podr\u00e1n pedir un m\u00f3vil policial con el bot\u00f3n antip\u00e1nico - Noticias Radio Reflejos","og_description":"As\u00ed lo anunci\u00f3 la ministra de las Mujeres, Pol\u00edticas de G\u00e9nero y Diversidad Sexual bonaerense, Estela D\u00edaz, quien tambi\u00e9n inform\u00f3 que trabajan con empresas de telecomunicaciones para que el dispositivo que tienen las v\u00edctimas para alertar sobre una potencial situaci\u00f3n de violencia no consuma datos del celular.","og_url":"https:\/\/www.noticiasradioreflejos.com.ar\/2021\/las-victimas-de-violencia-de-genero-podran-pedir-un-movil-policial-con-el-boton-antipanico\/","og_site_name":"Noticias Radio Reflejos","article_published_time":"2022-11-30T11:35:54+00:00","og_image":[{"width":1200,"height":676,"url":"https:\/\/www.noticiasradioreflejos.com.ar\/2021\/wp-content\/uploads\/2022\/11\/boton-antipanico.jpg","type":"image\/jpeg"}],"author":"Arnaldo Botto","twitter_card":"summary_large_image","schema":{"@context":"https:\/\/schema.org","@graph":[{"@type":"WebPage","@id":"https:\/\/www.noticiasradioreflejos.com.ar\/2021\/las-victimas-de-violencia-de-genero-podran-pedir-un-movil-policial-con-el-boton-antipanico\/","url":"https:\/\/www.noticiasradioreflejos.com.ar\/2021\/las-victimas-de-violencia-de-genero-podran-pedir-un-movil-policial-con-el-boton-antipanico\/","name":"Las v\u00edctimas de violencia de g\u00e9nero podr\u00e1n pedir un m\u00f3vil policial con el bot\u00f3n antip\u00e1nico - Noticias Radio Reflejos","isPartOf":{"@id":"https:\/\/www.noticiasradioreflejos.com.ar\/2021\/#website"},"primaryImageOfPage":{"@id":"https:\/\/www.noticiasradioreflejos.com.ar\/2021\/las-victimas-de-violencia-de-genero-podran-pedir-un-movil-policial-con-el-boton-antipanico\/#primaryimage"},"image":{"@id":"https:\/\/www.noticiasradioreflejos.com.ar\/2021\/las-victimas-de-violencia-de-genero-podran-pedir-un-movil-policial-con-el-boton-antipanico\/#primaryimage"},"thumbnailUrl":"https:\/\/www.noticiasradioreflejos.com.ar\/2021\/wp-content\/uploads\/2022\/11\/boton-antipanico.jpg","datePublished":"2022-11-30T11:35:54+00:00","author":{"@id":"https:\/\/www.noticiasradioreflejos.com.ar\/2021\/#\/schema\/person\/ad82545263dcc5ec0996818884fd5fb1"},"breadcrumb":{"@id":"https:\/\/www.noticiasradioreflejos.com.ar\/2021\/las-victimas-de-violencia-de-genero-podran-pedir-un-movil-policial-con-el-boton-antipanico\/#breadcrumb"},"inLanguage":"es","potentialAction":[{"@type":"ReadAction","target":["https:\/\/www.noticiasradioreflejos.com.ar\/2021\/las-victimas-de-violencia-de-genero-podran-pedir-un-movil-policial-con-el-boton-antipanico\/"]}]},{"@type":"ImageObject","inLanguage":"es","@id":"https:\/\/www.noticiasradioreflejos.com.ar\/2021\/las-victimas-de-violencia-de-genero-podran-pedir-un-movil-policial-con-el-boton-antipanico\/#primaryimage","url":"https:\/\/www.noticiasradioreflejos.com.ar\/2021\/wp-content\/uploads\/2022\/11\/boton-antipanico.jpg","contentUrl":"https:\/\/www.noticiasradioreflejos.com.ar\/2021\/wp-content\/uploads\/2022\/11\/boton-antipanico.jpg","width":1200,"height":676},{"@type":"BreadcrumbList","@id":"https:\/\/www.noticiasradioreflejos.com.ar\/2021\/las-victimas-de-violencia-de-genero-podran-pedir-un-movil-policial-con-el-boton-antipanico\/#breadcrumb","itemListElement":[{"@type":"ListItem","position":1,"name":"Portada","item":"https:\/\/www.noticiasradioreflejos.com.ar\/2021\/"},{"@type":"ListItem","position":2,"name":"Las v\u00edctimas de violencia de g\u00e9nero podr\u00e1n pedir un m\u00f3vil policial con el bot\u00f3n antip\u00e1nico"}]},{"@type":"WebSite","@id":"https:\/\/www.noticiasradioreflejos.com.ar\/2021\/#website","url":"https:\/\/www.noticiasradioreflejos.com.ar\/2021\/","name":"Noticias Radio Reflejos","description":"Las noticias de mi comarca","potentialAction":[{"@type":"SearchAction","target":{"@type":"EntryPoint","urlTemplate":"https:\/\/www.noticiasradioreflejos.com.ar\/2021\/?s={search_term_string}"},"query-input":{"@type":"PropertyValueSpecification","valueRequired":true,"valueName":"search_term_string"}}],"inLanguage":"es"},{"@type":"Person","@id":"https:\/\/www.noticiasradioreflejos.com.ar\/2021\/#\/schema\/person\/ad82545263dcc5ec0996818884fd5fb1","name":"Arnaldo Botto","image":{"@type":"ImageObject","inLanguage":"es","@id":"https:\/\/www.noticiasradioreflejos.com.ar\/2021\/#\/schema\/person\/image\/","url":"https:\/\/secure.gravatar.com\/avatar\/55cb5e37c1efa326397366e6974cb338056df65cb50e7d64d1cf314e87504837?s=96&d=mm&r=g","contentUrl":"https:\/\/secure.gravatar.com\/avatar\/55cb5e37c1efa326397366e6974cb338056df65cb50e7d64d1cf314e87504837?s=96&d=mm&r=g","caption":"Arnaldo Botto"},"url":"https:\/\/www.noticiasradioreflejos.com.ar\/2021\/author\/arnaldo\/"}]}},"_links":{"self":[{"href":"https:\/\/www.noticiasradioreflejos.com.ar\/2021\/wp-json\/wp\/v2\/posts\/80756","targetHints":{"allow":["GET"]}}],"collection":[{"href":"https:\/\/www.noticiasradioreflejos.com.ar\/2021\/wp-json\/wp\/v2\/posts"}],"about":[{"href":"https:\/\/www.noticiasradioreflejos.com.ar\/2021\/wp-json\/wp\/v2\/types\/post"}],"author":[{"embeddable":true,"href":"https:\/\/www.noticiasradioreflejos.com.ar\/2021\/wp-json\/wp\/v2\/users\/3"}],"replies":[{"embeddable":true,"href":"https:\/\/www.noticiasradioreflejos.com.ar\/2021\/wp-json\/wp\/v2\/comments?post=80756"}],"version-history":[{"count":1,"href":"https:\/\/www.noticiasradioreflejos.com.ar\/2021\/wp-json\/wp\/v2\/posts\/80756\/revisions"}],"predecessor-version":[{"id":80758,"href":"https:\/\/www.noticiasradioreflejos.com.ar\/2021\/wp-json\/wp\/v2\/posts\/80756\/revisions\/80758"}],"wp:featuredmedia":[{"embeddable":true,"href":"https:\/\/www.noticiasradioreflejos.com.ar\/2021\/wp-json\/wp\/v2\/media\/80757"}],"wp:attachment":[{"href":"https:\/\/www.noticiasradioreflejos.com.ar\/2021\/wp-json\/wp\/v2\/media?parent=80756"}],"wp:term":[{"taxonomy":"category","embeddable":true,"href":"https:\/\/www.noticiasradioreflejos.com.ar\/2021\/wp-json\/wp\/v2\/categories?post=80756"},{"taxonomy":"post_tag","embeddable":true,"href":"https:\/\/www.noticiasradioreflejos.com.ar\/2021\/wp-json\/wp\/v2\/tags?post=80756"}],"curies":[{"name":"wp","href":"https:\/\/api.w.org\/{rel}","templated":true}]}}