{"id":80753,"date":"2022-11-30T11:30:36","date_gmt":"2022-11-30T11:30:36","guid":{"rendered":"http:\/\/www.noticiasradioreflejos.com.ar\/2021\/?p=80753"},"modified":"2022-11-30T11:30:36","modified_gmt":"2022-11-30T11:30:36","slug":"buscan-proteger-por-ley-a-peninsula-mitre-el-mayor-reservorio-de-carbono-del-pais","status":"publish","type":"post","link":"https:\/\/www.noticiasradioreflejos.com.ar\/2021\/buscan-proteger-por-ley-a-peninsula-mitre-el-mayor-reservorio-de-carbono-del-pais\/","title":{"rendered":"Buscan proteger por ley a Pen\u00ednsula Mitre, el mayor reservorio de carbono del pa\u00eds"},"content":{"rendered":"<p>La zona, que equivale a 25 veces la ciudad de Buenos Aires,\u00a0re\u00fane el 84,4% del total de turberas del territorio nacional, humedales capaces de absorber y retener carbono\u00a0y cumple una funci\u00f3n clave en la mitigaci\u00f3n de la crisis clim\u00e1tica mundial.<!--more--><\/p>\n<figure class=\"mb-3\"><img decoding=\"async\" src=\"https:\/\/www.telam.com.ar\/thumbs\/bluesteel\/advf\/imagenes\/2022\/11\/636d25590fcff_1200.jpg\" alt=\"Pennsula Mitre una zona que contiene gran cantidad de humedales que protegen el medio ambiente Foto Cristina Urrutia\" width=\"100%\" height=\"100%\" \/><\/p>\n<div class=\"media-icons\"><\/div><figcaption>Pen\u00ednsula Mitre, una zona que contiene gran cantidad de humedales que protegen el medio ambiente. Foto: Cristina Urrutia<\/figcaption><\/figure>\n<p>La Legislatura de Tierra del Fuego convoc\u00f3 a\u00a0<strong>una sesi\u00f3n especial para el martes de la semana pr\u00f3xima en la que declarar\u00e1 como \u201c\u00c1rea Natural Protegida\u201d a Pen\u00ednsula Mitre<\/strong>, ubicada en el sureste de la provincia, que es considerada una zona de enorme valor ambiental por contener el mayor reservorio de carbono del pa\u00eds atesorados en sus 2400 kil\u00f3metros cuadrados de turbales, confirmaron este martes fuentes legislativas.<\/p>\n<p><strong>El proyecto -impulsado por asociaciones ambientalistas locales y nacionales y entidades cient\u00edficas- obtuvo dictamen favorable en todas las comisiones<\/strong>\u00a0donde fue analizado despu\u00e9s de 32 a\u00f1os de tratamientos fallidos en el parlamento fueguino.<\/p>\n<p>Se trata de las mismas organizaciones que,\u00a0<strong>a trav\u00e9s de una campa\u00f1a de recolecci\u00f3n de firmas\u00a0<\/strong>(<a href=\"http:\/\/www.change.org\/PeninsulaMitre\" target=\"_blank\" rel=\"noopener\">www.change.org\/PeninsulaMitre<\/a>),<strong>\u00a0llevan reunidas m\u00e1s de 160 mil adhesiones a lo largo y ancho del pa\u00eds<\/strong>, en apoyo a su lucha para proteger a la Pen\u00ednsula Mitre que, \u00abadem\u00e1s de tener una incre\u00edble belleza natural, es un museo a cielo abierto\u00bb, seg\u00fan subrayan.<\/p>\n<p>La iniciativa parlamentaria declarar\u00e1 como \u00e1rea protegida (ANP) a \u201cla porci\u00f3n terrestre del extremo oriental del sector argentino de la isla Grande de Tierra del Fuego, el \u00e1rea mar\u00edtima adyacente, las \u00e1reas marinas que rodean la lsla de los Estados, isla de A\u00f1o Nuevo e islotes adyacentes y la totalidad de los espejos, cursos de agua, lagunas, islas e islotes interiores\u201d, seg\u00fan indica el texto que busca convertirse en ley provincial.<\/p>\n<p><strong>El \u00e1rea a proteger, de 300 mil hect\u00e1reas de tierra y 200 mil hect\u00e1reas de mar, se dividir\u00e1 en un \u201cParque Natural Provincial Pen\u00ednsula Mitre\u201d<\/strong>, como ambiente de conservaci\u00f3n paisaj\u00edstica y natural, una \u201cReserva Forestal Natural Pen\u00ednsula Mitre\u201d, un \u201cMonumento Natural Provincial Formaci\u00f3n Sloggett\u201d, una \u201cReserva Costera Natural\u201d y una \u201cReserva Provincial de Usos M\u00faltiples\u201d.<\/p>\n<figure class=\"mb-3\"><img decoding=\"async\" src=\"https:\/\/www.telam.com.ar\/thumbs\/bluesteel\/advf\/imagenes\/2021\/06\/60becfcec011c_1200.jpg\" alt=\"La zona posee un ecosistema muy amplio Foto Cristina Urrutia\" width=\"100%\" height=\"100%\" \/><\/p>\n<div class=\"media-icons\"><\/div><figcaption>La zona posee un ecosistema muy amplio. Foto: Cristina Urrutia<\/figcaption><\/figure>\n<h2 class=\"\">El proyecto que busca proteger al Parque Nacional<\/h2>\n<p>El proyecto de 20 art\u00edculos tambi\u00e9n establece que el Ejecutivo fueguino contar\u00e1 con un plazo de tres a\u00f1os a partir de la promulgaci\u00f3n de la norma para formular un \u201cplan de manejo y gesti\u00f3n de la reserva\u201d.<\/p>\n<p>El debate sobre Pen\u00ednsula Mitre se reactiv\u00f3 en mayo de este a\u00f1o despu\u00e9s de la presi\u00f3n de asociaciones ambientalistas a trav\u00e9s de la campa\u00f1a de firmas lanzada a trav\u00e9s de la plataforma de Change, acompa\u00f1ada por un video con una canci\u00f3n alusiva en el que participaron el actor fueguino Mariano Torre, la cantante Elena Roger y el m\u00fasico Lito Vitale, entre otros (<a href=\"https:\/\/www.youtube.com\/watch?v=sA1ZaNLpUXc\" target=\"_blank\" rel=\"noopener\">https:\/\/www.youtube.com\/watch?v=sA1ZaNLpUXc<\/a>).<\/p>\n<p>Seg\u00fan las entidades proteccionistas, el primer antecedente de un proyecto de ley para proteger el extremo sudoriental de Tierra del Fuego, su \u00e1rea mar\u00edtima adyacente y las \u00e1reas marinas que rodean la Isla de Los Estados,\u00a0<strong>fue presentado hace 32 a\u00f1os, y desde entonces da vueltas por oficinas y despachos legislativos con diferentes versiones.<\/strong><\/p>\n<h2 class=\"\">Cu\u00e1les son las caracteristicas del lugar<\/h2>\n<p><strong>La zona equivalente en sus dimensiones a 25 veces la ciudad de Buenos Aires\u00a0<\/strong>es conocida por estar pr\u00e1cticamente deshabitada en su totalidad y por su clima hostil que la convierten en uno de los lugares m\u00e1s inh\u00f3spitos del mundo.<\/p>\n<p>Sin embargo, entre otras caracter\u00edsticas de su ecosistema,\u00a0<strong>la pen\u00ednsula re\u00fane el 84,4% del total de turberas del territorio nacional, humedales capaces de absorber y retener carbono<\/strong>,\u00a0<strong>y de cumplir con ello una funci\u00f3n clave en la mitigaci\u00f3n de la crisis clim\u00e1tica mundial.<\/strong><\/p>\n<figure class=\"mb-3\"><img decoding=\"async\" src=\"https:\/\/www.telam.com.ar\/thumbs\/bluesteel\/advf\/imagenes\/2021\/06\/60becfe62b276_1200.jpg\" alt=\"Sus aguas y bosques contienen una biodiversidad muy amplia Foto Cristina Urrutia\" width=\"100%\" height=\"100%\" \/><\/p>\n<div class=\"media-icons\"><\/div><figcaption>Sus aguas y bosques contienen una biodiversidad muy amplia. Foto: Cristina Urrutia<\/figcaption><\/figure>\n<p>Seg\u00fan revel\u00f3 \u201cSin Azul No Hay Verde\u201d (SANHV) el programa marino de la Organizaci\u00f3n No Gubernamental (ONG) Conservation Land Trust (CLT) el sitio almacena 315 millones de toneladas m\u00e9tricas de carbono, \u201cequivalente a m\u00e1s de tres a\u00f1os de emisiones de di\u00f3xido de carbono de toda la Argentina\u201d.<\/p>\n<p><strong>Esa cantidad es capaz de mitigar las emisiones mundiales de di\u00f3xido de carbono y otros gases de efecto invernadero, principales causantes del calentamiento global<\/strong>, asegur\u00f3 la ONG con base en estudios del Centro Mundial de Vigilancia de la Conservaci\u00f3n de Naciones Unidas (UNEP-WCMC) y a c\u00e1lculos realizados por National Geographic Society.<\/p>\n<p>Adem\u00e1s de ser un sitio de naturaleza pr\u00edstina, casi sin intervenci\u00f3n humana contempor\u00e1nea, la pen\u00ednsula contiene cientos de yacimientos arqueol\u00f3gicos con huellas de los pueblos primitivos que la habitaron hace miles de a\u00f1os, y restos de unos 800 naufragios producidos sobre sus costas.<\/p>\n","protected":false},"excerpt":{"rendered":"<p>La zona, que equivale a 25 veces la ciudad de Buenos Aires,\u00a0re\u00fane el 84,4% del total de turberas del territorio nacional, humedales capaces de absorber y retener carbono\u00a0y cumple una funci\u00f3n clave en la mitigaci\u00f3n de la crisis clim\u00e1tica mundial.<\/p>\n","protected":false},"author":3,"featured_media":0,"comment_status":"closed","ping_status":"closed","sticky":false,"template":"","format":"standard","meta":{"footnotes":""},"categories":[46],"tags":[],"class_list":["post-80753","post","type-post","status-publish","format-standard","hentry","category-ciencia-y-tecnologia"],"yoast_head":"<!-- This site is optimized with the Yoast SEO plugin v25.9 - https:\/\/yoast.com\/wordpress\/plugins\/seo\/ -->\n<title>Buscan proteger por ley a Pen\u00ednsula Mitre, el mayor reservorio de carbono del pa\u00eds - Noticias Radio Reflejos<\/title>\n<meta name=\"robots\" content=\"index, follow, max-snippet:-1, max-image-preview:large, max-video-preview:-1\" \/>\n<link rel=\"canonical\" href=\"https:\/\/www.noticiasradioreflejos.com.ar\/2021\/buscan-proteger-por-ley-a-peninsula-mitre-el-mayor-reservorio-de-carbono-del-pais\/\" \/>\n<meta property=\"og:locale\" content=\"es_ES\" \/>\n<meta property=\"og:type\" content=\"article\" \/>\n<meta property=\"og:title\" content=\"Buscan proteger por ley a Pen\u00ednsula Mitre, el mayor reservorio de carbono del pa\u00eds - Noticias Radio Reflejos\" \/>\n<meta property=\"og:description\" content=\"La zona, que equivale a 25 veces la ciudad de Buenos Aires,\u00a0re\u00fane el 84,4% del total de turberas del territorio nacional, humedales capaces de absorber y retener carbono\u00a0y cumple una funci\u00f3n clave en la mitigaci\u00f3n de la crisis clim\u00e1tica mundial.\" \/>\n<meta property=\"og:url\" content=\"https:\/\/www.noticiasradioreflejos.com.ar\/2021\/buscan-proteger-por-ley-a-peninsula-mitre-el-mayor-reservorio-de-carbono-del-pais\/\" \/>\n<meta property=\"og:site_name\" content=\"Noticias Radio Reflejos\" \/>\n<meta property=\"article:published_time\" content=\"2022-11-30T11:30:36+00:00\" \/>\n<meta property=\"og:image\" content=\"https:\/\/www.telam.com.ar\/thumbs\/bluesteel\/advf\/imagenes\/2022\/11\/636d25590fcff_1200.jpg\" \/>\n<meta name=\"author\" content=\"Arnaldo Botto\" \/>\n<meta name=\"twitter:card\" content=\"summary_large_image\" \/>\n<script type=\"application\/ld+json\" class=\"yoast-schema-graph\">{\"@context\":\"https:\/\/schema.org\",\"@graph\":[{\"@type\":\"WebPage\",\"@id\":\"https:\/\/www.noticiasradioreflejos.com.ar\/2021\/buscan-proteger-por-ley-a-peninsula-mitre-el-mayor-reservorio-de-carbono-del-pais\/\",\"url\":\"https:\/\/www.noticiasradioreflejos.com.ar\/2021\/buscan-proteger-por-ley-a-peninsula-mitre-el-mayor-reservorio-de-carbono-del-pais\/\",\"name\":\"Buscan proteger por ley a Pen\u00ednsula Mitre, el mayor reservorio de carbono del pa\u00eds - Noticias Radio Reflejos\",\"isPartOf\":{\"@id\":\"https:\/\/www.noticiasradioreflejos.com.ar\/2021\/#website\"},\"primaryImageOfPage\":{\"@id\":\"https:\/\/www.noticiasradioreflejos.com.ar\/2021\/buscan-proteger-por-ley-a-peninsula-mitre-el-mayor-reservorio-de-carbono-del-pais\/#primaryimage\"},\"image\":{\"@id\":\"https:\/\/www.noticiasradioreflejos.com.ar\/2021\/buscan-proteger-por-ley-a-peninsula-mitre-el-mayor-reservorio-de-carbono-del-pais\/#primaryimage\"},\"thumbnailUrl\":\"https:\/\/www.telam.com.ar\/thumbs\/bluesteel\/advf\/imagenes\/2022\/11\/636d25590fcff_1200.jpg\",\"datePublished\":\"2022-11-30T11:30:36+00:00\",\"author\":{\"@id\":\"https:\/\/www.noticiasradioreflejos.com.ar\/2021\/#\/schema\/person\/ad82545263dcc5ec0996818884fd5fb1\"},\"breadcrumb\":{\"@id\":\"https:\/\/www.noticiasradioreflejos.com.ar\/2021\/buscan-proteger-por-ley-a-peninsula-mitre-el-mayor-reservorio-de-carbono-del-pais\/#breadcrumb\"},\"inLanguage\":\"es\",\"potentialAction\":[{\"@type\":\"ReadAction\",\"target\":[\"https:\/\/www.noticiasradioreflejos.com.ar\/2021\/buscan-proteger-por-ley-a-peninsula-mitre-el-mayor-reservorio-de-carbono-del-pais\/\"]}]},{\"@type\":\"ImageObject\",\"inLanguage\":\"es\",\"@id\":\"https:\/\/www.noticiasradioreflejos.com.ar\/2021\/buscan-proteger-por-ley-a-peninsula-mitre-el-mayor-reservorio-de-carbono-del-pais\/#primaryimage\",\"url\":\"https:\/\/www.telam.com.ar\/thumbs\/bluesteel\/advf\/imagenes\/2022\/11\/636d25590fcff_1200.jpg\",\"contentUrl\":\"https:\/\/www.telam.com.ar\/thumbs\/bluesteel\/advf\/imagenes\/2022\/11\/636d25590fcff_1200.jpg\"},{\"@type\":\"BreadcrumbList\",\"@id\":\"https:\/\/www.noticiasradioreflejos.com.ar\/2021\/buscan-proteger-por-ley-a-peninsula-mitre-el-mayor-reservorio-de-carbono-del-pais\/#breadcrumb\",\"itemListElement\":[{\"@type\":\"ListItem\",\"position\":1,\"name\":\"Portada\",\"item\":\"https:\/\/www.noticiasradioreflejos.com.ar\/2021\/\"},{\"@type\":\"ListItem\",\"position\":2,\"name\":\"Buscan proteger por ley a Pen\u00ednsula Mitre, el mayor reservorio de carbono del pa\u00eds\"}]},{\"@type\":\"WebSite\",\"@id\":\"https:\/\/www.noticiasradioreflejos.com.ar\/2021\/#website\",\"url\":\"https:\/\/www.noticiasradioreflejos.com.ar\/2021\/\",\"name\":\"Noticias Radio Reflejos\",\"description\":\"Las noticias de mi comarca\",\"potentialAction\":[{\"@type\":\"SearchAction\",\"target\":{\"@type\":\"EntryPoint\",\"urlTemplate\":\"https:\/\/www.noticiasradioreflejos.com.ar\/2021\/?s={search_term_string}\"},\"query-input\":{\"@type\":\"PropertyValueSpecification\",\"valueRequired\":true,\"valueName\":\"search_term_string\"}}],\"inLanguage\":\"es\"},{\"@type\":\"Person\",\"@id\":\"https:\/\/www.noticiasradioreflejos.com.ar\/2021\/#\/schema\/person\/ad82545263dcc5ec0996818884fd5fb1\",\"name\":\"Arnaldo Botto\",\"image\":{\"@type\":\"ImageObject\",\"inLanguage\":\"es\",\"@id\":\"https:\/\/www.noticiasradioreflejos.com.ar\/2021\/#\/schema\/person\/image\/\",\"url\":\"https:\/\/secure.gravatar.com\/avatar\/55cb5e37c1efa326397366e6974cb338056df65cb50e7d64d1cf314e87504837?s=96&d=mm&r=g\",\"contentUrl\":\"https:\/\/secure.gravatar.com\/avatar\/55cb5e37c1efa326397366e6974cb338056df65cb50e7d64d1cf314e87504837?s=96&d=mm&r=g\",\"caption\":\"Arnaldo Botto\"},\"url\":\"https:\/\/www.noticiasradioreflejos.com.ar\/2021\/author\/arnaldo\/\"}]}<\/script>\n<!-- \/ Yoast SEO plugin. -->","yoast_head_json":{"title":"Buscan proteger por ley a Pen\u00ednsula Mitre, el mayor reservorio de carbono del pa\u00eds - Noticias Radio Reflejos","robots":{"index":"index","follow":"follow","max-snippet":"max-snippet:-1","max-image-preview":"max-image-preview:large","max-video-preview":"max-video-preview:-1"},"canonical":"https:\/\/www.noticiasradioreflejos.com.ar\/2021\/buscan-proteger-por-ley-a-peninsula-mitre-el-mayor-reservorio-de-carbono-del-pais\/","og_locale":"es_ES","og_type":"article","og_title":"Buscan proteger por ley a Pen\u00ednsula Mitre, el mayor reservorio de carbono del pa\u00eds - Noticias Radio Reflejos","og_description":"La zona, que equivale a 25 veces la ciudad de Buenos Aires,\u00a0re\u00fane el 84,4% del total de turberas del territorio nacional, humedales capaces de absorber y retener carbono\u00a0y cumple una funci\u00f3n clave en la mitigaci\u00f3n de la crisis clim\u00e1tica mundial.","og_url":"https:\/\/www.noticiasradioreflejos.com.ar\/2021\/buscan-proteger-por-ley-a-peninsula-mitre-el-mayor-reservorio-de-carbono-del-pais\/","og_site_name":"Noticias Radio Reflejos","article_published_time":"2022-11-30T11:30:36+00:00","og_image":[{"url":"https:\/\/www.telam.com.ar\/thumbs\/bluesteel\/advf\/imagenes\/2022\/11\/636d25590fcff_1200.jpg","type":"","width":"","height":""}],"author":"Arnaldo Botto","twitter_card":"summary_large_image","schema":{"@context":"https:\/\/schema.org","@graph":[{"@type":"WebPage","@id":"https:\/\/www.noticiasradioreflejos.com.ar\/2021\/buscan-proteger-por-ley-a-peninsula-mitre-el-mayor-reservorio-de-carbono-del-pais\/","url":"https:\/\/www.noticiasradioreflejos.com.ar\/2021\/buscan-proteger-por-ley-a-peninsula-mitre-el-mayor-reservorio-de-carbono-del-pais\/","name":"Buscan proteger por ley a Pen\u00ednsula Mitre, el mayor reservorio de carbono del pa\u00eds - Noticias Radio Reflejos","isPartOf":{"@id":"https:\/\/www.noticiasradioreflejos.com.ar\/2021\/#website"},"primaryImageOfPage":{"@id":"https:\/\/www.noticiasradioreflejos.com.ar\/2021\/buscan-proteger-por-ley-a-peninsula-mitre-el-mayor-reservorio-de-carbono-del-pais\/#primaryimage"},"image":{"@id":"https:\/\/www.noticiasradioreflejos.com.ar\/2021\/buscan-proteger-por-ley-a-peninsula-mitre-el-mayor-reservorio-de-carbono-del-pais\/#primaryimage"},"thumbnailUrl":"https:\/\/www.telam.com.ar\/thumbs\/bluesteel\/advf\/imagenes\/2022\/11\/636d25590fcff_1200.jpg","datePublished":"2022-11-30T11:30:36+00:00","author":{"@id":"https:\/\/www.noticiasradioreflejos.com.ar\/2021\/#\/schema\/person\/ad82545263dcc5ec0996818884fd5fb1"},"breadcrumb":{"@id":"https:\/\/www.noticiasradioreflejos.com.ar\/2021\/buscan-proteger-por-ley-a-peninsula-mitre-el-mayor-reservorio-de-carbono-del-pais\/#breadcrumb"},"inLanguage":"es","potentialAction":[{"@type":"ReadAction","target":["https:\/\/www.noticiasradioreflejos.com.ar\/2021\/buscan-proteger-por-ley-a-peninsula-mitre-el-mayor-reservorio-de-carbono-del-pais\/"]}]},{"@type":"ImageObject","inLanguage":"es","@id":"https:\/\/www.noticiasradioreflejos.com.ar\/2021\/buscan-proteger-por-ley-a-peninsula-mitre-el-mayor-reservorio-de-carbono-del-pais\/#primaryimage","url":"https:\/\/www.telam.com.ar\/thumbs\/bluesteel\/advf\/imagenes\/2022\/11\/636d25590fcff_1200.jpg","contentUrl":"https:\/\/www.telam.com.ar\/thumbs\/bluesteel\/advf\/imagenes\/2022\/11\/636d25590fcff_1200.jpg"},{"@type":"BreadcrumbList","@id":"https:\/\/www.noticiasradioreflejos.com.ar\/2021\/buscan-proteger-por-ley-a-peninsula-mitre-el-mayor-reservorio-de-carbono-del-pais\/#breadcrumb","itemListElement":[{"@type":"ListItem","position":1,"name":"Portada","item":"https:\/\/www.noticiasradioreflejos.com.ar\/2021\/"},{"@type":"ListItem","position":2,"name":"Buscan proteger por ley a Pen\u00ednsula Mitre, el mayor reservorio de carbono del pa\u00eds"}]},{"@type":"WebSite","@id":"https:\/\/www.noticiasradioreflejos.com.ar\/2021\/#website","url":"https:\/\/www.noticiasradioreflejos.com.ar\/2021\/","name":"Noticias Radio Reflejos","description":"Las noticias de mi comarca","potentialAction":[{"@type":"SearchAction","target":{"@type":"EntryPoint","urlTemplate":"https:\/\/www.noticiasradioreflejos.com.ar\/2021\/?s={search_term_string}"},"query-input":{"@type":"PropertyValueSpecification","valueRequired":true,"valueName":"search_term_string"}}],"inLanguage":"es"},{"@type":"Person","@id":"https:\/\/www.noticiasradioreflejos.com.ar\/2021\/#\/schema\/person\/ad82545263dcc5ec0996818884fd5fb1","name":"Arnaldo Botto","image":{"@type":"ImageObject","inLanguage":"es","@id":"https:\/\/www.noticiasradioreflejos.com.ar\/2021\/#\/schema\/person\/image\/","url":"https:\/\/secure.gravatar.com\/avatar\/55cb5e37c1efa326397366e6974cb338056df65cb50e7d64d1cf314e87504837?s=96&d=mm&r=g","contentUrl":"https:\/\/secure.gravatar.com\/avatar\/55cb5e37c1efa326397366e6974cb338056df65cb50e7d64d1cf314e87504837?s=96&d=mm&r=g","caption":"Arnaldo Botto"},"url":"https:\/\/www.noticiasradioreflejos.com.ar\/2021\/author\/arnaldo\/"}]}},"_links":{"self":[{"href":"https:\/\/www.noticiasradioreflejos.com.ar\/2021\/wp-json\/wp\/v2\/posts\/80753","targetHints":{"allow":["GET"]}}],"collection":[{"href":"https:\/\/www.noticiasradioreflejos.com.ar\/2021\/wp-json\/wp\/v2\/posts"}],"about":[{"href":"https:\/\/www.noticiasradioreflejos.com.ar\/2021\/wp-json\/wp\/v2\/types\/post"}],"author":[{"embeddable":true,"href":"https:\/\/www.noticiasradioreflejos.com.ar\/2021\/wp-json\/wp\/v2\/users\/3"}],"replies":[{"embeddable":true,"href":"https:\/\/www.noticiasradioreflejos.com.ar\/2021\/wp-json\/wp\/v2\/comments?post=80753"}],"version-history":[{"count":1,"href":"https:\/\/www.noticiasradioreflejos.com.ar\/2021\/wp-json\/wp\/v2\/posts\/80753\/revisions"}],"predecessor-version":[{"id":80755,"href":"https:\/\/www.noticiasradioreflejos.com.ar\/2021\/wp-json\/wp\/v2\/posts\/80753\/revisions\/80755"}],"wp:attachment":[{"href":"https:\/\/www.noticiasradioreflejos.com.ar\/2021\/wp-json\/wp\/v2\/media?parent=80753"}],"wp:term":[{"taxonomy":"category","embeddable":true,"href":"https:\/\/www.noticiasradioreflejos.com.ar\/2021\/wp-json\/wp\/v2\/categories?post=80753"},{"taxonomy":"post_tag","embeddable":true,"href":"https:\/\/www.noticiasradioreflejos.com.ar\/2021\/wp-json\/wp\/v2\/tags?post=80753"}],"curies":[{"name":"wp","href":"https:\/\/api.w.org\/{rel}","templated":true}]}}