{"id":80745,"date":"2022-11-30T11:17:19","date_gmt":"2022-11-30T11:17:19","guid":{"rendered":"http:\/\/www.noticiasradioreflejos.com.ar\/2021\/?p=80745"},"modified":"2022-11-30T11:17:19","modified_gmt":"2022-11-30T11:17:19","slug":"el-conicet-acordo-con-un-laboratorio-para-realizar-un-estudio-de-tratamiento-contra-el-cancer","status":"publish","type":"post","link":"https:\/\/www.noticiasradioreflejos.com.ar\/2021\/el-conicet-acordo-con-un-laboratorio-para-realizar-un-estudio-de-tratamiento-contra-el-cancer\/","title":{"rendered":"El Conicet acord\u00f3 con un laboratorio para realizar un estudio de tratamiento contra el c\u00e1ncer"},"content":{"rendered":"<div class=\"wrapper-header\">Mediante este acuerdo, la firma GSK adquiere los derechos para poder trabajar y optimizar el anticuerpo monoclonal, de desarrollo nacional, realizar los ensayos cl\u00ednicos correspondientes y, en caso de comprobarse su eficacia, convertirlo en un tratamiento.<\/p>\n<h2 class=\"text-center\">acuerdo entre Conicet y GSK.<\/h2>\n<\/div>\n<p><!--more--><\/p>\n<p><iframe loading=\"lazy\" title=\"Conicet anuncia acuerdo con laboratorio para realizar estudio de tratamiento contra el c\u00e1ncer\" src=\"https:\/\/www.youtube.com\/embed\/oXBH2fATlZ0\" width=\"843\" height=\"474\" frameborder=\"0\" allowfullscreen=\"allowfullscreen\"><\/iframe><\/p>\n<div class=\"definition\">VER VIDEO\u00a0<i class=\"fas fa-play\"><\/i><\/div>\n<p><strong>El Consejo Nacional de Investigaciones Cient\u00edficas y T\u00e9cnicas (Conicet)<\/strong>\u00a0anunci\u00f3 un h<strong>ist\u00f3rico acuerdo de licencia con el laboratorio GSK<\/strong>\u00a0para un\u00a0<strong>anticuerpo monoclonal<\/strong>, un desarrollo realizado por investigadores argentinos que<strong>\u00a0retras\u00f3 el crecimiento de tumores\u00a0<\/strong>por lo que<strong>\u00a0podr\u00eda convertirse en un innovador tratamiento contra el c\u00e1ncer\u00a0<\/strong>en caso de\u00a0<strong>superar los estudios con pacientes que desarrollar\u00e1 la empresa multinacional.<\/strong><\/p>\n<p><strong>El ministro de Ciencia, Tecnolog\u00eda e Innovaci\u00f3n, Daniel Filmus<\/strong>, aval\u00f3 el convenio y destac\u00f3 que \u201chay una serie de coincidencias virtuosas que hacen esto posible:\u00a0<strong>la cooperaci\u00f3n internacional; la articulaci\u00f3n entre lo p\u00fablico y lo privado que permite escalar los hallazgos; la articulaci\u00f3n entre la investigaci\u00f3n b\u00e1sica y la medicina transnacional\u00bb.<\/strong>\u00a0Tambi\u00e9n mencion\u00f3 \u00abla articulaci\u00f3n interinstitucional entre el Ministerio de Ciencia, el Conicet, la Agencia I+D+i y las universidades; y la importancia de la ciencia como pol\u00edtica de Estado, como se ve en este caso de una investigaci\u00f3n que llev\u00f3 m\u00e1s de veinte a\u00f1os\u00bb.<\/p>\n<p>Mediante este acuerdo, GSK adquiere los derechos para poder trabajar y optimizar este anticuerpo de desarrollo nacional, realizar los ensayos cl\u00ednicos correspondientes y, en caso de comprobarse su eficacia, convertirlo en un tratamiento.<\/p>\n<p>Como contraprestaci\u00f3n,\u00a0<strong>Conicet recibir\u00e1 un pago inicial y futuros pagos<\/strong>\u00a0acorde a la obtenci\u00f3n de resultados, as\u00ed como tambi\u00e9n el<strong>\u00a0pago de derechos sobre futuras ventas<\/strong>\u00a0netas de cualquier medicamento desarrollado\u00a0<strong>en base a este anticuerpo o a cualquiera de sus derivados en cualquier pa\u00eds del mundo.<\/strong><\/p>\n<p>\u00abEste anticuerpo monoclonal lo desarrollamos junto a la\u00a0<strong>doctora Mercedes Fuertes en el a\u00f1o 2000.\u00a0<\/strong>Yo hab\u00eda hecho mi doctorado en Texas, Estados Unidos, cuando comenc\u00e9 a estudiar esta prote\u00edna llamada MICA y al regresar a la Argentina form\u00e9 un grupo de investigaci\u00f3n para continuar la tarea\u00bb, cont\u00f3 a T\u00e9lam\u00a0<strong>Norberto Zwirner, Investigador Superior del Conicet y Director del Laboratorio de Fisiopatolog\u00eda de la Inmunidad Innata, Instituto de Biolog\u00eda y Medicina Experimental (Ibyme-Conicet).<\/strong><\/p>\n<figure class=\"mb-3\"><img decoding=\"async\" src=\"https:\/\/www.telam.com.ar\/thumbs\/bluesteel\/advf\/imagenes\/2022\/11\/638688a1f1de6_1200.jpg\" alt=\"Franchi Filmus Madauss Foto Florencia Downes\" width=\"100%\" height=\"100%\" \/><\/p>\n<div class=\"media-icons\"><\/div><figcaption>Franchi Filmus Madauss. Foto: Florencia Downes<\/figcaption><\/figure>\n<p>Y a\u00f1adi\u00f3: \u00abLo que empezamos a hacer fue\u00a0<strong>generar un anticuerpo\u00a0<\/strong>que permitiera\u00a0<strong>rastrear la presencia de MICA<\/strong>, mol\u00e9cula sobre la que sab\u00edamos muy poco por ese entonces, hasta que se descubri\u00f3 que estaba\u00a0<strong>presente en las c\u00e9lulas tumorales y no en las sanas\u00bb.<\/strong><\/p>\n<blockquote class=\"\"><p>\u00abLa esperanza de m\u00e1xima es que este anticuerpo sirva para cualquier tipo de tumor\u00bb.<cite class=\"author\">Norberto Zwirner\u00a0<\/cite><\/p><\/blockquote>\n<p>Zwirner describi\u00f3 que un tiempo\u00a0<strong>despu\u00e9s GSK se interes\u00f3 en este desarrollo\u00a0<\/strong>y se realiz\u00f3 un primer convenio a partir del cual se comenz\u00f3 a estudiar si este anticuerpo contra MICA que hab\u00edan obtenido ten\u00eda una utilidad terap\u00e9utica.<\/p>\n<p>\u00abDescubrimos que s\u00ed,\u00a0<strong>que el anticuerpo monoclonal no s\u00f3lo permit\u00eda detectar d\u00f3nde se expresa MICA sino que ten\u00eda un marcado efecto terap\u00e9utico.\u00a0<\/strong>Entonces GSK realiz\u00f3 lo que se denomina &#8216;humanizaci\u00f3n&#8217; del anticuerpo para desarrollar un producto que sea eventualmente bien tolerado en pacientes, y comenzamos a hacer estudios con c\u00e9lulas humanas en cultivos (in vitro). Los datos obtenidos tambi\u00e9n avalaron las\u00a0<strong>propiedades de este anticuerpo;<\/strong>\u00a0y a partir de ah\u00ed se decidi\u00f3 avanzar en este acuerdo de licencia para\u00a0<strong>realizar los ensayos cl\u00ednicos (en pacientes)<\/strong>\u00a0porque requieren una inversi\u00f3n e infraestructura a nivel global que es lo que va aportar GSK\u00bb, se\u00f1al\u00f3.<\/p>\n<p>El investigador explic\u00f3 que la prote\u00edna MICA est\u00e1 presente en todo tipo de tumor, por lo cual \u00abla esperanza de m\u00e1xima es que este anticuerpo sirva para cualquier tipo de tumor\u00bb.<\/p>\n<figure class=\"mb-3\"><img decoding=\"async\" src=\"https:\/\/www.telam.com.ar\/thumbs\/bluesteel\/advf\/imagenes\/2022\/11\/638688a27b7d1_1200.jpg\" alt=\"Norberto Zwirner Foto Florencia Downes\" width=\"100%\" height=\"100%\" \/><\/p>\n<div class=\"media-icons\"><\/div><figcaption>Norberto Zwirner. Foto: Florencia Downes<\/figcaption><\/figure>\n<p>El anticuerpo monoclonal, al igual que cualquier anticuerpo monoclonal terap\u00e9utico existente,\u00a0<strong>va a ser administrado por v\u00eda inyectable<\/strong>, aunque todav\u00eda\u00a0<strong>no est\u00e1 definida la dosis ni la frecuencia\u00a0<\/strong>en que se administrar\u00e1 (esa informaci\u00f3n surgir\u00e1 de los estudios cl\u00ednicos que se llevar\u00e1n a cabo).<\/p>\n<blockquote class=\"\"><p>\u00abLo que buscamos es que\u00a0<strong>sea el sistema inmunol\u00f3gico el que rechace ese tumor pero al mismo tiempo no haga da\u00f1o a las c\u00e9lulas sanas\u00bb.<cite class=\"author\">Norberto Zwirner<\/cite><\/strong><\/p><\/blockquote>\n<p>Los siguientes pasos son terminar de\u00a0<strong>optimizar la mol\u00e9cula para que sea la mejor posible para administrar a un paciente,\u00a0<\/strong>y luego presentar toda la documentaci\u00f3n en los entes regulatorios de Estados Unidos (FDA), de Europa (EMA) y de Argentina (ANMAT) para poder\u00a0<strong>comenzar con los ensayos cl\u00ednicos,<\/strong>\u00a0que est\u00e1n previstos que empiecen no antes del\u00a0<strong>segundo semestre de 2023.<\/strong><\/p>\n<p>\u00ab<strong>Estamos en la era de la inmunoterapia y la inmunooncolog\u00eda,\u00a0<\/strong>esto significa que a trav\u00e9s una mol\u00e9cula (en este caso un anticuerpo) tratamos de\u00a0<strong>explotar al m\u00e1ximo el potencial del sistema inmunol\u00f3gico del propio paciente para que sea \u00e9ste el que elimine el tumor\u00bb,\u00a0<\/strong>se\u00f1al\u00f3 Zwirner, quien tambi\u00e9n es Profesor Asociado de Inmunolog\u00eda Celular y Molecular del Departamento de Qu\u00edmica Biol\u00f3gica de la Facultad de Ciencias Exactas y Naturales de la UBA.<\/p>\n<p>Y continu\u00f3: \u00abLo que buscamos es que\u00a0<strong>sea el sistema inmunol\u00f3gico el que rechace ese tumor pero al mismo tiempo no haga da\u00f1o a las c\u00e9lulas sanas\u00a0<\/strong>y esa es una de las esperanzas que tenemos con este anticuerpo anti MICA.<strong>\u00a0Estamos ante la posibilidad de encontrar una nueva medicina en el campo de la inmunoterapia\u00bb.<\/strong><\/p>\n<figure class=\"mb-3\"><img decoding=\"async\" src=\"https:\/\/www.telam.com.ar\/thumbs\/bluesteel\/advf\/imagenes\/2022\/11\/638688a25e8b4_1200.jpg\" alt=\"Ana Franchi Foto Florencia Downes\" width=\"100%\" height=\"100%\" \/><\/p>\n<div class=\"media-icons\"><\/div><figcaption>Ana Franchi. Foto: Florencia Downes<\/figcaption><\/figure>\n<h2 class=\"\">Colaboraci\u00f3n p\u00fablico y privado<\/h2>\n<p>El acuerdo con GSK es, para Zwirner, parte de un\u00a0<strong>ciclo virtuoso<\/strong>\u00a0al que est\u00e1 orgulloso de pertenecer: \u00abYo comenc\u00e9 a estudiar esto en el a\u00f1o 1995 en un laboratorio y ver que hoy llega al paciente es una emoci\u00f3n muy grande y muy dif\u00edcil de alcanzar\u00bb.<\/p>\n<p>\u00abEste hito -continu\u00f3- est\u00e1 marcado por dos cuestiones: por un lado, por la importancia de hacer\u00a0<strong>ciencia en Argentina<\/strong>\u00a0y las posibilidades que dan instituciones como Conicet y el Ministerio de Ciencia, Tecnolog\u00eda e Innovaci\u00f3n; y por el otro, hay que mencionar que no es posible llegar al paciente sin la\u00a0<strong>colaboraci\u00f3n entre el sector p\u00fablico y del sector privado\u00bb.<\/strong><\/p>\n<p>Y record\u00f3 que, en este caso, \u00abesa colaboraci\u00f3n se dio a trav\u00e9s del\u00a0<strong>programa Trust in Science de la empresa GSK,\u00a0<\/strong>a trav\u00e9s del cual no s\u00f3lo nos brindaron financiamiento, sino que adem\u00e1s a trav\u00e9s de conferencias peri\u00f3dicas con investigadores de Estados Unidos y el Reino Unido se avanz\u00f3 enriqueciendo el desarrollo del proyecto; es decir, que el programa Trust in Science\u00a0<strong>representa mucho m\u00e1s que un simple financiamiento: es una cooperaci\u00f3n integral y genuina entre el sector p\u00fablico (Conicet y el sector privado (GSK)\u00bb.<\/strong><\/p>\n<figure class=\"mb-3\"><img decoding=\"async\" src=\"https:\/\/www.telam.com.ar\/thumbs\/bluesteel\/advf\/imagenes\/2022\/11\/638688a225493_1200.jpg\" alt=\"CONICET Cancer tratamiento Foto Florencia Downes\" width=\"100%\" height=\"100%\" \/><\/p>\n<div class=\"media-icons\"><\/div><figcaption>CONICET Cancer tratamiento. Foto: Florencia Downes<\/figcaption><\/figure>\n<p>En este contexto, l<strong>a presidenta del Conicet, Ana Franchi<\/strong>, se\u00f1al\u00f3: \u00abMe siento orgullosa de la asociaci\u00f3n con GSK a trav\u00e9s de Trust in Science desde 2011 en Argentina. La inversi\u00f3n continua en la comunidad de investigaci\u00f3n y desarrollo es una prioridad para Argentina y este acuerdo representa lo que puede ocurrir mediante este compromiso presente\u00bb.<\/p>\n<p>Trust in Science opera actualmente en Argentina, Brasil, M\u00e9xico, Uruguay e India y \u00e9ste es el primer acuerdo de esta envergadura que la compa\u00f1\u00eda firma con un organismo de ciencia y t\u00e9cnica de Am\u00e9rica Latina.<\/p>\n","protected":false},"excerpt":{"rendered":"<p>Mediante este acuerdo, la firma GSK adquiere los derechos para poder trabajar y optimizar el anticuerpo monoclonal, de desarrollo nacional, realizar los ensayos cl\u00ednicos correspondientes y, en caso de comprobarse su eficacia, convertirlo en un tratamiento. acuerdo entre Conicet y GSK.<\/p>\n","protected":false},"author":3,"featured_media":0,"comment_status":"closed","ping_status":"closed","sticky":false,"template":"","format":"standard","meta":{"footnotes":""},"categories":[46],"tags":[],"class_list":["post-80745","post","type-post","status-publish","format-standard","hentry","category-ciencia-y-tecnologia"],"yoast_head":"<!-- This site is optimized with the Yoast SEO plugin v25.9 - https:\/\/yoast.com\/wordpress\/plugins\/seo\/ -->\n<title>El Conicet acord\u00f3 con un laboratorio para realizar un estudio de tratamiento contra el c\u00e1ncer - Noticias Radio Reflejos<\/title>\n<meta name=\"robots\" content=\"index, follow, max-snippet:-1, max-image-preview:large, max-video-preview:-1\" \/>\n<link rel=\"canonical\" href=\"https:\/\/www.noticiasradioreflejos.com.ar\/2021\/el-conicet-acordo-con-un-laboratorio-para-realizar-un-estudio-de-tratamiento-contra-el-cancer\/\" \/>\n<meta property=\"og:locale\" content=\"es_ES\" \/>\n<meta property=\"og:type\" content=\"article\" \/>\n<meta property=\"og:title\" content=\"El Conicet acord\u00f3 con un laboratorio para realizar un estudio de tratamiento contra el c\u00e1ncer - Noticias Radio Reflejos\" \/>\n<meta property=\"og:description\" content=\"Mediante este acuerdo, la firma GSK adquiere los derechos para poder trabajar y optimizar el anticuerpo monoclonal, de desarrollo nacional, realizar los ensayos cl\u00ednicos correspondientes y, en caso de comprobarse su eficacia, convertirlo en un tratamiento. acuerdo entre Conicet y GSK.\" \/>\n<meta property=\"og:url\" content=\"https:\/\/www.noticiasradioreflejos.com.ar\/2021\/el-conicet-acordo-con-un-laboratorio-para-realizar-un-estudio-de-tratamiento-contra-el-cancer\/\" \/>\n<meta property=\"og:site_name\" content=\"Noticias Radio Reflejos\" \/>\n<meta property=\"article:published_time\" content=\"2022-11-30T11:17:19+00:00\" \/>\n<meta property=\"og:image\" content=\"https:\/\/www.telam.com.ar\/thumbs\/bluesteel\/advf\/imagenes\/2022\/11\/638688a1f1de6_1200.jpg\" \/>\n<meta name=\"author\" content=\"Arnaldo Botto\" \/>\n<meta name=\"twitter:card\" content=\"summary_large_image\" \/>\n<script type=\"application\/ld+json\" class=\"yoast-schema-graph\">{\"@context\":\"https:\/\/schema.org\",\"@graph\":[{\"@type\":\"WebPage\",\"@id\":\"https:\/\/www.noticiasradioreflejos.com.ar\/2021\/el-conicet-acordo-con-un-laboratorio-para-realizar-un-estudio-de-tratamiento-contra-el-cancer\/\",\"url\":\"https:\/\/www.noticiasradioreflejos.com.ar\/2021\/el-conicet-acordo-con-un-laboratorio-para-realizar-un-estudio-de-tratamiento-contra-el-cancer\/\",\"name\":\"El Conicet acord\u00f3 con un laboratorio para realizar un estudio de tratamiento contra el c\u00e1ncer - Noticias Radio Reflejos\",\"isPartOf\":{\"@id\":\"https:\/\/www.noticiasradioreflejos.com.ar\/2021\/#website\"},\"primaryImageOfPage\":{\"@id\":\"https:\/\/www.noticiasradioreflejos.com.ar\/2021\/el-conicet-acordo-con-un-laboratorio-para-realizar-un-estudio-de-tratamiento-contra-el-cancer\/#primaryimage\"},\"image\":{\"@id\":\"https:\/\/www.noticiasradioreflejos.com.ar\/2021\/el-conicet-acordo-con-un-laboratorio-para-realizar-un-estudio-de-tratamiento-contra-el-cancer\/#primaryimage\"},\"thumbnailUrl\":\"https:\/\/www.telam.com.ar\/thumbs\/bluesteel\/advf\/imagenes\/2022\/11\/638688a1f1de6_1200.jpg\",\"datePublished\":\"2022-11-30T11:17:19+00:00\",\"author\":{\"@id\":\"https:\/\/www.noticiasradioreflejos.com.ar\/2021\/#\/schema\/person\/ad82545263dcc5ec0996818884fd5fb1\"},\"breadcrumb\":{\"@id\":\"https:\/\/www.noticiasradioreflejos.com.ar\/2021\/el-conicet-acordo-con-un-laboratorio-para-realizar-un-estudio-de-tratamiento-contra-el-cancer\/#breadcrumb\"},\"inLanguage\":\"es\",\"potentialAction\":[{\"@type\":\"ReadAction\",\"target\":[\"https:\/\/www.noticiasradioreflejos.com.ar\/2021\/el-conicet-acordo-con-un-laboratorio-para-realizar-un-estudio-de-tratamiento-contra-el-cancer\/\"]}]},{\"@type\":\"ImageObject\",\"inLanguage\":\"es\",\"@id\":\"https:\/\/www.noticiasradioreflejos.com.ar\/2021\/el-conicet-acordo-con-un-laboratorio-para-realizar-un-estudio-de-tratamiento-contra-el-cancer\/#primaryimage\",\"url\":\"https:\/\/www.telam.com.ar\/thumbs\/bluesteel\/advf\/imagenes\/2022\/11\/638688a1f1de6_1200.jpg\",\"contentUrl\":\"https:\/\/www.telam.com.ar\/thumbs\/bluesteel\/advf\/imagenes\/2022\/11\/638688a1f1de6_1200.jpg\"},{\"@type\":\"BreadcrumbList\",\"@id\":\"https:\/\/www.noticiasradioreflejos.com.ar\/2021\/el-conicet-acordo-con-un-laboratorio-para-realizar-un-estudio-de-tratamiento-contra-el-cancer\/#breadcrumb\",\"itemListElement\":[{\"@type\":\"ListItem\",\"position\":1,\"name\":\"Portada\",\"item\":\"https:\/\/www.noticiasradioreflejos.com.ar\/2021\/\"},{\"@type\":\"ListItem\",\"position\":2,\"name\":\"El Conicet acord\u00f3 con un laboratorio para realizar un estudio de tratamiento contra el c\u00e1ncer\"}]},{\"@type\":\"WebSite\",\"@id\":\"https:\/\/www.noticiasradioreflejos.com.ar\/2021\/#website\",\"url\":\"https:\/\/www.noticiasradioreflejos.com.ar\/2021\/\",\"name\":\"Noticias Radio Reflejos\",\"description\":\"Las noticias de mi comarca\",\"potentialAction\":[{\"@type\":\"SearchAction\",\"target\":{\"@type\":\"EntryPoint\",\"urlTemplate\":\"https:\/\/www.noticiasradioreflejos.com.ar\/2021\/?s={search_term_string}\"},\"query-input\":{\"@type\":\"PropertyValueSpecification\",\"valueRequired\":true,\"valueName\":\"search_term_string\"}}],\"inLanguage\":\"es\"},{\"@type\":\"Person\",\"@id\":\"https:\/\/www.noticiasradioreflejos.com.ar\/2021\/#\/schema\/person\/ad82545263dcc5ec0996818884fd5fb1\",\"name\":\"Arnaldo Botto\",\"image\":{\"@type\":\"ImageObject\",\"inLanguage\":\"es\",\"@id\":\"https:\/\/www.noticiasradioreflejos.com.ar\/2021\/#\/schema\/person\/image\/\",\"url\":\"https:\/\/secure.gravatar.com\/avatar\/55cb5e37c1efa326397366e6974cb338056df65cb50e7d64d1cf314e87504837?s=96&d=mm&r=g\",\"contentUrl\":\"https:\/\/secure.gravatar.com\/avatar\/55cb5e37c1efa326397366e6974cb338056df65cb50e7d64d1cf314e87504837?s=96&d=mm&r=g\",\"caption\":\"Arnaldo Botto\"},\"url\":\"https:\/\/www.noticiasradioreflejos.com.ar\/2021\/author\/arnaldo\/\"}]}<\/script>\n<!-- \/ Yoast SEO plugin. -->","yoast_head_json":{"title":"El Conicet acord\u00f3 con un laboratorio para realizar un estudio de tratamiento contra el c\u00e1ncer - Noticias Radio Reflejos","robots":{"index":"index","follow":"follow","max-snippet":"max-snippet:-1","max-image-preview":"max-image-preview:large","max-video-preview":"max-video-preview:-1"},"canonical":"https:\/\/www.noticiasradioreflejos.com.ar\/2021\/el-conicet-acordo-con-un-laboratorio-para-realizar-un-estudio-de-tratamiento-contra-el-cancer\/","og_locale":"es_ES","og_type":"article","og_title":"El Conicet acord\u00f3 con un laboratorio para realizar un estudio de tratamiento contra el c\u00e1ncer - Noticias Radio Reflejos","og_description":"Mediante este acuerdo, la firma GSK adquiere los derechos para poder trabajar y optimizar el anticuerpo monoclonal, de desarrollo nacional, realizar los ensayos cl\u00ednicos correspondientes y, en caso de comprobarse su eficacia, convertirlo en un tratamiento. acuerdo entre Conicet y GSK.","og_url":"https:\/\/www.noticiasradioreflejos.com.ar\/2021\/el-conicet-acordo-con-un-laboratorio-para-realizar-un-estudio-de-tratamiento-contra-el-cancer\/","og_site_name":"Noticias Radio Reflejos","article_published_time":"2022-11-30T11:17:19+00:00","og_image":[{"url":"https:\/\/www.telam.com.ar\/thumbs\/bluesteel\/advf\/imagenes\/2022\/11\/638688a1f1de6_1200.jpg","type":"","width":"","height":""}],"author":"Arnaldo Botto","twitter_card":"summary_large_image","schema":{"@context":"https:\/\/schema.org","@graph":[{"@type":"WebPage","@id":"https:\/\/www.noticiasradioreflejos.com.ar\/2021\/el-conicet-acordo-con-un-laboratorio-para-realizar-un-estudio-de-tratamiento-contra-el-cancer\/","url":"https:\/\/www.noticiasradioreflejos.com.ar\/2021\/el-conicet-acordo-con-un-laboratorio-para-realizar-un-estudio-de-tratamiento-contra-el-cancer\/","name":"El Conicet acord\u00f3 con un laboratorio para realizar un estudio de tratamiento contra el c\u00e1ncer - Noticias Radio Reflejos","isPartOf":{"@id":"https:\/\/www.noticiasradioreflejos.com.ar\/2021\/#website"},"primaryImageOfPage":{"@id":"https:\/\/www.noticiasradioreflejos.com.ar\/2021\/el-conicet-acordo-con-un-laboratorio-para-realizar-un-estudio-de-tratamiento-contra-el-cancer\/#primaryimage"},"image":{"@id":"https:\/\/www.noticiasradioreflejos.com.ar\/2021\/el-conicet-acordo-con-un-laboratorio-para-realizar-un-estudio-de-tratamiento-contra-el-cancer\/#primaryimage"},"thumbnailUrl":"https:\/\/www.telam.com.ar\/thumbs\/bluesteel\/advf\/imagenes\/2022\/11\/638688a1f1de6_1200.jpg","datePublished":"2022-11-30T11:17:19+00:00","author":{"@id":"https:\/\/www.noticiasradioreflejos.com.ar\/2021\/#\/schema\/person\/ad82545263dcc5ec0996818884fd5fb1"},"breadcrumb":{"@id":"https:\/\/www.noticiasradioreflejos.com.ar\/2021\/el-conicet-acordo-con-un-laboratorio-para-realizar-un-estudio-de-tratamiento-contra-el-cancer\/#breadcrumb"},"inLanguage":"es","potentialAction":[{"@type":"ReadAction","target":["https:\/\/www.noticiasradioreflejos.com.ar\/2021\/el-conicet-acordo-con-un-laboratorio-para-realizar-un-estudio-de-tratamiento-contra-el-cancer\/"]}]},{"@type":"ImageObject","inLanguage":"es","@id":"https:\/\/www.noticiasradioreflejos.com.ar\/2021\/el-conicet-acordo-con-un-laboratorio-para-realizar-un-estudio-de-tratamiento-contra-el-cancer\/#primaryimage","url":"https:\/\/www.telam.com.ar\/thumbs\/bluesteel\/advf\/imagenes\/2022\/11\/638688a1f1de6_1200.jpg","contentUrl":"https:\/\/www.telam.com.ar\/thumbs\/bluesteel\/advf\/imagenes\/2022\/11\/638688a1f1de6_1200.jpg"},{"@type":"BreadcrumbList","@id":"https:\/\/www.noticiasradioreflejos.com.ar\/2021\/el-conicet-acordo-con-un-laboratorio-para-realizar-un-estudio-de-tratamiento-contra-el-cancer\/#breadcrumb","itemListElement":[{"@type":"ListItem","position":1,"name":"Portada","item":"https:\/\/www.noticiasradioreflejos.com.ar\/2021\/"},{"@type":"ListItem","position":2,"name":"El Conicet acord\u00f3 con un laboratorio para realizar un estudio de tratamiento contra el c\u00e1ncer"}]},{"@type":"WebSite","@id":"https:\/\/www.noticiasradioreflejos.com.ar\/2021\/#website","url":"https:\/\/www.noticiasradioreflejos.com.ar\/2021\/","name":"Noticias Radio Reflejos","description":"Las noticias de mi comarca","potentialAction":[{"@type":"SearchAction","target":{"@type":"EntryPoint","urlTemplate":"https:\/\/www.noticiasradioreflejos.com.ar\/2021\/?s={search_term_string}"},"query-input":{"@type":"PropertyValueSpecification","valueRequired":true,"valueName":"search_term_string"}}],"inLanguage":"es"},{"@type":"Person","@id":"https:\/\/www.noticiasradioreflejos.com.ar\/2021\/#\/schema\/person\/ad82545263dcc5ec0996818884fd5fb1","name":"Arnaldo Botto","image":{"@type":"ImageObject","inLanguage":"es","@id":"https:\/\/www.noticiasradioreflejos.com.ar\/2021\/#\/schema\/person\/image\/","url":"https:\/\/secure.gravatar.com\/avatar\/55cb5e37c1efa326397366e6974cb338056df65cb50e7d64d1cf314e87504837?s=96&d=mm&r=g","contentUrl":"https:\/\/secure.gravatar.com\/avatar\/55cb5e37c1efa326397366e6974cb338056df65cb50e7d64d1cf314e87504837?s=96&d=mm&r=g","caption":"Arnaldo Botto"},"url":"https:\/\/www.noticiasradioreflejos.com.ar\/2021\/author\/arnaldo\/"}]}},"_links":{"self":[{"href":"https:\/\/www.noticiasradioreflejos.com.ar\/2021\/wp-json\/wp\/v2\/posts\/80745","targetHints":{"allow":["GET"]}}],"collection":[{"href":"https:\/\/www.noticiasradioreflejos.com.ar\/2021\/wp-json\/wp\/v2\/posts"}],"about":[{"href":"https:\/\/www.noticiasradioreflejos.com.ar\/2021\/wp-json\/wp\/v2\/types\/post"}],"author":[{"embeddable":true,"href":"https:\/\/www.noticiasradioreflejos.com.ar\/2021\/wp-json\/wp\/v2\/users\/3"}],"replies":[{"embeddable":true,"href":"https:\/\/www.noticiasradioreflejos.com.ar\/2021\/wp-json\/wp\/v2\/comments?post=80745"}],"version-history":[{"count":1,"href":"https:\/\/www.noticiasradioreflejos.com.ar\/2021\/wp-json\/wp\/v2\/posts\/80745\/revisions"}],"predecessor-version":[{"id":80747,"href":"https:\/\/www.noticiasradioreflejos.com.ar\/2021\/wp-json\/wp\/v2\/posts\/80745\/revisions\/80747"}],"wp:attachment":[{"href":"https:\/\/www.noticiasradioreflejos.com.ar\/2021\/wp-json\/wp\/v2\/media?parent=80745"}],"wp:term":[{"taxonomy":"category","embeddable":true,"href":"https:\/\/www.noticiasradioreflejos.com.ar\/2021\/wp-json\/wp\/v2\/categories?post=80745"},{"taxonomy":"post_tag","embeddable":true,"href":"https:\/\/www.noticiasradioreflejos.com.ar\/2021\/wp-json\/wp\/v2\/tags?post=80745"}],"curies":[{"name":"wp","href":"https:\/\/api.w.org\/{rel}","templated":true}]}}