{"id":80664,"date":"2022-11-28T19:14:00","date_gmt":"2022-11-28T19:14:00","guid":{"rendered":"http:\/\/www.noticiasradioreflejos.com.ar\/2021\/?p=80664"},"modified":"2022-11-28T19:14:00","modified_gmt":"2022-11-28T19:14:00","slug":"automoto-cerro-sus-actividades-con-un-fieston","status":"publish","type":"post","link":"https:\/\/www.noticiasradioreflejos.com.ar\/2021\/automoto-cerro-sus-actividades-con-un-fieston\/","title":{"rendered":"Automoto cerr\u00f3 sus actividades con un fiest\u00f3n"},"content":{"rendered":"<p>   Fue un cierre a toda orquesta. El Automoto Club Deportivo vivi\u00f3 una noche a pleno durante la Cena del Deporte Menor, que sirvi\u00f3 para darle un final formal a la temporada de las distintas actividades que se desarrollan en la entidad.<!--more--><\/p>\n<p>   M\u00e1s de 500 personas colmaron el Polideportivo Mario Gandini para disfrutar de una espectacular cena, que contuvo momentos de alegr\u00eda y emoci\u00f3n para todos los chicos y chicas que diariamente concurren al club para practicar f\u00fatbol, v\u00f3leibol, tenis y boxeo.<\/p>\n<p>   Durante la noche hubo entrega de regalos, sorteos y reconocimientos para quienes representan mejor los valores azulgrana y el mejor compa\u00f1ero de cada categor\u00eda, adem\u00e1s de un gran servicio de comida, que incluy\u00f3 chorizo, pollo, asado de cerdo, ensaladas varias, postre y tortas y masitas.<\/p>\n<p>   Tambi\u00e9n se entregaron dos nuevas banderas para que acompa\u00f1en a la Escuelita Azulgrana y a las Inferiores.<br \/>\n   A continuaci\u00f3n compartimos los nombres de quienes recibieron sus respectivos reconocimientos:<\/p>\n<p>ESCUELITA AZULGRANA<br \/>\n2017\/2018<br \/>\nValor azulgrana: Lorenzo Villalba<br \/>\nMejor compa\u00f1ero: Vicente Gim\u00e9nez<br \/>\n2015\/2016<br \/>\nValor azulgrana: Mateo \u00c1balos<br \/>\nMejor compa\u00f1ero: Felipe Rodr\u00edguez<br \/>\n2014<br \/>\nValor azulgrana: Juan Ignacio Ant\u00f3n<br \/>\nMejor compa\u00f1ero: Juan Ignacio Fuhr<br \/>\n2013<br \/>\nValor azulgrana: Bautista Barrionuevo<br \/>\nMejor compa\u00f1ero: Victorio Luongo<br \/>\n2012<br \/>\nValor azulgrana: Facundo Torsani<br \/>\nMejor compa\u00f1ero: Juan Bonzini<br \/>\n2011<br \/>\nValor azulgrana: Mateo Hansel<br \/>\nMejor compa\u00f1ero : Valent\u00edn Matos<\/p>\n<p>INFERIORES<br \/>\nOCTAVA<br \/>\nValor azulgrana: Lautaro Del P\u00f3<br \/>\nMejor compa\u00f1ero: Francisco Tobares<br \/>\nS\u00c9PTIMA<br \/>\nValor azulgrana: Facundo Abalos<br \/>\nMejor compa\u00f1ero: Francisco Meriggi<br \/>\nSEXTA<br \/>\nValor azulgrana: Kalen Scarafia<br \/>\nMejor compa\u00f1ero: Santiago Hansel<br \/>\nQUINTA<br \/>\nValor azulgrana: Tom\u00e1s Oro\u00f1o<br \/>\nMejor compa\u00f1ero: Genaro Gandini<\/p>\n<p>VOLEY<br \/>\nEscuelita<br \/>\nValor azulgrana: Gianna Gar\u00f3foli<br \/>\nMejor compa\u00f1era: Julia Vila<\/p>\n<p>Mini<br \/>\nValor azulgrana: Lola Vallejos<br \/>\nMejor compa\u00f1era: Emma Franco<\/p>\n<p>Valor azulgrana: Martina Rusconi<\/p>\n<p>Mejor compa\u00f1era: Alma Del P\u00f3<br \/>\nSub 12 y Sub 13<br \/>\nValor azulgrana: Caro Rinc\u00f3n<br \/>\nMejor compa\u00f1era: Alma Rodr\u00edguez<br \/>\nSub 14<br \/>\nValor azulgrana: Emma Gandini y Olivia Naab<br \/>\nMejor compa\u00f1era: Juliana Rusconi<br \/>\nSub 16<br \/>\nValor azulgrana: Luc\u00eda Trankels<br \/>\nMejor compa\u00f1era: Luisina Miconi<br \/>\nBOXEO<br \/>\nValor Azulgrana: Joaqu\u00edn Go\u00f1i<br \/>\nMejor compa\u00f1ero: Santiago Ferreyra<\/p>\n<p><a data-flickr-embed=\"true\" href=\"https:\/\/www.flickr.com\/photos\/182279889@N02\/52530329863\/in\/dateposted-public\/\" title=\"DSC_5979 (2)\"><img loading=\"lazy\" decoding=\"async\" src=\"https:\/\/live.staticflickr.com\/65535\/52530329863_2b1d82c93c_c.jpg\" width=\"800\" height=\"503\" alt=\"DSC_5979 (2)\"><\/a><script async src=\"\/\/embedr.flickr.com\/assets\/client-code.js\" charset=\"utf-8\"><\/script><\/p>\n<p><a data-flickr-embed=\"true\" href=\"https:\/\/www.flickr.com\/photos\/182279889@N02\/52529319597\/in\/dateposted-public\/\" title=\"DSC_5995 (2)\"><img loading=\"lazy\" decoding=\"async\" src=\"https:\/\/live.staticflickr.com\/65535\/52529319597_388ee2c900_c.jpg\" width=\"800\" height=\"590\" alt=\"DSC_5995 (2)\"><\/a><script async src=\"\/\/embedr.flickr.com\/assets\/client-code.js\" charset=\"utf-8\"><\/script><\/p>\n<p><a data-flickr-embed=\"true\" href=\"https:\/\/www.flickr.com\/photos\/182279889@N02\/52530262325\/in\/dateposted-public\/\" title=\"DSC_6028 (2)\"><img loading=\"lazy\" decoding=\"async\" src=\"https:\/\/live.staticflickr.com\/65535\/52530262325_b56538e74a_c.jpg\" width=\"800\" height=\"491\" alt=\"DSC_6028 (2)\"><\/a><script async src=\"\/\/embedr.flickr.com\/assets\/client-code.js\" charset=\"utf-8\"><\/script><\/p>\n<p><a data-flickr-embed=\"true\" href=\"https:\/\/www.flickr.com\/photos\/182279889@N02\/52529782416\/in\/dateposted-public\/\" title=\"DSC_6114 (2)\"><img loading=\"lazy\" decoding=\"async\" src=\"https:\/\/live.staticflickr.com\/65535\/52529782416_9f6a764ac3_c.jpg\" width=\"800\" height=\"377\" alt=\"DSC_6114 (2)\"><\/a><script async src=\"\/\/embedr.flickr.com\/assets\/client-code.js\" charset=\"utf-8\"><\/script><\/p>\n<p><a data-flickr-embed=\"true\" href=\"https:\/\/www.flickr.com\/photos\/182279889@N02\/52530069549\/in\/dateposted-public\/\" title=\"DSC_6092 (2)\"><img loading=\"lazy\" decoding=\"async\" src=\"https:\/\/live.staticflickr.com\/65535\/52530069549_6427ca7417_c.jpg\" width=\"800\" height=\"401\" alt=\"DSC_6092 (2)\"><\/a><script async src=\"\/\/embedr.flickr.com\/assets\/client-code.js\" charset=\"utf-8\"><\/script><\/p>\n<p><a data-flickr-embed=\"true\" href=\"https:\/\/www.flickr.com\/photos\/182279889@N02\/52530069424\/in\/dateposted-public\/\" title=\"DSC_6024 (2)\"><img loading=\"lazy\" decoding=\"async\" src=\"https:\/\/live.staticflickr.com\/65535\/52530069424_e06e887416_c.jpg\" width=\"800\" height=\"537\" alt=\"DSC_6024 (2)\"><\/a><script async src=\"\/\/embedr.flickr.com\/assets\/client-code.js\" charset=\"utf-8\"><\/script><\/p>\n<p><a data-flickr-embed=\"true\" href=\"https:\/\/www.flickr.com\/photos\/182279889@N02\/52529782346\/in\/dateposted-public\/\" title=\"DSC_6036 (2)\"><img loading=\"lazy\" decoding=\"async\" src=\"https:\/\/live.staticflickr.com\/65535\/52529782346_a82546249b_c.jpg\" width=\"800\" height=\"368\" alt=\"DSC_6036 (2)\"><\/a><script async src=\"\/\/embedr.flickr.com\/assets\/client-code.js\" charset=\"utf-8\"><\/script><\/p>\n<p><a data-flickr-embed=\"true\" href=\"https:\/\/www.flickr.com\/photos\/182279889@N02\/52530069449\/in\/dateposted-public\/\" title=\"DSC_6053 (2)\"><img loading=\"lazy\" decoding=\"async\" src=\"https:\/\/live.staticflickr.com\/65535\/52530069449_c75af3a2bc_c.jpg\" width=\"800\" height=\"411\" alt=\"DSC_6053 (2)\"><\/a><script async src=\"\/\/embedr.flickr.com\/assets\/client-code.js\" charset=\"utf-8\"><\/script><\/p>\n","protected":false},"excerpt":{"rendered":"<p>Fue un cierre a toda orquesta. El Automoto Club Deportivo vivi\u00f3 una noche a pleno durante la Cena del Deporte Menor, que sirvi\u00f3 para darle un final formal a la temporada de las distintas actividades que se desarrollan en la entidad.<\/p>\n","protected":false},"author":3,"featured_media":0,"comment_status":"closed","ping_status":"closed","sticky":false,"template":"","format":"standard","meta":{"footnotes":""},"categories":[27],"tags":[],"class_list":["post-80664","post","type-post","status-publish","format-standard","hentry","category-deportes"],"yoast_head":"<!-- This site is optimized with the Yoast SEO plugin v25.9 - https:\/\/yoast.com\/wordpress\/plugins\/seo\/ -->\n<title>Automoto cerr\u00f3 sus actividades con un fiest\u00f3n - Noticias Radio Reflejos<\/title>\n<meta name=\"robots\" content=\"index, follow, max-snippet:-1, max-image-preview:large, max-video-preview:-1\" \/>\n<link rel=\"canonical\" href=\"https:\/\/www.noticiasradioreflejos.com.ar\/2021\/automoto-cerro-sus-actividades-con-un-fieston\/\" \/>\n<meta property=\"og:locale\" content=\"es_ES\" \/>\n<meta property=\"og:type\" content=\"article\" \/>\n<meta property=\"og:title\" content=\"Automoto cerr\u00f3 sus actividades con un fiest\u00f3n - Noticias Radio Reflejos\" \/>\n<meta property=\"og:description\" content=\"Fue un cierre a toda orquesta. El Automoto Club Deportivo vivi\u00f3 una noche a pleno durante la Cena del Deporte Menor, que sirvi\u00f3 para darle un final formal a la temporada de las distintas actividades que se desarrollan en la entidad.\" \/>\n<meta property=\"og:url\" content=\"https:\/\/www.noticiasradioreflejos.com.ar\/2021\/automoto-cerro-sus-actividades-con-un-fieston\/\" \/>\n<meta property=\"og:site_name\" content=\"Noticias Radio Reflejos\" \/>\n<meta property=\"article:published_time\" content=\"2022-11-28T19:14:00+00:00\" \/>\n<meta property=\"og:image\" content=\"https:\/\/live.staticflickr.com\/65535\/52530329863_2b1d82c93c_c.jpg\" \/>\n<meta name=\"author\" content=\"Arnaldo Botto\" \/>\n<meta name=\"twitter:card\" content=\"summary_large_image\" \/>\n<script type=\"application\/ld+json\" class=\"yoast-schema-graph\">{\"@context\":\"https:\/\/schema.org\",\"@graph\":[{\"@type\":\"WebPage\",\"@id\":\"https:\/\/www.noticiasradioreflejos.com.ar\/2021\/automoto-cerro-sus-actividades-con-un-fieston\/\",\"url\":\"https:\/\/www.noticiasradioreflejos.com.ar\/2021\/automoto-cerro-sus-actividades-con-un-fieston\/\",\"name\":\"Automoto cerr\u00f3 sus actividades con un fiest\u00f3n - Noticias Radio Reflejos\",\"isPartOf\":{\"@id\":\"https:\/\/www.noticiasradioreflejos.com.ar\/2021\/#website\"},\"primaryImageOfPage\":{\"@id\":\"https:\/\/www.noticiasradioreflejos.com.ar\/2021\/automoto-cerro-sus-actividades-con-un-fieston\/#primaryimage\"},\"image\":{\"@id\":\"https:\/\/www.noticiasradioreflejos.com.ar\/2021\/automoto-cerro-sus-actividades-con-un-fieston\/#primaryimage\"},\"thumbnailUrl\":\"https:\/\/live.staticflickr.com\/65535\/52530329863_2b1d82c93c_c.jpg\",\"datePublished\":\"2022-11-28T19:14:00+00:00\",\"author\":{\"@id\":\"https:\/\/www.noticiasradioreflejos.com.ar\/2021\/#\/schema\/person\/ad82545263dcc5ec0996818884fd5fb1\"},\"breadcrumb\":{\"@id\":\"https:\/\/www.noticiasradioreflejos.com.ar\/2021\/automoto-cerro-sus-actividades-con-un-fieston\/#breadcrumb\"},\"inLanguage\":\"es\",\"potentialAction\":[{\"@type\":\"ReadAction\",\"target\":[\"https:\/\/www.noticiasradioreflejos.com.ar\/2021\/automoto-cerro-sus-actividades-con-un-fieston\/\"]}]},{\"@type\":\"ImageObject\",\"inLanguage\":\"es\",\"@id\":\"https:\/\/www.noticiasradioreflejos.com.ar\/2021\/automoto-cerro-sus-actividades-con-un-fieston\/#primaryimage\",\"url\":\"https:\/\/live.staticflickr.com\/65535\/52530329863_2b1d82c93c_c.jpg\",\"contentUrl\":\"https:\/\/live.staticflickr.com\/65535\/52530329863_2b1d82c93c_c.jpg\"},{\"@type\":\"BreadcrumbList\",\"@id\":\"https:\/\/www.noticiasradioreflejos.com.ar\/2021\/automoto-cerro-sus-actividades-con-un-fieston\/#breadcrumb\",\"itemListElement\":[{\"@type\":\"ListItem\",\"position\":1,\"name\":\"Portada\",\"item\":\"https:\/\/www.noticiasradioreflejos.com.ar\/2021\/\"},{\"@type\":\"ListItem\",\"position\":2,\"name\":\"Automoto cerr\u00f3 sus actividades con un fiest\u00f3n\"}]},{\"@type\":\"WebSite\",\"@id\":\"https:\/\/www.noticiasradioreflejos.com.ar\/2021\/#website\",\"url\":\"https:\/\/www.noticiasradioreflejos.com.ar\/2021\/\",\"name\":\"Noticias Radio Reflejos\",\"description\":\"Las noticias de mi comarca\",\"potentialAction\":[{\"@type\":\"SearchAction\",\"target\":{\"@type\":\"EntryPoint\",\"urlTemplate\":\"https:\/\/www.noticiasradioreflejos.com.ar\/2021\/?s={search_term_string}\"},\"query-input\":{\"@type\":\"PropertyValueSpecification\",\"valueRequired\":true,\"valueName\":\"search_term_string\"}}],\"inLanguage\":\"es\"},{\"@type\":\"Person\",\"@id\":\"https:\/\/www.noticiasradioreflejos.com.ar\/2021\/#\/schema\/person\/ad82545263dcc5ec0996818884fd5fb1\",\"name\":\"Arnaldo Botto\",\"image\":{\"@type\":\"ImageObject\",\"inLanguage\":\"es\",\"@id\":\"https:\/\/www.noticiasradioreflejos.com.ar\/2021\/#\/schema\/person\/image\/\",\"url\":\"https:\/\/secure.gravatar.com\/avatar\/55cb5e37c1efa326397366e6974cb338056df65cb50e7d64d1cf314e87504837?s=96&d=mm&r=g\",\"contentUrl\":\"https:\/\/secure.gravatar.com\/avatar\/55cb5e37c1efa326397366e6974cb338056df65cb50e7d64d1cf314e87504837?s=96&d=mm&r=g\",\"caption\":\"Arnaldo Botto\"},\"url\":\"https:\/\/www.noticiasradioreflejos.com.ar\/2021\/author\/arnaldo\/\"}]}<\/script>\n<!-- \/ Yoast SEO plugin. -->","yoast_head_json":{"title":"Automoto cerr\u00f3 sus actividades con un fiest\u00f3n - Noticias Radio Reflejos","robots":{"index":"index","follow":"follow","max-snippet":"max-snippet:-1","max-image-preview":"max-image-preview:large","max-video-preview":"max-video-preview:-1"},"canonical":"https:\/\/www.noticiasradioreflejos.com.ar\/2021\/automoto-cerro-sus-actividades-con-un-fieston\/","og_locale":"es_ES","og_type":"article","og_title":"Automoto cerr\u00f3 sus actividades con un fiest\u00f3n - Noticias Radio Reflejos","og_description":"Fue un cierre a toda orquesta. El Automoto Club Deportivo vivi\u00f3 una noche a pleno durante la Cena del Deporte Menor, que sirvi\u00f3 para darle un final formal a la temporada de las distintas actividades que se desarrollan en la entidad.","og_url":"https:\/\/www.noticiasradioreflejos.com.ar\/2021\/automoto-cerro-sus-actividades-con-un-fieston\/","og_site_name":"Noticias Radio Reflejos","article_published_time":"2022-11-28T19:14:00+00:00","og_image":[{"url":"https:\/\/live.staticflickr.com\/65535\/52530329863_2b1d82c93c_c.jpg","type":"","width":"","height":""}],"author":"Arnaldo Botto","twitter_card":"summary_large_image","schema":{"@context":"https:\/\/schema.org","@graph":[{"@type":"WebPage","@id":"https:\/\/www.noticiasradioreflejos.com.ar\/2021\/automoto-cerro-sus-actividades-con-un-fieston\/","url":"https:\/\/www.noticiasradioreflejos.com.ar\/2021\/automoto-cerro-sus-actividades-con-un-fieston\/","name":"Automoto cerr\u00f3 sus actividades con un fiest\u00f3n - Noticias Radio Reflejos","isPartOf":{"@id":"https:\/\/www.noticiasradioreflejos.com.ar\/2021\/#website"},"primaryImageOfPage":{"@id":"https:\/\/www.noticiasradioreflejos.com.ar\/2021\/automoto-cerro-sus-actividades-con-un-fieston\/#primaryimage"},"image":{"@id":"https:\/\/www.noticiasradioreflejos.com.ar\/2021\/automoto-cerro-sus-actividades-con-un-fieston\/#primaryimage"},"thumbnailUrl":"https:\/\/live.staticflickr.com\/65535\/52530329863_2b1d82c93c_c.jpg","datePublished":"2022-11-28T19:14:00+00:00","author":{"@id":"https:\/\/www.noticiasradioreflejos.com.ar\/2021\/#\/schema\/person\/ad82545263dcc5ec0996818884fd5fb1"},"breadcrumb":{"@id":"https:\/\/www.noticiasradioreflejos.com.ar\/2021\/automoto-cerro-sus-actividades-con-un-fieston\/#breadcrumb"},"inLanguage":"es","potentialAction":[{"@type":"ReadAction","target":["https:\/\/www.noticiasradioreflejos.com.ar\/2021\/automoto-cerro-sus-actividades-con-un-fieston\/"]}]},{"@type":"ImageObject","inLanguage":"es","@id":"https:\/\/www.noticiasradioreflejos.com.ar\/2021\/automoto-cerro-sus-actividades-con-un-fieston\/#primaryimage","url":"https:\/\/live.staticflickr.com\/65535\/52530329863_2b1d82c93c_c.jpg","contentUrl":"https:\/\/live.staticflickr.com\/65535\/52530329863_2b1d82c93c_c.jpg"},{"@type":"BreadcrumbList","@id":"https:\/\/www.noticiasradioreflejos.com.ar\/2021\/automoto-cerro-sus-actividades-con-un-fieston\/#breadcrumb","itemListElement":[{"@type":"ListItem","position":1,"name":"Portada","item":"https:\/\/www.noticiasradioreflejos.com.ar\/2021\/"},{"@type":"ListItem","position":2,"name":"Automoto cerr\u00f3 sus actividades con un fiest\u00f3n"}]},{"@type":"WebSite","@id":"https:\/\/www.noticiasradioreflejos.com.ar\/2021\/#website","url":"https:\/\/www.noticiasradioreflejos.com.ar\/2021\/","name":"Noticias Radio Reflejos","description":"Las noticias de mi comarca","potentialAction":[{"@type":"SearchAction","target":{"@type":"EntryPoint","urlTemplate":"https:\/\/www.noticiasradioreflejos.com.ar\/2021\/?s={search_term_string}"},"query-input":{"@type":"PropertyValueSpecification","valueRequired":true,"valueName":"search_term_string"}}],"inLanguage":"es"},{"@type":"Person","@id":"https:\/\/www.noticiasradioreflejos.com.ar\/2021\/#\/schema\/person\/ad82545263dcc5ec0996818884fd5fb1","name":"Arnaldo Botto","image":{"@type":"ImageObject","inLanguage":"es","@id":"https:\/\/www.noticiasradioreflejos.com.ar\/2021\/#\/schema\/person\/image\/","url":"https:\/\/secure.gravatar.com\/avatar\/55cb5e37c1efa326397366e6974cb338056df65cb50e7d64d1cf314e87504837?s=96&d=mm&r=g","contentUrl":"https:\/\/secure.gravatar.com\/avatar\/55cb5e37c1efa326397366e6974cb338056df65cb50e7d64d1cf314e87504837?s=96&d=mm&r=g","caption":"Arnaldo Botto"},"url":"https:\/\/www.noticiasradioreflejos.com.ar\/2021\/author\/arnaldo\/"}]}},"_links":{"self":[{"href":"https:\/\/www.noticiasradioreflejos.com.ar\/2021\/wp-json\/wp\/v2\/posts\/80664","targetHints":{"allow":["GET"]}}],"collection":[{"href":"https:\/\/www.noticiasradioreflejos.com.ar\/2021\/wp-json\/wp\/v2\/posts"}],"about":[{"href":"https:\/\/www.noticiasradioreflejos.com.ar\/2021\/wp-json\/wp\/v2\/types\/post"}],"author":[{"embeddable":true,"href":"https:\/\/www.noticiasradioreflejos.com.ar\/2021\/wp-json\/wp\/v2\/users\/3"}],"replies":[{"embeddable":true,"href":"https:\/\/www.noticiasradioreflejos.com.ar\/2021\/wp-json\/wp\/v2\/comments?post=80664"}],"version-history":[{"count":1,"href":"https:\/\/www.noticiasradioreflejos.com.ar\/2021\/wp-json\/wp\/v2\/posts\/80664\/revisions"}],"predecessor-version":[{"id":80666,"href":"https:\/\/www.noticiasradioreflejos.com.ar\/2021\/wp-json\/wp\/v2\/posts\/80664\/revisions\/80666"}],"wp:attachment":[{"href":"https:\/\/www.noticiasradioreflejos.com.ar\/2021\/wp-json\/wp\/v2\/media?parent=80664"}],"wp:term":[{"taxonomy":"category","embeddable":true,"href":"https:\/\/www.noticiasradioreflejos.com.ar\/2021\/wp-json\/wp\/v2\/categories?post=80664"},{"taxonomy":"post_tag","embeddable":true,"href":"https:\/\/www.noticiasradioreflejos.com.ar\/2021\/wp-json\/wp\/v2\/tags?post=80664"}],"curies":[{"name":"wp","href":"https:\/\/api.w.org\/{rel}","templated":true}]}}