{"id":80658,"date":"2022-11-28T18:12:52","date_gmt":"2022-11-28T18:12:52","guid":{"rendered":"http:\/\/www.noticiasradioreflejos.com.ar\/2021\/?p=80658"},"modified":"2022-11-28T18:12:52","modified_gmt":"2022-11-28T18:12:52","slug":"con-la-presentacion-de-proyectos-llega-a-su-fin-el-ciclo-de-fortalecimiento-de-habilidades-emprendedoras","status":"publish","type":"post","link":"https:\/\/www.noticiasradioreflejos.com.ar\/2021\/con-la-presentacion-de-proyectos-llega-a-su-fin-el-ciclo-de-fortalecimiento-de-habilidades-emprendedoras\/","title":{"rendered":"Con la presentaci\u00f3n de proyectos, llega a su fin el Ciclo de Fortalecimiento de Habilidades Emprendedoras"},"content":{"rendered":"<p>El lunes 5 de diciembre a las 13 hs en el SUM de la Junta Vecinal del Barrio Sur de Tornquist (Jorge Newbery 270), tendr\u00e1 lugar la presentaci\u00f3n de proyectos (Elevator Pitch) del Ciclo de Fortalecimiento de Habilidades Emprendedoras.<!--more--><\/p>\n<p>Se trata de la etapa final del ciclo que tuvo diferentes encuentros en los que se trabaj\u00f3 con emprendimiento e ideas en marcha, abordando temas como planificaci\u00f3n de ingresos y costos, modelo de negocios y herramientas de MKT digital. <\/p>\n<p>Gratuito, el ciclo se desarrolla en el marco del Programa \u00abCentros Locales de Innovaci\u00f3n y Cultura\u00bb del Ministerio de Producci\u00f3n, Ciencia e Innovaci\u00f3n Tecnol\u00f3gica de la provincia de Buenos Aires, coordinado a nivel local por la Secretar\u00eda de Producci\u00f3n, Comercio e Industria; y dictado por la Universidad Provincial del Sudoeste.<\/p>\n","protected":false},"excerpt":{"rendered":"<p>El lunes 5 de diciembre a las 13 hs en el SUM de la Junta Vecinal del Barrio Sur de Tornquist (Jorge Newbery 270), tendr\u00e1 lugar la presentaci\u00f3n de proyectos (Elevator Pitch) del Ciclo de Fortalecimiento de Habilidades Emprendedoras.<\/p>\n","protected":false},"author":3,"featured_media":0,"comment_status":"closed","ping_status":"closed","sticky":false,"template":"","format":"standard","meta":{"footnotes":""},"categories":[26],"tags":[],"class_list":["post-80658","post","type-post","status-publish","format-standard","hentry","category-sociedad"],"yoast_head":"<!-- This site is optimized with the Yoast SEO plugin v25.9 - https:\/\/yoast.com\/wordpress\/plugins\/seo\/ -->\n<title>Con la presentaci\u00f3n de proyectos, llega a su fin el Ciclo de Fortalecimiento de Habilidades Emprendedoras - Noticias Radio Reflejos<\/title>\n<meta name=\"robots\" content=\"index, follow, max-snippet:-1, max-image-preview:large, max-video-preview:-1\" \/>\n<link rel=\"canonical\" href=\"https:\/\/www.noticiasradioreflejos.com.ar\/2021\/con-la-presentacion-de-proyectos-llega-a-su-fin-el-ciclo-de-fortalecimiento-de-habilidades-emprendedoras\/\" \/>\n<meta property=\"og:locale\" content=\"es_ES\" \/>\n<meta property=\"og:type\" content=\"article\" \/>\n<meta property=\"og:title\" content=\"Con la presentaci\u00f3n de proyectos, llega a su fin el Ciclo de Fortalecimiento de Habilidades Emprendedoras - Noticias Radio Reflejos\" \/>\n<meta property=\"og:description\" content=\"El lunes 5 de diciembre a las 13 hs en el SUM de la Junta Vecinal del Barrio Sur de Tornquist (Jorge Newbery 270), tendr\u00e1 lugar la presentaci\u00f3n de proyectos (Elevator Pitch) del Ciclo de Fortalecimiento de Habilidades Emprendedoras.\" \/>\n<meta property=\"og:url\" content=\"https:\/\/www.noticiasradioreflejos.com.ar\/2021\/con-la-presentacion-de-proyectos-llega-a-su-fin-el-ciclo-de-fortalecimiento-de-habilidades-emprendedoras\/\" \/>\n<meta property=\"og:site_name\" content=\"Noticias Radio Reflejos\" \/>\n<meta property=\"article:published_time\" content=\"2022-11-28T18:12:52+00:00\" \/>\n<meta property=\"og:image\" content=\"https:\/\/www.noticiasradioreflejos.com.ar\/2021\/wp-content\/uploads\/2021\/07\/logosol300x200.png\" \/>\n\t<meta property=\"og:image:width\" content=\"300\" \/>\n\t<meta property=\"og:image:height\" content=\"200\" \/>\n\t<meta property=\"og:image:type\" content=\"image\/png\" \/>\n<meta name=\"author\" content=\"Arnaldo Botto\" \/>\n<meta name=\"twitter:card\" content=\"summary_large_image\" \/>\n<script type=\"application\/ld+json\" class=\"yoast-schema-graph\">{\"@context\":\"https:\/\/schema.org\",\"@graph\":[{\"@type\":\"WebPage\",\"@id\":\"https:\/\/www.noticiasradioreflejos.com.ar\/2021\/con-la-presentacion-de-proyectos-llega-a-su-fin-el-ciclo-de-fortalecimiento-de-habilidades-emprendedoras\/\",\"url\":\"https:\/\/www.noticiasradioreflejos.com.ar\/2021\/con-la-presentacion-de-proyectos-llega-a-su-fin-el-ciclo-de-fortalecimiento-de-habilidades-emprendedoras\/\",\"name\":\"Con la presentaci\u00f3n de proyectos, llega a su fin el Ciclo de Fortalecimiento de Habilidades Emprendedoras - Noticias Radio Reflejos\",\"isPartOf\":{\"@id\":\"https:\/\/www.noticiasradioreflejos.com.ar\/2021\/#website\"},\"datePublished\":\"2022-11-28T18:12:52+00:00\",\"author\":{\"@id\":\"https:\/\/www.noticiasradioreflejos.com.ar\/2021\/#\/schema\/person\/ad82545263dcc5ec0996818884fd5fb1\"},\"breadcrumb\":{\"@id\":\"https:\/\/www.noticiasradioreflejos.com.ar\/2021\/con-la-presentacion-de-proyectos-llega-a-su-fin-el-ciclo-de-fortalecimiento-de-habilidades-emprendedoras\/#breadcrumb\"},\"inLanguage\":\"es\",\"potentialAction\":[{\"@type\":\"ReadAction\",\"target\":[\"https:\/\/www.noticiasradioreflejos.com.ar\/2021\/con-la-presentacion-de-proyectos-llega-a-su-fin-el-ciclo-de-fortalecimiento-de-habilidades-emprendedoras\/\"]}]},{\"@type\":\"BreadcrumbList\",\"@id\":\"https:\/\/www.noticiasradioreflejos.com.ar\/2021\/con-la-presentacion-de-proyectos-llega-a-su-fin-el-ciclo-de-fortalecimiento-de-habilidades-emprendedoras\/#breadcrumb\",\"itemListElement\":[{\"@type\":\"ListItem\",\"position\":1,\"name\":\"Portada\",\"item\":\"https:\/\/www.noticiasradioreflejos.com.ar\/2021\/\"},{\"@type\":\"ListItem\",\"position\":2,\"name\":\"Con la presentaci\u00f3n de proyectos, llega a su fin el Ciclo de Fortalecimiento de Habilidades Emprendedoras\"}]},{\"@type\":\"WebSite\",\"@id\":\"https:\/\/www.noticiasradioreflejos.com.ar\/2021\/#website\",\"url\":\"https:\/\/www.noticiasradioreflejos.com.ar\/2021\/\",\"name\":\"Noticias Radio Reflejos\",\"description\":\"Las noticias de mi comarca\",\"potentialAction\":[{\"@type\":\"SearchAction\",\"target\":{\"@type\":\"EntryPoint\",\"urlTemplate\":\"https:\/\/www.noticiasradioreflejos.com.ar\/2021\/?s={search_term_string}\"},\"query-input\":{\"@type\":\"PropertyValueSpecification\",\"valueRequired\":true,\"valueName\":\"search_term_string\"}}],\"inLanguage\":\"es\"},{\"@type\":\"Person\",\"@id\":\"https:\/\/www.noticiasradioreflejos.com.ar\/2021\/#\/schema\/person\/ad82545263dcc5ec0996818884fd5fb1\",\"name\":\"Arnaldo Botto\",\"image\":{\"@type\":\"ImageObject\",\"inLanguage\":\"es\",\"@id\":\"https:\/\/www.noticiasradioreflejos.com.ar\/2021\/#\/schema\/person\/image\/\",\"url\":\"https:\/\/secure.gravatar.com\/avatar\/55cb5e37c1efa326397366e6974cb338056df65cb50e7d64d1cf314e87504837?s=96&d=mm&r=g\",\"contentUrl\":\"https:\/\/secure.gravatar.com\/avatar\/55cb5e37c1efa326397366e6974cb338056df65cb50e7d64d1cf314e87504837?s=96&d=mm&r=g\",\"caption\":\"Arnaldo Botto\"},\"url\":\"https:\/\/www.noticiasradioreflejos.com.ar\/2021\/author\/arnaldo\/\"}]}<\/script>\n<!-- \/ Yoast SEO plugin. -->","yoast_head_json":{"title":"Con la presentaci\u00f3n de proyectos, llega a su fin el Ciclo de Fortalecimiento de Habilidades Emprendedoras - Noticias Radio Reflejos","robots":{"index":"index","follow":"follow","max-snippet":"max-snippet:-1","max-image-preview":"max-image-preview:large","max-video-preview":"max-video-preview:-1"},"canonical":"https:\/\/www.noticiasradioreflejos.com.ar\/2021\/con-la-presentacion-de-proyectos-llega-a-su-fin-el-ciclo-de-fortalecimiento-de-habilidades-emprendedoras\/","og_locale":"es_ES","og_type":"article","og_title":"Con la presentaci\u00f3n de proyectos, llega a su fin el Ciclo de Fortalecimiento de Habilidades Emprendedoras - Noticias Radio Reflejos","og_description":"El lunes 5 de diciembre a las 13 hs en el SUM de la Junta Vecinal del Barrio Sur de Tornquist (Jorge Newbery 270), tendr\u00e1 lugar la presentaci\u00f3n de proyectos (Elevator Pitch) del Ciclo de Fortalecimiento de Habilidades Emprendedoras.","og_url":"https:\/\/www.noticiasradioreflejos.com.ar\/2021\/con-la-presentacion-de-proyectos-llega-a-su-fin-el-ciclo-de-fortalecimiento-de-habilidades-emprendedoras\/","og_site_name":"Noticias Radio Reflejos","article_published_time":"2022-11-28T18:12:52+00:00","og_image":[{"width":300,"height":200,"url":"https:\/\/www.noticiasradioreflejos.com.ar\/2021\/wp-content\/uploads\/2021\/07\/logosol300x200.png","type":"image\/png"}],"author":"Arnaldo Botto","twitter_card":"summary_large_image","schema":{"@context":"https:\/\/schema.org","@graph":[{"@type":"WebPage","@id":"https:\/\/www.noticiasradioreflejos.com.ar\/2021\/con-la-presentacion-de-proyectos-llega-a-su-fin-el-ciclo-de-fortalecimiento-de-habilidades-emprendedoras\/","url":"https:\/\/www.noticiasradioreflejos.com.ar\/2021\/con-la-presentacion-de-proyectos-llega-a-su-fin-el-ciclo-de-fortalecimiento-de-habilidades-emprendedoras\/","name":"Con la presentaci\u00f3n de proyectos, llega a su fin el Ciclo de Fortalecimiento de Habilidades Emprendedoras - Noticias Radio Reflejos","isPartOf":{"@id":"https:\/\/www.noticiasradioreflejos.com.ar\/2021\/#website"},"datePublished":"2022-11-28T18:12:52+00:00","author":{"@id":"https:\/\/www.noticiasradioreflejos.com.ar\/2021\/#\/schema\/person\/ad82545263dcc5ec0996818884fd5fb1"},"breadcrumb":{"@id":"https:\/\/www.noticiasradioreflejos.com.ar\/2021\/con-la-presentacion-de-proyectos-llega-a-su-fin-el-ciclo-de-fortalecimiento-de-habilidades-emprendedoras\/#breadcrumb"},"inLanguage":"es","potentialAction":[{"@type":"ReadAction","target":["https:\/\/www.noticiasradioreflejos.com.ar\/2021\/con-la-presentacion-de-proyectos-llega-a-su-fin-el-ciclo-de-fortalecimiento-de-habilidades-emprendedoras\/"]}]},{"@type":"BreadcrumbList","@id":"https:\/\/www.noticiasradioreflejos.com.ar\/2021\/con-la-presentacion-de-proyectos-llega-a-su-fin-el-ciclo-de-fortalecimiento-de-habilidades-emprendedoras\/#breadcrumb","itemListElement":[{"@type":"ListItem","position":1,"name":"Portada","item":"https:\/\/www.noticiasradioreflejos.com.ar\/2021\/"},{"@type":"ListItem","position":2,"name":"Con la presentaci\u00f3n de proyectos, llega a su fin el Ciclo de Fortalecimiento de Habilidades Emprendedoras"}]},{"@type":"WebSite","@id":"https:\/\/www.noticiasradioreflejos.com.ar\/2021\/#website","url":"https:\/\/www.noticiasradioreflejos.com.ar\/2021\/","name":"Noticias Radio Reflejos","description":"Las noticias de mi comarca","potentialAction":[{"@type":"SearchAction","target":{"@type":"EntryPoint","urlTemplate":"https:\/\/www.noticiasradioreflejos.com.ar\/2021\/?s={search_term_string}"},"query-input":{"@type":"PropertyValueSpecification","valueRequired":true,"valueName":"search_term_string"}}],"inLanguage":"es"},{"@type":"Person","@id":"https:\/\/www.noticiasradioreflejos.com.ar\/2021\/#\/schema\/person\/ad82545263dcc5ec0996818884fd5fb1","name":"Arnaldo Botto","image":{"@type":"ImageObject","inLanguage":"es","@id":"https:\/\/www.noticiasradioreflejos.com.ar\/2021\/#\/schema\/person\/image\/","url":"https:\/\/secure.gravatar.com\/avatar\/55cb5e37c1efa326397366e6974cb338056df65cb50e7d64d1cf314e87504837?s=96&d=mm&r=g","contentUrl":"https:\/\/secure.gravatar.com\/avatar\/55cb5e37c1efa326397366e6974cb338056df65cb50e7d64d1cf314e87504837?s=96&d=mm&r=g","caption":"Arnaldo Botto"},"url":"https:\/\/www.noticiasradioreflejos.com.ar\/2021\/author\/arnaldo\/"}]}},"_links":{"self":[{"href":"https:\/\/www.noticiasradioreflejos.com.ar\/2021\/wp-json\/wp\/v2\/posts\/80658","targetHints":{"allow":["GET"]}}],"collection":[{"href":"https:\/\/www.noticiasradioreflejos.com.ar\/2021\/wp-json\/wp\/v2\/posts"}],"about":[{"href":"https:\/\/www.noticiasradioreflejos.com.ar\/2021\/wp-json\/wp\/v2\/types\/post"}],"author":[{"embeddable":true,"href":"https:\/\/www.noticiasradioreflejos.com.ar\/2021\/wp-json\/wp\/v2\/users\/3"}],"replies":[{"embeddable":true,"href":"https:\/\/www.noticiasradioreflejos.com.ar\/2021\/wp-json\/wp\/v2\/comments?post=80658"}],"version-history":[{"count":1,"href":"https:\/\/www.noticiasradioreflejos.com.ar\/2021\/wp-json\/wp\/v2\/posts\/80658\/revisions"}],"predecessor-version":[{"id":80660,"href":"https:\/\/www.noticiasradioreflejos.com.ar\/2021\/wp-json\/wp\/v2\/posts\/80658\/revisions\/80660"}],"wp:attachment":[{"href":"https:\/\/www.noticiasradioreflejos.com.ar\/2021\/wp-json\/wp\/v2\/media?parent=80658"}],"wp:term":[{"taxonomy":"category","embeddable":true,"href":"https:\/\/www.noticiasradioreflejos.com.ar\/2021\/wp-json\/wp\/v2\/categories?post=80658"},{"taxonomy":"post_tag","embeddable":true,"href":"https:\/\/www.noticiasradioreflejos.com.ar\/2021\/wp-json\/wp\/v2\/tags?post=80658"}],"curies":[{"name":"wp","href":"https:\/\/api.w.org\/{rel}","templated":true}]}}