{"id":80653,"date":"2022-11-28T17:50:08","date_gmt":"2022-11-28T17:50:08","guid":{"rendered":"http:\/\/www.noticiasradioreflejos.com.ar\/2021\/?p=80653"},"modified":"2022-11-28T17:50:08","modified_gmt":"2022-11-28T17:50:08","slug":"villa-ventana-con-sum-a-reestrenar-y-una-fiesta-a-la-vuelta-de-la-esquina","status":"publish","type":"post","link":"https:\/\/www.noticiasradioreflejos.com.ar\/2021\/villa-ventana-con-sum-a-reestrenar-y-una-fiesta-a-la-vuelta-de-la-esquina\/","title":{"rendered":"Villa Ventana con SUM a reestrenar y una fiesta a la vuelta de la esquina."},"content":{"rendered":"<p>La presidenta de la Sociedad de Fomento de Villa Ventana, Mar\u00eda Cristina Cal\u00f3nico, brind\u00f3 detalles sobre c\u00f3mo qued\u00f3 el nuevo Sal\u00f3n vecinal, al tiempo que adelant\u00f3 los preparativos para una nueva edici\u00f3n de la Fiesta de la Golondrina.<!--more--><\/p>\n<p>&nbsp;<\/p>\n<p><a title=\"WhatsApp Image 2022-11-28 at 11.40.17\" href=\"https:\/\/www.flickr.com\/photos\/182279889@N02\/52530166143\/in\/dateposted-public\/\" data-flickr-embed=\"true\"><img loading=\"lazy\" decoding=\"async\" src=\"https:\/\/live.staticflickr.com\/65535\/52530166143_f175ab1360_c.jpg\" alt=\"WhatsApp Image 2022-11-28 at 11.40.17\" width=\"768\" height=\"720\" \/><\/a><\/p>\n<p>La Villa est\u00e1 feliz y no es para menos. Tras muchos meses de esfuerzo y sacrificio finalmente concretaron todas las reformas en el Sal\u00f3n de Usos M\u00faltiples, en un trabajo que se fue generando a base de necesidades y cont\u00f3 con un mont\u00f3n de ayuda.<\/p>\n<p>Al respecto la presidenta de la Sociedad de Fomento, Mar\u00eda Cristina Cal\u00f3nico, coment\u00f3 que \u201cesto fue un sue\u00f1o que se ven\u00eda gestando hace un tiempo. Durante un a\u00f1o y medio nos llev\u00f3 la construcci\u00f3n, con algunos parates de por medio. Fueron apareciendo cosas, demand\u00f3 m\u00e1s tiempo y plata, pero dentro de todo, creo que para ser una obra grande se pudo terminar\u201d.<\/p>\n<p>Recordando, expres\u00f3 que \u201ccomenz\u00f3 como un cambio de algunas chapas del techo porque algunas estaban en mal estadas. Al sacar el techo, siendo una construcci\u00f3n de muchos a\u00f1os, donde los materiales se fueron fatigando\u2026 ah\u00ed vimos un mont\u00f3n de problemas, como rajaduras en las paredes, humedad, falta de capa aisladora\u201d.<\/p>\n<p>De all\u00ed que \u201cas\u00ed que aprovechamos a estirarlo un par de metros, reforzar las paredes que no estaban bien para que el nuevo techo no corra problemas, dentro se hizo un techo suspendido\u2026 todo a base de constancia y eventos. Tambi\u00e9n se renovaron los ba\u00f1os y se hizo el ba\u00f1o de discapacitados. Ahora qued\u00f3 un sal\u00f3n cerca de los 120 metros cuadrados. El techo qued\u00f3 precioso\u201d.<\/p>\n<p>A modo de gratitud y reconocimiento, Can\u00f3lico asegur\u00f3 que \u201ctodo el mundo se arremang\u00f3, y al momento de dar el final de obra, todos de una forma u otra ayudaron. Qued\u00f3 muy muy lindo. Debemos haber estado alrededor de los dos millones de pesos en inversi\u00f3n\u201d.<\/p>\n<p><a title=\"WhatsApp Image 2022-11-28 at 11.40.18\" href=\"https:\/\/www.flickr.com\/photos\/182279889@N02\/52529617341\/in\/dateposted-public\/\" data-flickr-embed=\"true\"><img loading=\"lazy\" decoding=\"async\" src=\"https:\/\/live.staticflickr.com\/65535\/52529617341_79107f95d0_c.jpg\" alt=\"WhatsApp Image 2022-11-28 at 11.40.18\" width=\"800\" height=\"600\" \/><\/a><script async src=\"\/\/embedr.flickr.com\/assets\/client-code.js\" charset=\"utf-8\"><\/script><\/p>\n<p>En otro pasaje de la charla el foco se puso en la Fiesta de la Golondrina. El evento, que est\u00e1 menos dos meses de concretarse, ya tiene fecha fijada.<\/p>\n<p>Seg\u00fan expres\u00f3, \u201cesta nueva edici\u00f3n tiene fecha el 21 y 22 de enero. Hasta el a\u00f1o pasado era Fomento quien se encargaba de todo. Este a\u00f1o hemos abierto el juego y es lo que corresponde. Est\u00e1 bueno que las instituciones que puedan participar lo hagan\u201d.<\/p>\n<p>De igual manera admiti\u00f3 que \u201ces la trig\u00e9sima primera edici\u00f3n. En la \u00faltima vinieron ocho mil personas. Para una sola instituci\u00f3n se hace muy cuesta arriba, m\u00e1xime que en la Comisi\u00f3n hay gente joven y tambi\u00e9n grandes, y muchos venimos agotados por la construcci\u00f3n\u201d.<\/p>\n<p>Para contrarrestar esto, \u201ceste a\u00f1o hablamos con la Secretar\u00eda de Cultura. Les explicamos nuestra posici\u00f3n, y tras un par de reuniones, se fue acomodando la parte de la organizaci\u00f3n, entre vecinos y organizaciones. Ya se est\u00e1 trabajando\u201d.<\/p>\n<p>Adelantando lo que pudo, y para cerrar, Cal\u00f3nico asegur\u00f3 que \u201chabr\u00e1 una hermosa feria de artesanos. Habr\u00e1 foodtruck. A\u00fan no podemos adelantar los espect\u00e1culos porque no est\u00e1n cerrados los contratos, pero los habr\u00e1. Ser\u00e1 muy linda y muy familiar\u201d.<\/p>\n<p><iframe loading=\"lazy\" src=\"https:\/\/w.soundcloud.com\/player\/?url=https%3A\/\/api.soundcloud.com\/tracks\/1391972314&amp;color=%23ff5500&amp;auto_play=false&amp;hide_related=false&amp;show_comments=true&amp;show_user=true&amp;show_reposts=false&amp;show_teaser=true\" width=\"100%\" height=\"166\" frameborder=\"no\" scrolling=\"no\"><\/iframe><\/p>\n<div style=\"font-size: 10px; color: #cccccc; line-break: anywhere; word-break: normal; overflow: hidden; white-space: nowrap; text-overflow: ellipsis; font-family: Interstate,Lucida Grande,Lucida Sans Unicode,Lucida Sans,Garuda,Verdana,Tahoma,sans-serif; font-weight: 100;\"><a style=\"color: #cccccc; text-decoration: none;\" title=\"fmreflejos 103.7\" href=\"https:\/\/soundcloud.com\/fmreflejos-103-7\" target=\"_blank\" rel=\"noopener\">fmreflejos 103.7<\/a> \u00b7 <a style=\"color: #cccccc; text-decoration: none;\" title=\"Mar\u00eda Cristina Cal\u00f3nico\" href=\"https:\/\/soundcloud.com\/fmreflejos-103-7\/maria-cristina-calonico-3\" target=\"_blank\" rel=\"noopener\">Mar\u00eda Cristina Cal\u00f3nico<\/a><\/div>\n<p><a title=\"WhatsApp Image 2022-11-28 at 11.39.54 (1)\" href=\"https:\/\/www.flickr.com\/photos\/182279889@N02\/52529904859\/in\/dateposted-public\/\" data-flickr-embed=\"true\"><img loading=\"lazy\" decoding=\"async\" src=\"https:\/\/live.staticflickr.com\/65535\/52529904859_752e63ebcf_c.jpg\" alt=\"WhatsApp Image 2022-11-28 at 11.39.54 (1)\" width=\"800\" height=\"600\" \/><\/a><script async src=\"\/\/embedr.flickr.com\/assets\/client-code.js\" charset=\"utf-8\"><\/script><\/p>\n","protected":false},"excerpt":{"rendered":"<p>La presidenta de la Sociedad de Fomento de Villa Ventana, Mar\u00eda Cristina Cal\u00f3nico, brind\u00f3 detalles sobre c\u00f3mo qued\u00f3 el nuevo Sal\u00f3n vecinal, al tiempo que adelant\u00f3 los preparativos para una nueva edici\u00f3n de la Fiesta de la Golondrina.<\/p>\n","protected":false},"author":3,"featured_media":0,"comment_status":"closed","ping_status":"closed","sticky":false,"template":"","format":"standard","meta":{"footnotes":""},"categories":[26,33],"tags":[48],"class_list":["post-80653","post","type-post","status-publish","format-standard","hentry","category-sociedad","category-turismo","tag-destacada"],"yoast_head":"<!-- This site is optimized with the Yoast SEO plugin v25.9 - https:\/\/yoast.com\/wordpress\/plugins\/seo\/ -->\n<title>Villa Ventana con SUM a reestrenar y una fiesta a la vuelta de la esquina. - Noticias Radio Reflejos<\/title>\n<meta name=\"robots\" content=\"index, follow, max-snippet:-1, max-image-preview:large, max-video-preview:-1\" \/>\n<link rel=\"canonical\" href=\"https:\/\/www.noticiasradioreflejos.com.ar\/2021\/villa-ventana-con-sum-a-reestrenar-y-una-fiesta-a-la-vuelta-de-la-esquina\/\" \/>\n<meta property=\"og:locale\" content=\"es_ES\" \/>\n<meta property=\"og:type\" content=\"article\" \/>\n<meta property=\"og:title\" content=\"Villa Ventana con SUM a reestrenar y una fiesta a la vuelta de la esquina. - Noticias Radio Reflejos\" \/>\n<meta property=\"og:description\" content=\"La presidenta de la Sociedad de Fomento de Villa Ventana, Mar\u00eda Cristina Cal\u00f3nico, brind\u00f3 detalles sobre c\u00f3mo qued\u00f3 el nuevo Sal\u00f3n vecinal, al tiempo que adelant\u00f3 los preparativos para una nueva edici\u00f3n de la Fiesta de la Golondrina.\" \/>\n<meta property=\"og:url\" content=\"https:\/\/www.noticiasradioreflejos.com.ar\/2021\/villa-ventana-con-sum-a-reestrenar-y-una-fiesta-a-la-vuelta-de-la-esquina\/\" \/>\n<meta property=\"og:site_name\" content=\"Noticias Radio Reflejos\" \/>\n<meta property=\"article:published_time\" content=\"2022-11-28T17:50:08+00:00\" \/>\n<meta property=\"og:image\" content=\"https:\/\/live.staticflickr.com\/65535\/52530166143_f175ab1360_c.jpg\" \/>\n<meta name=\"author\" content=\"Arnaldo Botto\" \/>\n<meta name=\"twitter:card\" content=\"summary_large_image\" \/>\n<script type=\"application\/ld+json\" class=\"yoast-schema-graph\">{\"@context\":\"https:\/\/schema.org\",\"@graph\":[{\"@type\":\"WebPage\",\"@id\":\"https:\/\/www.noticiasradioreflejos.com.ar\/2021\/villa-ventana-con-sum-a-reestrenar-y-una-fiesta-a-la-vuelta-de-la-esquina\/\",\"url\":\"https:\/\/www.noticiasradioreflejos.com.ar\/2021\/villa-ventana-con-sum-a-reestrenar-y-una-fiesta-a-la-vuelta-de-la-esquina\/\",\"name\":\"Villa Ventana con SUM a reestrenar y una fiesta a la vuelta de la esquina. - Noticias Radio Reflejos\",\"isPartOf\":{\"@id\":\"https:\/\/www.noticiasradioreflejos.com.ar\/2021\/#website\"},\"primaryImageOfPage\":{\"@id\":\"https:\/\/www.noticiasradioreflejos.com.ar\/2021\/villa-ventana-con-sum-a-reestrenar-y-una-fiesta-a-la-vuelta-de-la-esquina\/#primaryimage\"},\"image\":{\"@id\":\"https:\/\/www.noticiasradioreflejos.com.ar\/2021\/villa-ventana-con-sum-a-reestrenar-y-una-fiesta-a-la-vuelta-de-la-esquina\/#primaryimage\"},\"thumbnailUrl\":\"https:\/\/live.staticflickr.com\/65535\/52530166143_f175ab1360_c.jpg\",\"datePublished\":\"2022-11-28T17:50:08+00:00\",\"author\":{\"@id\":\"https:\/\/www.noticiasradioreflejos.com.ar\/2021\/#\/schema\/person\/ad82545263dcc5ec0996818884fd5fb1\"},\"breadcrumb\":{\"@id\":\"https:\/\/www.noticiasradioreflejos.com.ar\/2021\/villa-ventana-con-sum-a-reestrenar-y-una-fiesta-a-la-vuelta-de-la-esquina\/#breadcrumb\"},\"inLanguage\":\"es\",\"potentialAction\":[{\"@type\":\"ReadAction\",\"target\":[\"https:\/\/www.noticiasradioreflejos.com.ar\/2021\/villa-ventana-con-sum-a-reestrenar-y-una-fiesta-a-la-vuelta-de-la-esquina\/\"]}]},{\"@type\":\"ImageObject\",\"inLanguage\":\"es\",\"@id\":\"https:\/\/www.noticiasradioreflejos.com.ar\/2021\/villa-ventana-con-sum-a-reestrenar-y-una-fiesta-a-la-vuelta-de-la-esquina\/#primaryimage\",\"url\":\"https:\/\/live.staticflickr.com\/65535\/52530166143_f175ab1360_c.jpg\",\"contentUrl\":\"https:\/\/live.staticflickr.com\/65535\/52530166143_f175ab1360_c.jpg\"},{\"@type\":\"BreadcrumbList\",\"@id\":\"https:\/\/www.noticiasradioreflejos.com.ar\/2021\/villa-ventana-con-sum-a-reestrenar-y-una-fiesta-a-la-vuelta-de-la-esquina\/#breadcrumb\",\"itemListElement\":[{\"@type\":\"ListItem\",\"position\":1,\"name\":\"Portada\",\"item\":\"https:\/\/www.noticiasradioreflejos.com.ar\/2021\/\"},{\"@type\":\"ListItem\",\"position\":2,\"name\":\"Villa Ventana con SUM a reestrenar y una fiesta a la vuelta de la esquina.\"}]},{\"@type\":\"WebSite\",\"@id\":\"https:\/\/www.noticiasradioreflejos.com.ar\/2021\/#website\",\"url\":\"https:\/\/www.noticiasradioreflejos.com.ar\/2021\/\",\"name\":\"Noticias Radio Reflejos\",\"description\":\"Las noticias de mi comarca\",\"potentialAction\":[{\"@type\":\"SearchAction\",\"target\":{\"@type\":\"EntryPoint\",\"urlTemplate\":\"https:\/\/www.noticiasradioreflejos.com.ar\/2021\/?s={search_term_string}\"},\"query-input\":{\"@type\":\"PropertyValueSpecification\",\"valueRequired\":true,\"valueName\":\"search_term_string\"}}],\"inLanguage\":\"es\"},{\"@type\":\"Person\",\"@id\":\"https:\/\/www.noticiasradioreflejos.com.ar\/2021\/#\/schema\/person\/ad82545263dcc5ec0996818884fd5fb1\",\"name\":\"Arnaldo Botto\",\"image\":{\"@type\":\"ImageObject\",\"inLanguage\":\"es\",\"@id\":\"https:\/\/www.noticiasradioreflejos.com.ar\/2021\/#\/schema\/person\/image\/\",\"url\":\"https:\/\/secure.gravatar.com\/avatar\/55cb5e37c1efa326397366e6974cb338056df65cb50e7d64d1cf314e87504837?s=96&d=mm&r=g\",\"contentUrl\":\"https:\/\/secure.gravatar.com\/avatar\/55cb5e37c1efa326397366e6974cb338056df65cb50e7d64d1cf314e87504837?s=96&d=mm&r=g\",\"caption\":\"Arnaldo Botto\"},\"url\":\"https:\/\/www.noticiasradioreflejos.com.ar\/2021\/author\/arnaldo\/\"}]}<\/script>\n<!-- \/ Yoast SEO plugin. -->","yoast_head_json":{"title":"Villa Ventana con SUM a reestrenar y una fiesta a la vuelta de la esquina. - Noticias Radio Reflejos","robots":{"index":"index","follow":"follow","max-snippet":"max-snippet:-1","max-image-preview":"max-image-preview:large","max-video-preview":"max-video-preview:-1"},"canonical":"https:\/\/www.noticiasradioreflejos.com.ar\/2021\/villa-ventana-con-sum-a-reestrenar-y-una-fiesta-a-la-vuelta-de-la-esquina\/","og_locale":"es_ES","og_type":"article","og_title":"Villa Ventana con SUM a reestrenar y una fiesta a la vuelta de la esquina. - Noticias Radio Reflejos","og_description":"La presidenta de la Sociedad de Fomento de Villa Ventana, Mar\u00eda Cristina Cal\u00f3nico, brind\u00f3 detalles sobre c\u00f3mo qued\u00f3 el nuevo Sal\u00f3n vecinal, al tiempo que adelant\u00f3 los preparativos para una nueva edici\u00f3n de la Fiesta de la Golondrina.","og_url":"https:\/\/www.noticiasradioreflejos.com.ar\/2021\/villa-ventana-con-sum-a-reestrenar-y-una-fiesta-a-la-vuelta-de-la-esquina\/","og_site_name":"Noticias Radio Reflejos","article_published_time":"2022-11-28T17:50:08+00:00","og_image":[{"url":"https:\/\/live.staticflickr.com\/65535\/52530166143_f175ab1360_c.jpg","type":"","width":"","height":""}],"author":"Arnaldo Botto","twitter_card":"summary_large_image","schema":{"@context":"https:\/\/schema.org","@graph":[{"@type":"WebPage","@id":"https:\/\/www.noticiasradioreflejos.com.ar\/2021\/villa-ventana-con-sum-a-reestrenar-y-una-fiesta-a-la-vuelta-de-la-esquina\/","url":"https:\/\/www.noticiasradioreflejos.com.ar\/2021\/villa-ventana-con-sum-a-reestrenar-y-una-fiesta-a-la-vuelta-de-la-esquina\/","name":"Villa Ventana con SUM a reestrenar y una fiesta a la vuelta de la esquina. - Noticias Radio Reflejos","isPartOf":{"@id":"https:\/\/www.noticiasradioreflejos.com.ar\/2021\/#website"},"primaryImageOfPage":{"@id":"https:\/\/www.noticiasradioreflejos.com.ar\/2021\/villa-ventana-con-sum-a-reestrenar-y-una-fiesta-a-la-vuelta-de-la-esquina\/#primaryimage"},"image":{"@id":"https:\/\/www.noticiasradioreflejos.com.ar\/2021\/villa-ventana-con-sum-a-reestrenar-y-una-fiesta-a-la-vuelta-de-la-esquina\/#primaryimage"},"thumbnailUrl":"https:\/\/live.staticflickr.com\/65535\/52530166143_f175ab1360_c.jpg","datePublished":"2022-11-28T17:50:08+00:00","author":{"@id":"https:\/\/www.noticiasradioreflejos.com.ar\/2021\/#\/schema\/person\/ad82545263dcc5ec0996818884fd5fb1"},"breadcrumb":{"@id":"https:\/\/www.noticiasradioreflejos.com.ar\/2021\/villa-ventana-con-sum-a-reestrenar-y-una-fiesta-a-la-vuelta-de-la-esquina\/#breadcrumb"},"inLanguage":"es","potentialAction":[{"@type":"ReadAction","target":["https:\/\/www.noticiasradioreflejos.com.ar\/2021\/villa-ventana-con-sum-a-reestrenar-y-una-fiesta-a-la-vuelta-de-la-esquina\/"]}]},{"@type":"ImageObject","inLanguage":"es","@id":"https:\/\/www.noticiasradioreflejos.com.ar\/2021\/villa-ventana-con-sum-a-reestrenar-y-una-fiesta-a-la-vuelta-de-la-esquina\/#primaryimage","url":"https:\/\/live.staticflickr.com\/65535\/52530166143_f175ab1360_c.jpg","contentUrl":"https:\/\/live.staticflickr.com\/65535\/52530166143_f175ab1360_c.jpg"},{"@type":"BreadcrumbList","@id":"https:\/\/www.noticiasradioreflejos.com.ar\/2021\/villa-ventana-con-sum-a-reestrenar-y-una-fiesta-a-la-vuelta-de-la-esquina\/#breadcrumb","itemListElement":[{"@type":"ListItem","position":1,"name":"Portada","item":"https:\/\/www.noticiasradioreflejos.com.ar\/2021\/"},{"@type":"ListItem","position":2,"name":"Villa Ventana con SUM a reestrenar y una fiesta a la vuelta de la esquina."}]},{"@type":"WebSite","@id":"https:\/\/www.noticiasradioreflejos.com.ar\/2021\/#website","url":"https:\/\/www.noticiasradioreflejos.com.ar\/2021\/","name":"Noticias Radio Reflejos","description":"Las noticias de mi comarca","potentialAction":[{"@type":"SearchAction","target":{"@type":"EntryPoint","urlTemplate":"https:\/\/www.noticiasradioreflejos.com.ar\/2021\/?s={search_term_string}"},"query-input":{"@type":"PropertyValueSpecification","valueRequired":true,"valueName":"search_term_string"}}],"inLanguage":"es"},{"@type":"Person","@id":"https:\/\/www.noticiasradioreflejos.com.ar\/2021\/#\/schema\/person\/ad82545263dcc5ec0996818884fd5fb1","name":"Arnaldo Botto","image":{"@type":"ImageObject","inLanguage":"es","@id":"https:\/\/www.noticiasradioreflejos.com.ar\/2021\/#\/schema\/person\/image\/","url":"https:\/\/secure.gravatar.com\/avatar\/55cb5e37c1efa326397366e6974cb338056df65cb50e7d64d1cf314e87504837?s=96&d=mm&r=g","contentUrl":"https:\/\/secure.gravatar.com\/avatar\/55cb5e37c1efa326397366e6974cb338056df65cb50e7d64d1cf314e87504837?s=96&d=mm&r=g","caption":"Arnaldo Botto"},"url":"https:\/\/www.noticiasradioreflejos.com.ar\/2021\/author\/arnaldo\/"}]}},"_links":{"self":[{"href":"https:\/\/www.noticiasradioreflejos.com.ar\/2021\/wp-json\/wp\/v2\/posts\/80653","targetHints":{"allow":["GET"]}}],"collection":[{"href":"https:\/\/www.noticiasradioreflejos.com.ar\/2021\/wp-json\/wp\/v2\/posts"}],"about":[{"href":"https:\/\/www.noticiasradioreflejos.com.ar\/2021\/wp-json\/wp\/v2\/types\/post"}],"author":[{"embeddable":true,"href":"https:\/\/www.noticiasradioreflejos.com.ar\/2021\/wp-json\/wp\/v2\/users\/3"}],"replies":[{"embeddable":true,"href":"https:\/\/www.noticiasradioreflejos.com.ar\/2021\/wp-json\/wp\/v2\/comments?post=80653"}],"version-history":[{"count":3,"href":"https:\/\/www.noticiasradioreflejos.com.ar\/2021\/wp-json\/wp\/v2\/posts\/80653\/revisions"}],"predecessor-version":[{"id":80657,"href":"https:\/\/www.noticiasradioreflejos.com.ar\/2021\/wp-json\/wp\/v2\/posts\/80653\/revisions\/80657"}],"wp:attachment":[{"href":"https:\/\/www.noticiasradioreflejos.com.ar\/2021\/wp-json\/wp\/v2\/media?parent=80653"}],"wp:term":[{"taxonomy":"category","embeddable":true,"href":"https:\/\/www.noticiasradioreflejos.com.ar\/2021\/wp-json\/wp\/v2\/categories?post=80653"},{"taxonomy":"post_tag","embeddable":true,"href":"https:\/\/www.noticiasradioreflejos.com.ar\/2021\/wp-json\/wp\/v2\/tags?post=80653"}],"curies":[{"name":"wp","href":"https:\/\/api.w.org\/{rel}","templated":true}]}}