{"id":80646,"date":"2022-11-28T14:49:54","date_gmt":"2022-11-28T14:49:54","guid":{"rendered":"http:\/\/www.noticiasradioreflejos.com.ar\/2021\/?p=80646"},"modified":"2022-11-28T14:51:20","modified_gmt":"2022-11-28T14:51:20","slug":"marcelo-alderete-se-destaco-en-la-ultra-maraton-de-epecuen","status":"publish","type":"post","link":"https:\/\/www.noticiasradioreflejos.com.ar\/2021\/marcelo-alderete-se-destaco-en-la-ultra-maraton-de-epecuen\/","title":{"rendered":"Marcelo Alderete se destac\u00f3 en la ultra marat\u00f3n de Epecuen"},"content":{"rendered":"<p>La demoledora competici\u00f3n de 60 kil\u00f3metros por diversos terrenos tuvo al representante rosale\u00f1o, pero con coraz\u00f3n en la comarca, entre los primeros puestos durante todo el trayecto. Finalmente fue cuarto. \u201cFue una competencia incre\u00edble\u201d asegur\u00f3.<!--more--><\/p>\n<p>&nbsp;<\/p>\n<p><a title=\"WhatsApp Image 2022-11-28 at 10.54.29\" href=\"https:\/\/www.flickr.com\/photos\/182279889@N02\/52529705258\/in\/dateposted-public\/\" data-flickr-embed=\"true\"><img loading=\"lazy\" decoding=\"async\" src=\"https:\/\/live.staticflickr.com\/65535\/52529705258_0374e00129_c.jpg\" alt=\"WhatsApp Image 2022-11-28 at 10.54.29\" width=\"800\" height=\"540\" \/><\/a><\/p>\n<p>&nbsp;<\/p>\n<p>No solo eran 60 kil\u00f3metros. Era el clima, los diversos terrenos, la expectativa y los rivales por vencer. En ese marco sumamente complejo Marcelo Alderete, el atleta puntaltense pero con coraz\u00f3n en la comarca, brill\u00f3 una vez m\u00e1s, en su primera experiencia dentro de una ultra marat\u00f3n.<\/p>\n<p>El evento, desarrollado en Epecuen, tuvo al quinteto de primeros encerrados en 20 minutos, mientras que el resto de los competidores fue arribando horas m\u00e1s tarde, al punto tal de llegar a completar el trayecto en casi 10 horas.<\/p>\n<p>Sobre la preparaci\u00f3n, Marcelo asegur\u00f3 que \u201ctuve d\u00edas que dec\u00eda basta, otros que estaba bien\u2026 tuve dolores musculares, hubo cambios de \u00e1nimo, pero fui y lo logr\u00e9. Hubo much\u00edsimo sacrificio personal y familiar. Incluso tuve que hacer una rifa hace un mes para solventar los gastos. SI no la hubiese hecho, y si mi familia no me hubiese apoyado, hubiese sido imposible\u201d.<\/p>\n<p>Sobre los factores externos que influyeron ese d\u00eda, dijo que \u201cla temperatura jug\u00f3 una mala pasada a medias. El primero lleg\u00f3 en 4 horas, 51. Yo llegu\u00e9 en 5 horas y 11 minutos. En ese lapso llegamos los primeros cinco. Pero hubo gente que tard\u00f3 entre ocho y nueve horas\u201d.<\/p>\n<p>&nbsp;<\/p>\n<p><a href=\"http:\/\/www.noticiasradioreflejos.com.ar\/2021\/marcelo-alderete-se-destaco-en-la-ultra-maraton-de-epecuen\/whatsapp-image-2022-11-28-at-10-54-29\/\" rel=\"attachment wp-att-80649\"><img loading=\"lazy\" decoding=\"async\" class=\"aligncenter size-full wp-image-80649\" src=\"http:\/\/www.noticiasradioreflejos.com.ar\/2021\/wp-content\/uploads\/2022\/11\/WhatsApp-Image-2022-11-28-at-10.54.29.jpeg\" alt=\"\" width=\"1204\" height=\"1600\" \/><\/a><\/p>\n<p>&nbsp;<\/p>\n<p>Desarrollando ese \u00faltimo punto, se\u00f1al\u00f3 que \u201cen ese lapso de tiempo tuvimos terreno de calle, asfalto, barro, pasto alto, arroyos donde te enterrabas, bosques donde ten\u00edamos que pasar por debajo de caldenes. En la costa una parte de barrancas con piedras sueltas que fue muy t\u00e1ctica y prestar atenci\u00f3n. Parte de playa\u2026 la verdad que muy lindo\u201d.<\/p>\n<p>Regresando al clima, el atleta reconoci\u00f3 que \u201ccuando arrancamos estuvo fresquito y a los 40 minutos empez\u00f3 a hacer mucho calor. A las dos horas de carrera comenz\u00f3 a llover con ganas, se levant\u00f3 viento y ya llegando de nuevo calor. El clima vari\u00f3 un mont\u00f3n. De igual forma ayud\u00f3 bastante porque si hubiese sido de pleno sol hubiese sido muy distinta\u201d.<\/p>\n<p>En otro pasaje de la charla confirm\u00f3 que \u201cuno en los entrenamientos se tiene que acomodar a las distintas circunstancias clim\u00e1ticas, porque si solo entrenas cuando est\u00e1 lindo, te va a pasar factura. Uno se tiene que acostumbrar al cambio de clima y a los diversos terrenos\u201d.<\/p>\n<p>Al tiempo que repasando a sus rivales directos, reconoci\u00f3 que \u201cel primero fue de ah\u00ed de Carhue, es el mismo que gan\u00f3 el a\u00f1o pasado. Yo fui a 200 metros de ellos hasta el kil\u00f3metro 50 y los dej\u00e9 que se vayan para ayudar a mi compa\u00f1ero. Sab\u00eda que pod\u00eda estar a la par de ellos, pero faltaban 10 kil\u00f3metros y mi objetivo era llegar. No matarme y que sobre el final me pase algo\u201d.<\/p>\n<p>Por \u00faltimo admiti\u00f3 que \u201ces la primera vez que voy a correr esta carrera y al mismo tiempo es la primera vez que hago una ultra marat\u00f3n\u201d.<\/p>\n<p>&nbsp;<\/p>\n<p><iframe loading=\"lazy\" src=\"https:\/\/w.soundcloud.com\/player\/?url=https%3A\/\/api.soundcloud.com\/tracks\/1391952193&amp;color=%23ff5500&amp;auto_play=false&amp;hide_related=false&amp;show_comments=true&amp;show_user=true&amp;show_reposts=false&amp;show_teaser=true\" width=\"100%\" height=\"166\" frameborder=\"no\" scrolling=\"no\"><\/iframe><\/p>\n<div style=\"font-size: 10px; color: #cccccc; line-break: anywhere; word-break: normal; overflow: hidden; white-space: nowrap; text-overflow: ellipsis; font-family: Interstate,Lucida Grande,Lucida Sans Unicode,Lucida Sans,Garuda,Verdana,Tahoma,sans-serif; font-weight: 100;\"><a style=\"color: #cccccc; text-decoration: none;\" title=\"fmreflejos 103.7\" href=\"https:\/\/soundcloud.com\/fmreflejos-103-7\" target=\"_blank\" rel=\"noopener\">fmreflejos 103.7<\/a> \u00b7 <a style=\"color: #cccccc; text-decoration: none;\" title=\"Marcelo Alderete\" href=\"https:\/\/soundcloud.com\/fmreflejos-103-7\/marcelo-alderete-1\" target=\"_blank\" rel=\"noopener\">Marcelo Alderete<\/a><\/div>\n<p><a title=\"WhatsApp Image 2022-11-28 at 10.55.09\" href=\"https:\/\/www.flickr.com\/photos\/182279889@N02\/52529638335\/in\/dateposted-public\/\" data-flickr-embed=\"true\"><img loading=\"lazy\" decoding=\"async\" src=\"https:\/\/live.staticflickr.com\/65535\/52529638335_98ec228ca0_c.jpg\" alt=\"WhatsApp Image 2022-11-28 at 10.55.09\" width=\"800\" height=\"318\" \/><\/a><\/p>\n","protected":false},"excerpt":{"rendered":"<p>La demoledora competici\u00f3n de 60 kil\u00f3metros por diversos terrenos tuvo al representante rosale\u00f1o, pero con coraz\u00f3n en la comarca, entre los primeros puestos durante todo el trayecto. Finalmente fue cuarto. \u201cFue una competencia incre\u00edble\u201d asegur\u00f3.<\/p>\n","protected":false},"author":3,"featured_media":0,"comment_status":"closed","ping_status":"closed","sticky":false,"template":"","format":"standard","meta":{"footnotes":""},"categories":[27],"tags":[48],"class_list":["post-80646","post","type-post","status-publish","format-standard","hentry","category-deportes","tag-destacada"],"yoast_head":"<!-- This site is optimized with the Yoast SEO plugin v25.9 - https:\/\/yoast.com\/wordpress\/plugins\/seo\/ -->\n<title>Marcelo Alderete se destac\u00f3 en la ultra marat\u00f3n de Epecuen - Noticias Radio Reflejos<\/title>\n<meta name=\"robots\" content=\"index, follow, max-snippet:-1, max-image-preview:large, max-video-preview:-1\" \/>\n<link rel=\"canonical\" href=\"https:\/\/www.noticiasradioreflejos.com.ar\/2021\/marcelo-alderete-se-destaco-en-la-ultra-maraton-de-epecuen\/\" \/>\n<meta property=\"og:locale\" content=\"es_ES\" \/>\n<meta property=\"og:type\" content=\"article\" \/>\n<meta property=\"og:title\" content=\"Marcelo Alderete se destac\u00f3 en la ultra marat\u00f3n de Epecuen - Noticias Radio Reflejos\" \/>\n<meta property=\"og:description\" content=\"La demoledora competici\u00f3n de 60 kil\u00f3metros por diversos terrenos tuvo al representante rosale\u00f1o, pero con coraz\u00f3n en la comarca, entre los primeros puestos durante todo el trayecto. Finalmente fue cuarto. \u201cFue una competencia incre\u00edble\u201d asegur\u00f3.\" \/>\n<meta property=\"og:url\" content=\"https:\/\/www.noticiasradioreflejos.com.ar\/2021\/marcelo-alderete-se-destaco-en-la-ultra-maraton-de-epecuen\/\" \/>\n<meta property=\"og:site_name\" content=\"Noticias Radio Reflejos\" \/>\n<meta property=\"article:published_time\" content=\"2022-11-28T14:49:54+00:00\" \/>\n<meta property=\"article:modified_time\" content=\"2022-11-28T14:51:20+00:00\" \/>\n<meta property=\"og:image\" content=\"https:\/\/live.staticflickr.com\/65535\/52529705258_0374e00129_c.jpg\" \/>\n<meta name=\"author\" content=\"Arnaldo Botto\" \/>\n<meta name=\"twitter:card\" content=\"summary_large_image\" \/>\n<script type=\"application\/ld+json\" class=\"yoast-schema-graph\">{\"@context\":\"https:\/\/schema.org\",\"@graph\":[{\"@type\":\"WebPage\",\"@id\":\"https:\/\/www.noticiasradioreflejos.com.ar\/2021\/marcelo-alderete-se-destaco-en-la-ultra-maraton-de-epecuen\/\",\"url\":\"https:\/\/www.noticiasradioreflejos.com.ar\/2021\/marcelo-alderete-se-destaco-en-la-ultra-maraton-de-epecuen\/\",\"name\":\"Marcelo Alderete se destac\u00f3 en la ultra marat\u00f3n de Epecuen - Noticias Radio Reflejos\",\"isPartOf\":{\"@id\":\"https:\/\/www.noticiasradioreflejos.com.ar\/2021\/#website\"},\"primaryImageOfPage\":{\"@id\":\"https:\/\/www.noticiasradioreflejos.com.ar\/2021\/marcelo-alderete-se-destaco-en-la-ultra-maraton-de-epecuen\/#primaryimage\"},\"image\":{\"@id\":\"https:\/\/www.noticiasradioreflejos.com.ar\/2021\/marcelo-alderete-se-destaco-en-la-ultra-maraton-de-epecuen\/#primaryimage\"},\"thumbnailUrl\":\"https:\/\/live.staticflickr.com\/65535\/52529705258_0374e00129_c.jpg\",\"datePublished\":\"2022-11-28T14:49:54+00:00\",\"dateModified\":\"2022-11-28T14:51:20+00:00\",\"author\":{\"@id\":\"https:\/\/www.noticiasradioreflejos.com.ar\/2021\/#\/schema\/person\/ad82545263dcc5ec0996818884fd5fb1\"},\"breadcrumb\":{\"@id\":\"https:\/\/www.noticiasradioreflejos.com.ar\/2021\/marcelo-alderete-se-destaco-en-la-ultra-maraton-de-epecuen\/#breadcrumb\"},\"inLanguage\":\"es\",\"potentialAction\":[{\"@type\":\"ReadAction\",\"target\":[\"https:\/\/www.noticiasradioreflejos.com.ar\/2021\/marcelo-alderete-se-destaco-en-la-ultra-maraton-de-epecuen\/\"]}]},{\"@type\":\"ImageObject\",\"inLanguage\":\"es\",\"@id\":\"https:\/\/www.noticiasradioreflejos.com.ar\/2021\/marcelo-alderete-se-destaco-en-la-ultra-maraton-de-epecuen\/#primaryimage\",\"url\":\"https:\/\/live.staticflickr.com\/65535\/52529705258_0374e00129_c.jpg\",\"contentUrl\":\"https:\/\/live.staticflickr.com\/65535\/52529705258_0374e00129_c.jpg\"},{\"@type\":\"BreadcrumbList\",\"@id\":\"https:\/\/www.noticiasradioreflejos.com.ar\/2021\/marcelo-alderete-se-destaco-en-la-ultra-maraton-de-epecuen\/#breadcrumb\",\"itemListElement\":[{\"@type\":\"ListItem\",\"position\":1,\"name\":\"Portada\",\"item\":\"https:\/\/www.noticiasradioreflejos.com.ar\/2021\/\"},{\"@type\":\"ListItem\",\"position\":2,\"name\":\"Marcelo Alderete se destac\u00f3 en la ultra marat\u00f3n de Epecuen\"}]},{\"@type\":\"WebSite\",\"@id\":\"https:\/\/www.noticiasradioreflejos.com.ar\/2021\/#website\",\"url\":\"https:\/\/www.noticiasradioreflejos.com.ar\/2021\/\",\"name\":\"Noticias Radio Reflejos\",\"description\":\"Las noticias de mi comarca\",\"potentialAction\":[{\"@type\":\"SearchAction\",\"target\":{\"@type\":\"EntryPoint\",\"urlTemplate\":\"https:\/\/www.noticiasradioreflejos.com.ar\/2021\/?s={search_term_string}\"},\"query-input\":{\"@type\":\"PropertyValueSpecification\",\"valueRequired\":true,\"valueName\":\"search_term_string\"}}],\"inLanguage\":\"es\"},{\"@type\":\"Person\",\"@id\":\"https:\/\/www.noticiasradioreflejos.com.ar\/2021\/#\/schema\/person\/ad82545263dcc5ec0996818884fd5fb1\",\"name\":\"Arnaldo Botto\",\"image\":{\"@type\":\"ImageObject\",\"inLanguage\":\"es\",\"@id\":\"https:\/\/www.noticiasradioreflejos.com.ar\/2021\/#\/schema\/person\/image\/\",\"url\":\"https:\/\/secure.gravatar.com\/avatar\/55cb5e37c1efa326397366e6974cb338056df65cb50e7d64d1cf314e87504837?s=96&d=mm&r=g\",\"contentUrl\":\"https:\/\/secure.gravatar.com\/avatar\/55cb5e37c1efa326397366e6974cb338056df65cb50e7d64d1cf314e87504837?s=96&d=mm&r=g\",\"caption\":\"Arnaldo Botto\"},\"url\":\"https:\/\/www.noticiasradioreflejos.com.ar\/2021\/author\/arnaldo\/\"}]}<\/script>\n<!-- \/ Yoast SEO plugin. -->","yoast_head_json":{"title":"Marcelo Alderete se destac\u00f3 en la ultra marat\u00f3n de Epecuen - Noticias Radio Reflejos","robots":{"index":"index","follow":"follow","max-snippet":"max-snippet:-1","max-image-preview":"max-image-preview:large","max-video-preview":"max-video-preview:-1"},"canonical":"https:\/\/www.noticiasradioreflejos.com.ar\/2021\/marcelo-alderete-se-destaco-en-la-ultra-maraton-de-epecuen\/","og_locale":"es_ES","og_type":"article","og_title":"Marcelo Alderete se destac\u00f3 en la ultra marat\u00f3n de Epecuen - Noticias Radio Reflejos","og_description":"La demoledora competici\u00f3n de 60 kil\u00f3metros por diversos terrenos tuvo al representante rosale\u00f1o, pero con coraz\u00f3n en la comarca, entre los primeros puestos durante todo el trayecto. Finalmente fue cuarto. \u201cFue una competencia incre\u00edble\u201d asegur\u00f3.","og_url":"https:\/\/www.noticiasradioreflejos.com.ar\/2021\/marcelo-alderete-se-destaco-en-la-ultra-maraton-de-epecuen\/","og_site_name":"Noticias Radio Reflejos","article_published_time":"2022-11-28T14:49:54+00:00","article_modified_time":"2022-11-28T14:51:20+00:00","og_image":[{"url":"https:\/\/live.staticflickr.com\/65535\/52529705258_0374e00129_c.jpg","type":"","width":"","height":""}],"author":"Arnaldo Botto","twitter_card":"summary_large_image","schema":{"@context":"https:\/\/schema.org","@graph":[{"@type":"WebPage","@id":"https:\/\/www.noticiasradioreflejos.com.ar\/2021\/marcelo-alderete-se-destaco-en-la-ultra-maraton-de-epecuen\/","url":"https:\/\/www.noticiasradioreflejos.com.ar\/2021\/marcelo-alderete-se-destaco-en-la-ultra-maraton-de-epecuen\/","name":"Marcelo Alderete se destac\u00f3 en la ultra marat\u00f3n de Epecuen - Noticias Radio Reflejos","isPartOf":{"@id":"https:\/\/www.noticiasradioreflejos.com.ar\/2021\/#website"},"primaryImageOfPage":{"@id":"https:\/\/www.noticiasradioreflejos.com.ar\/2021\/marcelo-alderete-se-destaco-en-la-ultra-maraton-de-epecuen\/#primaryimage"},"image":{"@id":"https:\/\/www.noticiasradioreflejos.com.ar\/2021\/marcelo-alderete-se-destaco-en-la-ultra-maraton-de-epecuen\/#primaryimage"},"thumbnailUrl":"https:\/\/live.staticflickr.com\/65535\/52529705258_0374e00129_c.jpg","datePublished":"2022-11-28T14:49:54+00:00","dateModified":"2022-11-28T14:51:20+00:00","author":{"@id":"https:\/\/www.noticiasradioreflejos.com.ar\/2021\/#\/schema\/person\/ad82545263dcc5ec0996818884fd5fb1"},"breadcrumb":{"@id":"https:\/\/www.noticiasradioreflejos.com.ar\/2021\/marcelo-alderete-se-destaco-en-la-ultra-maraton-de-epecuen\/#breadcrumb"},"inLanguage":"es","potentialAction":[{"@type":"ReadAction","target":["https:\/\/www.noticiasradioreflejos.com.ar\/2021\/marcelo-alderete-se-destaco-en-la-ultra-maraton-de-epecuen\/"]}]},{"@type":"ImageObject","inLanguage":"es","@id":"https:\/\/www.noticiasradioreflejos.com.ar\/2021\/marcelo-alderete-se-destaco-en-la-ultra-maraton-de-epecuen\/#primaryimage","url":"https:\/\/live.staticflickr.com\/65535\/52529705258_0374e00129_c.jpg","contentUrl":"https:\/\/live.staticflickr.com\/65535\/52529705258_0374e00129_c.jpg"},{"@type":"BreadcrumbList","@id":"https:\/\/www.noticiasradioreflejos.com.ar\/2021\/marcelo-alderete-se-destaco-en-la-ultra-maraton-de-epecuen\/#breadcrumb","itemListElement":[{"@type":"ListItem","position":1,"name":"Portada","item":"https:\/\/www.noticiasradioreflejos.com.ar\/2021\/"},{"@type":"ListItem","position":2,"name":"Marcelo Alderete se destac\u00f3 en la ultra marat\u00f3n de Epecuen"}]},{"@type":"WebSite","@id":"https:\/\/www.noticiasradioreflejos.com.ar\/2021\/#website","url":"https:\/\/www.noticiasradioreflejos.com.ar\/2021\/","name":"Noticias Radio Reflejos","description":"Las noticias de mi comarca","potentialAction":[{"@type":"SearchAction","target":{"@type":"EntryPoint","urlTemplate":"https:\/\/www.noticiasradioreflejos.com.ar\/2021\/?s={search_term_string}"},"query-input":{"@type":"PropertyValueSpecification","valueRequired":true,"valueName":"search_term_string"}}],"inLanguage":"es"},{"@type":"Person","@id":"https:\/\/www.noticiasradioreflejos.com.ar\/2021\/#\/schema\/person\/ad82545263dcc5ec0996818884fd5fb1","name":"Arnaldo Botto","image":{"@type":"ImageObject","inLanguage":"es","@id":"https:\/\/www.noticiasradioreflejos.com.ar\/2021\/#\/schema\/person\/image\/","url":"https:\/\/secure.gravatar.com\/avatar\/55cb5e37c1efa326397366e6974cb338056df65cb50e7d64d1cf314e87504837?s=96&d=mm&r=g","contentUrl":"https:\/\/secure.gravatar.com\/avatar\/55cb5e37c1efa326397366e6974cb338056df65cb50e7d64d1cf314e87504837?s=96&d=mm&r=g","caption":"Arnaldo Botto"},"url":"https:\/\/www.noticiasradioreflejos.com.ar\/2021\/author\/arnaldo\/"}]}},"_links":{"self":[{"href":"https:\/\/www.noticiasradioreflejos.com.ar\/2021\/wp-json\/wp\/v2\/posts\/80646","targetHints":{"allow":["GET"]}}],"collection":[{"href":"https:\/\/www.noticiasradioreflejos.com.ar\/2021\/wp-json\/wp\/v2\/posts"}],"about":[{"href":"https:\/\/www.noticiasradioreflejos.com.ar\/2021\/wp-json\/wp\/v2\/types\/post"}],"author":[{"embeddable":true,"href":"https:\/\/www.noticiasradioreflejos.com.ar\/2021\/wp-json\/wp\/v2\/users\/3"}],"replies":[{"embeddable":true,"href":"https:\/\/www.noticiasradioreflejos.com.ar\/2021\/wp-json\/wp\/v2\/comments?post=80646"}],"version-history":[{"count":4,"href":"https:\/\/www.noticiasradioreflejos.com.ar\/2021\/wp-json\/wp\/v2\/posts\/80646\/revisions"}],"predecessor-version":[{"id":80652,"href":"https:\/\/www.noticiasradioreflejos.com.ar\/2021\/wp-json\/wp\/v2\/posts\/80646\/revisions\/80652"}],"wp:attachment":[{"href":"https:\/\/www.noticiasradioreflejos.com.ar\/2021\/wp-json\/wp\/v2\/media?parent=80646"}],"wp:term":[{"taxonomy":"category","embeddable":true,"href":"https:\/\/www.noticiasradioreflejos.com.ar\/2021\/wp-json\/wp\/v2\/categories?post=80646"},{"taxonomy":"post_tag","embeddable":true,"href":"https:\/\/www.noticiasradioreflejos.com.ar\/2021\/wp-json\/wp\/v2\/tags?post=80646"}],"curies":[{"name":"wp","href":"https:\/\/api.w.org\/{rel}","templated":true}]}}