{"id":80643,"date":"2022-11-28T11:34:23","date_gmt":"2022-11-28T11:34:23","guid":{"rendered":"http:\/\/www.noticiasradioreflejos.com.ar\/2021\/?p=80643"},"modified":"2022-11-28T11:34:23","modified_gmt":"2022-11-28T11:34:23","slug":"comenzo-a-regir-la-segunda-etapa-del-programa-de-incremento-exportador","status":"publish","type":"post","link":"https:\/\/www.noticiasradioreflejos.com.ar\/2021\/comenzo-a-regir-la-segunda-etapa-del-programa-de-incremento-exportador\/","title":{"rendered":"Comenz\u00f3 a regir la segunda etapa del Programa de Incremento Exportador"},"content":{"rendered":"<p>Seg\u00fan lo anunciado por el ministro de Econom\u00eda, Sergio Massa, estar\u00e1 vigente hasta el 31 de diciembre. Contempla una actualizaci\u00f3n en la cotizaci\u00f3n del d\u00f3lar en base a la evoluci\u00f3n de la inflaci\u00f3n, tomando como referencia los $200 que rigi\u00f3 en la primera versi\u00f3n implementada en septiembre pasado.<!--more--><\/p>\n<figure class=\"mb-3\"><img decoding=\"async\" src=\"https:\/\/www.telam.com.ar\/thumbs\/bluesteel\/advf\/imagenes\/editadas\/6329d7e1ec5e3_1200.jpg\" alt=\" Massa afirm que la medida permitir fortalecer las reservas y generar mayor nivel de actividad en el sector agropecuario y agroindustrial\" width=\"100%\" height=\"100%\" \/><\/p>\n<div class=\"media-icons\"><\/div><figcaption>Massa afirm\u00f3 que la medida permitir\u00e1 \u201cfortalecer las reservas y generar mayor nivel de actividad en el sector agropecuario y agroindustrial\u201d.<\/figcaption><\/figure>\n<p>Comenz\u00f3 a regir este lunes la reapertura del Programa de Incremento Exportador (PIE) que establece un tipo de cambio diferencial destinado al complejo sojero de $230 por unidad.<\/p>\n<p>El programa estar\u00e1 vigente hasta el 31 de diciembre y contempla una actualizaci\u00f3n en la cotizaci\u00f3n del d\u00f3lar en base a la evoluci\u00f3n de la inflaci\u00f3n, tomando como referencia los $200 que rigi\u00f3 en la primera versi\u00f3n implementada en septiembre pasado.<\/p>\n<p><a href=\"https:\/\/www.telam.com.ar\/notas\/202211\/612137-dolar-soja-septiembre.html\" target=\"_blank\" rel=\"noopener\">El viernes, al anunciar la medida durante un encuentro con directivos del sector agroindustrial, el ministro de Econom\u00eda, Sergio Massa<\/a>, dijo que responde a \u201cla convicci\u00f3n de que tenemos que lograr, al 30 de diciembre, batir el r\u00e9cord de exportaciones argentinas en lo que es el complejo agroindustrial, entendiendo que Argentina es parte de la agenda de la seguridad alimentaria, al igual que el debate y la pelea por las prote\u00ednas a nivel global es una de las grandes peleas\u201d.<\/p>\n<p>Asimismo, Massa afirm\u00f3 que la medida permitir\u00e1\u00a0<strong>\u201cfortalecer las reservas y generar mayor nivel de actividad en el sector agropecuario y agroindustrial\u201d<\/strong>.<\/p>\n<p>En esa l\u00ednea, el secretario de Agricultura y Ganader\u00eda, Juan Jos\u00e9 Bahillo, destac\u00f3 entonces que \u201cel acuerdo del Gobierno con las cerealeras tiene un piso garantizado y firmado de US$ 3.000 millones\u201d de liquidaci\u00f3n hasta el 31 de diciembre pr\u00f3ximo\u201d, y asegur\u00f3 que con lo obtenido por el cobro de derechos de exportaci\u00f3n, \u201cse trabajar\u00e1 en el financiamiento de promoci\u00f3n para econom\u00edas regionales; subsidios a las cadenas de valor av\u00edcola, bovina, lechera y porcina para aumentar producci\u00f3n; y un fondo para mantener el valor de las asignaciones familiares\u201d.<\/p>\n<blockquote class=\"\"><p>\u00abSe trabajar\u00e1 en el financiamiento de promoci\u00f3n para econom\u00edas regionales; subsidios a las cadenas de valor av\u00edcola, bovina, lechera y porcina para aumentar producci\u00f3n; y un fondo para mantener el valor de las asignaciones familiares\u201d<cite class=\"author\">Juan Jos\u00e9 Bahillo<\/cite><\/p><\/blockquote>\n<p>En base a datos de la Subsecretar\u00eda de Mercados Agropecuarios de la Secretar\u00eda de Agricultura, Ganader\u00eda y Pesca, hasta el 16 de noviembre pasado se hab\u00edan comercializado 31,9 millones de toneladas de soja de la campa\u00f1a 2021\/2022, y si se tiene en cuenta que la cartera agropecuaria calcula la producci\u00f3n de la campa\u00f1a en 44 millones de toneladas, la mercader\u00eda remanente ronda 12,1 millones de toneladas.<\/p>\n<p>En tanto, la edici\u00f3n anterior del PIE, que tuvo lugar durante septiembre, dej\u00f3 un saldo de casi 14 millones de toneladas de soja que se comercializaron, y una liquidaci\u00f3n que totaliz\u00f3 US$ 8.125 millones.<\/p>\n","protected":false},"excerpt":{"rendered":"<p>Seg\u00fan lo anunciado por el ministro de Econom\u00eda, Sergio Massa, estar\u00e1 vigente hasta el 31 de diciembre. Contempla una actualizaci\u00f3n en la cotizaci\u00f3n del d\u00f3lar en base a la evoluci\u00f3n de la inflaci\u00f3n, tomando como referencia los $200 que rigi\u00f3 en la primera versi\u00f3n implementada en septiembre pasado.<\/p>\n","protected":false},"author":3,"featured_media":0,"comment_status":"closed","ping_status":"closed","sticky":false,"template":"","format":"standard","meta":{"footnotes":""},"categories":[36],"tags":[],"class_list":["post-80643","post","type-post","status-publish","format-standard","hentry","category-economia"],"yoast_head":"<!-- This site is optimized with the Yoast SEO plugin v25.9 - https:\/\/yoast.com\/wordpress\/plugins\/seo\/ -->\n<title>Comenz\u00f3 a regir la segunda etapa del Programa de Incremento Exportador - Noticias Radio Reflejos<\/title>\n<meta name=\"robots\" content=\"index, follow, max-snippet:-1, max-image-preview:large, max-video-preview:-1\" \/>\n<link rel=\"canonical\" href=\"https:\/\/www.noticiasradioreflejos.com.ar\/2021\/comenzo-a-regir-la-segunda-etapa-del-programa-de-incremento-exportador\/\" \/>\n<meta property=\"og:locale\" content=\"es_ES\" \/>\n<meta property=\"og:type\" content=\"article\" \/>\n<meta property=\"og:title\" content=\"Comenz\u00f3 a regir la segunda etapa del Programa de Incremento Exportador - Noticias Radio Reflejos\" \/>\n<meta property=\"og:description\" content=\"Seg\u00fan lo anunciado por el ministro de Econom\u00eda, Sergio Massa, estar\u00e1 vigente hasta el 31 de diciembre. Contempla una actualizaci\u00f3n en la cotizaci\u00f3n del d\u00f3lar en base a la evoluci\u00f3n de la inflaci\u00f3n, tomando como referencia los $200 que rigi\u00f3 en la primera versi\u00f3n implementada en septiembre pasado.\" \/>\n<meta property=\"og:url\" content=\"https:\/\/www.noticiasradioreflejos.com.ar\/2021\/comenzo-a-regir-la-segunda-etapa-del-programa-de-incremento-exportador\/\" \/>\n<meta property=\"og:site_name\" content=\"Noticias Radio Reflejos\" \/>\n<meta property=\"article:published_time\" content=\"2022-11-28T11:34:23+00:00\" \/>\n<meta property=\"og:image\" content=\"https:\/\/www.telam.com.ar\/thumbs\/bluesteel\/advf\/imagenes\/editadas\/6329d7e1ec5e3_1200.jpg\" \/>\n<meta name=\"author\" content=\"Arnaldo Botto\" \/>\n<meta name=\"twitter:card\" content=\"summary_large_image\" \/>\n<script type=\"application\/ld+json\" class=\"yoast-schema-graph\">{\"@context\":\"https:\/\/schema.org\",\"@graph\":[{\"@type\":\"WebPage\",\"@id\":\"https:\/\/www.noticiasradioreflejos.com.ar\/2021\/comenzo-a-regir-la-segunda-etapa-del-programa-de-incremento-exportador\/\",\"url\":\"https:\/\/www.noticiasradioreflejos.com.ar\/2021\/comenzo-a-regir-la-segunda-etapa-del-programa-de-incremento-exportador\/\",\"name\":\"Comenz\u00f3 a regir la segunda etapa del Programa de Incremento Exportador - Noticias Radio Reflejos\",\"isPartOf\":{\"@id\":\"https:\/\/www.noticiasradioreflejos.com.ar\/2021\/#website\"},\"primaryImageOfPage\":{\"@id\":\"https:\/\/www.noticiasradioreflejos.com.ar\/2021\/comenzo-a-regir-la-segunda-etapa-del-programa-de-incremento-exportador\/#primaryimage\"},\"image\":{\"@id\":\"https:\/\/www.noticiasradioreflejos.com.ar\/2021\/comenzo-a-regir-la-segunda-etapa-del-programa-de-incremento-exportador\/#primaryimage\"},\"thumbnailUrl\":\"https:\/\/www.telam.com.ar\/thumbs\/bluesteel\/advf\/imagenes\/editadas\/6329d7e1ec5e3_1200.jpg\",\"datePublished\":\"2022-11-28T11:34:23+00:00\",\"author\":{\"@id\":\"https:\/\/www.noticiasradioreflejos.com.ar\/2021\/#\/schema\/person\/ad82545263dcc5ec0996818884fd5fb1\"},\"breadcrumb\":{\"@id\":\"https:\/\/www.noticiasradioreflejos.com.ar\/2021\/comenzo-a-regir-la-segunda-etapa-del-programa-de-incremento-exportador\/#breadcrumb\"},\"inLanguage\":\"es\",\"potentialAction\":[{\"@type\":\"ReadAction\",\"target\":[\"https:\/\/www.noticiasradioreflejos.com.ar\/2021\/comenzo-a-regir-la-segunda-etapa-del-programa-de-incremento-exportador\/\"]}]},{\"@type\":\"ImageObject\",\"inLanguage\":\"es\",\"@id\":\"https:\/\/www.noticiasradioreflejos.com.ar\/2021\/comenzo-a-regir-la-segunda-etapa-del-programa-de-incremento-exportador\/#primaryimage\",\"url\":\"https:\/\/www.telam.com.ar\/thumbs\/bluesteel\/advf\/imagenes\/editadas\/6329d7e1ec5e3_1200.jpg\",\"contentUrl\":\"https:\/\/www.telam.com.ar\/thumbs\/bluesteel\/advf\/imagenes\/editadas\/6329d7e1ec5e3_1200.jpg\"},{\"@type\":\"BreadcrumbList\",\"@id\":\"https:\/\/www.noticiasradioreflejos.com.ar\/2021\/comenzo-a-regir-la-segunda-etapa-del-programa-de-incremento-exportador\/#breadcrumb\",\"itemListElement\":[{\"@type\":\"ListItem\",\"position\":1,\"name\":\"Portada\",\"item\":\"https:\/\/www.noticiasradioreflejos.com.ar\/2021\/\"},{\"@type\":\"ListItem\",\"position\":2,\"name\":\"Comenz\u00f3 a regir la segunda etapa del Programa de Incremento Exportador\"}]},{\"@type\":\"WebSite\",\"@id\":\"https:\/\/www.noticiasradioreflejos.com.ar\/2021\/#website\",\"url\":\"https:\/\/www.noticiasradioreflejos.com.ar\/2021\/\",\"name\":\"Noticias Radio Reflejos\",\"description\":\"Las noticias de mi comarca\",\"potentialAction\":[{\"@type\":\"SearchAction\",\"target\":{\"@type\":\"EntryPoint\",\"urlTemplate\":\"https:\/\/www.noticiasradioreflejos.com.ar\/2021\/?s={search_term_string}\"},\"query-input\":{\"@type\":\"PropertyValueSpecification\",\"valueRequired\":true,\"valueName\":\"search_term_string\"}}],\"inLanguage\":\"es\"},{\"@type\":\"Person\",\"@id\":\"https:\/\/www.noticiasradioreflejos.com.ar\/2021\/#\/schema\/person\/ad82545263dcc5ec0996818884fd5fb1\",\"name\":\"Arnaldo Botto\",\"image\":{\"@type\":\"ImageObject\",\"inLanguage\":\"es\",\"@id\":\"https:\/\/www.noticiasradioreflejos.com.ar\/2021\/#\/schema\/person\/image\/\",\"url\":\"https:\/\/secure.gravatar.com\/avatar\/55cb5e37c1efa326397366e6974cb338056df65cb50e7d64d1cf314e87504837?s=96&d=mm&r=g\",\"contentUrl\":\"https:\/\/secure.gravatar.com\/avatar\/55cb5e37c1efa326397366e6974cb338056df65cb50e7d64d1cf314e87504837?s=96&d=mm&r=g\",\"caption\":\"Arnaldo Botto\"},\"url\":\"https:\/\/www.noticiasradioreflejos.com.ar\/2021\/author\/arnaldo\/\"}]}<\/script>\n<!-- \/ Yoast SEO plugin. -->","yoast_head_json":{"title":"Comenz\u00f3 a regir la segunda etapa del Programa de Incremento Exportador - Noticias Radio Reflejos","robots":{"index":"index","follow":"follow","max-snippet":"max-snippet:-1","max-image-preview":"max-image-preview:large","max-video-preview":"max-video-preview:-1"},"canonical":"https:\/\/www.noticiasradioreflejos.com.ar\/2021\/comenzo-a-regir-la-segunda-etapa-del-programa-de-incremento-exportador\/","og_locale":"es_ES","og_type":"article","og_title":"Comenz\u00f3 a regir la segunda etapa del Programa de Incremento Exportador - Noticias Radio Reflejos","og_description":"Seg\u00fan lo anunciado por el ministro de Econom\u00eda, Sergio Massa, estar\u00e1 vigente hasta el 31 de diciembre. Contempla una actualizaci\u00f3n en la cotizaci\u00f3n del d\u00f3lar en base a la evoluci\u00f3n de la inflaci\u00f3n, tomando como referencia los $200 que rigi\u00f3 en la primera versi\u00f3n implementada en septiembre pasado.","og_url":"https:\/\/www.noticiasradioreflejos.com.ar\/2021\/comenzo-a-regir-la-segunda-etapa-del-programa-de-incremento-exportador\/","og_site_name":"Noticias Radio Reflejos","article_published_time":"2022-11-28T11:34:23+00:00","og_image":[{"url":"https:\/\/www.telam.com.ar\/thumbs\/bluesteel\/advf\/imagenes\/editadas\/6329d7e1ec5e3_1200.jpg","type":"","width":"","height":""}],"author":"Arnaldo Botto","twitter_card":"summary_large_image","schema":{"@context":"https:\/\/schema.org","@graph":[{"@type":"WebPage","@id":"https:\/\/www.noticiasradioreflejos.com.ar\/2021\/comenzo-a-regir-la-segunda-etapa-del-programa-de-incremento-exportador\/","url":"https:\/\/www.noticiasradioreflejos.com.ar\/2021\/comenzo-a-regir-la-segunda-etapa-del-programa-de-incremento-exportador\/","name":"Comenz\u00f3 a regir la segunda etapa del Programa de Incremento Exportador - Noticias Radio Reflejos","isPartOf":{"@id":"https:\/\/www.noticiasradioreflejos.com.ar\/2021\/#website"},"primaryImageOfPage":{"@id":"https:\/\/www.noticiasradioreflejos.com.ar\/2021\/comenzo-a-regir-la-segunda-etapa-del-programa-de-incremento-exportador\/#primaryimage"},"image":{"@id":"https:\/\/www.noticiasradioreflejos.com.ar\/2021\/comenzo-a-regir-la-segunda-etapa-del-programa-de-incremento-exportador\/#primaryimage"},"thumbnailUrl":"https:\/\/www.telam.com.ar\/thumbs\/bluesteel\/advf\/imagenes\/editadas\/6329d7e1ec5e3_1200.jpg","datePublished":"2022-11-28T11:34:23+00:00","author":{"@id":"https:\/\/www.noticiasradioreflejos.com.ar\/2021\/#\/schema\/person\/ad82545263dcc5ec0996818884fd5fb1"},"breadcrumb":{"@id":"https:\/\/www.noticiasradioreflejos.com.ar\/2021\/comenzo-a-regir-la-segunda-etapa-del-programa-de-incremento-exportador\/#breadcrumb"},"inLanguage":"es","potentialAction":[{"@type":"ReadAction","target":["https:\/\/www.noticiasradioreflejos.com.ar\/2021\/comenzo-a-regir-la-segunda-etapa-del-programa-de-incremento-exportador\/"]}]},{"@type":"ImageObject","inLanguage":"es","@id":"https:\/\/www.noticiasradioreflejos.com.ar\/2021\/comenzo-a-regir-la-segunda-etapa-del-programa-de-incremento-exportador\/#primaryimage","url":"https:\/\/www.telam.com.ar\/thumbs\/bluesteel\/advf\/imagenes\/editadas\/6329d7e1ec5e3_1200.jpg","contentUrl":"https:\/\/www.telam.com.ar\/thumbs\/bluesteel\/advf\/imagenes\/editadas\/6329d7e1ec5e3_1200.jpg"},{"@type":"BreadcrumbList","@id":"https:\/\/www.noticiasradioreflejos.com.ar\/2021\/comenzo-a-regir-la-segunda-etapa-del-programa-de-incremento-exportador\/#breadcrumb","itemListElement":[{"@type":"ListItem","position":1,"name":"Portada","item":"https:\/\/www.noticiasradioreflejos.com.ar\/2021\/"},{"@type":"ListItem","position":2,"name":"Comenz\u00f3 a regir la segunda etapa del Programa de Incremento Exportador"}]},{"@type":"WebSite","@id":"https:\/\/www.noticiasradioreflejos.com.ar\/2021\/#website","url":"https:\/\/www.noticiasradioreflejos.com.ar\/2021\/","name":"Noticias Radio Reflejos","description":"Las noticias de mi comarca","potentialAction":[{"@type":"SearchAction","target":{"@type":"EntryPoint","urlTemplate":"https:\/\/www.noticiasradioreflejos.com.ar\/2021\/?s={search_term_string}"},"query-input":{"@type":"PropertyValueSpecification","valueRequired":true,"valueName":"search_term_string"}}],"inLanguage":"es"},{"@type":"Person","@id":"https:\/\/www.noticiasradioreflejos.com.ar\/2021\/#\/schema\/person\/ad82545263dcc5ec0996818884fd5fb1","name":"Arnaldo Botto","image":{"@type":"ImageObject","inLanguage":"es","@id":"https:\/\/www.noticiasradioreflejos.com.ar\/2021\/#\/schema\/person\/image\/","url":"https:\/\/secure.gravatar.com\/avatar\/55cb5e37c1efa326397366e6974cb338056df65cb50e7d64d1cf314e87504837?s=96&d=mm&r=g","contentUrl":"https:\/\/secure.gravatar.com\/avatar\/55cb5e37c1efa326397366e6974cb338056df65cb50e7d64d1cf314e87504837?s=96&d=mm&r=g","caption":"Arnaldo Botto"},"url":"https:\/\/www.noticiasradioreflejos.com.ar\/2021\/author\/arnaldo\/"}]}},"_links":{"self":[{"href":"https:\/\/www.noticiasradioreflejos.com.ar\/2021\/wp-json\/wp\/v2\/posts\/80643","targetHints":{"allow":["GET"]}}],"collection":[{"href":"https:\/\/www.noticiasradioreflejos.com.ar\/2021\/wp-json\/wp\/v2\/posts"}],"about":[{"href":"https:\/\/www.noticiasradioreflejos.com.ar\/2021\/wp-json\/wp\/v2\/types\/post"}],"author":[{"embeddable":true,"href":"https:\/\/www.noticiasradioreflejos.com.ar\/2021\/wp-json\/wp\/v2\/users\/3"}],"replies":[{"embeddable":true,"href":"https:\/\/www.noticiasradioreflejos.com.ar\/2021\/wp-json\/wp\/v2\/comments?post=80643"}],"version-history":[{"count":1,"href":"https:\/\/www.noticiasradioreflejos.com.ar\/2021\/wp-json\/wp\/v2\/posts\/80643\/revisions"}],"predecessor-version":[{"id":80644,"href":"https:\/\/www.noticiasradioreflejos.com.ar\/2021\/wp-json\/wp\/v2\/posts\/80643\/revisions\/80644"}],"wp:attachment":[{"href":"https:\/\/www.noticiasradioreflejos.com.ar\/2021\/wp-json\/wp\/v2\/media?parent=80643"}],"wp:term":[{"taxonomy":"category","embeddable":true,"href":"https:\/\/www.noticiasradioreflejos.com.ar\/2021\/wp-json\/wp\/v2\/categories?post=80643"},{"taxonomy":"post_tag","embeddable":true,"href":"https:\/\/www.noticiasradioreflejos.com.ar\/2021\/wp-json\/wp\/v2\/tags?post=80643"}],"curies":[{"name":"wp","href":"https:\/\/api.w.org\/{rel}","templated":true}]}}