{"id":80639,"date":"2022-11-28T10:54:34","date_gmt":"2022-11-28T10:54:34","guid":{"rendered":"http:\/\/www.noticiasradioreflejos.com.ar\/2021\/?p=80639"},"modified":"2022-11-28T10:54:34","modified_gmt":"2022-11-28T10:54:34","slug":"primavera-calurosa-mas-de-la-mitad-del-pais-con-temperaturas-por-encima-de-los-30-grados","status":"publish","type":"post","link":"https:\/\/www.noticiasradioreflejos.com.ar\/2021\/primavera-calurosa-mas-de-la-mitad-del-pais-con-temperaturas-por-encima-de-los-30-grados\/","title":{"rendered":"Primavera calurosa: m\u00e1s de la mitad del pa\u00eds con temperaturas por encima de los 30 grados"},"content":{"rendered":"<p>Seg\u00fan la actualizaci\u00f3n del ranking de temperaturas de las 18 del Servicio Metereol\u00f3gico Nacional, La Rioja estuvo secundada por San Fernando del Valle de Catamarca con 39 grados y San Juan con 39,7.<!--more--><\/p>\n<div class=\"time\"><\/div>\n<div>\n<div class=\"wrapper-editable-content\">\n<div>\n<div class=\"container-md\">\n<div class=\"row\">\n<div class=\"col-md-12 speak\">\n<div class=\"paragraph\">\n<figure class=\"mb-3\"><img decoding=\"async\" src=\"https:\/\/www.telam.com.ar\/thumbs\/bluesteel\/advf\/imagenes\/2022\/11\/6383cb813999a_1200.jpg\" alt=\"Los porteos disfrutaron de los primero das de verdadero calor Foto Alfredo Luna\" width=\"100%\" height=\"100%\" \/><\/p>\n<div class=\"media-icons\"><\/div><figcaption>Los porte\u00f1os disfrutaron de los primero d\u00edas de verdadero calor. (Foto: Alfredo Luna)<\/figcaption><\/figure>\n<p>M\u00e1s de la mitad de las estaciones meteorol\u00f3gicas del pa\u00eds registraban esta tarde de domingo temperaturas por encima de los 30 grados, ubic\u00e1ndose la capital riojana en<strong>\u00a0el tope con 39,7 grados<\/strong>, seg\u00fan el ranking del Servicio Meteorol\u00f3gico Nacional (SMN).<\/p>\n<p>Seg\u00fan la actualizaci\u00f3n del ranking de temperaturas de las 18, La Rioja estuvo secundada por San Fernando del Valle de Catamarca con 39 grados y San Juan con 39,7.<\/p>\n<p>Villa Reynolds en San Luis registraba 37,4 grados, Chamical (La Rioja), y Villa Dolores (C\u00f3rdoba), 37, Santiago del Estero 36,8, Laboulaye (C\u00f3rdoba), 36,7, Las Lomitas (Formosa), 36,6, Presidencia Roque S\u00e1enz Pe\u00f1a (Chaco), 36,4 y General Pico (La Pampa), 36,2.<\/p>\n<p>En tanto,\u00a0<strong>los registros m\u00e1s bajos se produjeron en Puerto San Juli\u00e1n, Santa Cruz, con 14 grados<\/strong>\u00a0y la ciudad fueguina de Ushuaia, donde el term\u00f3metro inform\u00f3 14,6 grados.<\/p>\n<p>El organismo meteorol\u00f3gico mantiene bajo alerta por altas temperaturas a localidades de 13 provincias y ciudad de Buenos Aires, especialmente en las zonas centro y oeste.<\/p>\n<figure class=\"mb-3\"><img decoding=\"async\" src=\"https:\/\/www.telam.com.ar\/thumbs\/bluesteel\/advf\/imagenes\/2022\/11\/6383cb80ecde4_1200.jpg\" alt=\"En CABA la temperatura super los 30 grados Foto Alfredo Luna\" width=\"100%\" height=\"100%\" \/><\/p>\n<div class=\"media-icons\"><\/div><figcaption>En CABA la temperatura super\u00f3 los 30 grados. (Foto: Alfredo Luna)<\/figcaption><\/figure>\n<p>En San Luis, en las zonas bajas de Belgrano y de General Pueyrred\u00f3n -que incluye la ciudad capital- rige una alerta roja (la advertencia m\u00e1s elevada) por las altas temperaturas pronosticadas que \u201cpueden afectar a todas las personas, incluso a las saludables\u201d, por lo que\u00a0<strong>se recomienda aumentar el consumo de agua, evitar exponerse al sol en exceso y no ingerir comidas abundantes.<\/strong><\/p>\n<p>Con alerta naranja, la segunda en la escala, se ubican el este de Las Heras, La Paz, Lavalle, San Mart\u00edn y Santa Rosa (Mendoza); R\u00edo Primero, R\u00edo Segundo, Tercero Arriba y San Justo (C\u00f3rdoba); Rosario, Constituci\u00f3n, San Lorenzo, Iriondo, Caseros y General L\u00f3pez (Santa Fe); Gualeguay y Victoria (Entre R\u00edos); y San Nicol\u00e1s, San Pedro, Ramallo y Baradero (Buenos Aires)<\/p>\n<p>Tucum\u00e1n, Catamarca, La Rioja, San Juan, La Pampa, y localidades de Neuqu\u00e9n, R\u00edo Negro y Buenos Aires, adem\u00e1s de la ciudad de Buenos Aires, est\u00e1n bajo alerta amarilla por altas temperaturas.<\/p>\n<blockquote class=\"twitter-tweet\" data-width=\"500\" data-dnt=\"true\">\n<p lang=\"es\" dir=\"ltr\">\ud83c\udf21Adem\u00e1s, hubo 6 ciudades que superaron los 40\u00b0C<\/p>\n<p>LA RIOJA 42\u00b0C<br \/>RIVADAVIA (Salta) 41,8\u00b0C<br \/>SAN JUAN 40,7\u00b0C<br \/>CHAMICAL ( La Rioja) 40,6\u00b0C<br \/>LABOULAYE (C\u00f3rdoba) 40\u00b0C<br \/>VILLA DOLORES (C\u00f3rdoba) 40\u00b0C <a href=\"https:\/\/t.co\/XJaYcuzqFR\">https:\/\/t.co\/XJaYcuzqFR<\/a><\/p>\n<p>&mdash; SMN Argentina (@SMN_Argentina) <a href=\"https:\/\/twitter.com\/SMN_Argentina\/status\/1596853183707766784?ref_src=twsrc%5Etfw\">November 27, 2022<\/a><\/p><\/blockquote>\n<p><script async src=\"https:\/\/platform.twitter.com\/widgets.js\" charset=\"utf-8\"><\/script><\/p>\n<p>POR MAR\u00cdA ALICIA ALVADO para T\u00e9lam<\/p>\n<\/div>\n<\/div>\n<\/div>\n<\/div>\n<\/div>\n<\/div>\n<\/div>\n","protected":false},"excerpt":{"rendered":"<p>Seg\u00fan la actualizaci\u00f3n del ranking de temperaturas de las 18 del Servicio Metereol\u00f3gico Nacional, La Rioja estuvo secundada por San Fernando del Valle de Catamarca con 39 grados y San Juan con 39,7.<\/p>\n","protected":false},"author":3,"featured_media":0,"comment_status":"closed","ping_status":"closed","sticky":false,"template":"","format":"standard","meta":{"footnotes":""},"categories":[46],"tags":[48],"class_list":["post-80639","post","type-post","status-publish","format-standard","hentry","category-ciencia-y-tecnologia","tag-destacada"],"yoast_head":"<!-- This site is optimized with the Yoast SEO plugin v25.9 - https:\/\/yoast.com\/wordpress\/plugins\/seo\/ -->\n<title>Primavera calurosa: m\u00e1s de la mitad del pa\u00eds con temperaturas por encima de los 30 grados - Noticias Radio Reflejos<\/title>\n<meta name=\"robots\" content=\"index, follow, max-snippet:-1, max-image-preview:large, max-video-preview:-1\" \/>\n<link rel=\"canonical\" href=\"https:\/\/www.noticiasradioreflejos.com.ar\/2021\/primavera-calurosa-mas-de-la-mitad-del-pais-con-temperaturas-por-encima-de-los-30-grados\/\" \/>\n<meta property=\"og:locale\" content=\"es_ES\" \/>\n<meta property=\"og:type\" content=\"article\" \/>\n<meta property=\"og:title\" content=\"Primavera calurosa: m\u00e1s de la mitad del pa\u00eds con temperaturas por encima de los 30 grados - Noticias Radio Reflejos\" \/>\n<meta property=\"og:description\" content=\"Seg\u00fan la actualizaci\u00f3n del ranking de temperaturas de las 18 del Servicio Metereol\u00f3gico Nacional, La Rioja estuvo secundada por San Fernando del Valle de Catamarca con 39 grados y San Juan con 39,7.\" \/>\n<meta property=\"og:url\" content=\"https:\/\/www.noticiasradioreflejos.com.ar\/2021\/primavera-calurosa-mas-de-la-mitad-del-pais-con-temperaturas-por-encima-de-los-30-grados\/\" \/>\n<meta property=\"og:site_name\" content=\"Noticias Radio Reflejos\" \/>\n<meta property=\"article:published_time\" content=\"2022-11-28T10:54:34+00:00\" \/>\n<meta property=\"og:image\" content=\"https:\/\/www.telam.com.ar\/thumbs\/bluesteel\/advf\/imagenes\/2022\/11\/6383cb813999a_1200.jpg\" \/>\n<meta name=\"author\" content=\"Arnaldo Botto\" \/>\n<meta name=\"twitter:card\" content=\"summary_large_image\" \/>\n<script type=\"application\/ld+json\" class=\"yoast-schema-graph\">{\"@context\":\"https:\/\/schema.org\",\"@graph\":[{\"@type\":\"WebPage\",\"@id\":\"https:\/\/www.noticiasradioreflejos.com.ar\/2021\/primavera-calurosa-mas-de-la-mitad-del-pais-con-temperaturas-por-encima-de-los-30-grados\/\",\"url\":\"https:\/\/www.noticiasradioreflejos.com.ar\/2021\/primavera-calurosa-mas-de-la-mitad-del-pais-con-temperaturas-por-encima-de-los-30-grados\/\",\"name\":\"Primavera calurosa: m\u00e1s de la mitad del pa\u00eds con temperaturas por encima de los 30 grados - Noticias Radio Reflejos\",\"isPartOf\":{\"@id\":\"https:\/\/www.noticiasradioreflejos.com.ar\/2021\/#website\"},\"primaryImageOfPage\":{\"@id\":\"https:\/\/www.noticiasradioreflejos.com.ar\/2021\/primavera-calurosa-mas-de-la-mitad-del-pais-con-temperaturas-por-encima-de-los-30-grados\/#primaryimage\"},\"image\":{\"@id\":\"https:\/\/www.noticiasradioreflejos.com.ar\/2021\/primavera-calurosa-mas-de-la-mitad-del-pais-con-temperaturas-por-encima-de-los-30-grados\/#primaryimage\"},\"thumbnailUrl\":\"https:\/\/www.telam.com.ar\/thumbs\/bluesteel\/advf\/imagenes\/2022\/11\/6383cb813999a_1200.jpg\",\"datePublished\":\"2022-11-28T10:54:34+00:00\",\"author\":{\"@id\":\"https:\/\/www.noticiasradioreflejos.com.ar\/2021\/#\/schema\/person\/ad82545263dcc5ec0996818884fd5fb1\"},\"breadcrumb\":{\"@id\":\"https:\/\/www.noticiasradioreflejos.com.ar\/2021\/primavera-calurosa-mas-de-la-mitad-del-pais-con-temperaturas-por-encima-de-los-30-grados\/#breadcrumb\"},\"inLanguage\":\"es\",\"potentialAction\":[{\"@type\":\"ReadAction\",\"target\":[\"https:\/\/www.noticiasradioreflejos.com.ar\/2021\/primavera-calurosa-mas-de-la-mitad-del-pais-con-temperaturas-por-encima-de-los-30-grados\/\"]}]},{\"@type\":\"ImageObject\",\"inLanguage\":\"es\",\"@id\":\"https:\/\/www.noticiasradioreflejos.com.ar\/2021\/primavera-calurosa-mas-de-la-mitad-del-pais-con-temperaturas-por-encima-de-los-30-grados\/#primaryimage\",\"url\":\"https:\/\/www.telam.com.ar\/thumbs\/bluesteel\/advf\/imagenes\/2022\/11\/6383cb813999a_1200.jpg\",\"contentUrl\":\"https:\/\/www.telam.com.ar\/thumbs\/bluesteel\/advf\/imagenes\/2022\/11\/6383cb813999a_1200.jpg\"},{\"@type\":\"BreadcrumbList\",\"@id\":\"https:\/\/www.noticiasradioreflejos.com.ar\/2021\/primavera-calurosa-mas-de-la-mitad-del-pais-con-temperaturas-por-encima-de-los-30-grados\/#breadcrumb\",\"itemListElement\":[{\"@type\":\"ListItem\",\"position\":1,\"name\":\"Portada\",\"item\":\"https:\/\/www.noticiasradioreflejos.com.ar\/2021\/\"},{\"@type\":\"ListItem\",\"position\":2,\"name\":\"Primavera calurosa: m\u00e1s de la mitad del pa\u00eds con temperaturas por encima de los 30 grados\"}]},{\"@type\":\"WebSite\",\"@id\":\"https:\/\/www.noticiasradioreflejos.com.ar\/2021\/#website\",\"url\":\"https:\/\/www.noticiasradioreflejos.com.ar\/2021\/\",\"name\":\"Noticias Radio Reflejos\",\"description\":\"Las noticias de mi comarca\",\"potentialAction\":[{\"@type\":\"SearchAction\",\"target\":{\"@type\":\"EntryPoint\",\"urlTemplate\":\"https:\/\/www.noticiasradioreflejos.com.ar\/2021\/?s={search_term_string}\"},\"query-input\":{\"@type\":\"PropertyValueSpecification\",\"valueRequired\":true,\"valueName\":\"search_term_string\"}}],\"inLanguage\":\"es\"},{\"@type\":\"Person\",\"@id\":\"https:\/\/www.noticiasradioreflejos.com.ar\/2021\/#\/schema\/person\/ad82545263dcc5ec0996818884fd5fb1\",\"name\":\"Arnaldo Botto\",\"image\":{\"@type\":\"ImageObject\",\"inLanguage\":\"es\",\"@id\":\"https:\/\/www.noticiasradioreflejos.com.ar\/2021\/#\/schema\/person\/image\/\",\"url\":\"https:\/\/secure.gravatar.com\/avatar\/55cb5e37c1efa326397366e6974cb338056df65cb50e7d64d1cf314e87504837?s=96&d=mm&r=g\",\"contentUrl\":\"https:\/\/secure.gravatar.com\/avatar\/55cb5e37c1efa326397366e6974cb338056df65cb50e7d64d1cf314e87504837?s=96&d=mm&r=g\",\"caption\":\"Arnaldo Botto\"},\"url\":\"https:\/\/www.noticiasradioreflejos.com.ar\/2021\/author\/arnaldo\/\"}]}<\/script>\n<!-- \/ Yoast SEO plugin. -->","yoast_head_json":{"title":"Primavera calurosa: m\u00e1s de la mitad del pa\u00eds con temperaturas por encima de los 30 grados - Noticias Radio Reflejos","robots":{"index":"index","follow":"follow","max-snippet":"max-snippet:-1","max-image-preview":"max-image-preview:large","max-video-preview":"max-video-preview:-1"},"canonical":"https:\/\/www.noticiasradioreflejos.com.ar\/2021\/primavera-calurosa-mas-de-la-mitad-del-pais-con-temperaturas-por-encima-de-los-30-grados\/","og_locale":"es_ES","og_type":"article","og_title":"Primavera calurosa: m\u00e1s de la mitad del pa\u00eds con temperaturas por encima de los 30 grados - Noticias Radio Reflejos","og_description":"Seg\u00fan la actualizaci\u00f3n del ranking de temperaturas de las 18 del Servicio Metereol\u00f3gico Nacional, La Rioja estuvo secundada por San Fernando del Valle de Catamarca con 39 grados y San Juan con 39,7.","og_url":"https:\/\/www.noticiasradioreflejos.com.ar\/2021\/primavera-calurosa-mas-de-la-mitad-del-pais-con-temperaturas-por-encima-de-los-30-grados\/","og_site_name":"Noticias Radio Reflejos","article_published_time":"2022-11-28T10:54:34+00:00","og_image":[{"url":"https:\/\/www.telam.com.ar\/thumbs\/bluesteel\/advf\/imagenes\/2022\/11\/6383cb813999a_1200.jpg","type":"","width":"","height":""}],"author":"Arnaldo Botto","twitter_card":"summary_large_image","schema":{"@context":"https:\/\/schema.org","@graph":[{"@type":"WebPage","@id":"https:\/\/www.noticiasradioreflejos.com.ar\/2021\/primavera-calurosa-mas-de-la-mitad-del-pais-con-temperaturas-por-encima-de-los-30-grados\/","url":"https:\/\/www.noticiasradioreflejos.com.ar\/2021\/primavera-calurosa-mas-de-la-mitad-del-pais-con-temperaturas-por-encima-de-los-30-grados\/","name":"Primavera calurosa: m\u00e1s de la mitad del pa\u00eds con temperaturas por encima de los 30 grados - Noticias Radio Reflejos","isPartOf":{"@id":"https:\/\/www.noticiasradioreflejos.com.ar\/2021\/#website"},"primaryImageOfPage":{"@id":"https:\/\/www.noticiasradioreflejos.com.ar\/2021\/primavera-calurosa-mas-de-la-mitad-del-pais-con-temperaturas-por-encima-de-los-30-grados\/#primaryimage"},"image":{"@id":"https:\/\/www.noticiasradioreflejos.com.ar\/2021\/primavera-calurosa-mas-de-la-mitad-del-pais-con-temperaturas-por-encima-de-los-30-grados\/#primaryimage"},"thumbnailUrl":"https:\/\/www.telam.com.ar\/thumbs\/bluesteel\/advf\/imagenes\/2022\/11\/6383cb813999a_1200.jpg","datePublished":"2022-11-28T10:54:34+00:00","author":{"@id":"https:\/\/www.noticiasradioreflejos.com.ar\/2021\/#\/schema\/person\/ad82545263dcc5ec0996818884fd5fb1"},"breadcrumb":{"@id":"https:\/\/www.noticiasradioreflejos.com.ar\/2021\/primavera-calurosa-mas-de-la-mitad-del-pais-con-temperaturas-por-encima-de-los-30-grados\/#breadcrumb"},"inLanguage":"es","potentialAction":[{"@type":"ReadAction","target":["https:\/\/www.noticiasradioreflejos.com.ar\/2021\/primavera-calurosa-mas-de-la-mitad-del-pais-con-temperaturas-por-encima-de-los-30-grados\/"]}]},{"@type":"ImageObject","inLanguage":"es","@id":"https:\/\/www.noticiasradioreflejos.com.ar\/2021\/primavera-calurosa-mas-de-la-mitad-del-pais-con-temperaturas-por-encima-de-los-30-grados\/#primaryimage","url":"https:\/\/www.telam.com.ar\/thumbs\/bluesteel\/advf\/imagenes\/2022\/11\/6383cb813999a_1200.jpg","contentUrl":"https:\/\/www.telam.com.ar\/thumbs\/bluesteel\/advf\/imagenes\/2022\/11\/6383cb813999a_1200.jpg"},{"@type":"BreadcrumbList","@id":"https:\/\/www.noticiasradioreflejos.com.ar\/2021\/primavera-calurosa-mas-de-la-mitad-del-pais-con-temperaturas-por-encima-de-los-30-grados\/#breadcrumb","itemListElement":[{"@type":"ListItem","position":1,"name":"Portada","item":"https:\/\/www.noticiasradioreflejos.com.ar\/2021\/"},{"@type":"ListItem","position":2,"name":"Primavera calurosa: m\u00e1s de la mitad del pa\u00eds con temperaturas por encima de los 30 grados"}]},{"@type":"WebSite","@id":"https:\/\/www.noticiasradioreflejos.com.ar\/2021\/#website","url":"https:\/\/www.noticiasradioreflejos.com.ar\/2021\/","name":"Noticias Radio Reflejos","description":"Las noticias de mi comarca","potentialAction":[{"@type":"SearchAction","target":{"@type":"EntryPoint","urlTemplate":"https:\/\/www.noticiasradioreflejos.com.ar\/2021\/?s={search_term_string}"},"query-input":{"@type":"PropertyValueSpecification","valueRequired":true,"valueName":"search_term_string"}}],"inLanguage":"es"},{"@type":"Person","@id":"https:\/\/www.noticiasradioreflejos.com.ar\/2021\/#\/schema\/person\/ad82545263dcc5ec0996818884fd5fb1","name":"Arnaldo Botto","image":{"@type":"ImageObject","inLanguage":"es","@id":"https:\/\/www.noticiasradioreflejos.com.ar\/2021\/#\/schema\/person\/image\/","url":"https:\/\/secure.gravatar.com\/avatar\/55cb5e37c1efa326397366e6974cb338056df65cb50e7d64d1cf314e87504837?s=96&d=mm&r=g","contentUrl":"https:\/\/secure.gravatar.com\/avatar\/55cb5e37c1efa326397366e6974cb338056df65cb50e7d64d1cf314e87504837?s=96&d=mm&r=g","caption":"Arnaldo Botto"},"url":"https:\/\/www.noticiasradioreflejos.com.ar\/2021\/author\/arnaldo\/"}]}},"_links":{"self":[{"href":"https:\/\/www.noticiasradioreflejos.com.ar\/2021\/wp-json\/wp\/v2\/posts\/80639","targetHints":{"allow":["GET"]}}],"collection":[{"href":"https:\/\/www.noticiasradioreflejos.com.ar\/2021\/wp-json\/wp\/v2\/posts"}],"about":[{"href":"https:\/\/www.noticiasradioreflejos.com.ar\/2021\/wp-json\/wp\/v2\/types\/post"}],"author":[{"embeddable":true,"href":"https:\/\/www.noticiasradioreflejos.com.ar\/2021\/wp-json\/wp\/v2\/users\/3"}],"replies":[{"embeddable":true,"href":"https:\/\/www.noticiasradioreflejos.com.ar\/2021\/wp-json\/wp\/v2\/comments?post=80639"}],"version-history":[{"count":1,"href":"https:\/\/www.noticiasradioreflejos.com.ar\/2021\/wp-json\/wp\/v2\/posts\/80639\/revisions"}],"predecessor-version":[{"id":80641,"href":"https:\/\/www.noticiasradioreflejos.com.ar\/2021\/wp-json\/wp\/v2\/posts\/80639\/revisions\/80641"}],"wp:attachment":[{"href":"https:\/\/www.noticiasradioreflejos.com.ar\/2021\/wp-json\/wp\/v2\/media?parent=80639"}],"wp:term":[{"taxonomy":"category","embeddable":true,"href":"https:\/\/www.noticiasradioreflejos.com.ar\/2021\/wp-json\/wp\/v2\/categories?post=80639"},{"taxonomy":"post_tag","embeddable":true,"href":"https:\/\/www.noticiasradioreflejos.com.ar\/2021\/wp-json\/wp\/v2\/tags?post=80639"}],"curies":[{"name":"wp","href":"https:\/\/api.w.org\/{rel}","templated":true}]}}