{"id":80635,"date":"2022-11-28T10:47:25","date_gmt":"2022-11-28T10:47:25","guid":{"rendered":"http:\/\/www.noticiasradioreflejos.com.ar\/2021\/?p=80635"},"modified":"2022-11-28T10:47:25","modified_gmt":"2022-11-28T10:47:25","slug":"los-combustibles-se-suman-al-programa-de-precios-justos","status":"publish","type":"post","link":"https:\/\/www.noticiasradioreflejos.com.ar\/2021\/los-combustibles-se-suman-al-programa-de-precios-justos\/","title":{"rendered":"Los combustibles se suman al programa de Precios Justos"},"content":{"rendered":"<p>As\u00ed lo informar\u00e1 el ministro de Econom\u00eda, Sergio Massa, luego de definir junto a representantes de las compa\u00f1\u00edas petroleras los t\u00e9rminos del acuerdo que contempla un aumento limitado en la venta de los combustibles l\u00edquidos.<!--more--><\/p>\n<figure class=\"mb-3\"><img decoding=\"async\" src=\"https:\/\/www.telam.com.ar\/thumbs\/bluesteel\/advf\/imagenes\/2022\/10\/63383128a4ff1_1200.jpg\" alt=\"Las petroleras no podrn aumentar ms del 4 mensual en los primeros tres meses Foto Victoria Egurza\" width=\"100%\" height=\"100%\" \/><\/p>\n<div class=\"media-icons\"><\/div><figcaption>Las petroleras no podr\u00e1n aumentar m\u00e1s del 4% mensual en los primeros tres meses (Foto: Victoria Egurza).<\/figcaption><\/figure>\n<p>El ministro de Econom\u00eda,\u00a0<strong>Sergio Massa<\/strong>, anunciar\u00e1 este lunes que los combustibles integrar\u00e1n el programa de\u00a0<a href=\"https:\/\/www.telam.com.ar\/notas\/202211\/610506-programa-precios-justos.html\" target=\"_blank\" rel=\"noopener\">Precios Justos<\/a>\u00a0durante cuatro meses con aumentos limitados al 4%, en los primeros tres meses y del 3,5% en el \u00faltimo, seg\u00fan consignaron a T\u00e9lam fuentes oficiales.<\/p>\n<p>Massa y la secretaria de Energ\u00eda,\u00a0<strong>Flavia Royon<\/strong>, se reunir\u00e1n con representantes de las compa\u00f1\u00edas petroleras para definir los t\u00e9rminos del acuerdo que contempla un aumento limitado en la venta de los combustibles l\u00edquidos.<\/p>\n<p>\u00abHabr\u00e1 un sendero de incrementos en los pr\u00f3ximos cuatro meses con topes de aumentos para reducir la inflaci\u00f3n\u00bb, expresaron los voceros oficiales.<\/p>\n<p>El jefe del Palacio de Hacienda, Royon y el secretario de Comercio,\u00a0<strong>Mat\u00edas Tombolini<\/strong>, se reunir\u00e1n este lunes con directivos de las compa\u00f1\u00edas<strong>\u00a0YPF, Shell, Axion y Puma<\/strong>\u00a0para terminar de definir los detalles del acuerdo.<\/p>\n<p>Un portavoz del Gobierno adelant\u00f3 que \u00ab<strong>las empresas no podr\u00e1n aumentar m\u00e1s del 4% mensual en los primeros tres meses y presentan un acuerdo que tiene un cuarto mes con tope en 3,5%\u00bb.<\/strong><\/p>\n<figure class=\"mb-3\"><img decoding=\"async\" src=\"https:\/\/www.telam.com.ar\/thumbs\/bluesteel\/advf\/imagenes\/2020\/12\/5fede50258e80_1200.jpg\" alt=\"Foto Archivo\" width=\"100%\" height=\"100%\" \/><\/p>\n<div class=\"media-icons\"><\/div><figcaption>(Foto: Archivo).<\/figcaption><\/figure>\n<p>En cuanto al programa, las autoridades conf\u00edan en que se termine de instalar la se\u00f1al\u00e9tica que distinguir\u00e1 a los productos en las g\u00f3ndolas y se avance con la capacitaci\u00f3n de inspectores que estar\u00e1 descentralizada y a cargo de los municipios.<\/p>\n<h2 class=\"\">Una pol\u00edtica de precios sostenible<\/h2>\n<p>Actualmente, ya est\u00e1 disponible la aplicaci\u00f3n para tel\u00e9fonos m\u00f3viles -Precios Justos, para tel\u00e9fonos con Android y IOs- que ya tuvo m\u00e1s de 100.000 descargas en las \u00faltimas jornadas y que permite ver la lista de productos incluidos, lectura de c\u00f3digos de barra y una opci\u00f3n para denunciar una diferencia de precios o faltantes.<\/p>\n<blockquote class=\"twitter-tweet\" data-width=\"500\" data-dnt=\"true\">\n<p lang=\"es\" dir=\"ltr\">El Gobierno lanz\u00f3 el programa Precios Justos<\/p>\n<p>El acuerdo abarca a 100 empresas que representan el 86% del consumo masivo en el pa\u00eds y tiene como objetivo &quot;lograr la estabilidad de los precios de productos esenciales que consumen los hogares argentinos&quot;<a href=\"https:\/\/t.co\/bejCScQVaU\">https:\/\/t.co\/bejCScQVaU<\/a> <a href=\"https:\/\/t.co\/IBsAfTs4Aj\">pic.twitter.com\/IBsAfTs4Aj<\/a><\/p>\n<p>&mdash; Agencia T\u00e9lam (@AgenciaTelam) <a href=\"https:\/\/twitter.com\/AgenciaTelam\/status\/1591104564861829120?ref_src=twsrc%5Etfw\">November 11, 2022<\/a><\/p><\/blockquote>\n<p><script async src=\"https:\/\/platform.twitter.com\/widgets.js\" charset=\"utf-8\"><\/script><\/p>\n<p>El objetivo de esta medida, aseguraron las fuentes oficiales, es \u00abtener una pol\u00edtica de precios sostenible y previsible en el tiempo, que permita dar un orden tanto a los consumidores como a los productores -que ahora tendr\u00e1n certeza del momento en el que acceder\u00e1n a divisas para sumar insumos importados- y que tambi\u00e9n asegure el abastecimiento\u00bb.<\/p>\n<p>De esta forma, se asegura\u00a0<strong>evitar los abusos de empresas<\/strong>\u00a0que, ante la incertidumbre, aceleraron la suba de precios desde julio \u00faltimo y que, ahora, tendr\u00e1n un l\u00edmite de aumentos del 4% que estar\u00e1 monitoreada a diario por la Secretar\u00eda de Comercio, a trav\u00e9s de sistemas electr\u00f3nicos y de la asistencia de los intendentes y los inspectores que podr\u00e1n fijar y cobrar las multas.<\/p>\n<p>\u00abEstamos muy enfocados en seguir<strong>\u00a0profundizando la hoja de ruta<\/strong>\u00a0del ministro (Sergio Massa), que a poco de asumir plante\u00f3 un panorama que ten\u00eda que ver con lograr orden fiscal, acumulaci\u00f3n de reservas y como se lograron ambas cosas, se puede avanzar con lo que tiene que ver con la pol\u00edtica de precios\u00bb, dijo d\u00edas atr\u00e1s Tombolini.<\/p>\n<p>El funcionario agreg\u00f3 que \u00bb va a ayudar a ordenar la din\u00e1mica de precios en un sendero m\u00e1s tranquilo\u00bb, y destac\u00f3 que el mismo \u00abcontiene una serie de puntos respecto al abastecimiento, alcance y penalidades que lo diferencia de los anteriores acuerdos de precios\u00bb.<\/p>\n<p>De momento\u00a0<strong>hay m\u00e1s de 113 empresas incluidas en el programa y 1.823 productos que se mantendr\u00e1n a precios constantes en 2.500 bocas de expendio de 18 cadenas de supermercados, 9 cadenas mayoristas con 200 puntos de venta, y 25 cadenas locales del interior con m\u00e1s de 150 comercios de todo el pa\u00eds<\/strong>.<\/p>\n","protected":false},"excerpt":{"rendered":"<p>As\u00ed lo informar\u00e1 el ministro de Econom\u00eda, Sergio Massa, luego de definir junto a representantes de las compa\u00f1\u00edas petroleras los t\u00e9rminos del acuerdo que contempla un aumento limitado en la venta de los combustibles l\u00edquidos.<\/p>\n","protected":false},"author":3,"featured_media":68768,"comment_status":"closed","ping_status":"closed","sticky":false,"template":"","format":"standard","meta":{"footnotes":""},"categories":[36,58,24],"tags":[],"class_list":["post-80635","post","type-post","status-publish","format-standard","has-post-thumbnail","hentry","category-economia","category-gobierno","category-politica"],"yoast_head":"<!-- This site is optimized with the Yoast SEO plugin v25.9 - https:\/\/yoast.com\/wordpress\/plugins\/seo\/ -->\n<title>Los combustibles se suman al programa de Precios Justos - Noticias Radio Reflejos<\/title>\n<meta name=\"robots\" content=\"index, follow, max-snippet:-1, max-image-preview:large, max-video-preview:-1\" \/>\n<link rel=\"canonical\" href=\"https:\/\/www.noticiasradioreflejos.com.ar\/2021\/los-combustibles-se-suman-al-programa-de-precios-justos\/\" \/>\n<meta property=\"og:locale\" content=\"es_ES\" \/>\n<meta property=\"og:type\" content=\"article\" \/>\n<meta property=\"og:title\" content=\"Los combustibles se suman al programa de Precios Justos - Noticias Radio Reflejos\" \/>\n<meta property=\"og:description\" content=\"As\u00ed lo informar\u00e1 el ministro de Econom\u00eda, Sergio Massa, luego de definir junto a representantes de las compa\u00f1\u00edas petroleras los t\u00e9rminos del acuerdo que contempla un aumento limitado en la venta de los combustibles l\u00edquidos.\" \/>\n<meta property=\"og:url\" content=\"https:\/\/www.noticiasradioreflejos.com.ar\/2021\/los-combustibles-se-suman-al-programa-de-precios-justos\/\" \/>\n<meta property=\"og:site_name\" content=\"Noticias Radio Reflejos\" \/>\n<meta property=\"article:published_time\" content=\"2022-11-28T10:47:25+00:00\" \/>\n<meta property=\"og:image\" content=\"https:\/\/www.noticiasradioreflejos.com.ar\/2021\/wp-content\/uploads\/2022\/02\/combustibles.jpg\" \/>\n\t<meta property=\"og:image:width\" content=\"1000\" \/>\n\t<meta property=\"og:image:height\" content=\"600\" \/>\n\t<meta property=\"og:image:type\" content=\"image\/jpeg\" \/>\n<meta name=\"author\" content=\"Arnaldo Botto\" \/>\n<meta name=\"twitter:card\" content=\"summary_large_image\" \/>\n<script type=\"application\/ld+json\" class=\"yoast-schema-graph\">{\"@context\":\"https:\/\/schema.org\",\"@graph\":[{\"@type\":\"WebPage\",\"@id\":\"https:\/\/www.noticiasradioreflejos.com.ar\/2021\/los-combustibles-se-suman-al-programa-de-precios-justos\/\",\"url\":\"https:\/\/www.noticiasradioreflejos.com.ar\/2021\/los-combustibles-se-suman-al-programa-de-precios-justos\/\",\"name\":\"Los combustibles se suman al programa de Precios Justos - Noticias Radio Reflejos\",\"isPartOf\":{\"@id\":\"https:\/\/www.noticiasradioreflejos.com.ar\/2021\/#website\"},\"primaryImageOfPage\":{\"@id\":\"https:\/\/www.noticiasradioreflejos.com.ar\/2021\/los-combustibles-se-suman-al-programa-de-precios-justos\/#primaryimage\"},\"image\":{\"@id\":\"https:\/\/www.noticiasradioreflejos.com.ar\/2021\/los-combustibles-se-suman-al-programa-de-precios-justos\/#primaryimage\"},\"thumbnailUrl\":\"https:\/\/www.noticiasradioreflejos.com.ar\/2021\/wp-content\/uploads\/2022\/02\/combustibles.jpg\",\"datePublished\":\"2022-11-28T10:47:25+00:00\",\"author\":{\"@id\":\"https:\/\/www.noticiasradioreflejos.com.ar\/2021\/#\/schema\/person\/ad82545263dcc5ec0996818884fd5fb1\"},\"breadcrumb\":{\"@id\":\"https:\/\/www.noticiasradioreflejos.com.ar\/2021\/los-combustibles-se-suman-al-programa-de-precios-justos\/#breadcrumb\"},\"inLanguage\":\"es\",\"potentialAction\":[{\"@type\":\"ReadAction\",\"target\":[\"https:\/\/www.noticiasradioreflejos.com.ar\/2021\/los-combustibles-se-suman-al-programa-de-precios-justos\/\"]}]},{\"@type\":\"ImageObject\",\"inLanguage\":\"es\",\"@id\":\"https:\/\/www.noticiasradioreflejos.com.ar\/2021\/los-combustibles-se-suman-al-programa-de-precios-justos\/#primaryimage\",\"url\":\"https:\/\/www.noticiasradioreflejos.com.ar\/2021\/wp-content\/uploads\/2022\/02\/combustibles.jpg\",\"contentUrl\":\"https:\/\/www.noticiasradioreflejos.com.ar\/2021\/wp-content\/uploads\/2022\/02\/combustibles.jpg\",\"width\":1000,\"height\":600},{\"@type\":\"BreadcrumbList\",\"@id\":\"https:\/\/www.noticiasradioreflejos.com.ar\/2021\/los-combustibles-se-suman-al-programa-de-precios-justos\/#breadcrumb\",\"itemListElement\":[{\"@type\":\"ListItem\",\"position\":1,\"name\":\"Portada\",\"item\":\"https:\/\/www.noticiasradioreflejos.com.ar\/2021\/\"},{\"@type\":\"ListItem\",\"position\":2,\"name\":\"Los combustibles se suman al programa de Precios Justos\"}]},{\"@type\":\"WebSite\",\"@id\":\"https:\/\/www.noticiasradioreflejos.com.ar\/2021\/#website\",\"url\":\"https:\/\/www.noticiasradioreflejos.com.ar\/2021\/\",\"name\":\"Noticias Radio Reflejos\",\"description\":\"Las noticias de mi comarca\",\"potentialAction\":[{\"@type\":\"SearchAction\",\"target\":{\"@type\":\"EntryPoint\",\"urlTemplate\":\"https:\/\/www.noticiasradioreflejos.com.ar\/2021\/?s={search_term_string}\"},\"query-input\":{\"@type\":\"PropertyValueSpecification\",\"valueRequired\":true,\"valueName\":\"search_term_string\"}}],\"inLanguage\":\"es\"},{\"@type\":\"Person\",\"@id\":\"https:\/\/www.noticiasradioreflejos.com.ar\/2021\/#\/schema\/person\/ad82545263dcc5ec0996818884fd5fb1\",\"name\":\"Arnaldo Botto\",\"image\":{\"@type\":\"ImageObject\",\"inLanguage\":\"es\",\"@id\":\"https:\/\/www.noticiasradioreflejos.com.ar\/2021\/#\/schema\/person\/image\/\",\"url\":\"https:\/\/secure.gravatar.com\/avatar\/55cb5e37c1efa326397366e6974cb338056df65cb50e7d64d1cf314e87504837?s=96&d=mm&r=g\",\"contentUrl\":\"https:\/\/secure.gravatar.com\/avatar\/55cb5e37c1efa326397366e6974cb338056df65cb50e7d64d1cf314e87504837?s=96&d=mm&r=g\",\"caption\":\"Arnaldo Botto\"},\"url\":\"https:\/\/www.noticiasradioreflejos.com.ar\/2021\/author\/arnaldo\/\"}]}<\/script>\n<!-- \/ Yoast SEO plugin. -->","yoast_head_json":{"title":"Los combustibles se suman al programa de Precios Justos - Noticias Radio Reflejos","robots":{"index":"index","follow":"follow","max-snippet":"max-snippet:-1","max-image-preview":"max-image-preview:large","max-video-preview":"max-video-preview:-1"},"canonical":"https:\/\/www.noticiasradioreflejos.com.ar\/2021\/los-combustibles-se-suman-al-programa-de-precios-justos\/","og_locale":"es_ES","og_type":"article","og_title":"Los combustibles se suman al programa de Precios Justos - Noticias Radio Reflejos","og_description":"As\u00ed lo informar\u00e1 el ministro de Econom\u00eda, Sergio Massa, luego de definir junto a representantes de las compa\u00f1\u00edas petroleras los t\u00e9rminos del acuerdo que contempla un aumento limitado en la venta de los combustibles l\u00edquidos.","og_url":"https:\/\/www.noticiasradioreflejos.com.ar\/2021\/los-combustibles-se-suman-al-programa-de-precios-justos\/","og_site_name":"Noticias Radio Reflejos","article_published_time":"2022-11-28T10:47:25+00:00","og_image":[{"width":1000,"height":600,"url":"https:\/\/www.noticiasradioreflejos.com.ar\/2021\/wp-content\/uploads\/2022\/02\/combustibles.jpg","type":"image\/jpeg"}],"author":"Arnaldo Botto","twitter_card":"summary_large_image","schema":{"@context":"https:\/\/schema.org","@graph":[{"@type":"WebPage","@id":"https:\/\/www.noticiasradioreflejos.com.ar\/2021\/los-combustibles-se-suman-al-programa-de-precios-justos\/","url":"https:\/\/www.noticiasradioreflejos.com.ar\/2021\/los-combustibles-se-suman-al-programa-de-precios-justos\/","name":"Los combustibles se suman al programa de Precios Justos - Noticias Radio Reflejos","isPartOf":{"@id":"https:\/\/www.noticiasradioreflejos.com.ar\/2021\/#website"},"primaryImageOfPage":{"@id":"https:\/\/www.noticiasradioreflejos.com.ar\/2021\/los-combustibles-se-suman-al-programa-de-precios-justos\/#primaryimage"},"image":{"@id":"https:\/\/www.noticiasradioreflejos.com.ar\/2021\/los-combustibles-se-suman-al-programa-de-precios-justos\/#primaryimage"},"thumbnailUrl":"https:\/\/www.noticiasradioreflejos.com.ar\/2021\/wp-content\/uploads\/2022\/02\/combustibles.jpg","datePublished":"2022-11-28T10:47:25+00:00","author":{"@id":"https:\/\/www.noticiasradioreflejos.com.ar\/2021\/#\/schema\/person\/ad82545263dcc5ec0996818884fd5fb1"},"breadcrumb":{"@id":"https:\/\/www.noticiasradioreflejos.com.ar\/2021\/los-combustibles-se-suman-al-programa-de-precios-justos\/#breadcrumb"},"inLanguage":"es","potentialAction":[{"@type":"ReadAction","target":["https:\/\/www.noticiasradioreflejos.com.ar\/2021\/los-combustibles-se-suman-al-programa-de-precios-justos\/"]}]},{"@type":"ImageObject","inLanguage":"es","@id":"https:\/\/www.noticiasradioreflejos.com.ar\/2021\/los-combustibles-se-suman-al-programa-de-precios-justos\/#primaryimage","url":"https:\/\/www.noticiasradioreflejos.com.ar\/2021\/wp-content\/uploads\/2022\/02\/combustibles.jpg","contentUrl":"https:\/\/www.noticiasradioreflejos.com.ar\/2021\/wp-content\/uploads\/2022\/02\/combustibles.jpg","width":1000,"height":600},{"@type":"BreadcrumbList","@id":"https:\/\/www.noticiasradioreflejos.com.ar\/2021\/los-combustibles-se-suman-al-programa-de-precios-justos\/#breadcrumb","itemListElement":[{"@type":"ListItem","position":1,"name":"Portada","item":"https:\/\/www.noticiasradioreflejos.com.ar\/2021\/"},{"@type":"ListItem","position":2,"name":"Los combustibles se suman al programa de Precios Justos"}]},{"@type":"WebSite","@id":"https:\/\/www.noticiasradioreflejos.com.ar\/2021\/#website","url":"https:\/\/www.noticiasradioreflejos.com.ar\/2021\/","name":"Noticias Radio Reflejos","description":"Las noticias de mi comarca","potentialAction":[{"@type":"SearchAction","target":{"@type":"EntryPoint","urlTemplate":"https:\/\/www.noticiasradioreflejos.com.ar\/2021\/?s={search_term_string}"},"query-input":{"@type":"PropertyValueSpecification","valueRequired":true,"valueName":"search_term_string"}}],"inLanguage":"es"},{"@type":"Person","@id":"https:\/\/www.noticiasradioreflejos.com.ar\/2021\/#\/schema\/person\/ad82545263dcc5ec0996818884fd5fb1","name":"Arnaldo Botto","image":{"@type":"ImageObject","inLanguage":"es","@id":"https:\/\/www.noticiasradioreflejos.com.ar\/2021\/#\/schema\/person\/image\/","url":"https:\/\/secure.gravatar.com\/avatar\/55cb5e37c1efa326397366e6974cb338056df65cb50e7d64d1cf314e87504837?s=96&d=mm&r=g","contentUrl":"https:\/\/secure.gravatar.com\/avatar\/55cb5e37c1efa326397366e6974cb338056df65cb50e7d64d1cf314e87504837?s=96&d=mm&r=g","caption":"Arnaldo Botto"},"url":"https:\/\/www.noticiasradioreflejos.com.ar\/2021\/author\/arnaldo\/"}]}},"_links":{"self":[{"href":"https:\/\/www.noticiasradioreflejos.com.ar\/2021\/wp-json\/wp\/v2\/posts\/80635","targetHints":{"allow":["GET"]}}],"collection":[{"href":"https:\/\/www.noticiasradioreflejos.com.ar\/2021\/wp-json\/wp\/v2\/posts"}],"about":[{"href":"https:\/\/www.noticiasradioreflejos.com.ar\/2021\/wp-json\/wp\/v2\/types\/post"}],"author":[{"embeddable":true,"href":"https:\/\/www.noticiasradioreflejos.com.ar\/2021\/wp-json\/wp\/v2\/users\/3"}],"replies":[{"embeddable":true,"href":"https:\/\/www.noticiasradioreflejos.com.ar\/2021\/wp-json\/wp\/v2\/comments?post=80635"}],"version-history":[{"count":1,"href":"https:\/\/www.noticiasradioreflejos.com.ar\/2021\/wp-json\/wp\/v2\/posts\/80635\/revisions"}],"predecessor-version":[{"id":80636,"href":"https:\/\/www.noticiasradioreflejos.com.ar\/2021\/wp-json\/wp\/v2\/posts\/80635\/revisions\/80636"}],"wp:featuredmedia":[{"embeddable":true,"href":"https:\/\/www.noticiasradioreflejos.com.ar\/2021\/wp-json\/wp\/v2\/media\/68768"}],"wp:attachment":[{"href":"https:\/\/www.noticiasradioreflejos.com.ar\/2021\/wp-json\/wp\/v2\/media?parent=80635"}],"wp:term":[{"taxonomy":"category","embeddable":true,"href":"https:\/\/www.noticiasradioreflejos.com.ar\/2021\/wp-json\/wp\/v2\/categories?post=80635"},{"taxonomy":"post_tag","embeddable":true,"href":"https:\/\/www.noticiasradioreflejos.com.ar\/2021\/wp-json\/wp\/v2\/tags?post=80635"}],"curies":[{"name":"wp","href":"https:\/\/api.w.org\/{rel}","templated":true}]}}