{"id":80632,"date":"2022-11-28T10:41:09","date_gmt":"2022-11-28T10:41:09","guid":{"rendered":"http:\/\/www.noticiasradioreflejos.com.ar\/2021\/?p=80632"},"modified":"2022-11-28T10:41:09","modified_gmt":"2022-11-28T10:41:09","slug":"colegios-privados-se-suman-al-pedido-para-que-las-sesiones-del-consejo-federal-de-educacion-sean-publicas","status":"publish","type":"post","link":"https:\/\/www.noticiasradioreflejos.com.ar\/2021\/colegios-privados-se-suman-al-pedido-para-que-las-sesiones-del-consejo-federal-de-educacion-sean-publicas\/","title":{"rendered":"Colegios privados se suman al pedido para que las sesiones del Consejo Federal de Educaci\u00f3n sean p\u00fablicas"},"content":{"rendered":"<p>Desde la Asociaci\u00f3n de Instituciones Educativas Privadas de la Provincia (AIEPBA), entidad que integra la Coalici\u00f3n por la Educaci\u00f3n, le pidieron al \u00a0Ministro de Educaci\u00f3n, Jaime Perczyk, que las sesiones del Consejo Federal de Educaci\u00f3n sean abiertas a la asistencia de p\u00fablico. En una carta solicitaron que esos encuentros sean filmados, archivados y puestos a disposici\u00f3n de la ciudadan\u00eda sin restricciones.<!--more--><br \/>\nLa Coalici\u00f3n por la Educaci\u00f3n es una organizaci\u00f3n que re\u00fane a representantes de la comunidad educativa de todo el pa\u00eds. La iniciativa promovida por esta entidad \u2013a la que adhieren AIEPBA y la Junta Nacional de Educaci\u00f3n Privada (JUNEP) &#8212; incluye un planteo para que las reuniones sean iguales a las sesiones de las c\u00e1maras del Congreso de la Naci\u00f3n, y en las mismas condiciones.<\/p>\n<p>El Consejo Federal de Educaci\u00f3n fue creado en el marco de la Ley de Educaci\u00f3n Nacional de 2006. Desde su Secretar\u00eda General conducen y coordinan las actividades, trabajos y estudios seg\u00fan lo establecen la Asamblea General y el Comit\u00e9 Ejecutivo, como as\u00ed tambi\u00e9n la organizaci\u00f3n y difusi\u00f3n de las propias Asambleas. Del mismo modo, dirigen el funcionamiento de la Comisi\u00f3n Federal de Evaluaci\u00f3n de Estudios a Distancia, la implementaci\u00f3n del Fondo Nacional de Incentivo Docente y del Programa de Compensaci\u00f3n Salarial Docente.<\/p>\n<p>Las reuniones del Consejo Federal de Educaci\u00f3n nunca se hacen p\u00fablicas ni se sabe c\u00f3mo vota cada integrante. No se conocen los fundamentos de los votos y tampoco, con anticipaci\u00f3n, cu\u00e1les ser\u00e1n los temas a tratar.<br \/>\nPor eso, la Coalici\u00f3n apela al Art\u00edculo 117 y siguientes de la Ley 26206, de Educaci\u00f3n Nacional. \u2018\u2019En ning\u00fan punto se oponen a lo que solicitamos, que por lo tanto resulta perfectamente legal y leg\u00edtimo\u2019\u2019, manifestaron desde la Coalici\u00f3n.<\/p>\n<p>El reglamento del Consejo Federal de Educaci\u00f3n, aprobado en 2007, no obliga a que las reuniones sean p\u00fablicas. Pueden serlo, as\u00ed como tambi\u00e9n reservadas, seg\u00fan lo determine el Presidente y\/o la propia Asamblea.<\/p>\n<p>\u2018\u2019Somos personas interesadas en la marcha de la Educaci\u00f3n en nuestro pa\u00eds, muchos de nosotros representantes y dirigentes de entidades especializadas en esa tem\u00e1tica, lo que da m\u00e1s legitimidad y validez a nuestra petici\u00f3n\u2019\u2019, explic\u00f3 el Secretario Ejecutivo de AIEPBA, Mart\u00edn Zurita, de acuerdo con el reclamo realizado al Ministro Perczyk.<\/p>\n","protected":false},"excerpt":{"rendered":"<p>Desde la Asociaci\u00f3n de Instituciones Educativas Privadas de la Provincia (AIEPBA), entidad que integra la Coalici\u00f3n por la Educaci\u00f3n, le pidieron al \u00a0Ministro de Educaci\u00f3n, Jaime Perczyk, que las sesiones del Consejo Federal de Educaci\u00f3n sean abiertas a la asistencia de p\u00fablico. En una carta solicitaron que esos encuentros sean filmados, archivados y puestos a [&hellip;]<\/p>\n","protected":false},"author":3,"featured_media":0,"comment_status":"closed","ping_status":"closed","sticky":false,"template":"","format":"standard","meta":{"footnotes":""},"categories":[34],"tags":[],"class_list":["post-80632","post","type-post","status-publish","format-standard","hentry","category-educacion"],"yoast_head":"<!-- This site is optimized with the Yoast SEO plugin v25.9 - https:\/\/yoast.com\/wordpress\/plugins\/seo\/ -->\n<title>Colegios privados se suman al pedido para que las sesiones del Consejo Federal de Educaci\u00f3n sean p\u00fablicas - Noticias Radio Reflejos<\/title>\n<meta name=\"robots\" content=\"index, follow, max-snippet:-1, max-image-preview:large, max-video-preview:-1\" \/>\n<link rel=\"canonical\" href=\"https:\/\/www.noticiasradioreflejos.com.ar\/2021\/colegios-privados-se-suman-al-pedido-para-que-las-sesiones-del-consejo-federal-de-educacion-sean-publicas\/\" \/>\n<meta property=\"og:locale\" content=\"es_ES\" \/>\n<meta property=\"og:type\" content=\"article\" \/>\n<meta property=\"og:title\" content=\"Colegios privados se suman al pedido para que las sesiones del Consejo Federal de Educaci\u00f3n sean p\u00fablicas - Noticias Radio Reflejos\" \/>\n<meta property=\"og:description\" content=\"Desde la Asociaci\u00f3n de Instituciones Educativas Privadas de la Provincia (AIEPBA), entidad que integra la Coalici\u00f3n por la Educaci\u00f3n, le pidieron al \u00a0Ministro de Educaci\u00f3n, Jaime Perczyk, que las sesiones del Consejo Federal de Educaci\u00f3n sean abiertas a la asistencia de p\u00fablico. En una carta solicitaron que esos encuentros sean filmados, archivados y puestos a [&hellip;]\" \/>\n<meta property=\"og:url\" content=\"https:\/\/www.noticiasradioreflejos.com.ar\/2021\/colegios-privados-se-suman-al-pedido-para-que-las-sesiones-del-consejo-federal-de-educacion-sean-publicas\/\" \/>\n<meta property=\"og:site_name\" content=\"Noticias Radio Reflejos\" \/>\n<meta property=\"article:published_time\" content=\"2022-11-28T10:41:09+00:00\" \/>\n<meta property=\"og:image\" content=\"https:\/\/www.noticiasradioreflejos.com.ar\/2021\/wp-content\/uploads\/2021\/07\/logosol300x200.png\" \/>\n\t<meta property=\"og:image:width\" content=\"300\" \/>\n\t<meta property=\"og:image:height\" content=\"200\" \/>\n\t<meta property=\"og:image:type\" content=\"image\/png\" \/>\n<meta name=\"author\" content=\"Arnaldo Botto\" \/>\n<meta name=\"twitter:card\" content=\"summary_large_image\" \/>\n<script type=\"application\/ld+json\" class=\"yoast-schema-graph\">{\"@context\":\"https:\/\/schema.org\",\"@graph\":[{\"@type\":\"WebPage\",\"@id\":\"https:\/\/www.noticiasradioreflejos.com.ar\/2021\/colegios-privados-se-suman-al-pedido-para-que-las-sesiones-del-consejo-federal-de-educacion-sean-publicas\/\",\"url\":\"https:\/\/www.noticiasradioreflejos.com.ar\/2021\/colegios-privados-se-suman-al-pedido-para-que-las-sesiones-del-consejo-federal-de-educacion-sean-publicas\/\",\"name\":\"Colegios privados se suman al pedido para que las sesiones del Consejo Federal de Educaci\u00f3n sean p\u00fablicas - Noticias Radio Reflejos\",\"isPartOf\":{\"@id\":\"https:\/\/www.noticiasradioreflejos.com.ar\/2021\/#website\"},\"datePublished\":\"2022-11-28T10:41:09+00:00\",\"author\":{\"@id\":\"https:\/\/www.noticiasradioreflejos.com.ar\/2021\/#\/schema\/person\/ad82545263dcc5ec0996818884fd5fb1\"},\"breadcrumb\":{\"@id\":\"https:\/\/www.noticiasradioreflejos.com.ar\/2021\/colegios-privados-se-suman-al-pedido-para-que-las-sesiones-del-consejo-federal-de-educacion-sean-publicas\/#breadcrumb\"},\"inLanguage\":\"es\",\"potentialAction\":[{\"@type\":\"ReadAction\",\"target\":[\"https:\/\/www.noticiasradioreflejos.com.ar\/2021\/colegios-privados-se-suman-al-pedido-para-que-las-sesiones-del-consejo-federal-de-educacion-sean-publicas\/\"]}]},{\"@type\":\"BreadcrumbList\",\"@id\":\"https:\/\/www.noticiasradioreflejos.com.ar\/2021\/colegios-privados-se-suman-al-pedido-para-que-las-sesiones-del-consejo-federal-de-educacion-sean-publicas\/#breadcrumb\",\"itemListElement\":[{\"@type\":\"ListItem\",\"position\":1,\"name\":\"Portada\",\"item\":\"https:\/\/www.noticiasradioreflejos.com.ar\/2021\/\"},{\"@type\":\"ListItem\",\"position\":2,\"name\":\"Colegios privados se suman al pedido para que las sesiones del Consejo Federal de Educaci\u00f3n sean p\u00fablicas\"}]},{\"@type\":\"WebSite\",\"@id\":\"https:\/\/www.noticiasradioreflejos.com.ar\/2021\/#website\",\"url\":\"https:\/\/www.noticiasradioreflejos.com.ar\/2021\/\",\"name\":\"Noticias Radio Reflejos\",\"description\":\"Las noticias de mi comarca\",\"potentialAction\":[{\"@type\":\"SearchAction\",\"target\":{\"@type\":\"EntryPoint\",\"urlTemplate\":\"https:\/\/www.noticiasradioreflejos.com.ar\/2021\/?s={search_term_string}\"},\"query-input\":{\"@type\":\"PropertyValueSpecification\",\"valueRequired\":true,\"valueName\":\"search_term_string\"}}],\"inLanguage\":\"es\"},{\"@type\":\"Person\",\"@id\":\"https:\/\/www.noticiasradioreflejos.com.ar\/2021\/#\/schema\/person\/ad82545263dcc5ec0996818884fd5fb1\",\"name\":\"Arnaldo Botto\",\"image\":{\"@type\":\"ImageObject\",\"inLanguage\":\"es\",\"@id\":\"https:\/\/www.noticiasradioreflejos.com.ar\/2021\/#\/schema\/person\/image\/\",\"url\":\"https:\/\/secure.gravatar.com\/avatar\/55cb5e37c1efa326397366e6974cb338056df65cb50e7d64d1cf314e87504837?s=96&d=mm&r=g\",\"contentUrl\":\"https:\/\/secure.gravatar.com\/avatar\/55cb5e37c1efa326397366e6974cb338056df65cb50e7d64d1cf314e87504837?s=96&d=mm&r=g\",\"caption\":\"Arnaldo Botto\"},\"url\":\"https:\/\/www.noticiasradioreflejos.com.ar\/2021\/author\/arnaldo\/\"}]}<\/script>\n<!-- \/ Yoast SEO plugin. -->","yoast_head_json":{"title":"Colegios privados se suman al pedido para que las sesiones del Consejo Federal de Educaci\u00f3n sean p\u00fablicas - Noticias Radio Reflejos","robots":{"index":"index","follow":"follow","max-snippet":"max-snippet:-1","max-image-preview":"max-image-preview:large","max-video-preview":"max-video-preview:-1"},"canonical":"https:\/\/www.noticiasradioreflejos.com.ar\/2021\/colegios-privados-se-suman-al-pedido-para-que-las-sesiones-del-consejo-federal-de-educacion-sean-publicas\/","og_locale":"es_ES","og_type":"article","og_title":"Colegios privados se suman al pedido para que las sesiones del Consejo Federal de Educaci\u00f3n sean p\u00fablicas - Noticias Radio Reflejos","og_description":"Desde la Asociaci\u00f3n de Instituciones Educativas Privadas de la Provincia (AIEPBA), entidad que integra la Coalici\u00f3n por la Educaci\u00f3n, le pidieron al \u00a0Ministro de Educaci\u00f3n, Jaime Perczyk, que las sesiones del Consejo Federal de Educaci\u00f3n sean abiertas a la asistencia de p\u00fablico. En una carta solicitaron que esos encuentros sean filmados, archivados y puestos a [&hellip;]","og_url":"https:\/\/www.noticiasradioreflejos.com.ar\/2021\/colegios-privados-se-suman-al-pedido-para-que-las-sesiones-del-consejo-federal-de-educacion-sean-publicas\/","og_site_name":"Noticias Radio Reflejos","article_published_time":"2022-11-28T10:41:09+00:00","og_image":[{"width":300,"height":200,"url":"https:\/\/www.noticiasradioreflejos.com.ar\/2021\/wp-content\/uploads\/2021\/07\/logosol300x200.png","type":"image\/png"}],"author":"Arnaldo Botto","twitter_card":"summary_large_image","schema":{"@context":"https:\/\/schema.org","@graph":[{"@type":"WebPage","@id":"https:\/\/www.noticiasradioreflejos.com.ar\/2021\/colegios-privados-se-suman-al-pedido-para-que-las-sesiones-del-consejo-federal-de-educacion-sean-publicas\/","url":"https:\/\/www.noticiasradioreflejos.com.ar\/2021\/colegios-privados-se-suman-al-pedido-para-que-las-sesiones-del-consejo-federal-de-educacion-sean-publicas\/","name":"Colegios privados se suman al pedido para que las sesiones del Consejo Federal de Educaci\u00f3n sean p\u00fablicas - Noticias Radio Reflejos","isPartOf":{"@id":"https:\/\/www.noticiasradioreflejos.com.ar\/2021\/#website"},"datePublished":"2022-11-28T10:41:09+00:00","author":{"@id":"https:\/\/www.noticiasradioreflejos.com.ar\/2021\/#\/schema\/person\/ad82545263dcc5ec0996818884fd5fb1"},"breadcrumb":{"@id":"https:\/\/www.noticiasradioreflejos.com.ar\/2021\/colegios-privados-se-suman-al-pedido-para-que-las-sesiones-del-consejo-federal-de-educacion-sean-publicas\/#breadcrumb"},"inLanguage":"es","potentialAction":[{"@type":"ReadAction","target":["https:\/\/www.noticiasradioreflejos.com.ar\/2021\/colegios-privados-se-suman-al-pedido-para-que-las-sesiones-del-consejo-federal-de-educacion-sean-publicas\/"]}]},{"@type":"BreadcrumbList","@id":"https:\/\/www.noticiasradioreflejos.com.ar\/2021\/colegios-privados-se-suman-al-pedido-para-que-las-sesiones-del-consejo-federal-de-educacion-sean-publicas\/#breadcrumb","itemListElement":[{"@type":"ListItem","position":1,"name":"Portada","item":"https:\/\/www.noticiasradioreflejos.com.ar\/2021\/"},{"@type":"ListItem","position":2,"name":"Colegios privados se suman al pedido para que las sesiones del Consejo Federal de Educaci\u00f3n sean p\u00fablicas"}]},{"@type":"WebSite","@id":"https:\/\/www.noticiasradioreflejos.com.ar\/2021\/#website","url":"https:\/\/www.noticiasradioreflejos.com.ar\/2021\/","name":"Noticias Radio Reflejos","description":"Las noticias de mi comarca","potentialAction":[{"@type":"SearchAction","target":{"@type":"EntryPoint","urlTemplate":"https:\/\/www.noticiasradioreflejos.com.ar\/2021\/?s={search_term_string}"},"query-input":{"@type":"PropertyValueSpecification","valueRequired":true,"valueName":"search_term_string"}}],"inLanguage":"es"},{"@type":"Person","@id":"https:\/\/www.noticiasradioreflejos.com.ar\/2021\/#\/schema\/person\/ad82545263dcc5ec0996818884fd5fb1","name":"Arnaldo Botto","image":{"@type":"ImageObject","inLanguage":"es","@id":"https:\/\/www.noticiasradioreflejos.com.ar\/2021\/#\/schema\/person\/image\/","url":"https:\/\/secure.gravatar.com\/avatar\/55cb5e37c1efa326397366e6974cb338056df65cb50e7d64d1cf314e87504837?s=96&d=mm&r=g","contentUrl":"https:\/\/secure.gravatar.com\/avatar\/55cb5e37c1efa326397366e6974cb338056df65cb50e7d64d1cf314e87504837?s=96&d=mm&r=g","caption":"Arnaldo Botto"},"url":"https:\/\/www.noticiasradioreflejos.com.ar\/2021\/author\/arnaldo\/"}]}},"_links":{"self":[{"href":"https:\/\/www.noticiasradioreflejos.com.ar\/2021\/wp-json\/wp\/v2\/posts\/80632","targetHints":{"allow":["GET"]}}],"collection":[{"href":"https:\/\/www.noticiasradioreflejos.com.ar\/2021\/wp-json\/wp\/v2\/posts"}],"about":[{"href":"https:\/\/www.noticiasradioreflejos.com.ar\/2021\/wp-json\/wp\/v2\/types\/post"}],"author":[{"embeddable":true,"href":"https:\/\/www.noticiasradioreflejos.com.ar\/2021\/wp-json\/wp\/v2\/users\/3"}],"replies":[{"embeddable":true,"href":"https:\/\/www.noticiasradioreflejos.com.ar\/2021\/wp-json\/wp\/v2\/comments?post=80632"}],"version-history":[{"count":1,"href":"https:\/\/www.noticiasradioreflejos.com.ar\/2021\/wp-json\/wp\/v2\/posts\/80632\/revisions"}],"predecessor-version":[{"id":80634,"href":"https:\/\/www.noticiasradioreflejos.com.ar\/2021\/wp-json\/wp\/v2\/posts\/80632\/revisions\/80634"}],"wp:attachment":[{"href":"https:\/\/www.noticiasradioreflejos.com.ar\/2021\/wp-json\/wp\/v2\/media?parent=80632"}],"wp:term":[{"taxonomy":"category","embeddable":true,"href":"https:\/\/www.noticiasradioreflejos.com.ar\/2021\/wp-json\/wp\/v2\/categories?post=80632"},{"taxonomy":"post_tag","embeddable":true,"href":"https:\/\/www.noticiasradioreflejos.com.ar\/2021\/wp-json\/wp\/v2\/tags?post=80632"}],"curies":[{"name":"wp","href":"https:\/\/api.w.org\/{rel}","templated":true}]}}