{"id":80625,"date":"2022-11-27T14:02:37","date_gmt":"2022-11-27T14:02:37","guid":{"rendered":"http:\/\/www.noticiasradioreflejos.com.ar\/2021\/?p=80625"},"modified":"2022-11-27T14:06:31","modified_gmt":"2022-11-27T14:06:31","slug":"fuertes-tormentas-electricas-y-lluvias-durante-el-fin-de-semana-en-la-comarca-serrana","status":"publish","type":"post","link":"https:\/\/www.noticiasradioreflejos.com.ar\/2021\/fuertes-tormentas-electricas-y-lluvias-durante-el-fin-de-semana-en-la-comarca-serrana\/","title":{"rendered":"Fuertes tormentas el\u00e9ctricas y lluvias durante el fin de semana en la comarca serrana."},"content":{"rendered":"<p>Desde la madrugada del s\u00e1bado se registran tormentas con fuerte actividad el\u00e9ctrica, vientos y lluvias en todo el sector serrano y gran parte de la regi\u00f3n del sudoeste bonaerense. En el sector del Parque Provincial las lluvias pasaron los 50 mm.<!--more--><\/p>\n<p>El alerta emitido por el SMN anticip\u00f3 las condiciones vividas durante las \u00faltimas 48 hs en todo el distrito de Tornquist y la zona.<\/p>\n<p>Intensas tormentas el\u00e9ctricas con rel\u00e1mpagos, truenos y ca\u00edda de rayos se vivieron en el sector de Sierra Villa Y Saldungaray; los servicios de electricidad e Internet tuvieron interrupciones durante la madrugada del s\u00e1bado 26 a ra\u00edz de las fuertes descargas. Se registraron adem\u00e1s, algunas precipitaciones de variada intensidad en la comarca sin alcanzar registros de importancia.<\/p>\n<p>Las temperaturas estuvieron por encima de los 30\u00b0 alcanzando en horas de la tarde una m\u00e1xima de 31,8\u00b0 en Sierra de la Ventana con la t\u00e9rmica en 33\u00b0.<\/p>\n<p>Desde la medianoche pasada, un frente tormentoso se abalanz\u00f3 sobre toda la regi\u00f3n y continuar\u00e1 hasta la tarde de este domingo 27 de noviembre. Se registraron fuertes chaparrones, con variadas marcas de mil\u00edmetros en toda la zona. Dentro del sector serrano, los mayores registros se alcanzaron en la Base del Cerro Bah\u00eda Blanca con 51,5 mm y en la Base del Cerro Ventana con 50 mm.<\/p>\n<p>El frente de tormentas se mantendr\u00e1 durante todo el d\u00eda domingo, con lluvias y descargas el\u00e9ctricas de variada intensidad, la m\u00e1xima para hoy se espera en los 29\u00b0 con cielos cubiertos y vientos suaves del este y NE. Para ma\u00f1ana lunes, se espera una continuidad de la inestabilidad, cielos cubiertos, lluvias dispersas y m\u00e1xima de 32\u00b0. El martes 29 tendremos un mejoramiento parcial, caluroso con temperaturas entre los 19 y 33\u00b0 y cielos parcialmente nublados.<\/p>\n<p>Datos de lluvias hasta las 8 am de este domingo<\/p>\n<p><strong>T<\/strong><strong>otales de lluvias\u00a0de anoche<\/strong><\/p>\n<p>22 mm en Sierra de la Ventana<br \/>\n25 mm en Calqu\u00edn<br \/>\n20 mm en Saldungaray<br \/>\n40 mm en Villa Ventana<br \/>\n51.5 mm en la Base del Bah\u00eda Blanca<br \/>\n50 mm en la Base del Cerro Ventana<br \/>\n14 mm en Cerro Napost\u00e1 Oeste<br \/>\n22 mm en Tornquist<br \/>\n33.5 mm en Funke<br \/>\n26 mm en Tes Picos<br \/>\n31.2 mm en Frapal<br \/>\n20.5 mm en Cabildo<br \/>\n44 mm en El Pantanoso<br \/>\n19 mm en Tres Picos<br \/>\n11 mm en Cabildo<br \/>\n19 mm en Frapal<br \/>\n24.5 mm en El Pantanoso<br \/>\n9.2 mm en Cnel Pringles.<br \/>\n37 mm en Pigue<br \/>\n25 mm en Puan<br \/>\n29.5 mm en 17 de agosto<br \/>\n29 mm en Dufaur<br \/>\n4 mm en Coronel Suarez<br \/>\n19 mm en San Eloy<br \/>\n18.5 mm en Cura Malal<br \/>\n21 mm en Carhue<br \/>\n56.5 mm en Monte Hermoso<br \/>\n24.5 mm en Bajo Hondo<br \/>\n4 mm en Arroyo Corto<br \/>\n6 mm en Espartillar<br \/>\n4 mm en Saavedra<\/p>\n<p><strong>Foto de Portada: Rayo que estremeci\u00f3 todo Sierra y Villa Ventana durante la madrugada del s\u00e1bado de Franco Scialpi<\/strong><\/p>\n<p>&nbsp;<\/p>\n<p>&nbsp;<\/p>\n","protected":false},"excerpt":{"rendered":"<p>Desde la madrugada del s\u00e1bado se registran tormentas con fuerte actividad el\u00e9ctrica, vientos y lluvias en todo el sector serrano y gran parte de la regi\u00f3n del sudoeste bonaerense. En el sector del Parque Provincial las lluvias pasaron los 50 mm.<\/p>\n","protected":false},"author":3,"featured_media":80626,"comment_status":"closed","ping_status":"closed","sticky":false,"template":"","format":"standard","meta":{"footnotes":""},"categories":[46],"tags":[48],"class_list":["post-80625","post","type-post","status-publish","format-standard","has-post-thumbnail","hentry","category-ciencia-y-tecnologia","tag-destacada"],"yoast_head":"<!-- This site is optimized with the Yoast SEO plugin v25.9 - https:\/\/yoast.com\/wordpress\/plugins\/seo\/ -->\n<title>Fuertes tormentas el\u00e9ctricas y lluvias durante el fin de semana en la comarca serrana. - Noticias Radio Reflejos<\/title>\n<meta name=\"robots\" content=\"index, follow, max-snippet:-1, max-image-preview:large, max-video-preview:-1\" \/>\n<link rel=\"canonical\" href=\"https:\/\/www.noticiasradioreflejos.com.ar\/2021\/fuertes-tormentas-electricas-y-lluvias-durante-el-fin-de-semana-en-la-comarca-serrana\/\" \/>\n<meta property=\"og:locale\" content=\"es_ES\" \/>\n<meta property=\"og:type\" content=\"article\" \/>\n<meta property=\"og:title\" content=\"Fuertes tormentas el\u00e9ctricas y lluvias durante el fin de semana en la comarca serrana. - Noticias Radio Reflejos\" \/>\n<meta property=\"og:description\" content=\"Desde la madrugada del s\u00e1bado se registran tormentas con fuerte actividad el\u00e9ctrica, vientos y lluvias en todo el sector serrano y gran parte de la regi\u00f3n del sudoeste bonaerense. En el sector del Parque Provincial las lluvias pasaron los 50 mm.\" \/>\n<meta property=\"og:url\" content=\"https:\/\/www.noticiasradioreflejos.com.ar\/2021\/fuertes-tormentas-electricas-y-lluvias-durante-el-fin-de-semana-en-la-comarca-serrana\/\" \/>\n<meta property=\"og:site_name\" content=\"Noticias Radio Reflejos\" \/>\n<meta property=\"article:published_time\" content=\"2022-11-27T14:02:37+00:00\" \/>\n<meta property=\"article:modified_time\" content=\"2022-11-27T14:06:31+00:00\" \/>\n<meta property=\"og:image\" content=\"https:\/\/www.noticiasradioreflejos.com.ar\/2021\/wp-content\/uploads\/2022\/11\/317328598_8618218974884783_2038158116471790961_n.jpg\" \/>\n\t<meta property=\"og:image:width\" content=\"2048\" \/>\n\t<meta property=\"og:image:height\" content=\"1366\" \/>\n\t<meta property=\"og:image:type\" content=\"image\/jpeg\" \/>\n<meta name=\"author\" content=\"Arnaldo Botto\" \/>\n<meta name=\"twitter:card\" content=\"summary_large_image\" \/>\n<script type=\"application\/ld+json\" class=\"yoast-schema-graph\">{\"@context\":\"https:\/\/schema.org\",\"@graph\":[{\"@type\":\"WebPage\",\"@id\":\"https:\/\/www.noticiasradioreflejos.com.ar\/2021\/fuertes-tormentas-electricas-y-lluvias-durante-el-fin-de-semana-en-la-comarca-serrana\/\",\"url\":\"https:\/\/www.noticiasradioreflejos.com.ar\/2021\/fuertes-tormentas-electricas-y-lluvias-durante-el-fin-de-semana-en-la-comarca-serrana\/\",\"name\":\"Fuertes tormentas el\u00e9ctricas y lluvias durante el fin de semana en la comarca serrana. - Noticias Radio Reflejos\",\"isPartOf\":{\"@id\":\"https:\/\/www.noticiasradioreflejos.com.ar\/2021\/#website\"},\"primaryImageOfPage\":{\"@id\":\"https:\/\/www.noticiasradioreflejos.com.ar\/2021\/fuertes-tormentas-electricas-y-lluvias-durante-el-fin-de-semana-en-la-comarca-serrana\/#primaryimage\"},\"image\":{\"@id\":\"https:\/\/www.noticiasradioreflejos.com.ar\/2021\/fuertes-tormentas-electricas-y-lluvias-durante-el-fin-de-semana-en-la-comarca-serrana\/#primaryimage\"},\"thumbnailUrl\":\"https:\/\/www.noticiasradioreflejos.com.ar\/2021\/wp-content\/uploads\/2022\/11\/317328598_8618218974884783_2038158116471790961_n.jpg\",\"datePublished\":\"2022-11-27T14:02:37+00:00\",\"dateModified\":\"2022-11-27T14:06:31+00:00\",\"author\":{\"@id\":\"https:\/\/www.noticiasradioreflejos.com.ar\/2021\/#\/schema\/person\/ad82545263dcc5ec0996818884fd5fb1\"},\"breadcrumb\":{\"@id\":\"https:\/\/www.noticiasradioreflejos.com.ar\/2021\/fuertes-tormentas-electricas-y-lluvias-durante-el-fin-de-semana-en-la-comarca-serrana\/#breadcrumb\"},\"inLanguage\":\"es\",\"potentialAction\":[{\"@type\":\"ReadAction\",\"target\":[\"https:\/\/www.noticiasradioreflejos.com.ar\/2021\/fuertes-tormentas-electricas-y-lluvias-durante-el-fin-de-semana-en-la-comarca-serrana\/\"]}]},{\"@type\":\"ImageObject\",\"inLanguage\":\"es\",\"@id\":\"https:\/\/www.noticiasradioreflejos.com.ar\/2021\/fuertes-tormentas-electricas-y-lluvias-durante-el-fin-de-semana-en-la-comarca-serrana\/#primaryimage\",\"url\":\"https:\/\/www.noticiasradioreflejos.com.ar\/2021\/wp-content\/uploads\/2022\/11\/317328598_8618218974884783_2038158116471790961_n.jpg\",\"contentUrl\":\"https:\/\/www.noticiasradioreflejos.com.ar\/2021\/wp-content\/uploads\/2022\/11\/317328598_8618218974884783_2038158116471790961_n.jpg\",\"width\":2048,\"height\":1366},{\"@type\":\"BreadcrumbList\",\"@id\":\"https:\/\/www.noticiasradioreflejos.com.ar\/2021\/fuertes-tormentas-electricas-y-lluvias-durante-el-fin-de-semana-en-la-comarca-serrana\/#breadcrumb\",\"itemListElement\":[{\"@type\":\"ListItem\",\"position\":1,\"name\":\"Portada\",\"item\":\"https:\/\/www.noticiasradioreflejos.com.ar\/2021\/\"},{\"@type\":\"ListItem\",\"position\":2,\"name\":\"Fuertes tormentas el\u00e9ctricas y lluvias durante el fin de semana en la comarca serrana.\"}]},{\"@type\":\"WebSite\",\"@id\":\"https:\/\/www.noticiasradioreflejos.com.ar\/2021\/#website\",\"url\":\"https:\/\/www.noticiasradioreflejos.com.ar\/2021\/\",\"name\":\"Noticias Radio Reflejos\",\"description\":\"Las noticias de mi comarca\",\"potentialAction\":[{\"@type\":\"SearchAction\",\"target\":{\"@type\":\"EntryPoint\",\"urlTemplate\":\"https:\/\/www.noticiasradioreflejos.com.ar\/2021\/?s={search_term_string}\"},\"query-input\":{\"@type\":\"PropertyValueSpecification\",\"valueRequired\":true,\"valueName\":\"search_term_string\"}}],\"inLanguage\":\"es\"},{\"@type\":\"Person\",\"@id\":\"https:\/\/www.noticiasradioreflejos.com.ar\/2021\/#\/schema\/person\/ad82545263dcc5ec0996818884fd5fb1\",\"name\":\"Arnaldo Botto\",\"image\":{\"@type\":\"ImageObject\",\"inLanguage\":\"es\",\"@id\":\"https:\/\/www.noticiasradioreflejos.com.ar\/2021\/#\/schema\/person\/image\/\",\"url\":\"https:\/\/secure.gravatar.com\/avatar\/55cb5e37c1efa326397366e6974cb338056df65cb50e7d64d1cf314e87504837?s=96&d=mm&r=g\",\"contentUrl\":\"https:\/\/secure.gravatar.com\/avatar\/55cb5e37c1efa326397366e6974cb338056df65cb50e7d64d1cf314e87504837?s=96&d=mm&r=g\",\"caption\":\"Arnaldo Botto\"},\"url\":\"https:\/\/www.noticiasradioreflejos.com.ar\/2021\/author\/arnaldo\/\"}]}<\/script>\n<!-- \/ Yoast SEO plugin. -->","yoast_head_json":{"title":"Fuertes tormentas el\u00e9ctricas y lluvias durante el fin de semana en la comarca serrana. - Noticias Radio Reflejos","robots":{"index":"index","follow":"follow","max-snippet":"max-snippet:-1","max-image-preview":"max-image-preview:large","max-video-preview":"max-video-preview:-1"},"canonical":"https:\/\/www.noticiasradioreflejos.com.ar\/2021\/fuertes-tormentas-electricas-y-lluvias-durante-el-fin-de-semana-en-la-comarca-serrana\/","og_locale":"es_ES","og_type":"article","og_title":"Fuertes tormentas el\u00e9ctricas y lluvias durante el fin de semana en la comarca serrana. - Noticias Radio Reflejos","og_description":"Desde la madrugada del s\u00e1bado se registran tormentas con fuerte actividad el\u00e9ctrica, vientos y lluvias en todo el sector serrano y gran parte de la regi\u00f3n del sudoeste bonaerense. En el sector del Parque Provincial las lluvias pasaron los 50 mm.","og_url":"https:\/\/www.noticiasradioreflejos.com.ar\/2021\/fuertes-tormentas-electricas-y-lluvias-durante-el-fin-de-semana-en-la-comarca-serrana\/","og_site_name":"Noticias Radio Reflejos","article_published_time":"2022-11-27T14:02:37+00:00","article_modified_time":"2022-11-27T14:06:31+00:00","og_image":[{"width":2048,"height":1366,"url":"https:\/\/www.noticiasradioreflejos.com.ar\/2021\/wp-content\/uploads\/2022\/11\/317328598_8618218974884783_2038158116471790961_n.jpg","type":"image\/jpeg"}],"author":"Arnaldo Botto","twitter_card":"summary_large_image","schema":{"@context":"https:\/\/schema.org","@graph":[{"@type":"WebPage","@id":"https:\/\/www.noticiasradioreflejos.com.ar\/2021\/fuertes-tormentas-electricas-y-lluvias-durante-el-fin-de-semana-en-la-comarca-serrana\/","url":"https:\/\/www.noticiasradioreflejos.com.ar\/2021\/fuertes-tormentas-electricas-y-lluvias-durante-el-fin-de-semana-en-la-comarca-serrana\/","name":"Fuertes tormentas el\u00e9ctricas y lluvias durante el fin de semana en la comarca serrana. - Noticias Radio Reflejos","isPartOf":{"@id":"https:\/\/www.noticiasradioreflejos.com.ar\/2021\/#website"},"primaryImageOfPage":{"@id":"https:\/\/www.noticiasradioreflejos.com.ar\/2021\/fuertes-tormentas-electricas-y-lluvias-durante-el-fin-de-semana-en-la-comarca-serrana\/#primaryimage"},"image":{"@id":"https:\/\/www.noticiasradioreflejos.com.ar\/2021\/fuertes-tormentas-electricas-y-lluvias-durante-el-fin-de-semana-en-la-comarca-serrana\/#primaryimage"},"thumbnailUrl":"https:\/\/www.noticiasradioreflejos.com.ar\/2021\/wp-content\/uploads\/2022\/11\/317328598_8618218974884783_2038158116471790961_n.jpg","datePublished":"2022-11-27T14:02:37+00:00","dateModified":"2022-11-27T14:06:31+00:00","author":{"@id":"https:\/\/www.noticiasradioreflejos.com.ar\/2021\/#\/schema\/person\/ad82545263dcc5ec0996818884fd5fb1"},"breadcrumb":{"@id":"https:\/\/www.noticiasradioreflejos.com.ar\/2021\/fuertes-tormentas-electricas-y-lluvias-durante-el-fin-de-semana-en-la-comarca-serrana\/#breadcrumb"},"inLanguage":"es","potentialAction":[{"@type":"ReadAction","target":["https:\/\/www.noticiasradioreflejos.com.ar\/2021\/fuertes-tormentas-electricas-y-lluvias-durante-el-fin-de-semana-en-la-comarca-serrana\/"]}]},{"@type":"ImageObject","inLanguage":"es","@id":"https:\/\/www.noticiasradioreflejos.com.ar\/2021\/fuertes-tormentas-electricas-y-lluvias-durante-el-fin-de-semana-en-la-comarca-serrana\/#primaryimage","url":"https:\/\/www.noticiasradioreflejos.com.ar\/2021\/wp-content\/uploads\/2022\/11\/317328598_8618218974884783_2038158116471790961_n.jpg","contentUrl":"https:\/\/www.noticiasradioreflejos.com.ar\/2021\/wp-content\/uploads\/2022\/11\/317328598_8618218974884783_2038158116471790961_n.jpg","width":2048,"height":1366},{"@type":"BreadcrumbList","@id":"https:\/\/www.noticiasradioreflejos.com.ar\/2021\/fuertes-tormentas-electricas-y-lluvias-durante-el-fin-de-semana-en-la-comarca-serrana\/#breadcrumb","itemListElement":[{"@type":"ListItem","position":1,"name":"Portada","item":"https:\/\/www.noticiasradioreflejos.com.ar\/2021\/"},{"@type":"ListItem","position":2,"name":"Fuertes tormentas el\u00e9ctricas y lluvias durante el fin de semana en la comarca serrana."}]},{"@type":"WebSite","@id":"https:\/\/www.noticiasradioreflejos.com.ar\/2021\/#website","url":"https:\/\/www.noticiasradioreflejos.com.ar\/2021\/","name":"Noticias Radio Reflejos","description":"Las noticias de mi comarca","potentialAction":[{"@type":"SearchAction","target":{"@type":"EntryPoint","urlTemplate":"https:\/\/www.noticiasradioreflejos.com.ar\/2021\/?s={search_term_string}"},"query-input":{"@type":"PropertyValueSpecification","valueRequired":true,"valueName":"search_term_string"}}],"inLanguage":"es"},{"@type":"Person","@id":"https:\/\/www.noticiasradioreflejos.com.ar\/2021\/#\/schema\/person\/ad82545263dcc5ec0996818884fd5fb1","name":"Arnaldo Botto","image":{"@type":"ImageObject","inLanguage":"es","@id":"https:\/\/www.noticiasradioreflejos.com.ar\/2021\/#\/schema\/person\/image\/","url":"https:\/\/secure.gravatar.com\/avatar\/55cb5e37c1efa326397366e6974cb338056df65cb50e7d64d1cf314e87504837?s=96&d=mm&r=g","contentUrl":"https:\/\/secure.gravatar.com\/avatar\/55cb5e37c1efa326397366e6974cb338056df65cb50e7d64d1cf314e87504837?s=96&d=mm&r=g","caption":"Arnaldo Botto"},"url":"https:\/\/www.noticiasradioreflejos.com.ar\/2021\/author\/arnaldo\/"}]}},"_links":{"self":[{"href":"https:\/\/www.noticiasradioreflejos.com.ar\/2021\/wp-json\/wp\/v2\/posts\/80625","targetHints":{"allow":["GET"]}}],"collection":[{"href":"https:\/\/www.noticiasradioreflejos.com.ar\/2021\/wp-json\/wp\/v2\/posts"}],"about":[{"href":"https:\/\/www.noticiasradioreflejos.com.ar\/2021\/wp-json\/wp\/v2\/types\/post"}],"author":[{"embeddable":true,"href":"https:\/\/www.noticiasradioreflejos.com.ar\/2021\/wp-json\/wp\/v2\/users\/3"}],"replies":[{"embeddable":true,"href":"https:\/\/www.noticiasradioreflejos.com.ar\/2021\/wp-json\/wp\/v2\/comments?post=80625"}],"version-history":[{"count":2,"href":"https:\/\/www.noticiasradioreflejos.com.ar\/2021\/wp-json\/wp\/v2\/posts\/80625\/revisions"}],"predecessor-version":[{"id":80629,"href":"https:\/\/www.noticiasradioreflejos.com.ar\/2021\/wp-json\/wp\/v2\/posts\/80625\/revisions\/80629"}],"wp:featuredmedia":[{"embeddable":true,"href":"https:\/\/www.noticiasradioreflejos.com.ar\/2021\/wp-json\/wp\/v2\/media\/80626"}],"wp:attachment":[{"href":"https:\/\/www.noticiasradioreflejos.com.ar\/2021\/wp-json\/wp\/v2\/media?parent=80625"}],"wp:term":[{"taxonomy":"category","embeddable":true,"href":"https:\/\/www.noticiasradioreflejos.com.ar\/2021\/wp-json\/wp\/v2\/categories?post=80625"},{"taxonomy":"post_tag","embeddable":true,"href":"https:\/\/www.noticiasradioreflejos.com.ar\/2021\/wp-json\/wp\/v2\/tags?post=80625"}],"curies":[{"name":"wp","href":"https:\/\/api.w.org\/{rel}","templated":true}]}}