{"id":80596,"date":"2022-11-25T17:12:45","date_gmt":"2022-11-25T17:12:45","guid":{"rendered":"http:\/\/www.noticiasradioreflejos.com.ar\/2021\/?p=80596"},"modified":"2022-11-25T17:12:45","modified_gmt":"2022-11-25T17:12:45","slug":"consejo-escolar-entrega-de-materiales-deportivos-para-escuelas-secundarias","status":"publish","type":"post","link":"https:\/\/www.noticiasradioreflejos.com.ar\/2021\/consejo-escolar-entrega-de-materiales-deportivos-para-escuelas-secundarias\/","title":{"rendered":"Consejo Escolar: entrega de materiales deportivos para escuelas secundarias"},"content":{"rendered":"<p>El Consejo Escolar de Tornquist informa a la comunidad que realiz\u00f3 la entrega al Inspector de Educaci\u00f3n F\u00edsica de materiales deportivos para su distribuci\u00f3n a las escuelas secundarias del Distrito. El monto por Fondo Presupuestario total asciende a $ 2.118.030.-<!--more--><\/p>\n<p>Las escuelas son: las Secundarias N\u00b01, N\u00b02, N\u00b03, N\u00b04, N\u00b05, N\u00b06, CEPT N\u00b012, ESA N\u00b01, EST N\u00b01 y el CEF N\u00b0 9.<\/p>\n<p  style=\" margin: 12px auto 6px auto; font-family: Helvetica,Arial,Sans-serif; font-style: normal; font-variant: normal; font-weight: normal; font-size: 14px; line-height: normal; font-size-adjust: none; font-stretch: normal; -x-system-font: none; display: block;\">   <a title=\"View Elementos Deportivos on Scribd\" href=\"https:\/\/www.scribd.com\/document\/610234691\/Elementos-Deportivos#from_embed\"  style=\"text-decoration: underline;\" >Elementos Deportivos<\/a> by <a title=\"View FM Reflejos Sierra de la Ventana's profile on Scribd\" href=\"https:\/\/es.scribd.com\/user\/128459674\/FM-Reflejos-Sierra-de-la-Ventana#from_embed\"  style=\"text-decoration: underline;\" >FM Reflejos Sierra de la Ventana<\/a> on Scribd<\/p>\n<p><iframe loading=\"lazy\" class=\"scribd_iframe_embed\" title=\"Elementos Deportivos\" src=\"https:\/\/es.scribd.com\/embeds\/610234691\/content?start_page=1&#038;view_mode=scroll&#038;access_key=key-rfktaSGt56zn3z9N1uzs\" data-auto-height=\"false\" data-aspect-ratio=\"0.7729220222793488\" scrolling=\"no\" id=\"doc_58875\" width=\"600\" height=\"800\" frameborder=\"0\"><\/iframe><\/p>\n<p><a data-flickr-embed=\"true\" href=\"https:\/\/www.flickr.com\/photos\/182279889@N02\/52522794031\/in\/dateposted-public\/\" title=\"6\"><img loading=\"lazy\" decoding=\"async\" src=\"https:\/\/live.staticflickr.com\/65535\/52522794031_107b116968_c.jpg\" width=\"800\" height=\"600\" alt=\"6\"><\/a><script async src=\"\/\/embedr.flickr.com\/assets\/client-code.js\" charset=\"utf-8\"><\/script><\/p>\n","protected":false},"excerpt":{"rendered":"<p>El Consejo Escolar de Tornquist informa a la comunidad que realiz\u00f3 la entrega al Inspector de Educaci\u00f3n F\u00edsica de materiales deportivos para su distribuci\u00f3n a las escuelas secundarias del Distrito. El monto por Fondo Presupuestario total asciende a $ 2.118.030.-<\/p>\n","protected":false},"author":3,"featured_media":0,"comment_status":"closed","ping_status":"closed","sticky":false,"template":"","format":"standard","meta":{"footnotes":""},"categories":[34],"tags":[],"class_list":["post-80596","post","type-post","status-publish","format-standard","hentry","category-educacion"],"yoast_head":"<!-- This site is optimized with the Yoast SEO plugin v25.9 - https:\/\/yoast.com\/wordpress\/plugins\/seo\/ -->\n<title>Consejo Escolar: entrega de materiales deportivos para escuelas secundarias - Noticias Radio Reflejos<\/title>\n<meta name=\"robots\" content=\"index, follow, max-snippet:-1, max-image-preview:large, max-video-preview:-1\" \/>\n<link rel=\"canonical\" href=\"https:\/\/www.noticiasradioreflejos.com.ar\/2021\/consejo-escolar-entrega-de-materiales-deportivos-para-escuelas-secundarias\/\" \/>\n<meta property=\"og:locale\" content=\"es_ES\" \/>\n<meta property=\"og:type\" content=\"article\" \/>\n<meta property=\"og:title\" content=\"Consejo Escolar: entrega de materiales deportivos para escuelas secundarias - Noticias Radio Reflejos\" \/>\n<meta property=\"og:description\" content=\"El Consejo Escolar de Tornquist informa a la comunidad que realiz\u00f3 la entrega al Inspector de Educaci\u00f3n F\u00edsica de materiales deportivos para su distribuci\u00f3n a las escuelas secundarias del Distrito. El monto por Fondo Presupuestario total asciende a $ 2.118.030.-\" \/>\n<meta property=\"og:url\" content=\"https:\/\/www.noticiasradioreflejos.com.ar\/2021\/consejo-escolar-entrega-de-materiales-deportivos-para-escuelas-secundarias\/\" \/>\n<meta property=\"og:site_name\" content=\"Noticias Radio Reflejos\" \/>\n<meta property=\"article:published_time\" content=\"2022-11-25T17:12:45+00:00\" \/>\n<meta property=\"og:image\" content=\"https:\/\/live.staticflickr.com\/65535\/52522794031_107b116968_c.jpg\" \/>\n<meta name=\"author\" content=\"Arnaldo Botto\" \/>\n<meta name=\"twitter:card\" content=\"summary_large_image\" \/>\n<script type=\"application\/ld+json\" class=\"yoast-schema-graph\">{\"@context\":\"https:\/\/schema.org\",\"@graph\":[{\"@type\":\"WebPage\",\"@id\":\"https:\/\/www.noticiasradioreflejos.com.ar\/2021\/consejo-escolar-entrega-de-materiales-deportivos-para-escuelas-secundarias\/\",\"url\":\"https:\/\/www.noticiasradioreflejos.com.ar\/2021\/consejo-escolar-entrega-de-materiales-deportivos-para-escuelas-secundarias\/\",\"name\":\"Consejo Escolar: entrega de materiales deportivos para escuelas secundarias - Noticias Radio Reflejos\",\"isPartOf\":{\"@id\":\"https:\/\/www.noticiasradioreflejos.com.ar\/2021\/#website\"},\"primaryImageOfPage\":{\"@id\":\"https:\/\/www.noticiasradioreflejos.com.ar\/2021\/consejo-escolar-entrega-de-materiales-deportivos-para-escuelas-secundarias\/#primaryimage\"},\"image\":{\"@id\":\"https:\/\/www.noticiasradioreflejos.com.ar\/2021\/consejo-escolar-entrega-de-materiales-deportivos-para-escuelas-secundarias\/#primaryimage\"},\"thumbnailUrl\":\"https:\/\/live.staticflickr.com\/65535\/52522794031_107b116968_c.jpg\",\"datePublished\":\"2022-11-25T17:12:45+00:00\",\"author\":{\"@id\":\"https:\/\/www.noticiasradioreflejos.com.ar\/2021\/#\/schema\/person\/ad82545263dcc5ec0996818884fd5fb1\"},\"breadcrumb\":{\"@id\":\"https:\/\/www.noticiasradioreflejos.com.ar\/2021\/consejo-escolar-entrega-de-materiales-deportivos-para-escuelas-secundarias\/#breadcrumb\"},\"inLanguage\":\"es\",\"potentialAction\":[{\"@type\":\"ReadAction\",\"target\":[\"https:\/\/www.noticiasradioreflejos.com.ar\/2021\/consejo-escolar-entrega-de-materiales-deportivos-para-escuelas-secundarias\/\"]}]},{\"@type\":\"ImageObject\",\"inLanguage\":\"es\",\"@id\":\"https:\/\/www.noticiasradioreflejos.com.ar\/2021\/consejo-escolar-entrega-de-materiales-deportivos-para-escuelas-secundarias\/#primaryimage\",\"url\":\"https:\/\/live.staticflickr.com\/65535\/52522794031_107b116968_c.jpg\",\"contentUrl\":\"https:\/\/live.staticflickr.com\/65535\/52522794031_107b116968_c.jpg\"},{\"@type\":\"BreadcrumbList\",\"@id\":\"https:\/\/www.noticiasradioreflejos.com.ar\/2021\/consejo-escolar-entrega-de-materiales-deportivos-para-escuelas-secundarias\/#breadcrumb\",\"itemListElement\":[{\"@type\":\"ListItem\",\"position\":1,\"name\":\"Portada\",\"item\":\"https:\/\/www.noticiasradioreflejos.com.ar\/2021\/\"},{\"@type\":\"ListItem\",\"position\":2,\"name\":\"Consejo Escolar: entrega de materiales deportivos para escuelas secundarias\"}]},{\"@type\":\"WebSite\",\"@id\":\"https:\/\/www.noticiasradioreflejos.com.ar\/2021\/#website\",\"url\":\"https:\/\/www.noticiasradioreflejos.com.ar\/2021\/\",\"name\":\"Noticias Radio Reflejos\",\"description\":\"Las noticias de mi comarca\",\"potentialAction\":[{\"@type\":\"SearchAction\",\"target\":{\"@type\":\"EntryPoint\",\"urlTemplate\":\"https:\/\/www.noticiasradioreflejos.com.ar\/2021\/?s={search_term_string}\"},\"query-input\":{\"@type\":\"PropertyValueSpecification\",\"valueRequired\":true,\"valueName\":\"search_term_string\"}}],\"inLanguage\":\"es\"},{\"@type\":\"Person\",\"@id\":\"https:\/\/www.noticiasradioreflejos.com.ar\/2021\/#\/schema\/person\/ad82545263dcc5ec0996818884fd5fb1\",\"name\":\"Arnaldo Botto\",\"image\":{\"@type\":\"ImageObject\",\"inLanguage\":\"es\",\"@id\":\"https:\/\/www.noticiasradioreflejos.com.ar\/2021\/#\/schema\/person\/image\/\",\"url\":\"https:\/\/secure.gravatar.com\/avatar\/55cb5e37c1efa326397366e6974cb338056df65cb50e7d64d1cf314e87504837?s=96&d=mm&r=g\",\"contentUrl\":\"https:\/\/secure.gravatar.com\/avatar\/55cb5e37c1efa326397366e6974cb338056df65cb50e7d64d1cf314e87504837?s=96&d=mm&r=g\",\"caption\":\"Arnaldo Botto\"},\"url\":\"https:\/\/www.noticiasradioreflejos.com.ar\/2021\/author\/arnaldo\/\"}]}<\/script>\n<!-- \/ Yoast SEO plugin. -->","yoast_head_json":{"title":"Consejo Escolar: entrega de materiales deportivos para escuelas secundarias - Noticias Radio Reflejos","robots":{"index":"index","follow":"follow","max-snippet":"max-snippet:-1","max-image-preview":"max-image-preview:large","max-video-preview":"max-video-preview:-1"},"canonical":"https:\/\/www.noticiasradioreflejos.com.ar\/2021\/consejo-escolar-entrega-de-materiales-deportivos-para-escuelas-secundarias\/","og_locale":"es_ES","og_type":"article","og_title":"Consejo Escolar: entrega de materiales deportivos para escuelas secundarias - Noticias Radio Reflejos","og_description":"El Consejo Escolar de Tornquist informa a la comunidad que realiz\u00f3 la entrega al Inspector de Educaci\u00f3n F\u00edsica de materiales deportivos para su distribuci\u00f3n a las escuelas secundarias del Distrito. El monto por Fondo Presupuestario total asciende a $ 2.118.030.-","og_url":"https:\/\/www.noticiasradioreflejos.com.ar\/2021\/consejo-escolar-entrega-de-materiales-deportivos-para-escuelas-secundarias\/","og_site_name":"Noticias Radio Reflejos","article_published_time":"2022-11-25T17:12:45+00:00","og_image":[{"url":"https:\/\/live.staticflickr.com\/65535\/52522794031_107b116968_c.jpg","type":"","width":"","height":""}],"author":"Arnaldo Botto","twitter_card":"summary_large_image","schema":{"@context":"https:\/\/schema.org","@graph":[{"@type":"WebPage","@id":"https:\/\/www.noticiasradioreflejos.com.ar\/2021\/consejo-escolar-entrega-de-materiales-deportivos-para-escuelas-secundarias\/","url":"https:\/\/www.noticiasradioreflejos.com.ar\/2021\/consejo-escolar-entrega-de-materiales-deportivos-para-escuelas-secundarias\/","name":"Consejo Escolar: entrega de materiales deportivos para escuelas secundarias - Noticias Radio Reflejos","isPartOf":{"@id":"https:\/\/www.noticiasradioreflejos.com.ar\/2021\/#website"},"primaryImageOfPage":{"@id":"https:\/\/www.noticiasradioreflejos.com.ar\/2021\/consejo-escolar-entrega-de-materiales-deportivos-para-escuelas-secundarias\/#primaryimage"},"image":{"@id":"https:\/\/www.noticiasradioreflejos.com.ar\/2021\/consejo-escolar-entrega-de-materiales-deportivos-para-escuelas-secundarias\/#primaryimage"},"thumbnailUrl":"https:\/\/live.staticflickr.com\/65535\/52522794031_107b116968_c.jpg","datePublished":"2022-11-25T17:12:45+00:00","author":{"@id":"https:\/\/www.noticiasradioreflejos.com.ar\/2021\/#\/schema\/person\/ad82545263dcc5ec0996818884fd5fb1"},"breadcrumb":{"@id":"https:\/\/www.noticiasradioreflejos.com.ar\/2021\/consejo-escolar-entrega-de-materiales-deportivos-para-escuelas-secundarias\/#breadcrumb"},"inLanguage":"es","potentialAction":[{"@type":"ReadAction","target":["https:\/\/www.noticiasradioreflejos.com.ar\/2021\/consejo-escolar-entrega-de-materiales-deportivos-para-escuelas-secundarias\/"]}]},{"@type":"ImageObject","inLanguage":"es","@id":"https:\/\/www.noticiasradioreflejos.com.ar\/2021\/consejo-escolar-entrega-de-materiales-deportivos-para-escuelas-secundarias\/#primaryimage","url":"https:\/\/live.staticflickr.com\/65535\/52522794031_107b116968_c.jpg","contentUrl":"https:\/\/live.staticflickr.com\/65535\/52522794031_107b116968_c.jpg"},{"@type":"BreadcrumbList","@id":"https:\/\/www.noticiasradioreflejos.com.ar\/2021\/consejo-escolar-entrega-de-materiales-deportivos-para-escuelas-secundarias\/#breadcrumb","itemListElement":[{"@type":"ListItem","position":1,"name":"Portada","item":"https:\/\/www.noticiasradioreflejos.com.ar\/2021\/"},{"@type":"ListItem","position":2,"name":"Consejo Escolar: entrega de materiales deportivos para escuelas secundarias"}]},{"@type":"WebSite","@id":"https:\/\/www.noticiasradioreflejos.com.ar\/2021\/#website","url":"https:\/\/www.noticiasradioreflejos.com.ar\/2021\/","name":"Noticias Radio Reflejos","description":"Las noticias de mi comarca","potentialAction":[{"@type":"SearchAction","target":{"@type":"EntryPoint","urlTemplate":"https:\/\/www.noticiasradioreflejos.com.ar\/2021\/?s={search_term_string}"},"query-input":{"@type":"PropertyValueSpecification","valueRequired":true,"valueName":"search_term_string"}}],"inLanguage":"es"},{"@type":"Person","@id":"https:\/\/www.noticiasradioreflejos.com.ar\/2021\/#\/schema\/person\/ad82545263dcc5ec0996818884fd5fb1","name":"Arnaldo Botto","image":{"@type":"ImageObject","inLanguage":"es","@id":"https:\/\/www.noticiasradioreflejos.com.ar\/2021\/#\/schema\/person\/image\/","url":"https:\/\/secure.gravatar.com\/avatar\/55cb5e37c1efa326397366e6974cb338056df65cb50e7d64d1cf314e87504837?s=96&d=mm&r=g","contentUrl":"https:\/\/secure.gravatar.com\/avatar\/55cb5e37c1efa326397366e6974cb338056df65cb50e7d64d1cf314e87504837?s=96&d=mm&r=g","caption":"Arnaldo Botto"},"url":"https:\/\/www.noticiasradioreflejos.com.ar\/2021\/author\/arnaldo\/"}]}},"_links":{"self":[{"href":"https:\/\/www.noticiasradioreflejos.com.ar\/2021\/wp-json\/wp\/v2\/posts\/80596","targetHints":{"allow":["GET"]}}],"collection":[{"href":"https:\/\/www.noticiasradioreflejos.com.ar\/2021\/wp-json\/wp\/v2\/posts"}],"about":[{"href":"https:\/\/www.noticiasradioreflejos.com.ar\/2021\/wp-json\/wp\/v2\/types\/post"}],"author":[{"embeddable":true,"href":"https:\/\/www.noticiasradioreflejos.com.ar\/2021\/wp-json\/wp\/v2\/users\/3"}],"replies":[{"embeddable":true,"href":"https:\/\/www.noticiasradioreflejos.com.ar\/2021\/wp-json\/wp\/v2\/comments?post=80596"}],"version-history":[{"count":1,"href":"https:\/\/www.noticiasradioreflejos.com.ar\/2021\/wp-json\/wp\/v2\/posts\/80596\/revisions"}],"predecessor-version":[{"id":80599,"href":"https:\/\/www.noticiasradioreflejos.com.ar\/2021\/wp-json\/wp\/v2\/posts\/80596\/revisions\/80599"}],"wp:attachment":[{"href":"https:\/\/www.noticiasradioreflejos.com.ar\/2021\/wp-json\/wp\/v2\/media?parent=80596"}],"wp:term":[{"taxonomy":"category","embeddable":true,"href":"https:\/\/www.noticiasradioreflejos.com.ar\/2021\/wp-json\/wp\/v2\/categories?post=80596"},{"taxonomy":"post_tag","embeddable":true,"href":"https:\/\/www.noticiasradioreflejos.com.ar\/2021\/wp-json\/wp\/v2\/tags?post=80596"}],"curies":[{"name":"wp","href":"https:\/\/api.w.org\/{rel}","templated":true}]}}