{"id":80587,"date":"2022-11-25T17:08:24","date_gmt":"2022-11-25T17:08:24","guid":{"rendered":"http:\/\/www.noticiasradioreflejos.com.ar\/2021\/?p=80587"},"modified":"2022-11-25T23:09:24","modified_gmt":"2022-11-25T23:09:24","slug":"congreso-de-violencia-de-genero-ya-nadie-se-quiere-callar","status":"publish","type":"post","link":"https:\/\/www.noticiasradioreflejos.com.ar\/2021\/congreso-de-violencia-de-genero-ya-nadie-se-quiere-callar\/","title":{"rendered":"Congreso de Violencia de G\u00e9nero: \u201cYa nadie se quiere callar\u201d"},"content":{"rendered":"<p>La Directora Regional del Ministerio de Mujeres, Silvia Zabala, coment\u00f3 las conclusiones que arroj\u00f3 el Congreso celebrado ayer y hoy en Mar del Plata. \u201cFue todo un \u00e9xito\u201d asegur\u00f3.<!--more--><\/p>\n<p><a title=\"Congreso Violencia contra las mujeres (3)\" href=\"https:\/\/www.flickr.com\/photos\/182279889@N02\/52522325947\/in\/dateposted-public\/\" data-flickr-embed=\"true\"><img loading=\"lazy\" decoding=\"async\" src=\"https:\/\/live.staticflickr.com\/65535\/52522325947_71eda6e952_c.jpg\" alt=\"Congreso Violencia contra las mujeres (3)\" width=\"800\" height=\"328\" \/><\/a><\/p>\n<p>&nbsp;<\/p>\n<p>El pasado fin de semana se desarroll\u00f3 en Mar del Plata un Congreso sobre Violencia por razones de g\u00e9nero, al cual acudi\u00f3 la Directora Regional del Distrito N\u00b06 del Ministerio de Mujeres, Silvia Zabala.<\/p>\n<p>En una charla con el micro Tiempo Educativo, Zabala aclar\u00f3 que este encuentro \u201cno abarca solo a las mujeres, sino tambi\u00e9n a las disidencias. Fue un \u00e9xito por la cantidad de participantes, pero tambi\u00e9n en las propuestas que se llevaron adelante. Se presentaron muchas ponencias\u201d.<\/p>\n<p>De igual manera coment\u00f3 que all\u00ed tambi\u00e9n \u201cse present\u00f3 el formulario \u00fanico de violencia de g\u00e9nero. Es una important\u00edsima pol\u00edtica p\u00fablica. De esa manera la denuncia nos permita recabar todos los datos para que esa mujer pueda ser atendida y no sea revictimizada al no tener que preguntarle 200 veces las mismas cosas\u201d.<\/p>\n<p>En otro pasaje de la charla reflexion\u00f3 con que \u201clas mujeres tienen m\u00e1s conciencia y se est\u00e1 empezando a hablar. Localidades donde muchas situaciones de abuso antes no se hablaban, y son ciudades muy muy chicas, y ahora se denuncian. La verdad es que ahora aparecen las situaciones\u201d.<\/p>\n<p>Aunque aclar\u00f3, para alg\u00fan desprevenido, que las situaciones de violencia \u201cno solo se remiten a las familias, tambi\u00e9n la violencia por raz\u00f3n de g\u00e9nero aparece en el trabajo, en la pol\u00edtica, en los sindicatos, en los clubes. Estas cosas existen. Ahora se ponen en palabras, pero antes estaban naturalizadas y se escond\u00edan\u201d.<\/p>\n<p>Por \u00faltimo subray\u00f3 que \u201cya nadie se quiere callar. Vivas nos queremos y al silencio no volvemos nunca m\u00e1s, esas es una de nuestras consignas. Ahora con estas estad\u00edsticas se van a poder generar pol\u00edticas p\u00fablicas, sino se trabaja sobre el aire\u201d.<\/p>\n<p><iframe loading=\"lazy\" src=\"https:\/\/w.soundcloud.com\/player\/?url=https%3A\/\/api.soundcloud.com\/tracks\/1390356436&amp;color=%23ff5500&amp;auto_play=false&amp;hide_related=false&amp;show_comments=true&amp;show_user=true&amp;show_reposts=false&amp;show_teaser=true\" width=\"100%\" height=\"166\" frameborder=\"no\" scrolling=\"no\"><\/iframe><\/p>\n<div style=\"font-size: 10px; color: #cccccc; line-break: anywhere; word-break: normal; overflow: hidden; white-space: nowrap; text-overflow: ellipsis; font-family: Interstate,Lucida Grande,Lucida Sans Unicode,Lucida Sans,Garuda,Verdana,Tahoma,sans-serif; font-weight: 100;\"><a style=\"color: #cccccc; text-decoration: none;\" title=\"fmreflejos 103.7\" href=\"https:\/\/soundcloud.com\/fmreflejos-103-7\" target=\"_blank\" rel=\"noopener\">fmreflejos 103.7<\/a> \u00b7 <a style=\"color: #cccccc; text-decoration: none;\" title=\"Silvia Zabala\" href=\"https:\/\/soundcloud.com\/fmreflejos-103-7\/silvia-zabala-1\" target=\"_blank\" rel=\"noopener\">Silvia Zabala<\/a><\/div>\n<p><a title=\"Congreso Violencia contra las mujeres (4)\" href=\"https:\/\/www.flickr.com\/photos\/182279889@N02\/52523268385\/in\/dateposted-public\/\" data-flickr-embed=\"true\"><img loading=\"lazy\" decoding=\"async\" src=\"https:\/\/live.staticflickr.com\/65535\/52523268385_c6fb6ec2ef_c.jpg\" alt=\"Congreso Violencia contra las mujeres (4)\" width=\"800\" height=\"600\" \/><\/a><\/p>\n","protected":false},"excerpt":{"rendered":"<p>La Directora Regional del Ministerio de Mujeres, Silvia Zabala, coment\u00f3 las conclusiones que arroj\u00f3 el Congreso celebrado ayer y hoy en Mar del Plata. \u201cFue todo un \u00e9xito\u201d asegur\u00f3.<\/p>\n","protected":false},"author":3,"featured_media":0,"comment_status":"closed","ping_status":"closed","sticky":false,"template":"","format":"standard","meta":{"footnotes":""},"categories":[58,24],"tags":[48],"class_list":["post-80587","post","type-post","status-publish","format-standard","hentry","category-gobierno","category-politica","tag-destacada"],"yoast_head":"<!-- This site is optimized with the Yoast SEO plugin v25.9 - https:\/\/yoast.com\/wordpress\/plugins\/seo\/ -->\n<title>Congreso de Violencia de G\u00e9nero: \u201cYa nadie se quiere callar\u201d - Noticias Radio Reflejos<\/title>\n<meta name=\"robots\" content=\"index, follow, max-snippet:-1, max-image-preview:large, max-video-preview:-1\" \/>\n<link rel=\"canonical\" href=\"https:\/\/www.noticiasradioreflejos.com.ar\/2021\/congreso-de-violencia-de-genero-ya-nadie-se-quiere-callar\/\" \/>\n<meta property=\"og:locale\" content=\"es_ES\" \/>\n<meta property=\"og:type\" content=\"article\" \/>\n<meta property=\"og:title\" content=\"Congreso de Violencia de G\u00e9nero: \u201cYa nadie se quiere callar\u201d - Noticias Radio Reflejos\" \/>\n<meta property=\"og:description\" content=\"La Directora Regional del Ministerio de Mujeres, Silvia Zabala, coment\u00f3 las conclusiones que arroj\u00f3 el Congreso celebrado ayer y hoy en Mar del Plata. \u201cFue todo un \u00e9xito\u201d asegur\u00f3.\" \/>\n<meta property=\"og:url\" content=\"https:\/\/www.noticiasradioreflejos.com.ar\/2021\/congreso-de-violencia-de-genero-ya-nadie-se-quiere-callar\/\" \/>\n<meta property=\"og:site_name\" content=\"Noticias Radio Reflejos\" \/>\n<meta property=\"article:published_time\" content=\"2022-11-25T17:08:24+00:00\" \/>\n<meta property=\"article:modified_time\" content=\"2022-11-25T23:09:24+00:00\" \/>\n<meta property=\"og:image\" content=\"https:\/\/live.staticflickr.com\/65535\/52522325947_71eda6e952_c.jpg\" \/>\n<meta name=\"author\" content=\"Arnaldo Botto\" \/>\n<meta name=\"twitter:card\" content=\"summary_large_image\" \/>\n<script type=\"application\/ld+json\" class=\"yoast-schema-graph\">{\"@context\":\"https:\/\/schema.org\",\"@graph\":[{\"@type\":\"WebPage\",\"@id\":\"https:\/\/www.noticiasradioreflejos.com.ar\/2021\/congreso-de-violencia-de-genero-ya-nadie-se-quiere-callar\/\",\"url\":\"https:\/\/www.noticiasradioreflejos.com.ar\/2021\/congreso-de-violencia-de-genero-ya-nadie-se-quiere-callar\/\",\"name\":\"Congreso de Violencia de G\u00e9nero: \u201cYa nadie se quiere callar\u201d - Noticias Radio Reflejos\",\"isPartOf\":{\"@id\":\"https:\/\/www.noticiasradioreflejos.com.ar\/2021\/#website\"},\"primaryImageOfPage\":{\"@id\":\"https:\/\/www.noticiasradioreflejos.com.ar\/2021\/congreso-de-violencia-de-genero-ya-nadie-se-quiere-callar\/#primaryimage\"},\"image\":{\"@id\":\"https:\/\/www.noticiasradioreflejos.com.ar\/2021\/congreso-de-violencia-de-genero-ya-nadie-se-quiere-callar\/#primaryimage\"},\"thumbnailUrl\":\"https:\/\/live.staticflickr.com\/65535\/52522325947_71eda6e952_c.jpg\",\"datePublished\":\"2022-11-25T17:08:24+00:00\",\"dateModified\":\"2022-11-25T23:09:24+00:00\",\"author\":{\"@id\":\"https:\/\/www.noticiasradioreflejos.com.ar\/2021\/#\/schema\/person\/ad82545263dcc5ec0996818884fd5fb1\"},\"breadcrumb\":{\"@id\":\"https:\/\/www.noticiasradioreflejos.com.ar\/2021\/congreso-de-violencia-de-genero-ya-nadie-se-quiere-callar\/#breadcrumb\"},\"inLanguage\":\"es\",\"potentialAction\":[{\"@type\":\"ReadAction\",\"target\":[\"https:\/\/www.noticiasradioreflejos.com.ar\/2021\/congreso-de-violencia-de-genero-ya-nadie-se-quiere-callar\/\"]}]},{\"@type\":\"ImageObject\",\"inLanguage\":\"es\",\"@id\":\"https:\/\/www.noticiasradioreflejos.com.ar\/2021\/congreso-de-violencia-de-genero-ya-nadie-se-quiere-callar\/#primaryimage\",\"url\":\"https:\/\/live.staticflickr.com\/65535\/52522325947_71eda6e952_c.jpg\",\"contentUrl\":\"https:\/\/live.staticflickr.com\/65535\/52522325947_71eda6e952_c.jpg\"},{\"@type\":\"BreadcrumbList\",\"@id\":\"https:\/\/www.noticiasradioreflejos.com.ar\/2021\/congreso-de-violencia-de-genero-ya-nadie-se-quiere-callar\/#breadcrumb\",\"itemListElement\":[{\"@type\":\"ListItem\",\"position\":1,\"name\":\"Portada\",\"item\":\"https:\/\/www.noticiasradioreflejos.com.ar\/2021\/\"},{\"@type\":\"ListItem\",\"position\":2,\"name\":\"Congreso de Violencia de G\u00e9nero: \u201cYa nadie se quiere callar\u201d\"}]},{\"@type\":\"WebSite\",\"@id\":\"https:\/\/www.noticiasradioreflejos.com.ar\/2021\/#website\",\"url\":\"https:\/\/www.noticiasradioreflejos.com.ar\/2021\/\",\"name\":\"Noticias Radio Reflejos\",\"description\":\"Las noticias de mi comarca\",\"potentialAction\":[{\"@type\":\"SearchAction\",\"target\":{\"@type\":\"EntryPoint\",\"urlTemplate\":\"https:\/\/www.noticiasradioreflejos.com.ar\/2021\/?s={search_term_string}\"},\"query-input\":{\"@type\":\"PropertyValueSpecification\",\"valueRequired\":true,\"valueName\":\"search_term_string\"}}],\"inLanguage\":\"es\"},{\"@type\":\"Person\",\"@id\":\"https:\/\/www.noticiasradioreflejos.com.ar\/2021\/#\/schema\/person\/ad82545263dcc5ec0996818884fd5fb1\",\"name\":\"Arnaldo Botto\",\"image\":{\"@type\":\"ImageObject\",\"inLanguage\":\"es\",\"@id\":\"https:\/\/www.noticiasradioreflejos.com.ar\/2021\/#\/schema\/person\/image\/\",\"url\":\"https:\/\/secure.gravatar.com\/avatar\/55cb5e37c1efa326397366e6974cb338056df65cb50e7d64d1cf314e87504837?s=96&d=mm&r=g\",\"contentUrl\":\"https:\/\/secure.gravatar.com\/avatar\/55cb5e37c1efa326397366e6974cb338056df65cb50e7d64d1cf314e87504837?s=96&d=mm&r=g\",\"caption\":\"Arnaldo Botto\"},\"url\":\"https:\/\/www.noticiasradioreflejos.com.ar\/2021\/author\/arnaldo\/\"}]}<\/script>\n<!-- \/ Yoast SEO plugin. -->","yoast_head_json":{"title":"Congreso de Violencia de G\u00e9nero: \u201cYa nadie se quiere callar\u201d - Noticias Radio Reflejos","robots":{"index":"index","follow":"follow","max-snippet":"max-snippet:-1","max-image-preview":"max-image-preview:large","max-video-preview":"max-video-preview:-1"},"canonical":"https:\/\/www.noticiasradioreflejos.com.ar\/2021\/congreso-de-violencia-de-genero-ya-nadie-se-quiere-callar\/","og_locale":"es_ES","og_type":"article","og_title":"Congreso de Violencia de G\u00e9nero: \u201cYa nadie se quiere callar\u201d - Noticias Radio Reflejos","og_description":"La Directora Regional del Ministerio de Mujeres, Silvia Zabala, coment\u00f3 las conclusiones que arroj\u00f3 el Congreso celebrado ayer y hoy en Mar del Plata. \u201cFue todo un \u00e9xito\u201d asegur\u00f3.","og_url":"https:\/\/www.noticiasradioreflejos.com.ar\/2021\/congreso-de-violencia-de-genero-ya-nadie-se-quiere-callar\/","og_site_name":"Noticias Radio Reflejos","article_published_time":"2022-11-25T17:08:24+00:00","article_modified_time":"2022-11-25T23:09:24+00:00","og_image":[{"url":"https:\/\/live.staticflickr.com\/65535\/52522325947_71eda6e952_c.jpg","type":"","width":"","height":""}],"author":"Arnaldo Botto","twitter_card":"summary_large_image","schema":{"@context":"https:\/\/schema.org","@graph":[{"@type":"WebPage","@id":"https:\/\/www.noticiasradioreflejos.com.ar\/2021\/congreso-de-violencia-de-genero-ya-nadie-se-quiere-callar\/","url":"https:\/\/www.noticiasradioreflejos.com.ar\/2021\/congreso-de-violencia-de-genero-ya-nadie-se-quiere-callar\/","name":"Congreso de Violencia de G\u00e9nero: \u201cYa nadie se quiere callar\u201d - Noticias Radio Reflejos","isPartOf":{"@id":"https:\/\/www.noticiasradioreflejos.com.ar\/2021\/#website"},"primaryImageOfPage":{"@id":"https:\/\/www.noticiasradioreflejos.com.ar\/2021\/congreso-de-violencia-de-genero-ya-nadie-se-quiere-callar\/#primaryimage"},"image":{"@id":"https:\/\/www.noticiasradioreflejos.com.ar\/2021\/congreso-de-violencia-de-genero-ya-nadie-se-quiere-callar\/#primaryimage"},"thumbnailUrl":"https:\/\/live.staticflickr.com\/65535\/52522325947_71eda6e952_c.jpg","datePublished":"2022-11-25T17:08:24+00:00","dateModified":"2022-11-25T23:09:24+00:00","author":{"@id":"https:\/\/www.noticiasradioreflejos.com.ar\/2021\/#\/schema\/person\/ad82545263dcc5ec0996818884fd5fb1"},"breadcrumb":{"@id":"https:\/\/www.noticiasradioreflejos.com.ar\/2021\/congreso-de-violencia-de-genero-ya-nadie-se-quiere-callar\/#breadcrumb"},"inLanguage":"es","potentialAction":[{"@type":"ReadAction","target":["https:\/\/www.noticiasradioreflejos.com.ar\/2021\/congreso-de-violencia-de-genero-ya-nadie-se-quiere-callar\/"]}]},{"@type":"ImageObject","inLanguage":"es","@id":"https:\/\/www.noticiasradioreflejos.com.ar\/2021\/congreso-de-violencia-de-genero-ya-nadie-se-quiere-callar\/#primaryimage","url":"https:\/\/live.staticflickr.com\/65535\/52522325947_71eda6e952_c.jpg","contentUrl":"https:\/\/live.staticflickr.com\/65535\/52522325947_71eda6e952_c.jpg"},{"@type":"BreadcrumbList","@id":"https:\/\/www.noticiasradioreflejos.com.ar\/2021\/congreso-de-violencia-de-genero-ya-nadie-se-quiere-callar\/#breadcrumb","itemListElement":[{"@type":"ListItem","position":1,"name":"Portada","item":"https:\/\/www.noticiasradioreflejos.com.ar\/2021\/"},{"@type":"ListItem","position":2,"name":"Congreso de Violencia de G\u00e9nero: \u201cYa nadie se quiere callar\u201d"}]},{"@type":"WebSite","@id":"https:\/\/www.noticiasradioreflejos.com.ar\/2021\/#website","url":"https:\/\/www.noticiasradioreflejos.com.ar\/2021\/","name":"Noticias Radio Reflejos","description":"Las noticias de mi comarca","potentialAction":[{"@type":"SearchAction","target":{"@type":"EntryPoint","urlTemplate":"https:\/\/www.noticiasradioreflejos.com.ar\/2021\/?s={search_term_string}"},"query-input":{"@type":"PropertyValueSpecification","valueRequired":true,"valueName":"search_term_string"}}],"inLanguage":"es"},{"@type":"Person","@id":"https:\/\/www.noticiasradioreflejos.com.ar\/2021\/#\/schema\/person\/ad82545263dcc5ec0996818884fd5fb1","name":"Arnaldo Botto","image":{"@type":"ImageObject","inLanguage":"es","@id":"https:\/\/www.noticiasradioreflejos.com.ar\/2021\/#\/schema\/person\/image\/","url":"https:\/\/secure.gravatar.com\/avatar\/55cb5e37c1efa326397366e6974cb338056df65cb50e7d64d1cf314e87504837?s=96&d=mm&r=g","contentUrl":"https:\/\/secure.gravatar.com\/avatar\/55cb5e37c1efa326397366e6974cb338056df65cb50e7d64d1cf314e87504837?s=96&d=mm&r=g","caption":"Arnaldo Botto"},"url":"https:\/\/www.noticiasradioreflejos.com.ar\/2021\/author\/arnaldo\/"}]}},"_links":{"self":[{"href":"https:\/\/www.noticiasradioreflejos.com.ar\/2021\/wp-json\/wp\/v2\/posts\/80587","targetHints":{"allow":["GET"]}}],"collection":[{"href":"https:\/\/www.noticiasradioreflejos.com.ar\/2021\/wp-json\/wp\/v2\/posts"}],"about":[{"href":"https:\/\/www.noticiasradioreflejos.com.ar\/2021\/wp-json\/wp\/v2\/types\/post"}],"author":[{"embeddable":true,"href":"https:\/\/www.noticiasradioreflejos.com.ar\/2021\/wp-json\/wp\/v2\/users\/3"}],"replies":[{"embeddable":true,"href":"https:\/\/www.noticiasradioreflejos.com.ar\/2021\/wp-json\/wp\/v2\/comments?post=80587"}],"version-history":[{"count":4,"href":"https:\/\/www.noticiasradioreflejos.com.ar\/2021\/wp-json\/wp\/v2\/posts\/80587\/revisions"}],"predecessor-version":[{"id":80615,"href":"https:\/\/www.noticiasradioreflejos.com.ar\/2021\/wp-json\/wp\/v2\/posts\/80587\/revisions\/80615"}],"wp:attachment":[{"href":"https:\/\/www.noticiasradioreflejos.com.ar\/2021\/wp-json\/wp\/v2\/media?parent=80587"}],"wp:term":[{"taxonomy":"category","embeddable":true,"href":"https:\/\/www.noticiasradioreflejos.com.ar\/2021\/wp-json\/wp\/v2\/categories?post=80587"},{"taxonomy":"post_tag","embeddable":true,"href":"https:\/\/www.noticiasradioreflejos.com.ar\/2021\/wp-json\/wp\/v2\/tags?post=80587"}],"curies":[{"name":"wp","href":"https:\/\/api.w.org\/{rel}","templated":true}]}}