{"id":80585,"date":"2022-11-25T16:54:02","date_gmt":"2022-11-25T16:54:02","guid":{"rendered":"http:\/\/www.noticiasradioreflejos.com.ar\/2021\/?p=80585"},"modified":"2022-11-25T16:54:02","modified_gmt":"2022-11-25T16:54:02","slug":"este-domingo-habra-una-charla-abierta-del-club-observadores-de-aves","status":"publish","type":"post","link":"https:\/\/www.noticiasradioreflejos.com.ar\/2021\/este-domingo-habra-una-charla-abierta-del-club-observadores-de-aves\/","title":{"rendered":"Este domingo habr\u00e1 una charla abierta del Club Observadores de Aves"},"content":{"rendered":"<p>Bajo el t\u00edtulo \u201cFote-ando por la naturaleza\u201d, desde las 18 y con entrada libre y gratuita expondr\u00e1n sobre avistamiento de aves y t\u00e9cnicas para registrarlas. \u201cCreemos que les va a gustar\u201d asegur\u00f3 Pedro Cabrera.<!--more--><\/p>\n<p><a title=\"WhatsApp Image 2022-11-25 at 09.10.26\" href=\"https:\/\/www.flickr.com\/photos\/182279889@N02\/52522753961\/in\/dateposted-public\/\" data-flickr-embed=\"true\"><img loading=\"lazy\" decoding=\"async\" src=\"https:\/\/live.staticflickr.com\/65535\/52522753961_3da32e0f31_c.jpg\" alt=\"WhatsApp Image 2022-11-25 at 09.10.26\" width=\"800\" height=\"800\" \/><\/a><\/p>\n<p>&nbsp;<\/p>\n<p>El Club de Observadores de Aves de Villa Ventana sigue avanzando. Muchas veces en silencio, pero con paso firme, sus acciones cada vez son m\u00e1s, creciendo a la par del n\u00famero de adeptos que semana tras semana se suman a lo que consideran una pasi\u00f3n.<\/p>\n<p>Al respecto, Pedro Cabrera, uno de sus integrantes, brind\u00f3 detalles de lo que se vivir\u00e1 este domingo desde las 18 en el Centro Cultural, en donde la entrada ser\u00e1 libre y gratuita.<\/p>\n<p>En torno a ese disparador, Cabrera cont\u00f3 que \u201cla muestra lleva dos meses, termina este fin de semana ah\u00ed en el Centro Cultural, en un espacio maravilloso. Debo agradecer a Juan y Mar\u00eda Celeste que son los curadores de estas muestras. Mis fotos est\u00e1n junto con unas pinturas bell\u00edsimas de <strong>Norma Poggi y Enzo Frattini<\/strong>\u201d.<\/p>\n<p>De all\u00ed que \u201cestamos organizando algunos talleres ah\u00ed. Ahora nos toca al Club de Observadores. Por eso que este domingo invitamos a un amigo, a <strong>Carlos Serv\u00edn<\/strong>, que es fot\u00f3grafo de naturaleza. Tiene fotos extraordinarias, incluso algunas publicadas en National Geographic\u201d.<\/p>\n<p>Dando m\u00e1s detalles, cont\u00f3 que \u201cnos va a presentar una charla en la que nos har\u00e1 una descripci\u00f3n sobre las t\u00e9cnicas y la pasi\u00f3n que hay que ponerle a esto de fotografiar a la naturaleza. Adem\u00e1s habr\u00e1 una proyecci\u00f3n de fotograf\u00edas de aves, mam\u00edferos\u2026 es muy interesante escucharlo. Creemos que les va a gustar\u201d.<\/p>\n<p>Y reforzando esa idea, asegur\u00f3 que \u201cser\u00e1 una charla sumamente amena, al alcance de todos, tengas o no tengas conocimiento de fotograf\u00eda. Seguramente servir\u00e1 como disparador para generar ganas de salir a fotografiar a la naturaleza\u201d.<\/p>\n<p>En otro pasaje de la charla, y enfoc\u00e1ndose en el Club de Observadores, se\u00f1al\u00f3 que \u201csomos un grupo que lo integra gente de toda la comarca. Hay gente de Sierra, de Saldungaray, hay muchos seguidores y muchos participantes. Incluso tenemos un seguidor en Denver, Estados Unidos. Somos uno de los m\u00e1s de 80 grupos de observadores que dependemos de Aves Argentinas\u201d.<\/p>\n<p><a title=\"Nueva carteleria VV (4)\" href=\"https:\/\/www.flickr.com\/photos\/182279889@N02\/52504057761\/in\/dateposted-public\/\" data-flickr-embed=\"true\"><img loading=\"lazy\" decoding=\"async\" src=\"https:\/\/live.staticflickr.com\/65535\/52504057761_85f151aa3e_c.jpg\" alt=\"Nueva carteleria VV (4)\" width=\"800\" height=\"450\" \/><\/a><\/p>\n<p><strong><span style=\"color: #ff0000;\"><em>Nueva carteler\u00eda en Villa Ventana, propuesta por COA.<\/em><\/span><\/strong><\/p>\n<p>&nbsp;<\/p>\n<p>Mientras que contando sobre las acciones que llevan adelante, confirm\u00f3 que \u201cseguimos con algunas salidas. Tratamos de hacerlas una vez al mes, cosa que la pandemia nos hab\u00eda cortado. Hacemos charlas abiertas, en eventos y colegios. Ahora la semana que viene tenemos una salida con la secundaria de Tornquist. Muchas tareas en marcha, como un observatorio en la laguna. Ahora logramos que se instalara la carteler\u00eda en Villa Ventana. Son cuatro, con el plano de Villa, y como la mayor\u00eda de las calles tienen nombres de aves, a cada nombre le pusimos una ilustraci\u00f3n\u201d.<\/p>\n<p>&nbsp;<\/p>\n<p><iframe loading=\"lazy\" src=\"https:\/\/w.soundcloud.com\/player\/?url=https%3A\/\/api.soundcloud.com\/tracks\/1390336804&amp;color=%23ff5500&amp;auto_play=false&amp;hide_related=false&amp;show_comments=true&amp;show_user=true&amp;show_reposts=false&amp;show_teaser=true\" width=\"100%\" height=\"166\" frameborder=\"no\" scrolling=\"no\"><\/iframe><\/p>\n<div style=\"font-size: 10px; color: #cccccc; line-break: anywhere; word-break: normal; overflow: hidden; white-space: nowrap; text-overflow: ellipsis; font-family: Interstate,Lucida Grande,Lucida Sans Unicode,Lucida Sans,Garuda,Verdana,Tahoma,sans-serif; font-weight: 100;\"><a style=\"color: #cccccc; text-decoration: none;\" title=\"fmreflejos 103.7\" href=\"https:\/\/soundcloud.com\/fmreflejos-103-7\" target=\"_blank\" rel=\"noopener\">fmreflejos 103.7<\/a> \u00b7 <a style=\"color: #cccccc; text-decoration: none;\" title=\"Pedro Daniel Cabrera\" href=\"https:\/\/soundcloud.com\/fmreflejos-103-7\/pedro-daniel-cabrera\" target=\"_blank\" rel=\"noopener\">Pedro Daniel Cabrera<\/a><\/div>\n","protected":false},"excerpt":{"rendered":"<p>Bajo el t\u00edtulo \u201cFote-ando por la naturaleza\u201d, desde las 18 y con entrada libre y gratuita expondr\u00e1n sobre avistamiento de aves y t\u00e9cnicas para registrarlas. \u201cCreemos que les va a gustar\u201d asegur\u00f3 Pedro Cabrera.<\/p>\n","protected":false},"author":3,"featured_media":80589,"comment_status":"closed","ping_status":"closed","sticky":false,"template":"","format":"standard","meta":{"footnotes":""},"categories":[46,35,26,33],"tags":[48],"class_list":["post-80585","post","type-post","status-publish","format-standard","has-post-thumbnail","hentry","category-ciencia-y-tecnologia","category-cultura","category-sociedad","category-turismo","tag-destacada"],"yoast_head":"<!-- This site is optimized with the Yoast SEO plugin v25.9 - https:\/\/yoast.com\/wordpress\/plugins\/seo\/ -->\n<title>Este domingo habr\u00e1 una charla abierta del Club Observadores de Aves - Noticias Radio Reflejos<\/title>\n<meta name=\"robots\" content=\"index, follow, max-snippet:-1, max-image-preview:large, max-video-preview:-1\" \/>\n<link rel=\"canonical\" href=\"https:\/\/www.noticiasradioreflejos.com.ar\/2021\/este-domingo-habra-una-charla-abierta-del-club-observadores-de-aves\/\" \/>\n<meta property=\"og:locale\" content=\"es_ES\" \/>\n<meta property=\"og:type\" content=\"article\" \/>\n<meta property=\"og:title\" content=\"Este domingo habr\u00e1 una charla abierta del Club Observadores de Aves - Noticias Radio Reflejos\" \/>\n<meta property=\"og:description\" content=\"Bajo el t\u00edtulo \u201cFote-ando por la naturaleza\u201d, desde las 18 y con entrada libre y gratuita expondr\u00e1n sobre avistamiento de aves y t\u00e9cnicas para registrarlas. \u201cCreemos que les va a gustar\u201d asegur\u00f3 Pedro Cabrera.\" \/>\n<meta property=\"og:url\" content=\"https:\/\/www.noticiasradioreflejos.com.ar\/2021\/este-domingo-habra-una-charla-abierta-del-club-observadores-de-aves\/\" \/>\n<meta property=\"og:site_name\" content=\"Noticias Radio Reflejos\" \/>\n<meta property=\"article:published_time\" content=\"2022-11-25T16:54:02+00:00\" \/>\n<meta property=\"og:image\" content=\"https:\/\/www.noticiasradioreflejos.com.ar\/2021\/wp-content\/uploads\/2022\/11\/Loica-Leistes-loyca.jpeg\" \/>\n\t<meta property=\"og:image:width\" content=\"1280\" \/>\n\t<meta property=\"og:image:height\" content=\"853\" \/>\n\t<meta property=\"og:image:type\" content=\"image\/jpeg\" \/>\n<meta name=\"author\" content=\"Arnaldo Botto\" \/>\n<meta name=\"twitter:card\" content=\"summary_large_image\" \/>\n<script type=\"application\/ld+json\" class=\"yoast-schema-graph\">{\"@context\":\"https:\/\/schema.org\",\"@graph\":[{\"@type\":\"WebPage\",\"@id\":\"https:\/\/www.noticiasradioreflejos.com.ar\/2021\/este-domingo-habra-una-charla-abierta-del-club-observadores-de-aves\/\",\"url\":\"https:\/\/www.noticiasradioreflejos.com.ar\/2021\/este-domingo-habra-una-charla-abierta-del-club-observadores-de-aves\/\",\"name\":\"Este domingo habr\u00e1 una charla abierta del Club Observadores de Aves - Noticias Radio Reflejos\",\"isPartOf\":{\"@id\":\"https:\/\/www.noticiasradioreflejos.com.ar\/2021\/#website\"},\"primaryImageOfPage\":{\"@id\":\"https:\/\/www.noticiasradioreflejos.com.ar\/2021\/este-domingo-habra-una-charla-abierta-del-club-observadores-de-aves\/#primaryimage\"},\"image\":{\"@id\":\"https:\/\/www.noticiasradioreflejos.com.ar\/2021\/este-domingo-habra-una-charla-abierta-del-club-observadores-de-aves\/#primaryimage\"},\"thumbnailUrl\":\"https:\/\/www.noticiasradioreflejos.com.ar\/2021\/wp-content\/uploads\/2022\/11\/Loica-Leistes-loyca.jpeg\",\"datePublished\":\"2022-11-25T16:54:02+00:00\",\"author\":{\"@id\":\"https:\/\/www.noticiasradioreflejos.com.ar\/2021\/#\/schema\/person\/ad82545263dcc5ec0996818884fd5fb1\"},\"breadcrumb\":{\"@id\":\"https:\/\/www.noticiasradioreflejos.com.ar\/2021\/este-domingo-habra-una-charla-abierta-del-club-observadores-de-aves\/#breadcrumb\"},\"inLanguage\":\"es\",\"potentialAction\":[{\"@type\":\"ReadAction\",\"target\":[\"https:\/\/www.noticiasradioreflejos.com.ar\/2021\/este-domingo-habra-una-charla-abierta-del-club-observadores-de-aves\/\"]}]},{\"@type\":\"ImageObject\",\"inLanguage\":\"es\",\"@id\":\"https:\/\/www.noticiasradioreflejos.com.ar\/2021\/este-domingo-habra-una-charla-abierta-del-club-observadores-de-aves\/#primaryimage\",\"url\":\"https:\/\/www.noticiasradioreflejos.com.ar\/2021\/wp-content\/uploads\/2022\/11\/Loica-Leistes-loyca.jpeg\",\"contentUrl\":\"https:\/\/www.noticiasradioreflejos.com.ar\/2021\/wp-content\/uploads\/2022\/11\/Loica-Leistes-loyca.jpeg\",\"width\":1280,\"height\":853},{\"@type\":\"BreadcrumbList\",\"@id\":\"https:\/\/www.noticiasradioreflejos.com.ar\/2021\/este-domingo-habra-una-charla-abierta-del-club-observadores-de-aves\/#breadcrumb\",\"itemListElement\":[{\"@type\":\"ListItem\",\"position\":1,\"name\":\"Portada\",\"item\":\"https:\/\/www.noticiasradioreflejos.com.ar\/2021\/\"},{\"@type\":\"ListItem\",\"position\":2,\"name\":\"Este domingo habr\u00e1 una charla abierta del Club Observadores de Aves\"}]},{\"@type\":\"WebSite\",\"@id\":\"https:\/\/www.noticiasradioreflejos.com.ar\/2021\/#website\",\"url\":\"https:\/\/www.noticiasradioreflejos.com.ar\/2021\/\",\"name\":\"Noticias Radio Reflejos\",\"description\":\"Las noticias de mi comarca\",\"potentialAction\":[{\"@type\":\"SearchAction\",\"target\":{\"@type\":\"EntryPoint\",\"urlTemplate\":\"https:\/\/www.noticiasradioreflejos.com.ar\/2021\/?s={search_term_string}\"},\"query-input\":{\"@type\":\"PropertyValueSpecification\",\"valueRequired\":true,\"valueName\":\"search_term_string\"}}],\"inLanguage\":\"es\"},{\"@type\":\"Person\",\"@id\":\"https:\/\/www.noticiasradioreflejos.com.ar\/2021\/#\/schema\/person\/ad82545263dcc5ec0996818884fd5fb1\",\"name\":\"Arnaldo Botto\",\"image\":{\"@type\":\"ImageObject\",\"inLanguage\":\"es\",\"@id\":\"https:\/\/www.noticiasradioreflejos.com.ar\/2021\/#\/schema\/person\/image\/\",\"url\":\"https:\/\/secure.gravatar.com\/avatar\/55cb5e37c1efa326397366e6974cb338056df65cb50e7d64d1cf314e87504837?s=96&d=mm&r=g\",\"contentUrl\":\"https:\/\/secure.gravatar.com\/avatar\/55cb5e37c1efa326397366e6974cb338056df65cb50e7d64d1cf314e87504837?s=96&d=mm&r=g\",\"caption\":\"Arnaldo Botto\"},\"url\":\"https:\/\/www.noticiasradioreflejos.com.ar\/2021\/author\/arnaldo\/\"}]}<\/script>\n<!-- \/ Yoast SEO plugin. -->","yoast_head_json":{"title":"Este domingo habr\u00e1 una charla abierta del Club Observadores de Aves - Noticias Radio Reflejos","robots":{"index":"index","follow":"follow","max-snippet":"max-snippet:-1","max-image-preview":"max-image-preview:large","max-video-preview":"max-video-preview:-1"},"canonical":"https:\/\/www.noticiasradioreflejos.com.ar\/2021\/este-domingo-habra-una-charla-abierta-del-club-observadores-de-aves\/","og_locale":"es_ES","og_type":"article","og_title":"Este domingo habr\u00e1 una charla abierta del Club Observadores de Aves - Noticias Radio Reflejos","og_description":"Bajo el t\u00edtulo \u201cFote-ando por la naturaleza\u201d, desde las 18 y con entrada libre y gratuita expondr\u00e1n sobre avistamiento de aves y t\u00e9cnicas para registrarlas. \u201cCreemos que les va a gustar\u201d asegur\u00f3 Pedro Cabrera.","og_url":"https:\/\/www.noticiasradioreflejos.com.ar\/2021\/este-domingo-habra-una-charla-abierta-del-club-observadores-de-aves\/","og_site_name":"Noticias Radio Reflejos","article_published_time":"2022-11-25T16:54:02+00:00","og_image":[{"width":1280,"height":853,"url":"https:\/\/www.noticiasradioreflejos.com.ar\/2021\/wp-content\/uploads\/2022\/11\/Loica-Leistes-loyca.jpeg","type":"image\/jpeg"}],"author":"Arnaldo Botto","twitter_card":"summary_large_image","schema":{"@context":"https:\/\/schema.org","@graph":[{"@type":"WebPage","@id":"https:\/\/www.noticiasradioreflejos.com.ar\/2021\/este-domingo-habra-una-charla-abierta-del-club-observadores-de-aves\/","url":"https:\/\/www.noticiasradioreflejos.com.ar\/2021\/este-domingo-habra-una-charla-abierta-del-club-observadores-de-aves\/","name":"Este domingo habr\u00e1 una charla abierta del Club Observadores de Aves - Noticias Radio Reflejos","isPartOf":{"@id":"https:\/\/www.noticiasradioreflejos.com.ar\/2021\/#website"},"primaryImageOfPage":{"@id":"https:\/\/www.noticiasradioreflejos.com.ar\/2021\/este-domingo-habra-una-charla-abierta-del-club-observadores-de-aves\/#primaryimage"},"image":{"@id":"https:\/\/www.noticiasradioreflejos.com.ar\/2021\/este-domingo-habra-una-charla-abierta-del-club-observadores-de-aves\/#primaryimage"},"thumbnailUrl":"https:\/\/www.noticiasradioreflejos.com.ar\/2021\/wp-content\/uploads\/2022\/11\/Loica-Leistes-loyca.jpeg","datePublished":"2022-11-25T16:54:02+00:00","author":{"@id":"https:\/\/www.noticiasradioreflejos.com.ar\/2021\/#\/schema\/person\/ad82545263dcc5ec0996818884fd5fb1"},"breadcrumb":{"@id":"https:\/\/www.noticiasradioreflejos.com.ar\/2021\/este-domingo-habra-una-charla-abierta-del-club-observadores-de-aves\/#breadcrumb"},"inLanguage":"es","potentialAction":[{"@type":"ReadAction","target":["https:\/\/www.noticiasradioreflejos.com.ar\/2021\/este-domingo-habra-una-charla-abierta-del-club-observadores-de-aves\/"]}]},{"@type":"ImageObject","inLanguage":"es","@id":"https:\/\/www.noticiasradioreflejos.com.ar\/2021\/este-domingo-habra-una-charla-abierta-del-club-observadores-de-aves\/#primaryimage","url":"https:\/\/www.noticiasradioreflejos.com.ar\/2021\/wp-content\/uploads\/2022\/11\/Loica-Leistes-loyca.jpeg","contentUrl":"https:\/\/www.noticiasradioreflejos.com.ar\/2021\/wp-content\/uploads\/2022\/11\/Loica-Leistes-loyca.jpeg","width":1280,"height":853},{"@type":"BreadcrumbList","@id":"https:\/\/www.noticiasradioreflejos.com.ar\/2021\/este-domingo-habra-una-charla-abierta-del-club-observadores-de-aves\/#breadcrumb","itemListElement":[{"@type":"ListItem","position":1,"name":"Portada","item":"https:\/\/www.noticiasradioreflejos.com.ar\/2021\/"},{"@type":"ListItem","position":2,"name":"Este domingo habr\u00e1 una charla abierta del Club Observadores de Aves"}]},{"@type":"WebSite","@id":"https:\/\/www.noticiasradioreflejos.com.ar\/2021\/#website","url":"https:\/\/www.noticiasradioreflejos.com.ar\/2021\/","name":"Noticias Radio Reflejos","description":"Las noticias de mi comarca","potentialAction":[{"@type":"SearchAction","target":{"@type":"EntryPoint","urlTemplate":"https:\/\/www.noticiasradioreflejos.com.ar\/2021\/?s={search_term_string}"},"query-input":{"@type":"PropertyValueSpecification","valueRequired":true,"valueName":"search_term_string"}}],"inLanguage":"es"},{"@type":"Person","@id":"https:\/\/www.noticiasradioreflejos.com.ar\/2021\/#\/schema\/person\/ad82545263dcc5ec0996818884fd5fb1","name":"Arnaldo Botto","image":{"@type":"ImageObject","inLanguage":"es","@id":"https:\/\/www.noticiasradioreflejos.com.ar\/2021\/#\/schema\/person\/image\/","url":"https:\/\/secure.gravatar.com\/avatar\/55cb5e37c1efa326397366e6974cb338056df65cb50e7d64d1cf314e87504837?s=96&d=mm&r=g","contentUrl":"https:\/\/secure.gravatar.com\/avatar\/55cb5e37c1efa326397366e6974cb338056df65cb50e7d64d1cf314e87504837?s=96&d=mm&r=g","caption":"Arnaldo Botto"},"url":"https:\/\/www.noticiasradioreflejos.com.ar\/2021\/author\/arnaldo\/"}]}},"_links":{"self":[{"href":"https:\/\/www.noticiasradioreflejos.com.ar\/2021\/wp-json\/wp\/v2\/posts\/80585","targetHints":{"allow":["GET"]}}],"collection":[{"href":"https:\/\/www.noticiasradioreflejos.com.ar\/2021\/wp-json\/wp\/v2\/posts"}],"about":[{"href":"https:\/\/www.noticiasradioreflejos.com.ar\/2021\/wp-json\/wp\/v2\/types\/post"}],"author":[{"embeddable":true,"href":"https:\/\/www.noticiasradioreflejos.com.ar\/2021\/wp-json\/wp\/v2\/users\/3"}],"replies":[{"embeddable":true,"href":"https:\/\/www.noticiasradioreflejos.com.ar\/2021\/wp-json\/wp\/v2\/comments?post=80585"}],"version-history":[{"count":2,"href":"https:\/\/www.noticiasradioreflejos.com.ar\/2021\/wp-json\/wp\/v2\/posts\/80585\/revisions"}],"predecessor-version":[{"id":80590,"href":"https:\/\/www.noticiasradioreflejos.com.ar\/2021\/wp-json\/wp\/v2\/posts\/80585\/revisions\/80590"}],"wp:featuredmedia":[{"embeddable":true,"href":"https:\/\/www.noticiasradioreflejos.com.ar\/2021\/wp-json\/wp\/v2\/media\/80589"}],"wp:attachment":[{"href":"https:\/\/www.noticiasradioreflejos.com.ar\/2021\/wp-json\/wp\/v2\/media?parent=80585"}],"wp:term":[{"taxonomy":"category","embeddable":true,"href":"https:\/\/www.noticiasradioreflejos.com.ar\/2021\/wp-json\/wp\/v2\/categories?post=80585"},{"taxonomy":"post_tag","embeddable":true,"href":"https:\/\/www.noticiasradioreflejos.com.ar\/2021\/wp-json\/wp\/v2\/tags?post=80585"}],"curies":[{"name":"wp","href":"https:\/\/api.w.org\/{rel}","templated":true}]}}