{"id":80581,"date":"2022-11-25T13:23:58","date_gmt":"2022-11-25T13:23:58","guid":{"rendered":"http:\/\/www.noticiasradioreflejos.com.ar\/2021\/?p=80581"},"modified":"2022-11-25T13:23:58","modified_gmt":"2022-11-25T13:23:58","slug":"hasta-el-miercoles-30-continua-abierta-la-inscripcion-al-refuerzo-alimentario","status":"publish","type":"post","link":"https:\/\/www.noticiasradioreflejos.com.ar\/2021\/hasta-el-miercoles-30-continua-abierta-la-inscripcion-al-refuerzo-alimentario\/","title":{"rendered":"Hasta el mi\u00e9rcoles 30 contin\u00faa abierta la inscripci\u00f3n al refuerzo alimentario."},"content":{"rendered":"<p style=\"font-weight: 400;\">ANSES recuerda que\u00a0<strong>hasta el pr\u00f3ximo mi\u00e9rcoles 30 de noviembre<\/strong>\u00a0contin\u00faa abierta la inscripci\u00f3n para el cobro de los 45.000 pesos del\u00a0<em>Refuerzo Alimentario para Adultos sin Ingresos<\/em>, de forma presencial y sin turno en las oficinas de ANSES, por la web o en los operativos m\u00f3viles.<!--more--><\/p>\n<p style=\"font-weight: 400;\">Este Refuerzo est\u00e1 dirigido a personas de entre 18 a 64 a\u00f1os, quienes no cuentan con ning\u00fan tipo de ingreso y no perciban ninguna prestaci\u00f3n, asignaci\u00f3n o programa social del Estado nacional, provincial o municipal. Aquellas que se anoten ahora percibir\u00e1n las dos cuotas juntas en diciembre.<\/p>\n<p style=\"font-weight: 400;\">Hasta el momento, 1.019.956 argentinas y argentinos cobran la primera cuota de 22.500 pesos, cuya fecha de pago finaliza el lunes 28.\u00a0De ese total, el 39 por ciento son mujeres y el 61 por ciento, varones.<\/p>\n<p style=\"font-weight: 400;\">En el \u00e1mbito provincial, el alcance se distribuy\u00f3 de la siguiente manera: Buenos Aires, 351.593 personas; Santa Fe, 80.477; C\u00f3rdoba, 69.434; Santiago del Estero, 49.606; Tucum\u00e1n, 48.823; Chaco, 48.722; Salta, 46.039; Mendoza, 44.242; Corrientes, 41.588; Misiones, 33.520; Entre R\u00edos, 30.759; San Juan, 25.722; Jujuy, 24.697; CABA, 23.927; Formosa, 22.590; Catamarca, 14.236; R\u00edo Negro, 12.568; San Luis, 12.047; La Rioja, 10.720; Neuqu\u00e9n, 9688; Chubut, 9120; La Pampa, 4607; Santa Cruz, 3595; y Tierra del Fuego, 1637.<\/p>\n<p style=\"font-weight: 400;\">Para m\u00e1s informaci\u00f3n, ingresar\u00a0<a href=\"https:\/\/www.anses.gob.ar\/refuerzo-alimentario-para-adultos-sin-ingresos\" data-saferedirecturl=\"https:\/\/www.google.com\/url?q=https:\/\/www.anses.gob.ar\/refuerzo-alimentario-para-adultos-sin-ingresos&amp;source=gmail&amp;ust=1669468762224000&amp;usg=AOvVaw0RFXQIZtR-TzF-jR2hRPME\">aqu\u00ed<\/a>.<\/p>\n","protected":false},"excerpt":{"rendered":"<p>ANSES recuerda que\u00a0hasta el pr\u00f3ximo mi\u00e9rcoles 30 de noviembre\u00a0contin\u00faa abierta la inscripci\u00f3n para el cobro de los 45.000 pesos del\u00a0Refuerzo Alimentario para Adultos sin Ingresos, de forma presencial y sin turno en las oficinas de ANSES, por la web o en los operativos m\u00f3viles.<\/p>\n","protected":false},"author":3,"featured_media":0,"comment_status":"closed","ping_status":"closed","sticky":false,"template":"","format":"standard","meta":{"footnotes":""},"categories":[36,58,26],"tags":[],"class_list":["post-80581","post","type-post","status-publish","format-standard","hentry","category-economia","category-gobierno","category-sociedad"],"yoast_head":"<!-- This site is optimized with the Yoast SEO plugin v25.9 - https:\/\/yoast.com\/wordpress\/plugins\/seo\/ -->\n<title>Hasta el mi\u00e9rcoles 30 contin\u00faa abierta la inscripci\u00f3n al refuerzo alimentario. - Noticias Radio Reflejos<\/title>\n<meta name=\"robots\" content=\"index, follow, max-snippet:-1, max-image-preview:large, max-video-preview:-1\" \/>\n<link rel=\"canonical\" href=\"https:\/\/www.noticiasradioreflejos.com.ar\/2021\/hasta-el-miercoles-30-continua-abierta-la-inscripcion-al-refuerzo-alimentario\/\" \/>\n<meta property=\"og:locale\" content=\"es_ES\" \/>\n<meta property=\"og:type\" content=\"article\" \/>\n<meta property=\"og:title\" content=\"Hasta el mi\u00e9rcoles 30 contin\u00faa abierta la inscripci\u00f3n al refuerzo alimentario. - Noticias Radio Reflejos\" \/>\n<meta property=\"og:description\" content=\"ANSES recuerda que\u00a0hasta el pr\u00f3ximo mi\u00e9rcoles 30 de noviembre\u00a0contin\u00faa abierta la inscripci\u00f3n para el cobro de los 45.000 pesos del\u00a0Refuerzo Alimentario para Adultos sin Ingresos, de forma presencial y sin turno en las oficinas de ANSES, por la web o en los operativos m\u00f3viles.\" \/>\n<meta property=\"og:url\" content=\"https:\/\/www.noticiasradioreflejos.com.ar\/2021\/hasta-el-miercoles-30-continua-abierta-la-inscripcion-al-refuerzo-alimentario\/\" \/>\n<meta property=\"og:site_name\" content=\"Noticias Radio Reflejos\" \/>\n<meta property=\"article:published_time\" content=\"2022-11-25T13:23:58+00:00\" \/>\n<meta property=\"og:image\" content=\"https:\/\/www.noticiasradioreflejos.com.ar\/2021\/wp-content\/uploads\/2021\/07\/logosol300x200.png\" \/>\n\t<meta property=\"og:image:width\" content=\"300\" \/>\n\t<meta property=\"og:image:height\" content=\"200\" \/>\n\t<meta property=\"og:image:type\" content=\"image\/png\" \/>\n<meta name=\"author\" content=\"Arnaldo Botto\" \/>\n<meta name=\"twitter:card\" content=\"summary_large_image\" \/>\n<script type=\"application\/ld+json\" class=\"yoast-schema-graph\">{\"@context\":\"https:\/\/schema.org\",\"@graph\":[{\"@type\":\"WebPage\",\"@id\":\"https:\/\/www.noticiasradioreflejos.com.ar\/2021\/hasta-el-miercoles-30-continua-abierta-la-inscripcion-al-refuerzo-alimentario\/\",\"url\":\"https:\/\/www.noticiasradioreflejos.com.ar\/2021\/hasta-el-miercoles-30-continua-abierta-la-inscripcion-al-refuerzo-alimentario\/\",\"name\":\"Hasta el mi\u00e9rcoles 30 contin\u00faa abierta la inscripci\u00f3n al refuerzo alimentario. - Noticias Radio Reflejos\",\"isPartOf\":{\"@id\":\"https:\/\/www.noticiasradioreflejos.com.ar\/2021\/#website\"},\"datePublished\":\"2022-11-25T13:23:58+00:00\",\"author\":{\"@id\":\"https:\/\/www.noticiasradioreflejos.com.ar\/2021\/#\/schema\/person\/ad82545263dcc5ec0996818884fd5fb1\"},\"breadcrumb\":{\"@id\":\"https:\/\/www.noticiasradioreflejos.com.ar\/2021\/hasta-el-miercoles-30-continua-abierta-la-inscripcion-al-refuerzo-alimentario\/#breadcrumb\"},\"inLanguage\":\"es\",\"potentialAction\":[{\"@type\":\"ReadAction\",\"target\":[\"https:\/\/www.noticiasradioreflejos.com.ar\/2021\/hasta-el-miercoles-30-continua-abierta-la-inscripcion-al-refuerzo-alimentario\/\"]}]},{\"@type\":\"BreadcrumbList\",\"@id\":\"https:\/\/www.noticiasradioreflejos.com.ar\/2021\/hasta-el-miercoles-30-continua-abierta-la-inscripcion-al-refuerzo-alimentario\/#breadcrumb\",\"itemListElement\":[{\"@type\":\"ListItem\",\"position\":1,\"name\":\"Portada\",\"item\":\"https:\/\/www.noticiasradioreflejos.com.ar\/2021\/\"},{\"@type\":\"ListItem\",\"position\":2,\"name\":\"Hasta el mi\u00e9rcoles 30 contin\u00faa abierta la inscripci\u00f3n al refuerzo alimentario.\"}]},{\"@type\":\"WebSite\",\"@id\":\"https:\/\/www.noticiasradioreflejos.com.ar\/2021\/#website\",\"url\":\"https:\/\/www.noticiasradioreflejos.com.ar\/2021\/\",\"name\":\"Noticias Radio Reflejos\",\"description\":\"Las noticias de mi comarca\",\"potentialAction\":[{\"@type\":\"SearchAction\",\"target\":{\"@type\":\"EntryPoint\",\"urlTemplate\":\"https:\/\/www.noticiasradioreflejos.com.ar\/2021\/?s={search_term_string}\"},\"query-input\":{\"@type\":\"PropertyValueSpecification\",\"valueRequired\":true,\"valueName\":\"search_term_string\"}}],\"inLanguage\":\"es\"},{\"@type\":\"Person\",\"@id\":\"https:\/\/www.noticiasradioreflejos.com.ar\/2021\/#\/schema\/person\/ad82545263dcc5ec0996818884fd5fb1\",\"name\":\"Arnaldo Botto\",\"image\":{\"@type\":\"ImageObject\",\"inLanguage\":\"es\",\"@id\":\"https:\/\/www.noticiasradioreflejos.com.ar\/2021\/#\/schema\/person\/image\/\",\"url\":\"https:\/\/secure.gravatar.com\/avatar\/55cb5e37c1efa326397366e6974cb338056df65cb50e7d64d1cf314e87504837?s=96&d=mm&r=g\",\"contentUrl\":\"https:\/\/secure.gravatar.com\/avatar\/55cb5e37c1efa326397366e6974cb338056df65cb50e7d64d1cf314e87504837?s=96&d=mm&r=g\",\"caption\":\"Arnaldo Botto\"},\"url\":\"https:\/\/www.noticiasradioreflejos.com.ar\/2021\/author\/arnaldo\/\"}]}<\/script>\n<!-- \/ Yoast SEO plugin. -->","yoast_head_json":{"title":"Hasta el mi\u00e9rcoles 30 contin\u00faa abierta la inscripci\u00f3n al refuerzo alimentario. - Noticias Radio Reflejos","robots":{"index":"index","follow":"follow","max-snippet":"max-snippet:-1","max-image-preview":"max-image-preview:large","max-video-preview":"max-video-preview:-1"},"canonical":"https:\/\/www.noticiasradioreflejos.com.ar\/2021\/hasta-el-miercoles-30-continua-abierta-la-inscripcion-al-refuerzo-alimentario\/","og_locale":"es_ES","og_type":"article","og_title":"Hasta el mi\u00e9rcoles 30 contin\u00faa abierta la inscripci\u00f3n al refuerzo alimentario. - Noticias Radio Reflejos","og_description":"ANSES recuerda que\u00a0hasta el pr\u00f3ximo mi\u00e9rcoles 30 de noviembre\u00a0contin\u00faa abierta la inscripci\u00f3n para el cobro de los 45.000 pesos del\u00a0Refuerzo Alimentario para Adultos sin Ingresos, de forma presencial y sin turno en las oficinas de ANSES, por la web o en los operativos m\u00f3viles.","og_url":"https:\/\/www.noticiasradioreflejos.com.ar\/2021\/hasta-el-miercoles-30-continua-abierta-la-inscripcion-al-refuerzo-alimentario\/","og_site_name":"Noticias Radio Reflejos","article_published_time":"2022-11-25T13:23:58+00:00","og_image":[{"width":300,"height":200,"url":"https:\/\/www.noticiasradioreflejos.com.ar\/2021\/wp-content\/uploads\/2021\/07\/logosol300x200.png","type":"image\/png"}],"author":"Arnaldo Botto","twitter_card":"summary_large_image","schema":{"@context":"https:\/\/schema.org","@graph":[{"@type":"WebPage","@id":"https:\/\/www.noticiasradioreflejos.com.ar\/2021\/hasta-el-miercoles-30-continua-abierta-la-inscripcion-al-refuerzo-alimentario\/","url":"https:\/\/www.noticiasradioreflejos.com.ar\/2021\/hasta-el-miercoles-30-continua-abierta-la-inscripcion-al-refuerzo-alimentario\/","name":"Hasta el mi\u00e9rcoles 30 contin\u00faa abierta la inscripci\u00f3n al refuerzo alimentario. - Noticias Radio Reflejos","isPartOf":{"@id":"https:\/\/www.noticiasradioreflejos.com.ar\/2021\/#website"},"datePublished":"2022-11-25T13:23:58+00:00","author":{"@id":"https:\/\/www.noticiasradioreflejos.com.ar\/2021\/#\/schema\/person\/ad82545263dcc5ec0996818884fd5fb1"},"breadcrumb":{"@id":"https:\/\/www.noticiasradioreflejos.com.ar\/2021\/hasta-el-miercoles-30-continua-abierta-la-inscripcion-al-refuerzo-alimentario\/#breadcrumb"},"inLanguage":"es","potentialAction":[{"@type":"ReadAction","target":["https:\/\/www.noticiasradioreflejos.com.ar\/2021\/hasta-el-miercoles-30-continua-abierta-la-inscripcion-al-refuerzo-alimentario\/"]}]},{"@type":"BreadcrumbList","@id":"https:\/\/www.noticiasradioreflejos.com.ar\/2021\/hasta-el-miercoles-30-continua-abierta-la-inscripcion-al-refuerzo-alimentario\/#breadcrumb","itemListElement":[{"@type":"ListItem","position":1,"name":"Portada","item":"https:\/\/www.noticiasradioreflejos.com.ar\/2021\/"},{"@type":"ListItem","position":2,"name":"Hasta el mi\u00e9rcoles 30 contin\u00faa abierta la inscripci\u00f3n al refuerzo alimentario."}]},{"@type":"WebSite","@id":"https:\/\/www.noticiasradioreflejos.com.ar\/2021\/#website","url":"https:\/\/www.noticiasradioreflejos.com.ar\/2021\/","name":"Noticias Radio Reflejos","description":"Las noticias de mi comarca","potentialAction":[{"@type":"SearchAction","target":{"@type":"EntryPoint","urlTemplate":"https:\/\/www.noticiasradioreflejos.com.ar\/2021\/?s={search_term_string}"},"query-input":{"@type":"PropertyValueSpecification","valueRequired":true,"valueName":"search_term_string"}}],"inLanguage":"es"},{"@type":"Person","@id":"https:\/\/www.noticiasradioreflejos.com.ar\/2021\/#\/schema\/person\/ad82545263dcc5ec0996818884fd5fb1","name":"Arnaldo Botto","image":{"@type":"ImageObject","inLanguage":"es","@id":"https:\/\/www.noticiasradioreflejos.com.ar\/2021\/#\/schema\/person\/image\/","url":"https:\/\/secure.gravatar.com\/avatar\/55cb5e37c1efa326397366e6974cb338056df65cb50e7d64d1cf314e87504837?s=96&d=mm&r=g","contentUrl":"https:\/\/secure.gravatar.com\/avatar\/55cb5e37c1efa326397366e6974cb338056df65cb50e7d64d1cf314e87504837?s=96&d=mm&r=g","caption":"Arnaldo Botto"},"url":"https:\/\/www.noticiasradioreflejos.com.ar\/2021\/author\/arnaldo\/"}]}},"_links":{"self":[{"href":"https:\/\/www.noticiasradioreflejos.com.ar\/2021\/wp-json\/wp\/v2\/posts\/80581","targetHints":{"allow":["GET"]}}],"collection":[{"href":"https:\/\/www.noticiasradioreflejos.com.ar\/2021\/wp-json\/wp\/v2\/posts"}],"about":[{"href":"https:\/\/www.noticiasradioreflejos.com.ar\/2021\/wp-json\/wp\/v2\/types\/post"}],"author":[{"embeddable":true,"href":"https:\/\/www.noticiasradioreflejos.com.ar\/2021\/wp-json\/wp\/v2\/users\/3"}],"replies":[{"embeddable":true,"href":"https:\/\/www.noticiasradioreflejos.com.ar\/2021\/wp-json\/wp\/v2\/comments?post=80581"}],"version-history":[{"count":1,"href":"https:\/\/www.noticiasradioreflejos.com.ar\/2021\/wp-json\/wp\/v2\/posts\/80581\/revisions"}],"predecessor-version":[{"id":80584,"href":"https:\/\/www.noticiasradioreflejos.com.ar\/2021\/wp-json\/wp\/v2\/posts\/80581\/revisions\/80584"}],"wp:attachment":[{"href":"https:\/\/www.noticiasradioreflejos.com.ar\/2021\/wp-json\/wp\/v2\/media?parent=80581"}],"wp:term":[{"taxonomy":"category","embeddable":true,"href":"https:\/\/www.noticiasradioreflejos.com.ar\/2021\/wp-json\/wp\/v2\/categories?post=80581"},{"taxonomy":"post_tag","embeddable":true,"href":"https:\/\/www.noticiasradioreflejos.com.ar\/2021\/wp-json\/wp\/v2\/tags?post=80581"}],"curies":[{"name":"wp","href":"https:\/\/api.w.org\/{rel}","templated":true}]}}