{"id":80578,"date":"2022-11-25T12:06:59","date_gmt":"2022-11-25T12:06:59","guid":{"rendered":"http:\/\/www.noticiasradioreflejos.com.ar\/2021\/?p=80578"},"modified":"2022-11-25T12:06:59","modified_gmt":"2022-11-25T12:06:59","slug":"la-ola-de-calor-se-sintio-en-casi-todo-el-pais-y-la-rioja-y-cordoba-superaron-los-40","status":"publish","type":"post","link":"https:\/\/www.noticiasradioreflejos.com.ar\/2021\/la-ola-de-calor-se-sintio-en-casi-todo-el-pais-y-la-rioja-y-cordoba-superaron-los-40\/","title":{"rendered":"La ola de calor se sinti\u00f3 en casi todo el pa\u00eds y La Rioja y C\u00f3rdoba superaron los 40\u00b0"},"content":{"rendered":"<p>En unas veinte provincias se registraron\u00a0 temperaturas que superaron los 30 grados. Estas marcas t\u00e9rmicas elevadas se deben al ingreso de una masa de aire c\u00e1lido que continuar\u00e1 presente hasta comienzos de la semana que viene.<!--more--><\/p>\n<figure class=\"mb-3\"><img decoding=\"async\" src=\"https:\/\/www.telam.com.ar\/thumbs\/bluesteel\/advf\/imagenes\/2022\/11\/637fdaf5bf133_1200.jpg\" alt=\"Foto Ramiro Gmez\" width=\"100%\" height=\"100%\" \/><\/p>\n<div class=\"media-icons\"><\/div><figcaption>Foto: Ramiro G\u00f3mez.<\/figcaption><\/figure>\n<p><strong>Veinte provincias argentinas registraron temperaturas que superaron los 30 grados<\/strong>\u00a0con marcas t\u00e9rmicas que superaron los\u00a0<strong>40 en La Rioja y C\u00f3rdoba<\/strong>, seg\u00fan un reporte del Servicio Meteorol\u00f3gico Nacional (SMN) que desde este mi\u00e9rcoles sostiene alertas amarillas por calor en localidades del centro del pa\u00eds y de la regi\u00f3n cuyana.<\/p>\n<p>Adem\u00e1s, el informe precis\u00f3 que\u00a0<strong>las localidades bonaerenses de Ezeiza y Mor\u00f3n alcanzaron las temperaturas m\u00e1s altas para un mes de noviembre desde que se tienen registros<\/strong>.<\/p>\n<p>\u00abHoy probablemente sea uno de los d\u00edas m\u00e1s c\u00e1lidos de la semana\u00bb, dijo a T\u00e9lam Cindy Fern\u00e1ndez, meteor\u00f3loga del Servicio Meteorol\u00f3gico Nacional.<\/p>\n<p>\u00abDesde el fin de semana comenzaron a ascender mucho las temperaturas. Hoy este calor va a estar afectando de manera persistente a todo el norte de la Patagonia hasta el norte del pa\u00eds\u00bb, agreg\u00f3 la profesional.<\/p>\n<figure class=\"mb-3\"><img decoding=\"async\" src=\"https:\/\/www.telam.com.ar\/thumbs\/bluesteel\/advf\/imagenes\/2022\/11\/637fdaf565a02_1200.jpg\" alt=\"Foto Ramiro Gmez\" width=\"100%\" height=\"100%\" \/><\/p>\n<div class=\"media-icons\"><\/div><figcaption>Foto: Ramiro G\u00f3mez.<\/figcaption><\/figure>\n<h2 class=\"\">El calor por regiones<\/h2>\n<p>La zona norte-centro de Mendoza y San Luis -regi\u00f3n Cuyo-<strong>\u00a0se encuentra bajo alerta amarilla por altas temperaturas y hoy se esperaban m\u00e1ximas de 37 grados<\/strong>.<\/p>\n<p>La advertencia se extiende tambi\u00e9n a la ciudad de C\u00f3rdoba, en donde se hab\u00edan pronosticado 39 grados de m\u00e1xima que fueron superados a las 14 y que alcanz\u00f3 los 40.1 pasadas las 15.<\/p>\n<figure class=\"mb-3\"><img decoding=\"async\" src=\"https:\/\/www.telam.com.ar\/thumbs\/bluesteel\/advf\/imagenes\/2022\/11\/637fdaf57aee9_1200.jpg\" alt=\"Foto Ramiro Gmez\" width=\"100%\" height=\"100%\" \/><\/p>\n<div class=\"media-icons\"><\/div><figcaption>Foto: Ramiro G\u00f3mez.<\/figcaption><\/figure>\n<p>En tanto, en la provincia de Buenos Aires varias localidades superaron ampliamente los 30 grados despu\u00e9s del mediod\u00eda; alcanzando los 37,1 en Ezeiza, 36,9 en Moreno; 36,8 en Mor\u00f3n; 36,6 en Palomar y 36,4 en Punta Indio, despu\u00e9s de las 15.<\/p>\n<p>Con estas marcas t\u00e9rmicas las localidades bonaerenses de Ezeiza y Mor\u00f3n batieron records hist\u00f3ricos, alcanzando las temperaturas m\u00e1s altas para el mes de noviembre desde que se tienen registros.<\/p>\n<p>Pasadas las 10, San Fernando del Valle de Catamarca era la ciudad m\u00e1s c\u00e1lida del pa\u00eds con 34.2 grados, marca que continu\u00f3 en ascenso hasta los 39,6, en el ranking de temperaturas de las tres de la tarde.<\/p>\n<p>La ciudad de La Rioja fue el lugar m\u00e1s c\u00e1lido del pa\u00eds en ese mismo listado con 41 grados, mientras que otras localidades de la provincia como Chamical, Chepes y Chilecito registraron temperaturas de 39,2; 39 y 38,2; respectivamente.<\/p>\n<p>En tanto, a las 17, seg\u00fan el ranking de temperaturas del SMN, las 20 localidades que registraban m\u00e1s calor eran: San Mart\u00edn (Mendoza) 36.8\u00baC; San Miguel de Tucum\u00e1n, 36.7\u00baC; Mor\u00f3n (Buenos Aires) 36,6\u00b0C ; Sauce Viejo (Santa Fe) 36.3\u00baC; Rosario (Santa Fe) 36.3\u00baC; R\u00edo Cuarto (C\u00f3rdoba) 36.2\u00baC; Sunchales (Santa Fe) 36.1\u00baC; Mendoza 35.8\u00baC; San Salvador de Jujuy 35.7\u00baC; Jun\u00edn (Buenos Aires) 35.6\u00baC; Campo de Mayo (Buenos Aires) y Gualeguaych\u00fa (Entre R\u00edos) 35.3\u00baC.<\/p>\n<p>Tambi\u00e9n hubo altas temperaturas en Ciudad Jardin Lomas del Palomar (Buenos Aires) 35.3\u00baC; Reconquista (Santa Fe) 34.9\u00baC; Paran\u00e1 (Entre R\u00edos) 34.9\u00baC; Mendoza (Observatorio Mendoza) 34.3\u00baC; Presidencia Roque S\u00e1enz Pe\u00f1a (Chaco) 34.2\u00baC; San Fernando (Buenos Aires) 34.1\u00baC; Las Lomitas (Formosa) 33.8\u00baC; Capital Federal 33.8\u00baC; Monte Caseros (Corrientes) 33.6\u00baC y La Plata (Buenos Aires) 33.6\u00baC.<\/p>\n<figure class=\"mb-3\"><img decoding=\"async\" src=\"https:\/\/www.telam.com.ar\/thumbs\/bluesteel\/advf\/imagenes\/2022\/11\/637fdaf5942cb_1200.jpg\" alt=\"Foto Ramiro Gmez\" width=\"100%\" height=\"100%\" \/><\/p>\n<div class=\"media-icons\"><\/div><figcaption>Foto: Ramiro G\u00f3mez.<\/figcaption><\/figure>\n<h2 class=\"\">Por qu\u00e9 se dio esta ola de calor en noviembre<\/h2>\n<p>Estas marcas t\u00e9rmicas elevadas se deben al ingreso de una masa de aire c\u00e1lido que continuar\u00e1 presente \u201cal menos hasta comienzos de la semana que viene, pero debido a algunos cambios en el viento o algo de nubosidad de manera localizada, en algunas provincias puede haber un leve descenso, que no va a ser generalizado\u00bb, detall\u00f3 Fern\u00e1ndez.<\/p>\n<p>\u00abLas temperaturas se van a mantener arriba de los 30 grados cent\u00edgrados en casi todo el pa\u00eds por varios d\u00edas, y es probable que hasta el fin de semana se alcancen los 39 grados en varias provincias\u00bb, remarc\u00f3 la especialista.<\/p>\n<p>Por otro lado, explic\u00f3 que las temperaturas m\u00ednimas tambi\u00e9n se mantendr\u00e1n \u00abmuy elevadas, de 20 grados para arriba\u00bb, lo que har\u00e1 que \u00abla situaci\u00f3n se torne m\u00e1s peligrosa para la salud de las personas\u00bb.<\/p>\n<figure class=\"mb-3\"><img decoding=\"async\" src=\"https:\/\/www.telam.com.ar\/thumbs\/bluesteel\/advf\/imagenes\/2022\/11\/637fdaf5a9cfe_1200.jpg\" alt=\"Foto Ramiro Gmez\" width=\"100%\" height=\"100%\" \/><\/p>\n<div class=\"media-icons\"><\/div><figcaption>Foto: Ramiro G\u00f3mez.<\/figcaption><\/figure>\n<p>El nivel amarillo de alerta por temperaturas extremas significa un efecto leve a moderado en la salud y \u00abpueden ser peligrosas, sobre todo para los grupos de riesgo, como ni\u00f1os y ni\u00f1as, personas mayores de 65 a\u00f1os y pacientes con enfermedades cr\u00f3nicas\u00bb, precis\u00f3 el SMN.<\/p>\n<p>Por esto, el organismo meteorol\u00f3gico recomend\u00f3 a la poblaci\u00f3n de estas zonas mantenerse hidratada, no exponerse a las altas temperaturas, evitar realizar actividad f\u00edsica, y usar ropa liviana y de colores claros.<\/p>\n","protected":false},"excerpt":{"rendered":"<p>En unas veinte provincias se registraron\u00a0 temperaturas que superaron los 30 grados. Estas marcas t\u00e9rmicas elevadas se deben al ingreso de una masa de aire c\u00e1lido que continuar\u00e1 presente hasta comienzos de la semana que viene.<\/p>\n","protected":false},"author":3,"featured_media":0,"comment_status":"closed","ping_status":"closed","sticky":false,"template":"","format":"standard","meta":{"footnotes":""},"categories":[1],"tags":[],"class_list":["post-80578","post","type-post","status-publish","format-standard","hentry","category-sin-categoria"],"yoast_head":"<!-- This site is optimized with the Yoast SEO plugin v25.9 - https:\/\/yoast.com\/wordpress\/plugins\/seo\/ -->\n<title>La ola de calor se sinti\u00f3 en casi todo el pa\u00eds y La Rioja y C\u00f3rdoba superaron los 40\u00b0 - Noticias Radio Reflejos<\/title>\n<meta name=\"robots\" content=\"index, follow, max-snippet:-1, max-image-preview:large, max-video-preview:-1\" \/>\n<link rel=\"canonical\" href=\"https:\/\/www.noticiasradioreflejos.com.ar\/2021\/la-ola-de-calor-se-sintio-en-casi-todo-el-pais-y-la-rioja-y-cordoba-superaron-los-40\/\" \/>\n<meta property=\"og:locale\" content=\"es_ES\" \/>\n<meta property=\"og:type\" content=\"article\" \/>\n<meta property=\"og:title\" content=\"La ola de calor se sinti\u00f3 en casi todo el pa\u00eds y La Rioja y C\u00f3rdoba superaron los 40\u00b0 - Noticias Radio Reflejos\" \/>\n<meta property=\"og:description\" content=\"En unas veinte provincias se registraron\u00a0 temperaturas que superaron los 30 grados. Estas marcas t\u00e9rmicas elevadas se deben al ingreso de una masa de aire c\u00e1lido que continuar\u00e1 presente hasta comienzos de la semana que viene.\" \/>\n<meta property=\"og:url\" content=\"https:\/\/www.noticiasradioreflejos.com.ar\/2021\/la-ola-de-calor-se-sintio-en-casi-todo-el-pais-y-la-rioja-y-cordoba-superaron-los-40\/\" \/>\n<meta property=\"og:site_name\" content=\"Noticias Radio Reflejos\" \/>\n<meta property=\"article:published_time\" content=\"2022-11-25T12:06:59+00:00\" \/>\n<meta property=\"og:image\" content=\"https:\/\/www.telam.com.ar\/thumbs\/bluesteel\/advf\/imagenes\/2022\/11\/637fdaf5bf133_1200.jpg\" \/>\n<meta name=\"author\" content=\"Arnaldo Botto\" \/>\n<meta name=\"twitter:card\" content=\"summary_large_image\" \/>\n<script type=\"application\/ld+json\" class=\"yoast-schema-graph\">{\"@context\":\"https:\/\/schema.org\",\"@graph\":[{\"@type\":\"WebPage\",\"@id\":\"https:\/\/www.noticiasradioreflejos.com.ar\/2021\/la-ola-de-calor-se-sintio-en-casi-todo-el-pais-y-la-rioja-y-cordoba-superaron-los-40\/\",\"url\":\"https:\/\/www.noticiasradioreflejos.com.ar\/2021\/la-ola-de-calor-se-sintio-en-casi-todo-el-pais-y-la-rioja-y-cordoba-superaron-los-40\/\",\"name\":\"La ola de calor se sinti\u00f3 en casi todo el pa\u00eds y La Rioja y C\u00f3rdoba superaron los 40\u00b0 - Noticias Radio Reflejos\",\"isPartOf\":{\"@id\":\"https:\/\/www.noticiasradioreflejos.com.ar\/2021\/#website\"},\"primaryImageOfPage\":{\"@id\":\"https:\/\/www.noticiasradioreflejos.com.ar\/2021\/la-ola-de-calor-se-sintio-en-casi-todo-el-pais-y-la-rioja-y-cordoba-superaron-los-40\/#primaryimage\"},\"image\":{\"@id\":\"https:\/\/www.noticiasradioreflejos.com.ar\/2021\/la-ola-de-calor-se-sintio-en-casi-todo-el-pais-y-la-rioja-y-cordoba-superaron-los-40\/#primaryimage\"},\"thumbnailUrl\":\"https:\/\/www.telam.com.ar\/thumbs\/bluesteel\/advf\/imagenes\/2022\/11\/637fdaf5bf133_1200.jpg\",\"datePublished\":\"2022-11-25T12:06:59+00:00\",\"author\":{\"@id\":\"https:\/\/www.noticiasradioreflejos.com.ar\/2021\/#\/schema\/person\/ad82545263dcc5ec0996818884fd5fb1\"},\"breadcrumb\":{\"@id\":\"https:\/\/www.noticiasradioreflejos.com.ar\/2021\/la-ola-de-calor-se-sintio-en-casi-todo-el-pais-y-la-rioja-y-cordoba-superaron-los-40\/#breadcrumb\"},\"inLanguage\":\"es\",\"potentialAction\":[{\"@type\":\"ReadAction\",\"target\":[\"https:\/\/www.noticiasradioreflejos.com.ar\/2021\/la-ola-de-calor-se-sintio-en-casi-todo-el-pais-y-la-rioja-y-cordoba-superaron-los-40\/\"]}]},{\"@type\":\"ImageObject\",\"inLanguage\":\"es\",\"@id\":\"https:\/\/www.noticiasradioreflejos.com.ar\/2021\/la-ola-de-calor-se-sintio-en-casi-todo-el-pais-y-la-rioja-y-cordoba-superaron-los-40\/#primaryimage\",\"url\":\"https:\/\/www.telam.com.ar\/thumbs\/bluesteel\/advf\/imagenes\/2022\/11\/637fdaf5bf133_1200.jpg\",\"contentUrl\":\"https:\/\/www.telam.com.ar\/thumbs\/bluesteel\/advf\/imagenes\/2022\/11\/637fdaf5bf133_1200.jpg\"},{\"@type\":\"BreadcrumbList\",\"@id\":\"https:\/\/www.noticiasradioreflejos.com.ar\/2021\/la-ola-de-calor-se-sintio-en-casi-todo-el-pais-y-la-rioja-y-cordoba-superaron-los-40\/#breadcrumb\",\"itemListElement\":[{\"@type\":\"ListItem\",\"position\":1,\"name\":\"Portada\",\"item\":\"https:\/\/www.noticiasradioreflejos.com.ar\/2021\/\"},{\"@type\":\"ListItem\",\"position\":2,\"name\":\"La ola de calor se sinti\u00f3 en casi todo el pa\u00eds y La Rioja y C\u00f3rdoba superaron los 40\u00b0\"}]},{\"@type\":\"WebSite\",\"@id\":\"https:\/\/www.noticiasradioreflejos.com.ar\/2021\/#website\",\"url\":\"https:\/\/www.noticiasradioreflejos.com.ar\/2021\/\",\"name\":\"Noticias Radio Reflejos\",\"description\":\"Las noticias de mi comarca\",\"potentialAction\":[{\"@type\":\"SearchAction\",\"target\":{\"@type\":\"EntryPoint\",\"urlTemplate\":\"https:\/\/www.noticiasradioreflejos.com.ar\/2021\/?s={search_term_string}\"},\"query-input\":{\"@type\":\"PropertyValueSpecification\",\"valueRequired\":true,\"valueName\":\"search_term_string\"}}],\"inLanguage\":\"es\"},{\"@type\":\"Person\",\"@id\":\"https:\/\/www.noticiasradioreflejos.com.ar\/2021\/#\/schema\/person\/ad82545263dcc5ec0996818884fd5fb1\",\"name\":\"Arnaldo Botto\",\"image\":{\"@type\":\"ImageObject\",\"inLanguage\":\"es\",\"@id\":\"https:\/\/www.noticiasradioreflejos.com.ar\/2021\/#\/schema\/person\/image\/\",\"url\":\"https:\/\/secure.gravatar.com\/avatar\/55cb5e37c1efa326397366e6974cb338056df65cb50e7d64d1cf314e87504837?s=96&d=mm&r=g\",\"contentUrl\":\"https:\/\/secure.gravatar.com\/avatar\/55cb5e37c1efa326397366e6974cb338056df65cb50e7d64d1cf314e87504837?s=96&d=mm&r=g\",\"caption\":\"Arnaldo Botto\"},\"url\":\"https:\/\/www.noticiasradioreflejos.com.ar\/2021\/author\/arnaldo\/\"}]}<\/script>\n<!-- \/ Yoast SEO plugin. -->","yoast_head_json":{"title":"La ola de calor se sinti\u00f3 en casi todo el pa\u00eds y La Rioja y C\u00f3rdoba superaron los 40\u00b0 - Noticias Radio Reflejos","robots":{"index":"index","follow":"follow","max-snippet":"max-snippet:-1","max-image-preview":"max-image-preview:large","max-video-preview":"max-video-preview:-1"},"canonical":"https:\/\/www.noticiasradioreflejos.com.ar\/2021\/la-ola-de-calor-se-sintio-en-casi-todo-el-pais-y-la-rioja-y-cordoba-superaron-los-40\/","og_locale":"es_ES","og_type":"article","og_title":"La ola de calor se sinti\u00f3 en casi todo el pa\u00eds y La Rioja y C\u00f3rdoba superaron los 40\u00b0 - Noticias Radio Reflejos","og_description":"En unas veinte provincias se registraron\u00a0 temperaturas que superaron los 30 grados. Estas marcas t\u00e9rmicas elevadas se deben al ingreso de una masa de aire c\u00e1lido que continuar\u00e1 presente hasta comienzos de la semana que viene.","og_url":"https:\/\/www.noticiasradioreflejos.com.ar\/2021\/la-ola-de-calor-se-sintio-en-casi-todo-el-pais-y-la-rioja-y-cordoba-superaron-los-40\/","og_site_name":"Noticias Radio Reflejos","article_published_time":"2022-11-25T12:06:59+00:00","og_image":[{"url":"https:\/\/www.telam.com.ar\/thumbs\/bluesteel\/advf\/imagenes\/2022\/11\/637fdaf5bf133_1200.jpg","type":"","width":"","height":""}],"author":"Arnaldo Botto","twitter_card":"summary_large_image","schema":{"@context":"https:\/\/schema.org","@graph":[{"@type":"WebPage","@id":"https:\/\/www.noticiasradioreflejos.com.ar\/2021\/la-ola-de-calor-se-sintio-en-casi-todo-el-pais-y-la-rioja-y-cordoba-superaron-los-40\/","url":"https:\/\/www.noticiasradioreflejos.com.ar\/2021\/la-ola-de-calor-se-sintio-en-casi-todo-el-pais-y-la-rioja-y-cordoba-superaron-los-40\/","name":"La ola de calor se sinti\u00f3 en casi todo el pa\u00eds y La Rioja y C\u00f3rdoba superaron los 40\u00b0 - Noticias Radio Reflejos","isPartOf":{"@id":"https:\/\/www.noticiasradioreflejos.com.ar\/2021\/#website"},"primaryImageOfPage":{"@id":"https:\/\/www.noticiasradioreflejos.com.ar\/2021\/la-ola-de-calor-se-sintio-en-casi-todo-el-pais-y-la-rioja-y-cordoba-superaron-los-40\/#primaryimage"},"image":{"@id":"https:\/\/www.noticiasradioreflejos.com.ar\/2021\/la-ola-de-calor-se-sintio-en-casi-todo-el-pais-y-la-rioja-y-cordoba-superaron-los-40\/#primaryimage"},"thumbnailUrl":"https:\/\/www.telam.com.ar\/thumbs\/bluesteel\/advf\/imagenes\/2022\/11\/637fdaf5bf133_1200.jpg","datePublished":"2022-11-25T12:06:59+00:00","author":{"@id":"https:\/\/www.noticiasradioreflejos.com.ar\/2021\/#\/schema\/person\/ad82545263dcc5ec0996818884fd5fb1"},"breadcrumb":{"@id":"https:\/\/www.noticiasradioreflejos.com.ar\/2021\/la-ola-de-calor-se-sintio-en-casi-todo-el-pais-y-la-rioja-y-cordoba-superaron-los-40\/#breadcrumb"},"inLanguage":"es","potentialAction":[{"@type":"ReadAction","target":["https:\/\/www.noticiasradioreflejos.com.ar\/2021\/la-ola-de-calor-se-sintio-en-casi-todo-el-pais-y-la-rioja-y-cordoba-superaron-los-40\/"]}]},{"@type":"ImageObject","inLanguage":"es","@id":"https:\/\/www.noticiasradioreflejos.com.ar\/2021\/la-ola-de-calor-se-sintio-en-casi-todo-el-pais-y-la-rioja-y-cordoba-superaron-los-40\/#primaryimage","url":"https:\/\/www.telam.com.ar\/thumbs\/bluesteel\/advf\/imagenes\/2022\/11\/637fdaf5bf133_1200.jpg","contentUrl":"https:\/\/www.telam.com.ar\/thumbs\/bluesteel\/advf\/imagenes\/2022\/11\/637fdaf5bf133_1200.jpg"},{"@type":"BreadcrumbList","@id":"https:\/\/www.noticiasradioreflejos.com.ar\/2021\/la-ola-de-calor-se-sintio-en-casi-todo-el-pais-y-la-rioja-y-cordoba-superaron-los-40\/#breadcrumb","itemListElement":[{"@type":"ListItem","position":1,"name":"Portada","item":"https:\/\/www.noticiasradioreflejos.com.ar\/2021\/"},{"@type":"ListItem","position":2,"name":"La ola de calor se sinti\u00f3 en casi todo el pa\u00eds y La Rioja y C\u00f3rdoba superaron los 40\u00b0"}]},{"@type":"WebSite","@id":"https:\/\/www.noticiasradioreflejos.com.ar\/2021\/#website","url":"https:\/\/www.noticiasradioreflejos.com.ar\/2021\/","name":"Noticias Radio Reflejos","description":"Las noticias de mi comarca","potentialAction":[{"@type":"SearchAction","target":{"@type":"EntryPoint","urlTemplate":"https:\/\/www.noticiasradioreflejos.com.ar\/2021\/?s={search_term_string}"},"query-input":{"@type":"PropertyValueSpecification","valueRequired":true,"valueName":"search_term_string"}}],"inLanguage":"es"},{"@type":"Person","@id":"https:\/\/www.noticiasradioreflejos.com.ar\/2021\/#\/schema\/person\/ad82545263dcc5ec0996818884fd5fb1","name":"Arnaldo Botto","image":{"@type":"ImageObject","inLanguage":"es","@id":"https:\/\/www.noticiasradioreflejos.com.ar\/2021\/#\/schema\/person\/image\/","url":"https:\/\/secure.gravatar.com\/avatar\/55cb5e37c1efa326397366e6974cb338056df65cb50e7d64d1cf314e87504837?s=96&d=mm&r=g","contentUrl":"https:\/\/secure.gravatar.com\/avatar\/55cb5e37c1efa326397366e6974cb338056df65cb50e7d64d1cf314e87504837?s=96&d=mm&r=g","caption":"Arnaldo Botto"},"url":"https:\/\/www.noticiasradioreflejos.com.ar\/2021\/author\/arnaldo\/"}]}},"_links":{"self":[{"href":"https:\/\/www.noticiasradioreflejos.com.ar\/2021\/wp-json\/wp\/v2\/posts\/80578","targetHints":{"allow":["GET"]}}],"collection":[{"href":"https:\/\/www.noticiasradioreflejos.com.ar\/2021\/wp-json\/wp\/v2\/posts"}],"about":[{"href":"https:\/\/www.noticiasradioreflejos.com.ar\/2021\/wp-json\/wp\/v2\/types\/post"}],"author":[{"embeddable":true,"href":"https:\/\/www.noticiasradioreflejos.com.ar\/2021\/wp-json\/wp\/v2\/users\/3"}],"replies":[{"embeddable":true,"href":"https:\/\/www.noticiasradioreflejos.com.ar\/2021\/wp-json\/wp\/v2\/comments?post=80578"}],"version-history":[{"count":1,"href":"https:\/\/www.noticiasradioreflejos.com.ar\/2021\/wp-json\/wp\/v2\/posts\/80578\/revisions"}],"predecessor-version":[{"id":80580,"href":"https:\/\/www.noticiasradioreflejos.com.ar\/2021\/wp-json\/wp\/v2\/posts\/80578\/revisions\/80580"}],"wp:attachment":[{"href":"https:\/\/www.noticiasradioreflejos.com.ar\/2021\/wp-json\/wp\/v2\/media?parent=80578"}],"wp:term":[{"taxonomy":"category","embeddable":true,"href":"https:\/\/www.noticiasradioreflejos.com.ar\/2021\/wp-json\/wp\/v2\/categories?post=80578"},{"taxonomy":"post_tag","embeddable":true,"href":"https:\/\/www.noticiasradioreflejos.com.ar\/2021\/wp-json\/wp\/v2\/tags?post=80578"}],"curies":[{"name":"wp","href":"https:\/\/api.w.org\/{rel}","templated":true}]}}