{"id":80575,"date":"2022-11-25T11:45:31","date_gmt":"2022-11-25T11:45:31","guid":{"rendered":"http:\/\/www.noticiasradioreflejos.com.ar\/2021\/?p=80575"},"modified":"2022-11-25T11:45:31","modified_gmt":"2022-11-25T11:45:31","slug":"ni-una-menos-marcha-para-reclamar-justicia-ante-femicidios-y-violencia-de-genero","status":"publish","type":"post","link":"https:\/\/www.noticiasradioreflejos.com.ar\/2021\/ni-una-menos-marcha-para-reclamar-justicia-ante-femicidios-y-violencia-de-genero\/","title":{"rendered":"Ni Una Menos marcha para reclamar justicia ante femicidios y violencia de g\u00e9nero"},"content":{"rendered":"<p>En el marco del D\u00eda Internacional para Eliminar la Violencia contra la Mujer, el colectivo feminista, acompa\u00f1ado por organizaciones pol\u00edticas y sociales, se concentrar\u00e1 por la tarde frente al Palacio de Tribunales.<!--more--><\/p>\n<figure class=\"mb-3\"><img decoding=\"async\" src=\"https:\/\/www.telam.com.ar\/thumbs\/bluesteel\/advf\/imagenes\/2022\/11\/63619137e6dde_1200.jpg\" alt=\"Foto Luciana Granovsky\" width=\"100%\" height=\"100%\" \/><\/p>\n<div class=\"media-icons\"><\/div><figcaption>Foto: Luciana Granovsky.<\/figcaption><\/figure>\n<p>El colectivo feminista\u00a0<strong>Ni Una Menos<\/strong>, acompa\u00f1ado por organizaciones pol\u00edticas y sociales, se concentrar\u00e1 esta tarde frente al Palacio de Tribunales bajo la consigna \u00abbasta de justicia patriarcal y racista\u00bb, y para reclamar justicia ante los femicidios y los hechos de violencia de g\u00e9nero.<\/p>\n<p>La manifestaci\u00f3n -convocada para las 17 frente a la sede judicial ubicada en la calle Talcahuano al 500 del centro porte\u00f1o- que se realizar\u00e1 en el marco del\u00a0<strong>D\u00eda Internacional para Eliminar la Violencia contra la Mujer que se conmemora hoy<\/strong>.<\/p>\n<p>Entre los principales reclamos, se destaca que \u00abel sistema judicial respalda a trav\u00e9s de la jueza Silvina Dom\u00ednguez que cuatro mujeres mapuche contin\u00faen presas\u00bb, y que \u00abmantiene a &#8216;La China&#8217; presa en Ezeiza por un &#8216;evento obst\u00e9trico&#8217; aun cuando tenemos ley de aborto\u00bb.<\/p>\n<p><iframe id=\"instagram-embed-0\" class=\"instagram-media instagram-media-rendered\" src=\"https:\/\/www.instagram.com\/p\/ClTyFxJuDf3\/embed\/captioned\/?cr=1&amp;v=14&amp;wp=675&amp;rd=https%3A%2F%2Fwww.telam.com.ar&amp;rp=%2Fnotas%2F202211%2F612094-ni-una-menos-marcha-tribunales-justicia-femicidios-violencia-de-genero.html#%7B%22ci%22%3A0%2C%22os%22%3A939.8000000119209%2C%22ls%22%3A312.80000001192093%2C%22le%22%3A936.7000000029802%7D\" height=\"979\" frameborder=\"0\" scrolling=\"no\" allowfullscreen=\"allowfullscreen\" data-instgrm-payload-id=\"instagram-media-payload-0\" data-mce-fragment=\"1\"><\/iframe><br \/>\nTambi\u00e9n, las organizaciones convocantes denunciaron que \u00abel sistema judicial protege y sostiene las ra\u00edces m\u00e1s profundas del patriarcado, protegiendo a abusadores de ni\u00f1es, persiguiendo a las que denuncian, haciendo de les ni\u00f1es objetos de propiedad\u00bb.<\/p>\n<p>\u00abEl 25 de noviembre volvemos a la calle para denunciar todas las violencias por razones de g\u00e9nero. Esta semana se confirm\u00f3 el femicidio de Susana C\u00e1ceres en Moreno que era buscada por sus familiares\u00bb, se\u00f1alaron desde el colectivo Ni Una Menos a trav\u00e9s de la red social Instagram.<\/p>\n<p>En ese sentido, agregaron que \u00abtodav\u00eda nos falta Tehuel y todos los d\u00edas la violencia patriarcal precariza todav\u00eda m\u00e1s la vida de quienes atienden la urgencia en los barrios\u00bb.\u00a0Por este motivo, llamaron a marchar, \u00abporque no hay justicia para nosotras y nosotres\u00bb.<\/p>\n<ul>\n<li>\n<h3>Atenci\u00f3n, contenci\u00f3n y asesoramiento en situaciones de violencia de g\u00e9nero<\/h3>\n<\/li>\n<li>Por llamada gratuita las 24 hs L\u00ednea 144<\/li>\n<li>Por WhatsApp +5491127716463<\/li>\n<li>Por mail a\u00a0<a href=\"mailto:linea144@mingeneros.gob.ar\">linea144@mingeneros.gob.ar<\/a><\/li>\n<li>Descargando la\u00a0<a href=\"https:\/\/www.argentina.gob.ar\/aplicaciones\/linea-144-atencion-mujeres-y-LGBTI\">app<\/a><\/li>\n<\/ul>\n","protected":false},"excerpt":{"rendered":"<p>En el marco del D\u00eda Internacional para Eliminar la Violencia contra la Mujer, el colectivo feminista, acompa\u00f1ado por organizaciones pol\u00edticas y sociales, se concentrar\u00e1 por la tarde frente al Palacio de Tribunales.<\/p>\n","protected":false},"author":3,"featured_media":0,"comment_status":"closed","ping_status":"closed","sticky":false,"template":"","format":"standard","meta":{"footnotes":""},"categories":[24],"tags":[],"class_list":["post-80575","post","type-post","status-publish","format-standard","hentry","category-politica"],"yoast_head":"<!-- This site is optimized with the Yoast SEO plugin v25.9 - https:\/\/yoast.com\/wordpress\/plugins\/seo\/ -->\n<title>Ni Una Menos marcha para reclamar justicia ante femicidios y violencia de g\u00e9nero - Noticias Radio Reflejos<\/title>\n<meta name=\"robots\" content=\"index, follow, max-snippet:-1, max-image-preview:large, max-video-preview:-1\" \/>\n<link rel=\"canonical\" href=\"https:\/\/www.noticiasradioreflejos.com.ar\/2021\/ni-una-menos-marcha-para-reclamar-justicia-ante-femicidios-y-violencia-de-genero\/\" \/>\n<meta property=\"og:locale\" content=\"es_ES\" \/>\n<meta property=\"og:type\" content=\"article\" \/>\n<meta property=\"og:title\" content=\"Ni Una Menos marcha para reclamar justicia ante femicidios y violencia de g\u00e9nero - Noticias Radio Reflejos\" \/>\n<meta property=\"og:description\" content=\"En el marco del D\u00eda Internacional para Eliminar la Violencia contra la Mujer, el colectivo feminista, acompa\u00f1ado por organizaciones pol\u00edticas y sociales, se concentrar\u00e1 por la tarde frente al Palacio de Tribunales.\" \/>\n<meta property=\"og:url\" content=\"https:\/\/www.noticiasradioreflejos.com.ar\/2021\/ni-una-menos-marcha-para-reclamar-justicia-ante-femicidios-y-violencia-de-genero\/\" \/>\n<meta property=\"og:site_name\" content=\"Noticias Radio Reflejos\" \/>\n<meta property=\"article:published_time\" content=\"2022-11-25T11:45:31+00:00\" \/>\n<meta property=\"og:image\" content=\"https:\/\/www.telam.com.ar\/thumbs\/bluesteel\/advf\/imagenes\/2022\/11\/63619137e6dde_1200.jpg\" \/>\n<meta name=\"author\" content=\"Arnaldo Botto\" \/>\n<meta name=\"twitter:card\" content=\"summary_large_image\" \/>\n<script type=\"application\/ld+json\" class=\"yoast-schema-graph\">{\"@context\":\"https:\/\/schema.org\",\"@graph\":[{\"@type\":\"WebPage\",\"@id\":\"https:\/\/www.noticiasradioreflejos.com.ar\/2021\/ni-una-menos-marcha-para-reclamar-justicia-ante-femicidios-y-violencia-de-genero\/\",\"url\":\"https:\/\/www.noticiasradioreflejos.com.ar\/2021\/ni-una-menos-marcha-para-reclamar-justicia-ante-femicidios-y-violencia-de-genero\/\",\"name\":\"Ni Una Menos marcha para reclamar justicia ante femicidios y violencia de g\u00e9nero - Noticias Radio Reflejos\",\"isPartOf\":{\"@id\":\"https:\/\/www.noticiasradioreflejos.com.ar\/2021\/#website\"},\"primaryImageOfPage\":{\"@id\":\"https:\/\/www.noticiasradioreflejos.com.ar\/2021\/ni-una-menos-marcha-para-reclamar-justicia-ante-femicidios-y-violencia-de-genero\/#primaryimage\"},\"image\":{\"@id\":\"https:\/\/www.noticiasradioreflejos.com.ar\/2021\/ni-una-menos-marcha-para-reclamar-justicia-ante-femicidios-y-violencia-de-genero\/#primaryimage\"},\"thumbnailUrl\":\"https:\/\/www.telam.com.ar\/thumbs\/bluesteel\/advf\/imagenes\/2022\/11\/63619137e6dde_1200.jpg\",\"datePublished\":\"2022-11-25T11:45:31+00:00\",\"author\":{\"@id\":\"https:\/\/www.noticiasradioreflejos.com.ar\/2021\/#\/schema\/person\/ad82545263dcc5ec0996818884fd5fb1\"},\"breadcrumb\":{\"@id\":\"https:\/\/www.noticiasradioreflejos.com.ar\/2021\/ni-una-menos-marcha-para-reclamar-justicia-ante-femicidios-y-violencia-de-genero\/#breadcrumb\"},\"inLanguage\":\"es\",\"potentialAction\":[{\"@type\":\"ReadAction\",\"target\":[\"https:\/\/www.noticiasradioreflejos.com.ar\/2021\/ni-una-menos-marcha-para-reclamar-justicia-ante-femicidios-y-violencia-de-genero\/\"]}]},{\"@type\":\"ImageObject\",\"inLanguage\":\"es\",\"@id\":\"https:\/\/www.noticiasradioreflejos.com.ar\/2021\/ni-una-menos-marcha-para-reclamar-justicia-ante-femicidios-y-violencia-de-genero\/#primaryimage\",\"url\":\"https:\/\/www.telam.com.ar\/thumbs\/bluesteel\/advf\/imagenes\/2022\/11\/63619137e6dde_1200.jpg\",\"contentUrl\":\"https:\/\/www.telam.com.ar\/thumbs\/bluesteel\/advf\/imagenes\/2022\/11\/63619137e6dde_1200.jpg\"},{\"@type\":\"BreadcrumbList\",\"@id\":\"https:\/\/www.noticiasradioreflejos.com.ar\/2021\/ni-una-menos-marcha-para-reclamar-justicia-ante-femicidios-y-violencia-de-genero\/#breadcrumb\",\"itemListElement\":[{\"@type\":\"ListItem\",\"position\":1,\"name\":\"Portada\",\"item\":\"https:\/\/www.noticiasradioreflejos.com.ar\/2021\/\"},{\"@type\":\"ListItem\",\"position\":2,\"name\":\"Ni Una Menos marcha para reclamar justicia ante femicidios y violencia de g\u00e9nero\"}]},{\"@type\":\"WebSite\",\"@id\":\"https:\/\/www.noticiasradioreflejos.com.ar\/2021\/#website\",\"url\":\"https:\/\/www.noticiasradioreflejos.com.ar\/2021\/\",\"name\":\"Noticias Radio Reflejos\",\"description\":\"Las noticias de mi comarca\",\"potentialAction\":[{\"@type\":\"SearchAction\",\"target\":{\"@type\":\"EntryPoint\",\"urlTemplate\":\"https:\/\/www.noticiasradioreflejos.com.ar\/2021\/?s={search_term_string}\"},\"query-input\":{\"@type\":\"PropertyValueSpecification\",\"valueRequired\":true,\"valueName\":\"search_term_string\"}}],\"inLanguage\":\"es\"},{\"@type\":\"Person\",\"@id\":\"https:\/\/www.noticiasradioreflejos.com.ar\/2021\/#\/schema\/person\/ad82545263dcc5ec0996818884fd5fb1\",\"name\":\"Arnaldo Botto\",\"image\":{\"@type\":\"ImageObject\",\"inLanguage\":\"es\",\"@id\":\"https:\/\/www.noticiasradioreflejos.com.ar\/2021\/#\/schema\/person\/image\/\",\"url\":\"https:\/\/secure.gravatar.com\/avatar\/55cb5e37c1efa326397366e6974cb338056df65cb50e7d64d1cf314e87504837?s=96&d=mm&r=g\",\"contentUrl\":\"https:\/\/secure.gravatar.com\/avatar\/55cb5e37c1efa326397366e6974cb338056df65cb50e7d64d1cf314e87504837?s=96&d=mm&r=g\",\"caption\":\"Arnaldo Botto\"},\"url\":\"https:\/\/www.noticiasradioreflejos.com.ar\/2021\/author\/arnaldo\/\"}]}<\/script>\n<!-- \/ Yoast SEO plugin. -->","yoast_head_json":{"title":"Ni Una Menos marcha para reclamar justicia ante femicidios y violencia de g\u00e9nero - Noticias Radio Reflejos","robots":{"index":"index","follow":"follow","max-snippet":"max-snippet:-1","max-image-preview":"max-image-preview:large","max-video-preview":"max-video-preview:-1"},"canonical":"https:\/\/www.noticiasradioreflejos.com.ar\/2021\/ni-una-menos-marcha-para-reclamar-justicia-ante-femicidios-y-violencia-de-genero\/","og_locale":"es_ES","og_type":"article","og_title":"Ni Una Menos marcha para reclamar justicia ante femicidios y violencia de g\u00e9nero - Noticias Radio Reflejos","og_description":"En el marco del D\u00eda Internacional para Eliminar la Violencia contra la Mujer, el colectivo feminista, acompa\u00f1ado por organizaciones pol\u00edticas y sociales, se concentrar\u00e1 por la tarde frente al Palacio de Tribunales.","og_url":"https:\/\/www.noticiasradioreflejos.com.ar\/2021\/ni-una-menos-marcha-para-reclamar-justicia-ante-femicidios-y-violencia-de-genero\/","og_site_name":"Noticias Radio Reflejos","article_published_time":"2022-11-25T11:45:31+00:00","og_image":[{"url":"https:\/\/www.telam.com.ar\/thumbs\/bluesteel\/advf\/imagenes\/2022\/11\/63619137e6dde_1200.jpg","type":"","width":"","height":""}],"author":"Arnaldo Botto","twitter_card":"summary_large_image","schema":{"@context":"https:\/\/schema.org","@graph":[{"@type":"WebPage","@id":"https:\/\/www.noticiasradioreflejos.com.ar\/2021\/ni-una-menos-marcha-para-reclamar-justicia-ante-femicidios-y-violencia-de-genero\/","url":"https:\/\/www.noticiasradioreflejos.com.ar\/2021\/ni-una-menos-marcha-para-reclamar-justicia-ante-femicidios-y-violencia-de-genero\/","name":"Ni Una Menos marcha para reclamar justicia ante femicidios y violencia de g\u00e9nero - Noticias Radio Reflejos","isPartOf":{"@id":"https:\/\/www.noticiasradioreflejos.com.ar\/2021\/#website"},"primaryImageOfPage":{"@id":"https:\/\/www.noticiasradioreflejos.com.ar\/2021\/ni-una-menos-marcha-para-reclamar-justicia-ante-femicidios-y-violencia-de-genero\/#primaryimage"},"image":{"@id":"https:\/\/www.noticiasradioreflejos.com.ar\/2021\/ni-una-menos-marcha-para-reclamar-justicia-ante-femicidios-y-violencia-de-genero\/#primaryimage"},"thumbnailUrl":"https:\/\/www.telam.com.ar\/thumbs\/bluesteel\/advf\/imagenes\/2022\/11\/63619137e6dde_1200.jpg","datePublished":"2022-11-25T11:45:31+00:00","author":{"@id":"https:\/\/www.noticiasradioreflejos.com.ar\/2021\/#\/schema\/person\/ad82545263dcc5ec0996818884fd5fb1"},"breadcrumb":{"@id":"https:\/\/www.noticiasradioreflejos.com.ar\/2021\/ni-una-menos-marcha-para-reclamar-justicia-ante-femicidios-y-violencia-de-genero\/#breadcrumb"},"inLanguage":"es","potentialAction":[{"@type":"ReadAction","target":["https:\/\/www.noticiasradioreflejos.com.ar\/2021\/ni-una-menos-marcha-para-reclamar-justicia-ante-femicidios-y-violencia-de-genero\/"]}]},{"@type":"ImageObject","inLanguage":"es","@id":"https:\/\/www.noticiasradioreflejos.com.ar\/2021\/ni-una-menos-marcha-para-reclamar-justicia-ante-femicidios-y-violencia-de-genero\/#primaryimage","url":"https:\/\/www.telam.com.ar\/thumbs\/bluesteel\/advf\/imagenes\/2022\/11\/63619137e6dde_1200.jpg","contentUrl":"https:\/\/www.telam.com.ar\/thumbs\/bluesteel\/advf\/imagenes\/2022\/11\/63619137e6dde_1200.jpg"},{"@type":"BreadcrumbList","@id":"https:\/\/www.noticiasradioreflejos.com.ar\/2021\/ni-una-menos-marcha-para-reclamar-justicia-ante-femicidios-y-violencia-de-genero\/#breadcrumb","itemListElement":[{"@type":"ListItem","position":1,"name":"Portada","item":"https:\/\/www.noticiasradioreflejos.com.ar\/2021\/"},{"@type":"ListItem","position":2,"name":"Ni Una Menos marcha para reclamar justicia ante femicidios y violencia de g\u00e9nero"}]},{"@type":"WebSite","@id":"https:\/\/www.noticiasradioreflejos.com.ar\/2021\/#website","url":"https:\/\/www.noticiasradioreflejos.com.ar\/2021\/","name":"Noticias Radio Reflejos","description":"Las noticias de mi comarca","potentialAction":[{"@type":"SearchAction","target":{"@type":"EntryPoint","urlTemplate":"https:\/\/www.noticiasradioreflejos.com.ar\/2021\/?s={search_term_string}"},"query-input":{"@type":"PropertyValueSpecification","valueRequired":true,"valueName":"search_term_string"}}],"inLanguage":"es"},{"@type":"Person","@id":"https:\/\/www.noticiasradioreflejos.com.ar\/2021\/#\/schema\/person\/ad82545263dcc5ec0996818884fd5fb1","name":"Arnaldo Botto","image":{"@type":"ImageObject","inLanguage":"es","@id":"https:\/\/www.noticiasradioreflejos.com.ar\/2021\/#\/schema\/person\/image\/","url":"https:\/\/secure.gravatar.com\/avatar\/55cb5e37c1efa326397366e6974cb338056df65cb50e7d64d1cf314e87504837?s=96&d=mm&r=g","contentUrl":"https:\/\/secure.gravatar.com\/avatar\/55cb5e37c1efa326397366e6974cb338056df65cb50e7d64d1cf314e87504837?s=96&d=mm&r=g","caption":"Arnaldo Botto"},"url":"https:\/\/www.noticiasradioreflejos.com.ar\/2021\/author\/arnaldo\/"}]}},"_links":{"self":[{"href":"https:\/\/www.noticiasradioreflejos.com.ar\/2021\/wp-json\/wp\/v2\/posts\/80575","targetHints":{"allow":["GET"]}}],"collection":[{"href":"https:\/\/www.noticiasradioreflejos.com.ar\/2021\/wp-json\/wp\/v2\/posts"}],"about":[{"href":"https:\/\/www.noticiasradioreflejos.com.ar\/2021\/wp-json\/wp\/v2\/types\/post"}],"author":[{"embeddable":true,"href":"https:\/\/www.noticiasradioreflejos.com.ar\/2021\/wp-json\/wp\/v2\/users\/3"}],"replies":[{"embeddable":true,"href":"https:\/\/www.noticiasradioreflejos.com.ar\/2021\/wp-json\/wp\/v2\/comments?post=80575"}],"version-history":[{"count":1,"href":"https:\/\/www.noticiasradioreflejos.com.ar\/2021\/wp-json\/wp\/v2\/posts\/80575\/revisions"}],"predecessor-version":[{"id":80577,"href":"https:\/\/www.noticiasradioreflejos.com.ar\/2021\/wp-json\/wp\/v2\/posts\/80575\/revisions\/80577"}],"wp:attachment":[{"href":"https:\/\/www.noticiasradioreflejos.com.ar\/2021\/wp-json\/wp\/v2\/media?parent=80575"}],"wp:term":[{"taxonomy":"category","embeddable":true,"href":"https:\/\/www.noticiasradioreflejos.com.ar\/2021\/wp-json\/wp\/v2\/categories?post=80575"},{"taxonomy":"post_tag","embeddable":true,"href":"https:\/\/www.noticiasradioreflejos.com.ar\/2021\/wp-json\/wp\/v2\/tags?post=80575"}],"curies":[{"name":"wp","href":"https:\/\/api.w.org\/{rel}","templated":true}]}}