{"id":80569,"date":"2022-11-25T10:43:35","date_gmt":"2022-11-25T10:43:35","guid":{"rendered":"http:\/\/www.noticiasradioreflejos.com.ar\/2021\/?p=80569"},"modified":"2022-11-25T10:43:35","modified_gmt":"2022-11-25T10:43:35","slug":"diputados-aprobo-y-giro-al-senado-el-proyecto-que-reconoce-la-lengua-de-senas-argentina","status":"publish","type":"post","link":"https:\/\/www.noticiasradioreflejos.com.ar\/2021\/diputados-aprobo-y-giro-al-senado-el-proyecto-que-reconoce-la-lengua-de-senas-argentina\/","title":{"rendered":"Diputados aprob\u00f3 y gir\u00f3 al Senado el proyecto que reconoce la Lengua de Se\u00f1as Argentina"},"content":{"rendered":"<p>La iniciativa fue sancionada con el respaldo de 229 votos. Reconoce la LSA como una lengua natural y originaria en todo el territorio nacional, junto a la importancia de su preservaci\u00f3n y difusi\u00f3n como parte del patrimonio ling\u00fc\u00edstico y cultural de la comunidad.<!--more--><\/p>\n<figure class=\"mb-3\"><img decoding=\"async\" src=\"https:\/\/www.telam.com.ar\/thumbs\/bluesteel\/advf\/imagenes\/2022\/11\/637fca4c34962_1200.jpg\" alt=\"Foto Ral Ferrari\" width=\"100%\" height=\"100%\" \/><\/p>\n<div class=\"media-icons\"><\/div><figcaption>Foto: Ra\u00fal Ferrari<\/figcaption><\/figure>\n<p>La C\u00e1mara de Diputados aprob\u00f3 este jueves y gir\u00f3 en revisi\u00f3n al Senado el proyecto que reconoce a la\u00a0<strong>Lengua de Se\u00f1as Argentina (LSA) como lenguaje natural y originario en todo el territorio nacional<\/strong>\u00a0y destaca la importancia de su preservaci\u00f3n y difusi\u00f3n como parte del patrimonio ling\u00fc\u00edstico y cultural de la comunidad.<\/p>\n<p>La iniciativa fue sancionada con el<strong>\u00a0respaldo de 229 votos\u00a0<\/strong>que fueron aportados por el Frente de Todos, Juntos por el Cambio, Interbloque Federal, Provincias Unidas, Movimiento Popular Neuquino, Ser, Frente de Izquierda, la Libertad Avanza y Avanza la Libertad.<\/p>\n<figure class=\"mb-3\"><img decoding=\"async\" src=\"https:\/\/www.telam.com.ar\/thumbs\/bluesteel\/advf\/imagenes\/2022\/11\/637fca4c7f55e_1200.jpg\" alt=\"Foto Ral Ferrari\" width=\"100%\" height=\"100%\" \/><\/p>\n<div class=\"media-icons\"><\/div><figcaption>Foto: Ra\u00fal Ferrari<\/figcaption><\/figure>\n<p>La presidenta del cuerpo, Cecilia Moreau, anticip\u00f3 al finalizar la votaci\u00f3n que este mismo jueves se enviar\u00e1 el proyecto aprobado por unanimidad al Senado Nacional.<\/p>\n<p><strong>La sesi\u00f3n cont\u00f3 con la presencia de miembros de la Confederaci\u00f3n Argentina de Sordos\u00a0<\/strong>que observaron el debate desde el recinto y pudieron seguir las alternativas gracias a la int\u00e9rprete de lengua de se\u00f1a que siempre est\u00e1 presente en todas las deliberaciones del cuerpo legislativo.<\/p>\n<p>Adem\u00e1s,<strong>\u00a0los diputados y diputadas colocaron pa\u00f1uelos azules en sus bancas<\/strong>\u00a0con inscripci\u00f3n \u00abLengua de Se\u00f1as Argentinas\u00bb.<\/p>\n<p>El reclamo hist\u00f3rico de la Confederaci\u00f3n Argentina de Sordos tuvo su correlato tambi\u00e9n con una\u00a0<a href=\"http:\/\/www.change.org\/LeyLS\" target=\"_blank\" rel=\"noopener\">campa\u00f1a de recolecci\u00f3n de firmas lanzada a trav\u00e9s de la plataforma de Change<\/a>\u00a0en la que lleva reunidas m\u00e1s de 130.000 adhesiones en reclamo de la ley.<\/p>\n<figure class=\"mb-3\"><img decoding=\"async\" src=\"https:\/\/www.telam.com.ar\/thumbs\/bluesteel\/advf\/imagenes\/2022\/11\/637fca4c99022_1200.jpg\" alt=\"Foto Ral Ferrari\" width=\"100%\" height=\"100%\" \/><\/p>\n<div class=\"media-icons\"><\/div><figcaption>Foto: Ra\u00fal Ferrari<\/figcaption><\/figure>\n<h2 class=\"\">El debate del proyecto<\/h2>\n<p>Al abrir el debate de la iniciativa, el diputado de Juntos Somos Rio Negro,\u00a0<strong>Luis Di Gi\u00e1como<\/strong>, presidente de la comisi\u00f3n de Discapacidad de la C\u00e1mara de Diputados, destac\u00f3 que se trata de \u00abuna lengua particular visogestual\u00bb y puso de relieve que \u00ablas \u00e1reas del lenguaje se activan escuchando y a los ni\u00f1os sordos no les llega informaci\u00f3n\u00bb, al sostener que la lengua de se\u00f1as \u00abtiene que estar oficializada y se pueda reproducir a partir de la propia comunidad sorda\u00bb.<\/p>\n<p>\u00abNo s\u00f3lo no son discapacitados sino que aprenden dos idiomas, el materno y el de se\u00f1as\u00bb, asegur\u00f3 el legislador, quien afirm\u00f3 que \u00abesta ley apunta al reconocimiento de la lengua de se\u00f1as para eliminar barreras comunicacionales y otorgar visibilizaci\u00f3n en un medio de comunicaci\u00f3n no verbal para poner en pie de igualdad a las personas sordas con el resto de las personas\u00bb.<\/p>\n<figure class=\"mb-3\"><img decoding=\"async\" src=\"https:\/\/www.telam.com.ar\/thumbs\/bluesteel\/advf\/imagenes\/2022\/11\/637fca4c4dfd9_1200.jpg\" alt=\"Foto Ral Ferrari\" width=\"100%\" height=\"100%\" \/><\/p>\n<div class=\"media-icons\"><\/div><figcaption>Foto: Ra\u00fal Ferrari<\/figcaption><\/figure>\n<p>La diputada del Frente de Todos\u00a0<strong>Graciela Caselles<\/strong>\u00a0destac\u00f3 que el prooyecto \u00abha logrado el consenso de todos de todos los bloques\u00bb para firmar el dictamen de mayor\u00eda y destac\u00f3 que \u00abla lengua de se\u00f1as implica un derecho humano de las personas sordas, poder tener un lenguaje natural y propio evidentemente es un camino de inclusi\u00f3n social, de desarrollo intelectual y afectivo\u00bb.<\/p>\n<p>Agreg\u00f3 que los que \u00ablos que somos educadores sabemos que hay un correlato entre el desarrollo del pensamiento y el lenguaje y por eso apostamos a la modalidad biling\u00fce\u00bb .<\/p>\n<p>En tanto, el diputado del Frente de Izquierda\u00a0<strong>Nicol\u00e1s del Ca\u00f1o<\/strong>\u00a0dijo que \u00abesta ley es un derecho humano elemental. La falta de accesibilidad a la LSA en la temprana edad, en ni\u00f1as y ni\u00f1os, tiene consecuencias muy graves; se debe poner fin a la vulnerabilidad y a situaciones de acoso\u00bb.<\/p>\n<p>La legisladora del FDT\u00a0<strong>Gisella Marziotta<\/strong>\u00a0asegur\u00f3 que este proyecto \u00abes un primer paso inicial que estamos teniendo hoy\u00bb, pero dijo que espera que el a\u00f1o pr\u00f3ximo est\u00e9n tratando en el recinto \u00abla capacitaci\u00f3n obligatoria para funcionarios del Estado en lenguas de se\u00f1as\u00bb y felicit\u00f3 al equipo de int\u00e9rpretes de la C\u00e1mara de Diputados.<\/p>\n<p>\u00abCuando hablamos de que el colectivo de personas sordas tiene que ser integrado a la sociedad, nosotros tambi\u00e9n tenemos la responsabilidad de adquirir ese conocimiento para poder acercarnos y poder comunicarnos con ellos y con ellas\u00bb, agreg\u00f3.<\/p>\n<figure class=\"mb-3\"><img decoding=\"async\" src=\"https:\/\/www.telam.com.ar\/thumbs\/bluesteel\/advf\/imagenes\/2022\/11\/637fca4c678a0_1200.jpg\" alt=\"Foto Ral Ferrari\" width=\"100%\" height=\"100%\" \/><\/p>\n<div class=\"media-icons\"><\/div><figcaption>Foto: Ra\u00fal Ferrari<\/figcaption><\/figure>\n<p>La diputada radical\u00a0<strong>Marcela Coli<\/strong>\u00a0se\u00f1al\u00f3 que \u00abla lengua de se\u00f1as tiene un concepto, una lengua natural y original que conforma un legado hist\u00f3rico, inmaterial como parte de identidad ling\u00fc\u00edstica y, fundamentalmente, la herencia cultural de las personas sordas en nuestro territorio\u00bb.<\/p>\n<p>A su vez, el diputado del FDT\u00a0<strong>Eduardo Valdes<\/strong>\u00a0se\u00f1al\u00f3 que \u00abhoy es un d\u00eda en el que venimos a consagrar derechos inalienables de toda persona humana. Estamos hablando de una ley que beneficia a gran parte de la sociedad. El reconocimiento de la LSA viene a garantizar la inclusi\u00f3n y participaci\u00f3n\u00bb.<\/p>\n<p>A su vez, la diputada del Pro\u00a0<strong>Karina Bachey<\/strong>\u00a0se\u00f1al\u00f3 que \u00abhoy podemos decir que vamos a obtener la media sanci\u00f3n de una ley que lleva a la igualdad, derechos e inclusi\u00f3n; reconocer significa garantizar su participaci\u00f3n plena en las diferentes esferas de la sociedad\u00bb.<\/p>\n<p>En el cierre del debate,\u00a0<strong>uno de los autores del proyecto Leonardo Grosso (FDT)<\/strong>\u00a0habl\u00f3 en lenguaje de se\u00f1as en el inicio de su discurso y se\u00f1al\u00f3 que lo que est\u00e1n \u00absintiendo los diputados en este momento sienten todos los d\u00edas los miembros de la comunidad sorda cuando no se puede usar la lengua de se\u00f1as, cuando no garantiza el Estado la accesibilidad\u00bb.<\/p>\n<p>Grosso<strong>\u00a0resalt\u00f3 el acuerdo alcanzado entre todos los bloques<\/strong>\u00a0y se\u00f1al\u00f3 que \u00abno es una ley que nace de un partido pol\u00edtico, sino que\u00a0<strong>nace de la comunidad sorda organizada en nuestro pa\u00eds y que llega al Congreso por el impulso de ellos\u00bb.<\/strong><\/p>\n<h2 class=\"\">El proyecto<\/h2>\n<p>El proyecto tiene por objeto\u00a0<strong>reconocer a la LSA como una lengua natural y originaria<\/strong>, que conforma un legado hist\u00f3rico inmaterial como parte de la identidad ling\u00fc\u00edstica y la herencia cultural de las personas sordas, y que garantiza su participaci\u00f3n e inclusi\u00f3n plena, como as\u00ed tambi\u00e9n de las personas que, por cualquier motivo, elijan comunicarse en ese lenguaje.<\/p>\n<p><strong>El dictamen se\u00f1ala\u00a0<\/strong>que se entiende a la\u00a0<strong>lengua de se\u00f1as<\/strong>\u00a0como aquella que se transmite en la modalidad visoespacial y explica que la\u00a0<strong>LSA posee una estructura gramatical completa, compleja y distinta del castellano.<\/strong><\/p>\n<p>\u00abAl ser visual, la LSA es completamente accesible desde el punto de vista perceptual para las personas sordas, como as\u00ed tambi\u00e9n para todas las personas que, por cualquier motivo, elijan utilizar la LSA para comunicarse, transmitir sus deseos e intereses, informarse, defender sus derechos y construir una identidad ling\u00fc\u00edstica y cultural positiva que les permita participar y trascender plenamente en todos los aspectos de la vida social\u00bb, sostiene el dictamen.<\/p>\n<p>Tambi\u00e9n establece que ser\u00e1n\u00a0<strong>organismos de leg\u00edtima consulta\u00a0<\/strong>sobre la LSA aquellas\u00a0<strong>organizaciones constituidas \u00edntegramente por personas sordas\u00a0<\/strong>que las representen en todo el territorio de la Rep\u00fablica Argentina y que se encuentren oficialmente constituidas e inscriptas con reconocimiento de los Estados nacional, provincial y municipal.<\/p>\n<p>El proyecto tiene por objeto\u00a0<strong>reconocer a la LSA como una lengua natural y originaria,<\/strong>\u00a0que conforma un legado hist\u00f3rico inmaterial como parte de la identidad ling\u00fc\u00edstica y la herencia cultural de las personas sordas, y que garantiza su participaci\u00f3n e inclusi\u00f3n plena, como as\u00ed tambi\u00e9n de las personas que, por cualquier motivo, elijan comunicarse en ese lenguaje.<\/p>\n<figure class=\"mb-3\"><img decoding=\"async\" src=\"https:\/\/www.telam.com.ar\/thumbs\/bluesteel\/advf\/imagenes\/2022\/11\/637fca4cb2f2f_1200.jpg\" alt=\"Foto Ral Ferrari\" width=\"100%\" height=\"100%\" \/><\/p>\n<div class=\"media-icons\"><\/div><figcaption>Foto: Ra\u00fal Ferrari<\/figcaption><\/figure>\n<div class=\"jumbotron pt-4 mt-3\">\n<h3 class=\"module-title\">UN PUENTE A OTROS DERECHOS<\/h3>\n<p>Asociaciones e instituciones de personas sordas celebraron\u00a0<strong>la importancia de la obtenci\u00f3n de la media sanci\u00f3n<\/strong>\u00a0al reconocimiento oficial de la Lengua de Se\u00f1as Argentina como su idioma natural y originario en todo el territorio argentino porque ser\u00e1 \u00abla base para presentar otro tipo de proyectos que faciliten la accesibilidad en otros \u00e1mbitos\u00bb y que promuevan la adquisici\u00f3n de esa lengua desde temprana edad.<\/p>\n<p>\u00abLa lengua de se\u00f1as es un idioma como cualquier otro, y la aprobaci\u00f3n de la media sanci\u00f3n del proyecto de Ley para el Reconocimiento de Lengua de Se\u00f1as Argentina es una base para presentar otro tipo de iniciativas en otros \u00e1mbitos como, por ejemplo, el laboral, la justicia y la salud\u00bb, apunt\u00f3 este jueves a T\u00e9lam el titular de la\u00a0<strong>Confederaci\u00f3n Argentina de Sordos (CAS)<\/strong>, Enzo Rizzi.<\/p>\n<p>Tras se\u00f1alar que el proyecto de ley \u00abbusca dar a la lengua de se\u00f1as un status ling\u00fc\u00edstico\u00bb, Rizzi reiter\u00f3 que \u00abmuchos sordos hoy est\u00e1n privados de la salud o del acceso a la justicia, \u00abpor no contar con int\u00e9rpretes, pero tambi\u00e9n por la mirada de los m\u00e9dicos ante esta lengua\u00bb.<\/p>\n<p>\u00abCuando las personas sordas nacen en familias oyentes, les consultan a los m\u00e9dicos y m\u00e9dicas, y ellos les aconsejan que no aprendan la lengua de se\u00f1as, sino que realicen el implante, que puedan verbalizar, pero nosotros queremos que se incorpore la lengua de se\u00f1as en la temprana infancia\u00bb, explic\u00f3.\u00a0Rizzi cont\u00f3 que naci\u00f3 sordo y \u00abreci\u00e9n a los 6 a\u00f1os tuve acceso a la lengua de se\u00f1as\u00bb.<\/p>\n<p>\u00abSi lo pens\u00e1s, es muy tarde, porque desde que nac\u00e9s hasta los 6 es una etapa fundamental para adquirir la lengua; luego se podr\u00e1 adquirir el espa\u00f1ol\u00bb.<\/p>\n<p>\u00abPrivar a cualquier ni\u00f1o\/a de una lengua es quitarle el derecho de desarrollar adecuadamente sus emociones y pensamientos desde los primeros a\u00f1os de vida. Desde hace d\u00e9cadas, miles de ni\u00f1os\/as sordos\/as e hipoac\u00fasicos\/as contin\u00faan sin lograr una fluidez nativa y un dominio completo de al menos un idioma natural, siendo perjudicados en su posterior desarrollo personal e inserci\u00f3n social\u00bb, sostiene la organizaci\u00f3n.<\/p>\n<p>En tanto, el titular de la\u00a0<strong>Asociaci\u00f3n Sordomudos de Asistencia Mutua (ASAM)<\/strong>, Claudio Bitti, celebr\u00f3 la media sanci\u00f3n del proyecto de Ley Nacional del Reconocimiento de Lengua de Se\u00f1as Argentina como \u00abun hecho hist\u00f3rico, despu\u00e9s de la trayectoria de una labor por m\u00e1s de 20 a\u00f1os\u00bb.<\/p>\n<p>\u00abEs muy emocionante, esperamos que se apruebe\u00bb porque eso implicar\u00e1 \u00abtoda la accesibilidad y mejorar nuestra calidad de vida\u00bb, se\u00f1al\u00f3 Bitti a T\u00e9lam.<\/p>\n<p>Seg\u00fan la Federaci\u00f3n Mundial de Sordos,\u00a0<strong>existen 70 millones de personas usuarias de lengua de se\u00f1as como primera lengua a nivel global<\/strong>, y\u00a0<strong>en Sudam\u00e9rica s\u00f3lo dos pa\u00edses no cuentan con ley de se\u00f1as con reconocimiento oficial<\/strong>: Guyana y Argentina.<\/p>\n<p>\u00abEstamos convocando a todo el pueblo sordo para llamar la atenci\u00f3n y visibilizar el reconocimiento de la lengua de se\u00f1as. Eso implica la identidad y el patrimonio ling\u00fc\u00edstico cultural de las personas sordas\u00bb, remarc\u00f3 Lucas Larroca, vicepresidente de la CAS.<\/p>\n<p>Natalia, una persona sordociega integrante de esa organizaci\u00f3n, detall\u00f3 que quienes tienen esa condici\u00f3n \u00abse mezclan en escuelas con todas las discapacidades en donde tienen prot\u00e1ctil, que es como la lengua de se\u00f1as pero t\u00e1ctil\u00bb.\u00a0\u00abHay que separarlos de esa educaci\u00f3n con discapacidad y que puedan vincularse con la educaci\u00f3n para sordos\u00bb, sostuvo.\u00a0En di\u00e1logo con T\u00e9lam, Natalia manifest\u00f3 que \u00abla ley puede ser un puente de comunicaci\u00f3n, un v\u00ednculo m\u00e1s all\u00e1 del braille\u00bb.<\/p>\n<\/div>\n<h2 class=\"\">Los detalles del dictamen<\/h2>\n<p>\u2022 El dictamen se\u00f1ala que se entiende a la lengua de se\u00f1as como aquella que se transmite en la modalidad visoespacial y explica que la LSA posee una estructura gramatical completa, compleja y distinta del castellano.<\/p>\n<p>\u2022\u00a0\u00abAl ser visual, la LSA es completamente accesible desde el punto de vista perceptual para las personas sordas, como as\u00ed tambi\u00e9n para todas las personas que, por cualquier motivo, elijan utilizar la LSA para comunicarse, transmitir sus deseos e intereses, informarse, defender sus derechos y construir una identidad ling\u00fc\u00edstica y cultural positiva que les permita participar y trascender plenamente en todos los aspectos de la vida social\u00bb, sostiene el dictamen.<\/p>\n<p>\u2022\u00a0Tambi\u00e9n establece que ser\u00e1n organismos de leg\u00edtima consulta sobre la LSA aquellas organizaciones constituidas \u00edntegramente por personas sordas que las representen en todo el territorio de la Rep\u00fablica Argentina y que se encuentren oficialmente constituidas e inscriptas con reconocimiento de los Estados nacional, provincial y municipal.<\/p>\n<p>\u2022\u00a0El proyecto adem\u00e1s faculta al Gobierno Nacional a fomentar el uso de la LSA de todas las personas que, por cualquier motivo, elijan comunicarse en dicha lengua, con el objetivo de tener una accesibilidad efectiva y plena a la vida social; eliminar barreras comunicacionales y actitudinales, a fin de facilitar el acceso a la comunicaci\u00f3n e informaci\u00f3n.<\/p>\n","protected":false},"excerpt":{"rendered":"<p>La iniciativa fue sancionada con el respaldo de 229 votos. Reconoce la LSA como una lengua natural y originaria en todo el territorio nacional, junto a la importancia de su preservaci\u00f3n y difusi\u00f3n como parte del patrimonio ling\u00fc\u00edstico y cultural de la comunidad.<\/p>\n","protected":false},"author":3,"featured_media":0,"comment_status":"closed","ping_status":"closed","sticky":false,"template":"","format":"standard","meta":{"footnotes":""},"categories":[24,26],"tags":[],"class_list":["post-80569","post","type-post","status-publish","format-standard","hentry","category-politica","category-sociedad"],"yoast_head":"<!-- This site is optimized with the Yoast SEO plugin v25.9 - https:\/\/yoast.com\/wordpress\/plugins\/seo\/ -->\n<title>Diputados aprob\u00f3 y gir\u00f3 al Senado el proyecto que reconoce la Lengua de Se\u00f1as Argentina - Noticias Radio Reflejos<\/title>\n<meta name=\"robots\" content=\"index, follow, max-snippet:-1, max-image-preview:large, max-video-preview:-1\" \/>\n<link rel=\"canonical\" href=\"https:\/\/www.noticiasradioreflejos.com.ar\/2021\/diputados-aprobo-y-giro-al-senado-el-proyecto-que-reconoce-la-lengua-de-senas-argentina\/\" \/>\n<meta property=\"og:locale\" content=\"es_ES\" \/>\n<meta property=\"og:type\" content=\"article\" \/>\n<meta property=\"og:title\" content=\"Diputados aprob\u00f3 y gir\u00f3 al Senado el proyecto que reconoce la Lengua de Se\u00f1as Argentina - Noticias Radio Reflejos\" \/>\n<meta property=\"og:description\" content=\"La iniciativa fue sancionada con el respaldo de 229 votos. Reconoce la LSA como una lengua natural y originaria en todo el territorio nacional, junto a la importancia de su preservaci\u00f3n y difusi\u00f3n como parte del patrimonio ling\u00fc\u00edstico y cultural de la comunidad.\" \/>\n<meta property=\"og:url\" content=\"https:\/\/www.noticiasradioreflejos.com.ar\/2021\/diputados-aprobo-y-giro-al-senado-el-proyecto-que-reconoce-la-lengua-de-senas-argentina\/\" \/>\n<meta property=\"og:site_name\" content=\"Noticias Radio Reflejos\" \/>\n<meta property=\"article:published_time\" content=\"2022-11-25T10:43:35+00:00\" \/>\n<meta property=\"og:image\" content=\"https:\/\/www.telam.com.ar\/thumbs\/bluesteel\/advf\/imagenes\/2022\/11\/637fca4c34962_1200.jpg\" \/>\n<meta name=\"author\" content=\"Arnaldo Botto\" \/>\n<meta name=\"twitter:card\" content=\"summary_large_image\" \/>\n<script type=\"application\/ld+json\" class=\"yoast-schema-graph\">{\"@context\":\"https:\/\/schema.org\",\"@graph\":[{\"@type\":\"WebPage\",\"@id\":\"https:\/\/www.noticiasradioreflejos.com.ar\/2021\/diputados-aprobo-y-giro-al-senado-el-proyecto-que-reconoce-la-lengua-de-senas-argentina\/\",\"url\":\"https:\/\/www.noticiasradioreflejos.com.ar\/2021\/diputados-aprobo-y-giro-al-senado-el-proyecto-que-reconoce-la-lengua-de-senas-argentina\/\",\"name\":\"Diputados aprob\u00f3 y gir\u00f3 al Senado el proyecto que reconoce la Lengua de Se\u00f1as Argentina - Noticias Radio Reflejos\",\"isPartOf\":{\"@id\":\"https:\/\/www.noticiasradioreflejos.com.ar\/2021\/#website\"},\"primaryImageOfPage\":{\"@id\":\"https:\/\/www.noticiasradioreflejos.com.ar\/2021\/diputados-aprobo-y-giro-al-senado-el-proyecto-que-reconoce-la-lengua-de-senas-argentina\/#primaryimage\"},\"image\":{\"@id\":\"https:\/\/www.noticiasradioreflejos.com.ar\/2021\/diputados-aprobo-y-giro-al-senado-el-proyecto-que-reconoce-la-lengua-de-senas-argentina\/#primaryimage\"},\"thumbnailUrl\":\"https:\/\/www.telam.com.ar\/thumbs\/bluesteel\/advf\/imagenes\/2022\/11\/637fca4c34962_1200.jpg\",\"datePublished\":\"2022-11-25T10:43:35+00:00\",\"author\":{\"@id\":\"https:\/\/www.noticiasradioreflejos.com.ar\/2021\/#\/schema\/person\/ad82545263dcc5ec0996818884fd5fb1\"},\"breadcrumb\":{\"@id\":\"https:\/\/www.noticiasradioreflejos.com.ar\/2021\/diputados-aprobo-y-giro-al-senado-el-proyecto-que-reconoce-la-lengua-de-senas-argentina\/#breadcrumb\"},\"inLanguage\":\"es\",\"potentialAction\":[{\"@type\":\"ReadAction\",\"target\":[\"https:\/\/www.noticiasradioreflejos.com.ar\/2021\/diputados-aprobo-y-giro-al-senado-el-proyecto-que-reconoce-la-lengua-de-senas-argentina\/\"]}]},{\"@type\":\"ImageObject\",\"inLanguage\":\"es\",\"@id\":\"https:\/\/www.noticiasradioreflejos.com.ar\/2021\/diputados-aprobo-y-giro-al-senado-el-proyecto-que-reconoce-la-lengua-de-senas-argentina\/#primaryimage\",\"url\":\"https:\/\/www.telam.com.ar\/thumbs\/bluesteel\/advf\/imagenes\/2022\/11\/637fca4c34962_1200.jpg\",\"contentUrl\":\"https:\/\/www.telam.com.ar\/thumbs\/bluesteel\/advf\/imagenes\/2022\/11\/637fca4c34962_1200.jpg\"},{\"@type\":\"BreadcrumbList\",\"@id\":\"https:\/\/www.noticiasradioreflejos.com.ar\/2021\/diputados-aprobo-y-giro-al-senado-el-proyecto-que-reconoce-la-lengua-de-senas-argentina\/#breadcrumb\",\"itemListElement\":[{\"@type\":\"ListItem\",\"position\":1,\"name\":\"Portada\",\"item\":\"https:\/\/www.noticiasradioreflejos.com.ar\/2021\/\"},{\"@type\":\"ListItem\",\"position\":2,\"name\":\"Diputados aprob\u00f3 y gir\u00f3 al Senado el proyecto que reconoce la Lengua de Se\u00f1as Argentina\"}]},{\"@type\":\"WebSite\",\"@id\":\"https:\/\/www.noticiasradioreflejos.com.ar\/2021\/#website\",\"url\":\"https:\/\/www.noticiasradioreflejos.com.ar\/2021\/\",\"name\":\"Noticias Radio Reflejos\",\"description\":\"Las noticias de mi comarca\",\"potentialAction\":[{\"@type\":\"SearchAction\",\"target\":{\"@type\":\"EntryPoint\",\"urlTemplate\":\"https:\/\/www.noticiasradioreflejos.com.ar\/2021\/?s={search_term_string}\"},\"query-input\":{\"@type\":\"PropertyValueSpecification\",\"valueRequired\":true,\"valueName\":\"search_term_string\"}}],\"inLanguage\":\"es\"},{\"@type\":\"Person\",\"@id\":\"https:\/\/www.noticiasradioreflejos.com.ar\/2021\/#\/schema\/person\/ad82545263dcc5ec0996818884fd5fb1\",\"name\":\"Arnaldo Botto\",\"image\":{\"@type\":\"ImageObject\",\"inLanguage\":\"es\",\"@id\":\"https:\/\/www.noticiasradioreflejos.com.ar\/2021\/#\/schema\/person\/image\/\",\"url\":\"https:\/\/secure.gravatar.com\/avatar\/55cb5e37c1efa326397366e6974cb338056df65cb50e7d64d1cf314e87504837?s=96&d=mm&r=g\",\"contentUrl\":\"https:\/\/secure.gravatar.com\/avatar\/55cb5e37c1efa326397366e6974cb338056df65cb50e7d64d1cf314e87504837?s=96&d=mm&r=g\",\"caption\":\"Arnaldo Botto\"},\"url\":\"https:\/\/www.noticiasradioreflejos.com.ar\/2021\/author\/arnaldo\/\"}]}<\/script>\n<!-- \/ Yoast SEO plugin. -->","yoast_head_json":{"title":"Diputados aprob\u00f3 y gir\u00f3 al Senado el proyecto que reconoce la Lengua de Se\u00f1as Argentina - Noticias Radio Reflejos","robots":{"index":"index","follow":"follow","max-snippet":"max-snippet:-1","max-image-preview":"max-image-preview:large","max-video-preview":"max-video-preview:-1"},"canonical":"https:\/\/www.noticiasradioreflejos.com.ar\/2021\/diputados-aprobo-y-giro-al-senado-el-proyecto-que-reconoce-la-lengua-de-senas-argentina\/","og_locale":"es_ES","og_type":"article","og_title":"Diputados aprob\u00f3 y gir\u00f3 al Senado el proyecto que reconoce la Lengua de Se\u00f1as Argentina - Noticias Radio Reflejos","og_description":"La iniciativa fue sancionada con el respaldo de 229 votos. Reconoce la LSA como una lengua natural y originaria en todo el territorio nacional, junto a la importancia de su preservaci\u00f3n y difusi\u00f3n como parte del patrimonio ling\u00fc\u00edstico y cultural de la comunidad.","og_url":"https:\/\/www.noticiasradioreflejos.com.ar\/2021\/diputados-aprobo-y-giro-al-senado-el-proyecto-que-reconoce-la-lengua-de-senas-argentina\/","og_site_name":"Noticias Radio Reflejos","article_published_time":"2022-11-25T10:43:35+00:00","og_image":[{"url":"https:\/\/www.telam.com.ar\/thumbs\/bluesteel\/advf\/imagenes\/2022\/11\/637fca4c34962_1200.jpg","type":"","width":"","height":""}],"author":"Arnaldo Botto","twitter_card":"summary_large_image","schema":{"@context":"https:\/\/schema.org","@graph":[{"@type":"WebPage","@id":"https:\/\/www.noticiasradioreflejos.com.ar\/2021\/diputados-aprobo-y-giro-al-senado-el-proyecto-que-reconoce-la-lengua-de-senas-argentina\/","url":"https:\/\/www.noticiasradioreflejos.com.ar\/2021\/diputados-aprobo-y-giro-al-senado-el-proyecto-que-reconoce-la-lengua-de-senas-argentina\/","name":"Diputados aprob\u00f3 y gir\u00f3 al Senado el proyecto que reconoce la Lengua de Se\u00f1as Argentina - Noticias Radio Reflejos","isPartOf":{"@id":"https:\/\/www.noticiasradioreflejos.com.ar\/2021\/#website"},"primaryImageOfPage":{"@id":"https:\/\/www.noticiasradioreflejos.com.ar\/2021\/diputados-aprobo-y-giro-al-senado-el-proyecto-que-reconoce-la-lengua-de-senas-argentina\/#primaryimage"},"image":{"@id":"https:\/\/www.noticiasradioreflejos.com.ar\/2021\/diputados-aprobo-y-giro-al-senado-el-proyecto-que-reconoce-la-lengua-de-senas-argentina\/#primaryimage"},"thumbnailUrl":"https:\/\/www.telam.com.ar\/thumbs\/bluesteel\/advf\/imagenes\/2022\/11\/637fca4c34962_1200.jpg","datePublished":"2022-11-25T10:43:35+00:00","author":{"@id":"https:\/\/www.noticiasradioreflejos.com.ar\/2021\/#\/schema\/person\/ad82545263dcc5ec0996818884fd5fb1"},"breadcrumb":{"@id":"https:\/\/www.noticiasradioreflejos.com.ar\/2021\/diputados-aprobo-y-giro-al-senado-el-proyecto-que-reconoce-la-lengua-de-senas-argentina\/#breadcrumb"},"inLanguage":"es","potentialAction":[{"@type":"ReadAction","target":["https:\/\/www.noticiasradioreflejos.com.ar\/2021\/diputados-aprobo-y-giro-al-senado-el-proyecto-que-reconoce-la-lengua-de-senas-argentina\/"]}]},{"@type":"ImageObject","inLanguage":"es","@id":"https:\/\/www.noticiasradioreflejos.com.ar\/2021\/diputados-aprobo-y-giro-al-senado-el-proyecto-que-reconoce-la-lengua-de-senas-argentina\/#primaryimage","url":"https:\/\/www.telam.com.ar\/thumbs\/bluesteel\/advf\/imagenes\/2022\/11\/637fca4c34962_1200.jpg","contentUrl":"https:\/\/www.telam.com.ar\/thumbs\/bluesteel\/advf\/imagenes\/2022\/11\/637fca4c34962_1200.jpg"},{"@type":"BreadcrumbList","@id":"https:\/\/www.noticiasradioreflejos.com.ar\/2021\/diputados-aprobo-y-giro-al-senado-el-proyecto-que-reconoce-la-lengua-de-senas-argentina\/#breadcrumb","itemListElement":[{"@type":"ListItem","position":1,"name":"Portada","item":"https:\/\/www.noticiasradioreflejos.com.ar\/2021\/"},{"@type":"ListItem","position":2,"name":"Diputados aprob\u00f3 y gir\u00f3 al Senado el proyecto que reconoce la Lengua de Se\u00f1as Argentina"}]},{"@type":"WebSite","@id":"https:\/\/www.noticiasradioreflejos.com.ar\/2021\/#website","url":"https:\/\/www.noticiasradioreflejos.com.ar\/2021\/","name":"Noticias Radio Reflejos","description":"Las noticias de mi comarca","potentialAction":[{"@type":"SearchAction","target":{"@type":"EntryPoint","urlTemplate":"https:\/\/www.noticiasradioreflejos.com.ar\/2021\/?s={search_term_string}"},"query-input":{"@type":"PropertyValueSpecification","valueRequired":true,"valueName":"search_term_string"}}],"inLanguage":"es"},{"@type":"Person","@id":"https:\/\/www.noticiasradioreflejos.com.ar\/2021\/#\/schema\/person\/ad82545263dcc5ec0996818884fd5fb1","name":"Arnaldo Botto","image":{"@type":"ImageObject","inLanguage":"es","@id":"https:\/\/www.noticiasradioreflejos.com.ar\/2021\/#\/schema\/person\/image\/","url":"https:\/\/secure.gravatar.com\/avatar\/55cb5e37c1efa326397366e6974cb338056df65cb50e7d64d1cf314e87504837?s=96&d=mm&r=g","contentUrl":"https:\/\/secure.gravatar.com\/avatar\/55cb5e37c1efa326397366e6974cb338056df65cb50e7d64d1cf314e87504837?s=96&d=mm&r=g","caption":"Arnaldo Botto"},"url":"https:\/\/www.noticiasradioreflejos.com.ar\/2021\/author\/arnaldo\/"}]}},"_links":{"self":[{"href":"https:\/\/www.noticiasradioreflejos.com.ar\/2021\/wp-json\/wp\/v2\/posts\/80569","targetHints":{"allow":["GET"]}}],"collection":[{"href":"https:\/\/www.noticiasradioreflejos.com.ar\/2021\/wp-json\/wp\/v2\/posts"}],"about":[{"href":"https:\/\/www.noticiasradioreflejos.com.ar\/2021\/wp-json\/wp\/v2\/types\/post"}],"author":[{"embeddable":true,"href":"https:\/\/www.noticiasradioreflejos.com.ar\/2021\/wp-json\/wp\/v2\/users\/3"}],"replies":[{"embeddable":true,"href":"https:\/\/www.noticiasradioreflejos.com.ar\/2021\/wp-json\/wp\/v2\/comments?post=80569"}],"version-history":[{"count":1,"href":"https:\/\/www.noticiasradioreflejos.com.ar\/2021\/wp-json\/wp\/v2\/posts\/80569\/revisions"}],"predecessor-version":[{"id":80571,"href":"https:\/\/www.noticiasradioreflejos.com.ar\/2021\/wp-json\/wp\/v2\/posts\/80569\/revisions\/80571"}],"wp:attachment":[{"href":"https:\/\/www.noticiasradioreflejos.com.ar\/2021\/wp-json\/wp\/v2\/media?parent=80569"}],"wp:term":[{"taxonomy":"category","embeddable":true,"href":"https:\/\/www.noticiasradioreflejos.com.ar\/2021\/wp-json\/wp\/v2\/categories?post=80569"},{"taxonomy":"post_tag","embeddable":true,"href":"https:\/\/www.noticiasradioreflejos.com.ar\/2021\/wp-json\/wp\/v2\/tags?post=80569"}],"curies":[{"name":"wp","href":"https:\/\/api.w.org\/{rel}","templated":true}]}}