{"id":80566,"date":"2022-11-25T10:30:51","date_gmt":"2022-11-25T10:30:51","guid":{"rendered":"http:\/\/www.noticiasradioreflejos.com.ar\/2021\/?p=80566"},"modified":"2022-11-25T10:30:51","modified_gmt":"2022-11-25T10:30:51","slug":"nuevo-record-un-astronauta-chino-supero-los-200-dias-en-el-espacio","status":"publish","type":"post","link":"https:\/\/www.noticiasradioreflejos.com.ar\/2021\/nuevo-record-un-astronauta-chino-supero-los-200-dias-en-el-espacio\/","title":{"rendered":"Nuevo r\u00e9cord: un astronauta chino super\u00f3 los 200 d\u00edas en el espacio"},"content":{"rendered":"<p>Chen Dong fue enviado al m\u00f3dulo Tianhe de la estaci\u00f3n espacial china, a bordo de la nave Shenzhou-14, el 5 de junio \u00faltimo para una estad\u00eda de seis meses.<!--more--><\/p>\n<figure class=\"mb-3\"><img decoding=\"async\" src=\"https:\/\/www.telam.com.ar\/thumbs\/bluesteel\/advf\/imagenes\/2022\/11\/638092a22273a_1200.jpg\" alt=\"Foto Xinhua\" width=\"100%\" height=\"100%\" \/><\/p>\n<div class=\"media-icons\"><\/div><figcaption>Foto: Xinhua.<\/figcaption><\/figure>\n<p>Un astronauta chino estableci\u00f3 un nuevo r\u00e9cord superando los\u00a0<strong>200 d\u00edas en el espacio<\/strong>, la mayor cantidad de tiempo viviendo y trabajando en \u00f3rbita a la tierra por parte de ciudadano de ese pa\u00eds asi\u00e1tico, inform\u00f3 la agencia de noticias Xinhua.<\/p>\n<p>La Agencia de Vuelos Espaciales Tripulados de China destac\u00f3 que\u00a0<strong>Chen Dong<\/strong>, quien viaj\u00f3 al espacio en dos ocasiones y est\u00e1 a bordo de la\u00a0<strong>estaci\u00f3n espacial Tiangong<\/strong>, es el primer chino en permanecer en \u00f3rbita durante m\u00e1s de 200 d\u00edas.<\/p>\n<p>Junto con otros dos astronautas (taikonautas seg\u00fan la denominaci\u00f3n usada en China para diferenciarse de la terminolog\u00eda aeroespacial estadounidense), Chen fue enviado al m\u00f3dulo Tianhe de la estaci\u00f3n espacial china, a bordo de la nave Shenzhou-14, el 5 de junio \u00faltimo para una estad\u00eda de seis meses.<\/p>\n<p><strong>Es la segunda vez que Chen se aventura al espacio<\/strong>, luego de su primera misi\u00f3n Shenzhou-11 de 33 d\u00edas en Tiangong-2 -el predecesor de la estaci\u00f3n espacial- en 2016.<\/p>\n<p>Ese lapso se suma a los 170 d\u00edas que lleva ahora orbitando la tierra para llegar al r\u00e9cord de 200 d\u00edas.<\/p>\n<p>Despu\u00e9s de su primer viaje espacial, Chen recibi\u00f3 una medalla de tercera clase y el t\u00edtulo honor\u00edfico de \u00abtaikonauta heroico\u00bb.<\/p>\n<p>Chen naci\u00f3 en 1978 en la provincia central china de Henan. Fue reclutado en el equipo de taikonautas de China en mayo de 2010.<\/p>\n<p>Nombrado comandante de la misi\u00f3n, Chen encabez\u00f3 la tripulaci\u00f3n del Shenzhou-14 para completar m\u00faltiples tareas en los \u00faltimos cinco meses.<\/p>\n<p>Entre estas tareas se incluyen tres caminatas espaciales, una serie de experimentos cient\u00edficos, una conferencia de ciencia en vivo y varias operaciones en \u00f3rbita de encuentro, acoplamiento y transposici\u00f3n.<\/p>\n","protected":false},"excerpt":{"rendered":"<p>Chen Dong fue enviado al m\u00f3dulo Tianhe de la estaci\u00f3n espacial china, a bordo de la nave Shenzhou-14, el 5 de junio \u00faltimo para una estad\u00eda de seis meses.<\/p>\n","protected":false},"author":3,"featured_media":0,"comment_status":"closed","ping_status":"closed","sticky":false,"template":"","format":"standard","meta":{"footnotes":""},"categories":[46],"tags":[],"class_list":["post-80566","post","type-post","status-publish","format-standard","hentry","category-ciencia-y-tecnologia"],"yoast_head":"<!-- This site is optimized with the Yoast SEO plugin v25.9 - https:\/\/yoast.com\/wordpress\/plugins\/seo\/ -->\n<title>Nuevo r\u00e9cord: un astronauta chino super\u00f3 los 200 d\u00edas en el espacio - Noticias Radio Reflejos<\/title>\n<meta name=\"robots\" content=\"index, follow, max-snippet:-1, max-image-preview:large, max-video-preview:-1\" \/>\n<link rel=\"canonical\" href=\"https:\/\/www.noticiasradioreflejos.com.ar\/2021\/nuevo-record-un-astronauta-chino-supero-los-200-dias-en-el-espacio\/\" \/>\n<meta property=\"og:locale\" content=\"es_ES\" \/>\n<meta property=\"og:type\" content=\"article\" \/>\n<meta property=\"og:title\" content=\"Nuevo r\u00e9cord: un astronauta chino super\u00f3 los 200 d\u00edas en el espacio - Noticias Radio Reflejos\" \/>\n<meta property=\"og:description\" content=\"Chen Dong fue enviado al m\u00f3dulo Tianhe de la estaci\u00f3n espacial china, a bordo de la nave Shenzhou-14, el 5 de junio \u00faltimo para una estad\u00eda de seis meses.\" \/>\n<meta property=\"og:url\" content=\"https:\/\/www.noticiasradioreflejos.com.ar\/2021\/nuevo-record-un-astronauta-chino-supero-los-200-dias-en-el-espacio\/\" \/>\n<meta property=\"og:site_name\" content=\"Noticias Radio Reflejos\" \/>\n<meta property=\"article:published_time\" content=\"2022-11-25T10:30:51+00:00\" \/>\n<meta property=\"og:image\" content=\"https:\/\/www.telam.com.ar\/thumbs\/bluesteel\/advf\/imagenes\/2022\/11\/638092a22273a_1200.jpg\" \/>\n<meta name=\"author\" content=\"Arnaldo Botto\" \/>\n<meta name=\"twitter:card\" content=\"summary_large_image\" \/>\n<script type=\"application\/ld+json\" class=\"yoast-schema-graph\">{\"@context\":\"https:\/\/schema.org\",\"@graph\":[{\"@type\":\"WebPage\",\"@id\":\"https:\/\/www.noticiasradioreflejos.com.ar\/2021\/nuevo-record-un-astronauta-chino-supero-los-200-dias-en-el-espacio\/\",\"url\":\"https:\/\/www.noticiasradioreflejos.com.ar\/2021\/nuevo-record-un-astronauta-chino-supero-los-200-dias-en-el-espacio\/\",\"name\":\"Nuevo r\u00e9cord: un astronauta chino super\u00f3 los 200 d\u00edas en el espacio - Noticias Radio Reflejos\",\"isPartOf\":{\"@id\":\"https:\/\/www.noticiasradioreflejos.com.ar\/2021\/#website\"},\"primaryImageOfPage\":{\"@id\":\"https:\/\/www.noticiasradioreflejos.com.ar\/2021\/nuevo-record-un-astronauta-chino-supero-los-200-dias-en-el-espacio\/#primaryimage\"},\"image\":{\"@id\":\"https:\/\/www.noticiasradioreflejos.com.ar\/2021\/nuevo-record-un-astronauta-chino-supero-los-200-dias-en-el-espacio\/#primaryimage\"},\"thumbnailUrl\":\"https:\/\/www.telam.com.ar\/thumbs\/bluesteel\/advf\/imagenes\/2022\/11\/638092a22273a_1200.jpg\",\"datePublished\":\"2022-11-25T10:30:51+00:00\",\"author\":{\"@id\":\"https:\/\/www.noticiasradioreflejos.com.ar\/2021\/#\/schema\/person\/ad82545263dcc5ec0996818884fd5fb1\"},\"breadcrumb\":{\"@id\":\"https:\/\/www.noticiasradioreflejos.com.ar\/2021\/nuevo-record-un-astronauta-chino-supero-los-200-dias-en-el-espacio\/#breadcrumb\"},\"inLanguage\":\"es\",\"potentialAction\":[{\"@type\":\"ReadAction\",\"target\":[\"https:\/\/www.noticiasradioreflejos.com.ar\/2021\/nuevo-record-un-astronauta-chino-supero-los-200-dias-en-el-espacio\/\"]}]},{\"@type\":\"ImageObject\",\"inLanguage\":\"es\",\"@id\":\"https:\/\/www.noticiasradioreflejos.com.ar\/2021\/nuevo-record-un-astronauta-chino-supero-los-200-dias-en-el-espacio\/#primaryimage\",\"url\":\"https:\/\/www.telam.com.ar\/thumbs\/bluesteel\/advf\/imagenes\/2022\/11\/638092a22273a_1200.jpg\",\"contentUrl\":\"https:\/\/www.telam.com.ar\/thumbs\/bluesteel\/advf\/imagenes\/2022\/11\/638092a22273a_1200.jpg\"},{\"@type\":\"BreadcrumbList\",\"@id\":\"https:\/\/www.noticiasradioreflejos.com.ar\/2021\/nuevo-record-un-astronauta-chino-supero-los-200-dias-en-el-espacio\/#breadcrumb\",\"itemListElement\":[{\"@type\":\"ListItem\",\"position\":1,\"name\":\"Portada\",\"item\":\"https:\/\/www.noticiasradioreflejos.com.ar\/2021\/\"},{\"@type\":\"ListItem\",\"position\":2,\"name\":\"Nuevo r\u00e9cord: un astronauta chino super\u00f3 los 200 d\u00edas en el espacio\"}]},{\"@type\":\"WebSite\",\"@id\":\"https:\/\/www.noticiasradioreflejos.com.ar\/2021\/#website\",\"url\":\"https:\/\/www.noticiasradioreflejos.com.ar\/2021\/\",\"name\":\"Noticias Radio Reflejos\",\"description\":\"Las noticias de mi comarca\",\"potentialAction\":[{\"@type\":\"SearchAction\",\"target\":{\"@type\":\"EntryPoint\",\"urlTemplate\":\"https:\/\/www.noticiasradioreflejos.com.ar\/2021\/?s={search_term_string}\"},\"query-input\":{\"@type\":\"PropertyValueSpecification\",\"valueRequired\":true,\"valueName\":\"search_term_string\"}}],\"inLanguage\":\"es\"},{\"@type\":\"Person\",\"@id\":\"https:\/\/www.noticiasradioreflejos.com.ar\/2021\/#\/schema\/person\/ad82545263dcc5ec0996818884fd5fb1\",\"name\":\"Arnaldo Botto\",\"image\":{\"@type\":\"ImageObject\",\"inLanguage\":\"es\",\"@id\":\"https:\/\/www.noticiasradioreflejos.com.ar\/2021\/#\/schema\/person\/image\/\",\"url\":\"https:\/\/secure.gravatar.com\/avatar\/55cb5e37c1efa326397366e6974cb338056df65cb50e7d64d1cf314e87504837?s=96&d=mm&r=g\",\"contentUrl\":\"https:\/\/secure.gravatar.com\/avatar\/55cb5e37c1efa326397366e6974cb338056df65cb50e7d64d1cf314e87504837?s=96&d=mm&r=g\",\"caption\":\"Arnaldo Botto\"},\"url\":\"https:\/\/www.noticiasradioreflejos.com.ar\/2021\/author\/arnaldo\/\"}]}<\/script>\n<!-- \/ Yoast SEO plugin. -->","yoast_head_json":{"title":"Nuevo r\u00e9cord: un astronauta chino super\u00f3 los 200 d\u00edas en el espacio - Noticias Radio Reflejos","robots":{"index":"index","follow":"follow","max-snippet":"max-snippet:-1","max-image-preview":"max-image-preview:large","max-video-preview":"max-video-preview:-1"},"canonical":"https:\/\/www.noticiasradioreflejos.com.ar\/2021\/nuevo-record-un-astronauta-chino-supero-los-200-dias-en-el-espacio\/","og_locale":"es_ES","og_type":"article","og_title":"Nuevo r\u00e9cord: un astronauta chino super\u00f3 los 200 d\u00edas en el espacio - Noticias Radio Reflejos","og_description":"Chen Dong fue enviado al m\u00f3dulo Tianhe de la estaci\u00f3n espacial china, a bordo de la nave Shenzhou-14, el 5 de junio \u00faltimo para una estad\u00eda de seis meses.","og_url":"https:\/\/www.noticiasradioreflejos.com.ar\/2021\/nuevo-record-un-astronauta-chino-supero-los-200-dias-en-el-espacio\/","og_site_name":"Noticias Radio Reflejos","article_published_time":"2022-11-25T10:30:51+00:00","og_image":[{"url":"https:\/\/www.telam.com.ar\/thumbs\/bluesteel\/advf\/imagenes\/2022\/11\/638092a22273a_1200.jpg","type":"","width":"","height":""}],"author":"Arnaldo Botto","twitter_card":"summary_large_image","schema":{"@context":"https:\/\/schema.org","@graph":[{"@type":"WebPage","@id":"https:\/\/www.noticiasradioreflejos.com.ar\/2021\/nuevo-record-un-astronauta-chino-supero-los-200-dias-en-el-espacio\/","url":"https:\/\/www.noticiasradioreflejos.com.ar\/2021\/nuevo-record-un-astronauta-chino-supero-los-200-dias-en-el-espacio\/","name":"Nuevo r\u00e9cord: un astronauta chino super\u00f3 los 200 d\u00edas en el espacio - Noticias Radio Reflejos","isPartOf":{"@id":"https:\/\/www.noticiasradioreflejos.com.ar\/2021\/#website"},"primaryImageOfPage":{"@id":"https:\/\/www.noticiasradioreflejos.com.ar\/2021\/nuevo-record-un-astronauta-chino-supero-los-200-dias-en-el-espacio\/#primaryimage"},"image":{"@id":"https:\/\/www.noticiasradioreflejos.com.ar\/2021\/nuevo-record-un-astronauta-chino-supero-los-200-dias-en-el-espacio\/#primaryimage"},"thumbnailUrl":"https:\/\/www.telam.com.ar\/thumbs\/bluesteel\/advf\/imagenes\/2022\/11\/638092a22273a_1200.jpg","datePublished":"2022-11-25T10:30:51+00:00","author":{"@id":"https:\/\/www.noticiasradioreflejos.com.ar\/2021\/#\/schema\/person\/ad82545263dcc5ec0996818884fd5fb1"},"breadcrumb":{"@id":"https:\/\/www.noticiasradioreflejos.com.ar\/2021\/nuevo-record-un-astronauta-chino-supero-los-200-dias-en-el-espacio\/#breadcrumb"},"inLanguage":"es","potentialAction":[{"@type":"ReadAction","target":["https:\/\/www.noticiasradioreflejos.com.ar\/2021\/nuevo-record-un-astronauta-chino-supero-los-200-dias-en-el-espacio\/"]}]},{"@type":"ImageObject","inLanguage":"es","@id":"https:\/\/www.noticiasradioreflejos.com.ar\/2021\/nuevo-record-un-astronauta-chino-supero-los-200-dias-en-el-espacio\/#primaryimage","url":"https:\/\/www.telam.com.ar\/thumbs\/bluesteel\/advf\/imagenes\/2022\/11\/638092a22273a_1200.jpg","contentUrl":"https:\/\/www.telam.com.ar\/thumbs\/bluesteel\/advf\/imagenes\/2022\/11\/638092a22273a_1200.jpg"},{"@type":"BreadcrumbList","@id":"https:\/\/www.noticiasradioreflejos.com.ar\/2021\/nuevo-record-un-astronauta-chino-supero-los-200-dias-en-el-espacio\/#breadcrumb","itemListElement":[{"@type":"ListItem","position":1,"name":"Portada","item":"https:\/\/www.noticiasradioreflejos.com.ar\/2021\/"},{"@type":"ListItem","position":2,"name":"Nuevo r\u00e9cord: un astronauta chino super\u00f3 los 200 d\u00edas en el espacio"}]},{"@type":"WebSite","@id":"https:\/\/www.noticiasradioreflejos.com.ar\/2021\/#website","url":"https:\/\/www.noticiasradioreflejos.com.ar\/2021\/","name":"Noticias Radio Reflejos","description":"Las noticias de mi comarca","potentialAction":[{"@type":"SearchAction","target":{"@type":"EntryPoint","urlTemplate":"https:\/\/www.noticiasradioreflejos.com.ar\/2021\/?s={search_term_string}"},"query-input":{"@type":"PropertyValueSpecification","valueRequired":true,"valueName":"search_term_string"}}],"inLanguage":"es"},{"@type":"Person","@id":"https:\/\/www.noticiasradioreflejos.com.ar\/2021\/#\/schema\/person\/ad82545263dcc5ec0996818884fd5fb1","name":"Arnaldo Botto","image":{"@type":"ImageObject","inLanguage":"es","@id":"https:\/\/www.noticiasradioreflejos.com.ar\/2021\/#\/schema\/person\/image\/","url":"https:\/\/secure.gravatar.com\/avatar\/55cb5e37c1efa326397366e6974cb338056df65cb50e7d64d1cf314e87504837?s=96&d=mm&r=g","contentUrl":"https:\/\/secure.gravatar.com\/avatar\/55cb5e37c1efa326397366e6974cb338056df65cb50e7d64d1cf314e87504837?s=96&d=mm&r=g","caption":"Arnaldo Botto"},"url":"https:\/\/www.noticiasradioreflejos.com.ar\/2021\/author\/arnaldo\/"}]}},"_links":{"self":[{"href":"https:\/\/www.noticiasradioreflejos.com.ar\/2021\/wp-json\/wp\/v2\/posts\/80566","targetHints":{"allow":["GET"]}}],"collection":[{"href":"https:\/\/www.noticiasradioreflejos.com.ar\/2021\/wp-json\/wp\/v2\/posts"}],"about":[{"href":"https:\/\/www.noticiasradioreflejos.com.ar\/2021\/wp-json\/wp\/v2\/types\/post"}],"author":[{"embeddable":true,"href":"https:\/\/www.noticiasradioreflejos.com.ar\/2021\/wp-json\/wp\/v2\/users\/3"}],"replies":[{"embeddable":true,"href":"https:\/\/www.noticiasradioreflejos.com.ar\/2021\/wp-json\/wp\/v2\/comments?post=80566"}],"version-history":[{"count":1,"href":"https:\/\/www.noticiasradioreflejos.com.ar\/2021\/wp-json\/wp\/v2\/posts\/80566\/revisions"}],"predecessor-version":[{"id":80568,"href":"https:\/\/www.noticiasradioreflejos.com.ar\/2021\/wp-json\/wp\/v2\/posts\/80566\/revisions\/80568"}],"wp:attachment":[{"href":"https:\/\/www.noticiasradioreflejos.com.ar\/2021\/wp-json\/wp\/v2\/media?parent=80566"}],"wp:term":[{"taxonomy":"category","embeddable":true,"href":"https:\/\/www.noticiasradioreflejos.com.ar\/2021\/wp-json\/wp\/v2\/categories?post=80566"},{"taxonomy":"post_tag","embeddable":true,"href":"https:\/\/www.noticiasradioreflejos.com.ar\/2021\/wp-json\/wp\/v2\/tags?post=80566"}],"curies":[{"name":"wp","href":"https:\/\/api.w.org\/{rel}","templated":true}]}}