{"id":80546,"date":"2022-11-24T17:02:44","date_gmt":"2022-11-24T17:02:44","guid":{"rendered":"http:\/\/www.noticiasradioreflejos.com.ar\/2021\/?p=80546"},"modified":"2022-11-24T17:02:44","modified_gmt":"2022-11-24T17:02:44","slug":"comunicado-en-respuesta-a-hector-zarate-sobre-la-situacion-judicial-del-predio-del-ex-club-hotel-de-villa-ventana","status":"publish","type":"post","link":"https:\/\/www.noticiasradioreflejos.com.ar\/2021\/comunicado-en-respuesta-a-hector-zarate-sobre-la-situacion-judicial-del-predio-del-ex-club-hotel-de-villa-ventana\/","title":{"rendered":"Comunicado en respuesta a H\u00e9ctor Z\u00e1rate sobre la situaci\u00f3n judicial del predio del Ex &#8211; Club Hotel de Villa Ventana"},"content":{"rendered":"<p>Tornquist Municipio se dirige a la comunidad, en respuesta a las manifestaciones vertidas por el Sr. H\u00e9ctor Z\u00e1rate en un medio local el d\u00eda 23 de noviembre del corriente, a fin de mantener debidamente informada a los y las ciudadanos\/as interesados\/as, sobre la situaci\u00f3n judicial descripta con relaci\u00f3n al predio del Ex &#8211; Club Hotel de Villa Ventana. <!--more--><\/p>\n<p>Ponemos de resalto y aclaramos, que la resoluci\u00f3n judicial dictada en fecha 28\/09\/2022 por el Juez en lo Civil y Comercial del Juzgado nro. 4 de Bah\u00eda Blanca, en el juicio que sigue la Municipalidad de Tornquist contra los Sres. Eduardo Morantes (hoy fallecido) y H\u00e9ctor Z\u00e1rate, se encuentra firme, esto significa que no puede ser apelada por las partes y por ende contra la persona se orden\u00f3 el retiro de los alambrados, Sr. H\u00e9ctor Zarate, debe acatarla.<\/p>\n<p>Del texto de la resoluci\u00f3n que se publica con la presente, se desprende con claridad meridiana, la falta a la verdad en los dichos y manifestaciones por parte de Z\u00e1rate. El texto de la resoluci\u00f3n da cuenta de la intimaci\u00f3n judicial cursada a \u00e9ste de retirar los alambres, que aclaramos, ha incumplido hasta la fecha y establece que, en caso de su negativa, la imposici\u00f3n de una multa de $20.000 diarios hasta que remueva dichos alambres, as\u00ed como lo ordenado por el juez de remitir los antecedentes a la justicia penal por el delito de desobediencia a la autoridad judicial. Si bien la informaci\u00f3n del expediente judicial es p\u00fablica, entendemos que, dado el car\u00e1cter t\u00e9cnico del vocabulario utilizado, as\u00ed como, por el tenor de las tendenciosas y parciales manifestaciones realizadas por el Sr. Z\u00e1rate, que inducen a confundir y mal informar a la poblaci\u00f3n, es necesario al menos, realizar esta aclaraci\u00f3n, as\u00ed como reiterar y ratificar que el expediente se encuentra en estado de que sean puestos los autos para alegar, paso previo al dictado de la sentencia de primera instancia sobre el fondo de la cuesti\u00f3n.<\/p>\n","protected":false},"excerpt":{"rendered":"<p>Tornquist Municipio se dirige a la comunidad, en respuesta a las manifestaciones vertidas por el Sr. H\u00e9ctor Z\u00e1rate en un medio local el d\u00eda 23 de noviembre del corriente, a fin de mantener debidamente informada a los y las ciudadanos\/as interesados\/as, sobre la situaci\u00f3n judicial descripta con relaci\u00f3n al predio del Ex &#8211; Club Hotel [&hellip;]<\/p>\n","protected":false},"author":3,"featured_media":79241,"comment_status":"closed","ping_status":"closed","sticky":false,"template":"","format":"standard","meta":{"footnotes":""},"categories":[1],"tags":[],"class_list":["post-80546","post","type-post","status-publish","format-standard","has-post-thumbnail","hentry","category-sin-categoria"],"yoast_head":"<!-- This site is optimized with the Yoast SEO plugin v25.9 - https:\/\/yoast.com\/wordpress\/plugins\/seo\/ -->\n<title>Comunicado en respuesta a H\u00e9ctor Z\u00e1rate sobre la situaci\u00f3n judicial del predio del Ex - Club Hotel de Villa Ventana - Noticias Radio Reflejos<\/title>\n<meta name=\"robots\" content=\"index, follow, max-snippet:-1, max-image-preview:large, max-video-preview:-1\" \/>\n<link rel=\"canonical\" href=\"https:\/\/www.noticiasradioreflejos.com.ar\/2021\/comunicado-en-respuesta-a-hector-zarate-sobre-la-situacion-judicial-del-predio-del-ex-club-hotel-de-villa-ventana\/\" \/>\n<meta property=\"og:locale\" content=\"es_ES\" \/>\n<meta property=\"og:type\" content=\"article\" \/>\n<meta property=\"og:title\" content=\"Comunicado en respuesta a H\u00e9ctor Z\u00e1rate sobre la situaci\u00f3n judicial del predio del Ex - Club Hotel de Villa Ventana - Noticias Radio Reflejos\" \/>\n<meta property=\"og:description\" content=\"Tornquist Municipio se dirige a la comunidad, en respuesta a las manifestaciones vertidas por el Sr. H\u00e9ctor Z\u00e1rate en un medio local el d\u00eda 23 de noviembre del corriente, a fin de mantener debidamente informada a los y las ciudadanos\/as interesados\/as, sobre la situaci\u00f3n judicial descripta con relaci\u00f3n al predio del Ex &#8211; Club Hotel [&hellip;]\" \/>\n<meta property=\"og:url\" content=\"https:\/\/www.noticiasradioreflejos.com.ar\/2021\/comunicado-en-respuesta-a-hector-zarate-sobre-la-situacion-judicial-del-predio-del-ex-club-hotel-de-villa-ventana\/\" \/>\n<meta property=\"og:site_name\" content=\"Noticias Radio Reflejos\" \/>\n<meta property=\"article:published_time\" content=\"2022-11-24T17:02:44+00:00\" \/>\n<meta property=\"og:image\" content=\"https:\/\/www.noticiasradioreflejos.com.ar\/2021\/wp-content\/uploads\/2022\/10\/Ex-Club-Hotel.jpg\" \/>\n\t<meta property=\"og:image:width\" content=\"700\" \/>\n\t<meta property=\"og:image:height\" content=\"353\" \/>\n\t<meta property=\"og:image:type\" content=\"image\/jpeg\" \/>\n<meta name=\"author\" content=\"Arnaldo Botto\" \/>\n<meta name=\"twitter:card\" content=\"summary_large_image\" \/>\n<script type=\"application\/ld+json\" class=\"yoast-schema-graph\">{\"@context\":\"https:\/\/schema.org\",\"@graph\":[{\"@type\":\"WebPage\",\"@id\":\"https:\/\/www.noticiasradioreflejos.com.ar\/2021\/comunicado-en-respuesta-a-hector-zarate-sobre-la-situacion-judicial-del-predio-del-ex-club-hotel-de-villa-ventana\/\",\"url\":\"https:\/\/www.noticiasradioreflejos.com.ar\/2021\/comunicado-en-respuesta-a-hector-zarate-sobre-la-situacion-judicial-del-predio-del-ex-club-hotel-de-villa-ventana\/\",\"name\":\"Comunicado en respuesta a H\u00e9ctor Z\u00e1rate sobre la situaci\u00f3n judicial del predio del Ex - Club Hotel de Villa Ventana - Noticias Radio Reflejos\",\"isPartOf\":{\"@id\":\"https:\/\/www.noticiasradioreflejos.com.ar\/2021\/#website\"},\"primaryImageOfPage\":{\"@id\":\"https:\/\/www.noticiasradioreflejos.com.ar\/2021\/comunicado-en-respuesta-a-hector-zarate-sobre-la-situacion-judicial-del-predio-del-ex-club-hotel-de-villa-ventana\/#primaryimage\"},\"image\":{\"@id\":\"https:\/\/www.noticiasradioreflejos.com.ar\/2021\/comunicado-en-respuesta-a-hector-zarate-sobre-la-situacion-judicial-del-predio-del-ex-club-hotel-de-villa-ventana\/#primaryimage\"},\"thumbnailUrl\":\"https:\/\/www.noticiasradioreflejos.com.ar\/2021\/wp-content\/uploads\/2022\/10\/Ex-Club-Hotel.jpg\",\"datePublished\":\"2022-11-24T17:02:44+00:00\",\"author\":{\"@id\":\"https:\/\/www.noticiasradioreflejos.com.ar\/2021\/#\/schema\/person\/ad82545263dcc5ec0996818884fd5fb1\"},\"breadcrumb\":{\"@id\":\"https:\/\/www.noticiasradioreflejos.com.ar\/2021\/comunicado-en-respuesta-a-hector-zarate-sobre-la-situacion-judicial-del-predio-del-ex-club-hotel-de-villa-ventana\/#breadcrumb\"},\"inLanguage\":\"es\",\"potentialAction\":[{\"@type\":\"ReadAction\",\"target\":[\"https:\/\/www.noticiasradioreflejos.com.ar\/2021\/comunicado-en-respuesta-a-hector-zarate-sobre-la-situacion-judicial-del-predio-del-ex-club-hotel-de-villa-ventana\/\"]}]},{\"@type\":\"ImageObject\",\"inLanguage\":\"es\",\"@id\":\"https:\/\/www.noticiasradioreflejos.com.ar\/2021\/comunicado-en-respuesta-a-hector-zarate-sobre-la-situacion-judicial-del-predio-del-ex-club-hotel-de-villa-ventana\/#primaryimage\",\"url\":\"https:\/\/www.noticiasradioreflejos.com.ar\/2021\/wp-content\/uploads\/2022\/10\/Ex-Club-Hotel.jpg\",\"contentUrl\":\"https:\/\/www.noticiasradioreflejos.com.ar\/2021\/wp-content\/uploads\/2022\/10\/Ex-Club-Hotel.jpg\",\"width\":700,\"height\":353,\"caption\":\"SONY DSC\"},{\"@type\":\"BreadcrumbList\",\"@id\":\"https:\/\/www.noticiasradioreflejos.com.ar\/2021\/comunicado-en-respuesta-a-hector-zarate-sobre-la-situacion-judicial-del-predio-del-ex-club-hotel-de-villa-ventana\/#breadcrumb\",\"itemListElement\":[{\"@type\":\"ListItem\",\"position\":1,\"name\":\"Portada\",\"item\":\"https:\/\/www.noticiasradioreflejos.com.ar\/2021\/\"},{\"@type\":\"ListItem\",\"position\":2,\"name\":\"Comunicado en respuesta a H\u00e9ctor Z\u00e1rate sobre la situaci\u00f3n judicial del predio del Ex &#8211; Club Hotel de Villa Ventana\"}]},{\"@type\":\"WebSite\",\"@id\":\"https:\/\/www.noticiasradioreflejos.com.ar\/2021\/#website\",\"url\":\"https:\/\/www.noticiasradioreflejos.com.ar\/2021\/\",\"name\":\"Noticias Radio Reflejos\",\"description\":\"Las noticias de mi comarca\",\"potentialAction\":[{\"@type\":\"SearchAction\",\"target\":{\"@type\":\"EntryPoint\",\"urlTemplate\":\"https:\/\/www.noticiasradioreflejos.com.ar\/2021\/?s={search_term_string}\"},\"query-input\":{\"@type\":\"PropertyValueSpecification\",\"valueRequired\":true,\"valueName\":\"search_term_string\"}}],\"inLanguage\":\"es\"},{\"@type\":\"Person\",\"@id\":\"https:\/\/www.noticiasradioreflejos.com.ar\/2021\/#\/schema\/person\/ad82545263dcc5ec0996818884fd5fb1\",\"name\":\"Arnaldo Botto\",\"image\":{\"@type\":\"ImageObject\",\"inLanguage\":\"es\",\"@id\":\"https:\/\/www.noticiasradioreflejos.com.ar\/2021\/#\/schema\/person\/image\/\",\"url\":\"https:\/\/secure.gravatar.com\/avatar\/55cb5e37c1efa326397366e6974cb338056df65cb50e7d64d1cf314e87504837?s=96&d=mm&r=g\",\"contentUrl\":\"https:\/\/secure.gravatar.com\/avatar\/55cb5e37c1efa326397366e6974cb338056df65cb50e7d64d1cf314e87504837?s=96&d=mm&r=g\",\"caption\":\"Arnaldo Botto\"},\"url\":\"https:\/\/www.noticiasradioreflejos.com.ar\/2021\/author\/arnaldo\/\"}]}<\/script>\n<!-- \/ Yoast SEO plugin. -->","yoast_head_json":{"title":"Comunicado en respuesta a H\u00e9ctor Z\u00e1rate sobre la situaci\u00f3n judicial del predio del Ex - Club Hotel de Villa Ventana - Noticias Radio Reflejos","robots":{"index":"index","follow":"follow","max-snippet":"max-snippet:-1","max-image-preview":"max-image-preview:large","max-video-preview":"max-video-preview:-1"},"canonical":"https:\/\/www.noticiasradioreflejos.com.ar\/2021\/comunicado-en-respuesta-a-hector-zarate-sobre-la-situacion-judicial-del-predio-del-ex-club-hotel-de-villa-ventana\/","og_locale":"es_ES","og_type":"article","og_title":"Comunicado en respuesta a H\u00e9ctor Z\u00e1rate sobre la situaci\u00f3n judicial del predio del Ex - Club Hotel de Villa Ventana - Noticias Radio Reflejos","og_description":"Tornquist Municipio se dirige a la comunidad, en respuesta a las manifestaciones vertidas por el Sr. H\u00e9ctor Z\u00e1rate en un medio local el d\u00eda 23 de noviembre del corriente, a fin de mantener debidamente informada a los y las ciudadanos\/as interesados\/as, sobre la situaci\u00f3n judicial descripta con relaci\u00f3n al predio del Ex &#8211; Club Hotel [&hellip;]","og_url":"https:\/\/www.noticiasradioreflejos.com.ar\/2021\/comunicado-en-respuesta-a-hector-zarate-sobre-la-situacion-judicial-del-predio-del-ex-club-hotel-de-villa-ventana\/","og_site_name":"Noticias Radio Reflejos","article_published_time":"2022-11-24T17:02:44+00:00","og_image":[{"width":700,"height":353,"url":"https:\/\/www.noticiasradioreflejos.com.ar\/2021\/wp-content\/uploads\/2022\/10\/Ex-Club-Hotel.jpg","type":"image\/jpeg"}],"author":"Arnaldo Botto","twitter_card":"summary_large_image","schema":{"@context":"https:\/\/schema.org","@graph":[{"@type":"WebPage","@id":"https:\/\/www.noticiasradioreflejos.com.ar\/2021\/comunicado-en-respuesta-a-hector-zarate-sobre-la-situacion-judicial-del-predio-del-ex-club-hotel-de-villa-ventana\/","url":"https:\/\/www.noticiasradioreflejos.com.ar\/2021\/comunicado-en-respuesta-a-hector-zarate-sobre-la-situacion-judicial-del-predio-del-ex-club-hotel-de-villa-ventana\/","name":"Comunicado en respuesta a H\u00e9ctor Z\u00e1rate sobre la situaci\u00f3n judicial del predio del Ex - Club Hotel de Villa Ventana - Noticias Radio Reflejos","isPartOf":{"@id":"https:\/\/www.noticiasradioreflejos.com.ar\/2021\/#website"},"primaryImageOfPage":{"@id":"https:\/\/www.noticiasradioreflejos.com.ar\/2021\/comunicado-en-respuesta-a-hector-zarate-sobre-la-situacion-judicial-del-predio-del-ex-club-hotel-de-villa-ventana\/#primaryimage"},"image":{"@id":"https:\/\/www.noticiasradioreflejos.com.ar\/2021\/comunicado-en-respuesta-a-hector-zarate-sobre-la-situacion-judicial-del-predio-del-ex-club-hotel-de-villa-ventana\/#primaryimage"},"thumbnailUrl":"https:\/\/www.noticiasradioreflejos.com.ar\/2021\/wp-content\/uploads\/2022\/10\/Ex-Club-Hotel.jpg","datePublished":"2022-11-24T17:02:44+00:00","author":{"@id":"https:\/\/www.noticiasradioreflejos.com.ar\/2021\/#\/schema\/person\/ad82545263dcc5ec0996818884fd5fb1"},"breadcrumb":{"@id":"https:\/\/www.noticiasradioreflejos.com.ar\/2021\/comunicado-en-respuesta-a-hector-zarate-sobre-la-situacion-judicial-del-predio-del-ex-club-hotel-de-villa-ventana\/#breadcrumb"},"inLanguage":"es","potentialAction":[{"@type":"ReadAction","target":["https:\/\/www.noticiasradioreflejos.com.ar\/2021\/comunicado-en-respuesta-a-hector-zarate-sobre-la-situacion-judicial-del-predio-del-ex-club-hotel-de-villa-ventana\/"]}]},{"@type":"ImageObject","inLanguage":"es","@id":"https:\/\/www.noticiasradioreflejos.com.ar\/2021\/comunicado-en-respuesta-a-hector-zarate-sobre-la-situacion-judicial-del-predio-del-ex-club-hotel-de-villa-ventana\/#primaryimage","url":"https:\/\/www.noticiasradioreflejos.com.ar\/2021\/wp-content\/uploads\/2022\/10\/Ex-Club-Hotel.jpg","contentUrl":"https:\/\/www.noticiasradioreflejos.com.ar\/2021\/wp-content\/uploads\/2022\/10\/Ex-Club-Hotel.jpg","width":700,"height":353,"caption":"SONY DSC"},{"@type":"BreadcrumbList","@id":"https:\/\/www.noticiasradioreflejos.com.ar\/2021\/comunicado-en-respuesta-a-hector-zarate-sobre-la-situacion-judicial-del-predio-del-ex-club-hotel-de-villa-ventana\/#breadcrumb","itemListElement":[{"@type":"ListItem","position":1,"name":"Portada","item":"https:\/\/www.noticiasradioreflejos.com.ar\/2021\/"},{"@type":"ListItem","position":2,"name":"Comunicado en respuesta a H\u00e9ctor Z\u00e1rate sobre la situaci\u00f3n judicial del predio del Ex &#8211; Club Hotel de Villa Ventana"}]},{"@type":"WebSite","@id":"https:\/\/www.noticiasradioreflejos.com.ar\/2021\/#website","url":"https:\/\/www.noticiasradioreflejos.com.ar\/2021\/","name":"Noticias Radio Reflejos","description":"Las noticias de mi comarca","potentialAction":[{"@type":"SearchAction","target":{"@type":"EntryPoint","urlTemplate":"https:\/\/www.noticiasradioreflejos.com.ar\/2021\/?s={search_term_string}"},"query-input":{"@type":"PropertyValueSpecification","valueRequired":true,"valueName":"search_term_string"}}],"inLanguage":"es"},{"@type":"Person","@id":"https:\/\/www.noticiasradioreflejos.com.ar\/2021\/#\/schema\/person\/ad82545263dcc5ec0996818884fd5fb1","name":"Arnaldo Botto","image":{"@type":"ImageObject","inLanguage":"es","@id":"https:\/\/www.noticiasradioreflejos.com.ar\/2021\/#\/schema\/person\/image\/","url":"https:\/\/secure.gravatar.com\/avatar\/55cb5e37c1efa326397366e6974cb338056df65cb50e7d64d1cf314e87504837?s=96&d=mm&r=g","contentUrl":"https:\/\/secure.gravatar.com\/avatar\/55cb5e37c1efa326397366e6974cb338056df65cb50e7d64d1cf314e87504837?s=96&d=mm&r=g","caption":"Arnaldo Botto"},"url":"https:\/\/www.noticiasradioreflejos.com.ar\/2021\/author\/arnaldo\/"}]}},"_links":{"self":[{"href":"https:\/\/www.noticiasradioreflejos.com.ar\/2021\/wp-json\/wp\/v2\/posts\/80546","targetHints":{"allow":["GET"]}}],"collection":[{"href":"https:\/\/www.noticiasradioreflejos.com.ar\/2021\/wp-json\/wp\/v2\/posts"}],"about":[{"href":"https:\/\/www.noticiasradioreflejos.com.ar\/2021\/wp-json\/wp\/v2\/types\/post"}],"author":[{"embeddable":true,"href":"https:\/\/www.noticiasradioreflejos.com.ar\/2021\/wp-json\/wp\/v2\/users\/3"}],"replies":[{"embeddable":true,"href":"https:\/\/www.noticiasradioreflejos.com.ar\/2021\/wp-json\/wp\/v2\/comments?post=80546"}],"version-history":[{"count":1,"href":"https:\/\/www.noticiasradioreflejos.com.ar\/2021\/wp-json\/wp\/v2\/posts\/80546\/revisions"}],"predecessor-version":[{"id":80547,"href":"https:\/\/www.noticiasradioreflejos.com.ar\/2021\/wp-json\/wp\/v2\/posts\/80546\/revisions\/80547"}],"wp:featuredmedia":[{"embeddable":true,"href":"https:\/\/www.noticiasradioreflejos.com.ar\/2021\/wp-json\/wp\/v2\/media\/79241"}],"wp:attachment":[{"href":"https:\/\/www.noticiasradioreflejos.com.ar\/2021\/wp-json\/wp\/v2\/media?parent=80546"}],"wp:term":[{"taxonomy":"category","embeddable":true,"href":"https:\/\/www.noticiasradioreflejos.com.ar\/2021\/wp-json\/wp\/v2\/categories?post=80546"},{"taxonomy":"post_tag","embeddable":true,"href":"https:\/\/www.noticiasradioreflejos.com.ar\/2021\/wp-json\/wp\/v2\/tags?post=80546"}],"curies":[{"name":"wp","href":"https:\/\/api.w.org\/{rel}","templated":true}]}}