{"id":80447,"date":"2022-11-23T11:33:09","date_gmt":"2022-11-23T11:33:09","guid":{"rendered":"http:\/\/www.noticiasradioreflejos.com.ar\/2021\/?p=80447"},"modified":"2022-11-23T11:33:09","modified_gmt":"2022-11-23T11:33:09","slug":"argentina-volvio-a-las-practicas-y-scaloni-analiza-cambios","status":"publish","type":"post","link":"https:\/\/www.noticiasradioreflejos.com.ar\/2021\/argentina-volvio-a-las-practicas-y-scaloni-analiza-cambios\/","title":{"rendered":"Argentina volvi\u00f3 a las pr\u00e1cticas y Scaloni analiza cambios"},"content":{"rendered":"<p>Por primera vez desde su estad\u00eda en la Universidad de Qatar, el plantel se entren\u00f3 durante la ma\u00f1ana. El entrenador y su cuerpo t\u00e9cnico ya empezaron a pensar la posibilidad de realizar modificaciones en el equipo para el partido del s\u00e1bado ante M\u00e9xico.<!--more--><\/p>\n<figure class=\"mb-3\"><img decoding=\"async\" src=\"https:\/\/www.telam.com.ar\/thumbs\/bluesteel\/advf\/imagenes\/2022\/11\/637dec6dcb54a_1200.jpg\" alt=\"Foto Maximiliano Luna\" width=\"100%\" height=\"100%\" \/><\/p>\n<div class=\"media-icons\"><\/div><figcaption>Foto: Maximiliano Luna.<\/figcaption><\/figure>\n<p>El seleccionado argentino volvi\u00f3 este mi\u00e9rcoles a los entrenamientos luego de\u00a0<a href=\"https:\/\/www.telam.com.ar\/notas\/202211\/611689-argentina-arabia-saudita-mundial-qatar.html\" target=\"_blank\" rel=\"noopener\">la dura derrota en el debut contra Arabia Saudita (2-1)<\/a>, en el debut en el Mundial de Qatar 2022, y el entrenador Lionel Scaloni ya analiza los cambios que realizar\u00e1 para enfrentar el s\u00e1bado a M\u00e9xico, por la segunda fecha del Grupo C.<\/p>\n<p><iframe id=\"instagram-embed-0\" class=\"instagram-media instagram-media-rendered\" src=\"https:\/\/www.instagram.com\/reel\/ClTOuMZvJxk\/embed\/?cr=1&amp;v=14&amp;wp=675&amp;rd=https%3A%2F%2Fwww.telam.com.ar&amp;rp=%2Fnotas%2F202211%2F611811-seleccion-entrenamiento-qatar.html#%7B%22ci%22%3A0%2C%22os%22%3A1546.3999998569489%2C%22ls%22%3A400.5%2C%22le%22%3A1544.6999998092651%7D\" height=\"882\" frameborder=\"0\" scrolling=\"no\" allowfullscreen=\"allowfullscreen\" data-instgrm-payload-id=\"instagram-media-payload-0\" data-mce-fragment=\"1\"><\/iframe><br \/>\nPor primera vez desde su estad\u00eda en la Universidad de Qatar,\u00a0<strong>el plantel se entren\u00f3 durante la ma\u00f1ana\u00a0<\/strong>ya que la pr\u00e1ctica comenz\u00f3 a las 11.00 (5.00 de la Argentina) bajo un fuerte sol y cerca de 30 grados de temperatura.<\/p>\n<figure class=\"mb-3\"><img decoding=\"async\" src=\"https:\/\/www.telam.com.ar\/thumbs\/bluesteel\/advf\/imagenes\/2022\/11\/637dec6db158b_1200.jpg\" alt=\"Foto Maximiliano Luna\" width=\"100%\" height=\"100%\" \/><\/p>\n<div class=\"media-icons\"><\/div><figcaption>Foto: Maximiliano Luna.<\/figcaption><\/figure>\n<p>Los primeros quince minutos fueron abiertos para los medios de comunicaci\u00f3n y en ese tramo estuvieron ausentes los titulares, que permanecieron en el gimnasio para realizar ejercicios regenerativos como habitualmente sucede en el d\u00eda posterior al partido.<\/p>\n<p>De los que jugaron contra Arabia Saudita solo salieron a la cancha los que disputaron menos minutos: Lisandro Mart\u00ednez, Enzo Fern\u00e1ndez, Juli\u00e1n \u00c1lvarez y Marcos Acu\u00f1a.<\/p>\n<p>El entrenador\u00a0<strong>Lionel Scaloni estuvo solo a un costado<\/strong>\u00a0y con un pelota en los pies recorri\u00f3 distancias cortas con gesto serio y pensativo.<\/p>\n<figure class=\"mb-3\"><img decoding=\"async\" src=\"https:\/\/www.telam.com.ar\/thumbs\/bluesteel\/advf\/imagenes\/2022\/11\/637dec6d9a813_1200.jpg\" alt=\"Foto Maximiliano Luna\" width=\"100%\" height=\"100%\" \/><\/p>\n<div class=\"media-icons\"><\/div><figcaption>Foto: Maximiliano Luna.<\/figcaption><\/figure>\n<p>M\u00e1s cerca de los futbolistas estuvieron Walter Samuel, Pablo Aimar y Roberto Ayala junto al preparador f\u00edsico Luis Mart\u00edn, quien fue el que condujo los primeros movimientos de la pr\u00e1ctica.<\/p>\n<h2 class=\"\">Se vienen cambios<\/h2>\n<p>Scaloni y su cuerpo t\u00e9cnico\u00a0<strong>ya empezaron a analizar la posibilidad de realizar cambios en el equipo para el partido del pr\u00f3ximo s\u00e1bado ante M\u00e9xico<\/strong>, de Gerardo Martino, que debut\u00f3 con un empate sin goles ante Polonia, en el Estadio 974.<\/p>\n<p>Los puestos en observaci\u00f3n, en principio, son los de\u00a0<strong>Cristian Romero<\/strong>, quien termin\u00f3 el partido con un golpe en el tobillo, y de\u00a0<strong>Alejandro G\u00f3mez<\/strong>.<\/p>\n<figure class=\"mb-3\"><img decoding=\"async\" src=\"https:\/\/www.telam.com.ar\/thumbs\/bluesteel\/advf\/imagenes\/2022\/11\/637dec6d81dbf_1200.jpg\" alt=\"Foto Maximiliano Luna\" width=\"100%\" height=\"100%\" \/><\/p>\n<div class=\"media-icons\"><\/div><figcaption>Foto: Maximiliano Luna.<\/figcaption><\/figure>\n<p>Si se decide por sacar al \u00abCuti\u00bb, el reemplazante ser\u00eda Lisandro Mart\u00ednez, mientras que para la posici\u00f3n que dej\u00f3 vacante la baja de Giovani Lo Celso y ocup\u00f3 el \u00abPapu\u00bb en el debut asoman nuevamente Alexis Mac Allister, Enzo Fern\u00e1ndez y Juli\u00e1n \u00c1lvarez.<\/p>\n<p>A su vez, se vuelve a instalar la duda en los laterales con Nahuel Molina o Gonzalo Montiel por derecha y Nicol\u00e1s Tagliafico o Acu\u00f1a en el sector opuesto.<\/p>\n<figure class=\"mb-3\"><img decoding=\"async\" src=\"https:\/\/www.telam.com.ar\/thumbs\/bluesteel\/advf\/imagenes\/2022\/11\/637dec6d6a9e4_1200.jpg\" alt=\"Foto Maximiliano Luna\" width=\"100%\" height=\"100%\" \/><\/p>\n<div class=\"media-icons\"><\/div><figcaption>Foto: Maximiliano Luna.<\/figcaption><\/figure>\n<p><strong>Las siguientes dos pr\u00e1cticas ser\u00e1n claves<\/strong>\u00a0para Scaloni. Ambas ser\u00e1n nuevamente en turno vespertino (a las 12.00 de Argentina) pero la del jueves ser\u00e1 a puertas cerradas y el viernes se abrir\u00e1n los primeros 15 minutos que exige la FIFA.<\/p>\n<p>El partido contra\u00a0<strong>M\u00e9xico\u00a0<\/strong>ser\u00e1 el\u00a0<strong>s\u00e1bado a las 16<\/strong>\u00a0en el Estadio Lusail, el mismo escenario del fat\u00eddico debut, por la segunda fecha del Grupo C que sorpresivamente lidera Arabia Saudita.<\/p>\n","protected":false},"excerpt":{"rendered":"<p>Por primera vez desde su estad\u00eda en la Universidad de Qatar, el plantel se entren\u00f3 durante la ma\u00f1ana. El entrenador y su cuerpo t\u00e9cnico ya empezaron a pensar la posibilidad de realizar modificaciones en el equipo para el partido del s\u00e1bado ante M\u00e9xico.<\/p>\n","protected":false},"author":3,"featured_media":0,"comment_status":"closed","ping_status":"closed","sticky":false,"template":"","format":"standard","meta":{"footnotes":""},"categories":[27],"tags":[],"class_list":["post-80447","post","type-post","status-publish","format-standard","hentry","category-deportes"],"yoast_head":"<!-- This site is optimized with the Yoast SEO plugin v25.9 - https:\/\/yoast.com\/wordpress\/plugins\/seo\/ -->\n<title>Argentina volvi\u00f3 a las pr\u00e1cticas y Scaloni analiza cambios - Noticias Radio Reflejos<\/title>\n<meta name=\"robots\" content=\"index, follow, max-snippet:-1, max-image-preview:large, max-video-preview:-1\" \/>\n<link rel=\"canonical\" href=\"https:\/\/www.noticiasradioreflejos.com.ar\/2021\/argentina-volvio-a-las-practicas-y-scaloni-analiza-cambios\/\" \/>\n<meta property=\"og:locale\" content=\"es_ES\" \/>\n<meta property=\"og:type\" content=\"article\" \/>\n<meta property=\"og:title\" content=\"Argentina volvi\u00f3 a las pr\u00e1cticas y Scaloni analiza cambios - Noticias Radio Reflejos\" \/>\n<meta property=\"og:description\" content=\"Por primera vez desde su estad\u00eda en la Universidad de Qatar, el plantel se entren\u00f3 durante la ma\u00f1ana. El entrenador y su cuerpo t\u00e9cnico ya empezaron a pensar la posibilidad de realizar modificaciones en el equipo para el partido del s\u00e1bado ante M\u00e9xico.\" \/>\n<meta property=\"og:url\" content=\"https:\/\/www.noticiasradioreflejos.com.ar\/2021\/argentina-volvio-a-las-practicas-y-scaloni-analiza-cambios\/\" \/>\n<meta property=\"og:site_name\" content=\"Noticias Radio Reflejos\" \/>\n<meta property=\"article:published_time\" content=\"2022-11-23T11:33:09+00:00\" \/>\n<meta property=\"og:image\" content=\"https:\/\/www.telam.com.ar\/thumbs\/bluesteel\/advf\/imagenes\/2022\/11\/637dec6dcb54a_1200.jpg\" \/>\n<meta name=\"author\" content=\"Arnaldo Botto\" \/>\n<meta name=\"twitter:card\" content=\"summary_large_image\" \/>\n<script type=\"application\/ld+json\" class=\"yoast-schema-graph\">{\"@context\":\"https:\/\/schema.org\",\"@graph\":[{\"@type\":\"WebPage\",\"@id\":\"https:\/\/www.noticiasradioreflejos.com.ar\/2021\/argentina-volvio-a-las-practicas-y-scaloni-analiza-cambios\/\",\"url\":\"https:\/\/www.noticiasradioreflejos.com.ar\/2021\/argentina-volvio-a-las-practicas-y-scaloni-analiza-cambios\/\",\"name\":\"Argentina volvi\u00f3 a las pr\u00e1cticas y Scaloni analiza cambios - Noticias Radio Reflejos\",\"isPartOf\":{\"@id\":\"https:\/\/www.noticiasradioreflejos.com.ar\/2021\/#website\"},\"primaryImageOfPage\":{\"@id\":\"https:\/\/www.noticiasradioreflejos.com.ar\/2021\/argentina-volvio-a-las-practicas-y-scaloni-analiza-cambios\/#primaryimage\"},\"image\":{\"@id\":\"https:\/\/www.noticiasradioreflejos.com.ar\/2021\/argentina-volvio-a-las-practicas-y-scaloni-analiza-cambios\/#primaryimage\"},\"thumbnailUrl\":\"https:\/\/www.telam.com.ar\/thumbs\/bluesteel\/advf\/imagenes\/2022\/11\/637dec6dcb54a_1200.jpg\",\"datePublished\":\"2022-11-23T11:33:09+00:00\",\"author\":{\"@id\":\"https:\/\/www.noticiasradioreflejos.com.ar\/2021\/#\/schema\/person\/ad82545263dcc5ec0996818884fd5fb1\"},\"breadcrumb\":{\"@id\":\"https:\/\/www.noticiasradioreflejos.com.ar\/2021\/argentina-volvio-a-las-practicas-y-scaloni-analiza-cambios\/#breadcrumb\"},\"inLanguage\":\"es\",\"potentialAction\":[{\"@type\":\"ReadAction\",\"target\":[\"https:\/\/www.noticiasradioreflejos.com.ar\/2021\/argentina-volvio-a-las-practicas-y-scaloni-analiza-cambios\/\"]}]},{\"@type\":\"ImageObject\",\"inLanguage\":\"es\",\"@id\":\"https:\/\/www.noticiasradioreflejos.com.ar\/2021\/argentina-volvio-a-las-practicas-y-scaloni-analiza-cambios\/#primaryimage\",\"url\":\"https:\/\/www.telam.com.ar\/thumbs\/bluesteel\/advf\/imagenes\/2022\/11\/637dec6dcb54a_1200.jpg\",\"contentUrl\":\"https:\/\/www.telam.com.ar\/thumbs\/bluesteel\/advf\/imagenes\/2022\/11\/637dec6dcb54a_1200.jpg\"},{\"@type\":\"BreadcrumbList\",\"@id\":\"https:\/\/www.noticiasradioreflejos.com.ar\/2021\/argentina-volvio-a-las-practicas-y-scaloni-analiza-cambios\/#breadcrumb\",\"itemListElement\":[{\"@type\":\"ListItem\",\"position\":1,\"name\":\"Portada\",\"item\":\"https:\/\/www.noticiasradioreflejos.com.ar\/2021\/\"},{\"@type\":\"ListItem\",\"position\":2,\"name\":\"Argentina volvi\u00f3 a las pr\u00e1cticas y Scaloni analiza cambios\"}]},{\"@type\":\"WebSite\",\"@id\":\"https:\/\/www.noticiasradioreflejos.com.ar\/2021\/#website\",\"url\":\"https:\/\/www.noticiasradioreflejos.com.ar\/2021\/\",\"name\":\"Noticias Radio Reflejos\",\"description\":\"Las noticias de mi comarca\",\"potentialAction\":[{\"@type\":\"SearchAction\",\"target\":{\"@type\":\"EntryPoint\",\"urlTemplate\":\"https:\/\/www.noticiasradioreflejos.com.ar\/2021\/?s={search_term_string}\"},\"query-input\":{\"@type\":\"PropertyValueSpecification\",\"valueRequired\":true,\"valueName\":\"search_term_string\"}}],\"inLanguage\":\"es\"},{\"@type\":\"Person\",\"@id\":\"https:\/\/www.noticiasradioreflejos.com.ar\/2021\/#\/schema\/person\/ad82545263dcc5ec0996818884fd5fb1\",\"name\":\"Arnaldo Botto\",\"image\":{\"@type\":\"ImageObject\",\"inLanguage\":\"es\",\"@id\":\"https:\/\/www.noticiasradioreflejos.com.ar\/2021\/#\/schema\/person\/image\/\",\"url\":\"https:\/\/secure.gravatar.com\/avatar\/55cb5e37c1efa326397366e6974cb338056df65cb50e7d64d1cf314e87504837?s=96&d=mm&r=g\",\"contentUrl\":\"https:\/\/secure.gravatar.com\/avatar\/55cb5e37c1efa326397366e6974cb338056df65cb50e7d64d1cf314e87504837?s=96&d=mm&r=g\",\"caption\":\"Arnaldo Botto\"},\"url\":\"https:\/\/www.noticiasradioreflejos.com.ar\/2021\/author\/arnaldo\/\"}]}<\/script>\n<!-- \/ Yoast SEO plugin. -->","yoast_head_json":{"title":"Argentina volvi\u00f3 a las pr\u00e1cticas y Scaloni analiza cambios - Noticias Radio Reflejos","robots":{"index":"index","follow":"follow","max-snippet":"max-snippet:-1","max-image-preview":"max-image-preview:large","max-video-preview":"max-video-preview:-1"},"canonical":"https:\/\/www.noticiasradioreflejos.com.ar\/2021\/argentina-volvio-a-las-practicas-y-scaloni-analiza-cambios\/","og_locale":"es_ES","og_type":"article","og_title":"Argentina volvi\u00f3 a las pr\u00e1cticas y Scaloni analiza cambios - Noticias Radio Reflejos","og_description":"Por primera vez desde su estad\u00eda en la Universidad de Qatar, el plantel se entren\u00f3 durante la ma\u00f1ana. El entrenador y su cuerpo t\u00e9cnico ya empezaron a pensar la posibilidad de realizar modificaciones en el equipo para el partido del s\u00e1bado ante M\u00e9xico.","og_url":"https:\/\/www.noticiasradioreflejos.com.ar\/2021\/argentina-volvio-a-las-practicas-y-scaloni-analiza-cambios\/","og_site_name":"Noticias Radio Reflejos","article_published_time":"2022-11-23T11:33:09+00:00","og_image":[{"url":"https:\/\/www.telam.com.ar\/thumbs\/bluesteel\/advf\/imagenes\/2022\/11\/637dec6dcb54a_1200.jpg","type":"","width":"","height":""}],"author":"Arnaldo Botto","twitter_card":"summary_large_image","schema":{"@context":"https:\/\/schema.org","@graph":[{"@type":"WebPage","@id":"https:\/\/www.noticiasradioreflejos.com.ar\/2021\/argentina-volvio-a-las-practicas-y-scaloni-analiza-cambios\/","url":"https:\/\/www.noticiasradioreflejos.com.ar\/2021\/argentina-volvio-a-las-practicas-y-scaloni-analiza-cambios\/","name":"Argentina volvi\u00f3 a las pr\u00e1cticas y Scaloni analiza cambios - Noticias Radio Reflejos","isPartOf":{"@id":"https:\/\/www.noticiasradioreflejos.com.ar\/2021\/#website"},"primaryImageOfPage":{"@id":"https:\/\/www.noticiasradioreflejos.com.ar\/2021\/argentina-volvio-a-las-practicas-y-scaloni-analiza-cambios\/#primaryimage"},"image":{"@id":"https:\/\/www.noticiasradioreflejos.com.ar\/2021\/argentina-volvio-a-las-practicas-y-scaloni-analiza-cambios\/#primaryimage"},"thumbnailUrl":"https:\/\/www.telam.com.ar\/thumbs\/bluesteel\/advf\/imagenes\/2022\/11\/637dec6dcb54a_1200.jpg","datePublished":"2022-11-23T11:33:09+00:00","author":{"@id":"https:\/\/www.noticiasradioreflejos.com.ar\/2021\/#\/schema\/person\/ad82545263dcc5ec0996818884fd5fb1"},"breadcrumb":{"@id":"https:\/\/www.noticiasradioreflejos.com.ar\/2021\/argentina-volvio-a-las-practicas-y-scaloni-analiza-cambios\/#breadcrumb"},"inLanguage":"es","potentialAction":[{"@type":"ReadAction","target":["https:\/\/www.noticiasradioreflejos.com.ar\/2021\/argentina-volvio-a-las-practicas-y-scaloni-analiza-cambios\/"]}]},{"@type":"ImageObject","inLanguage":"es","@id":"https:\/\/www.noticiasradioreflejos.com.ar\/2021\/argentina-volvio-a-las-practicas-y-scaloni-analiza-cambios\/#primaryimage","url":"https:\/\/www.telam.com.ar\/thumbs\/bluesteel\/advf\/imagenes\/2022\/11\/637dec6dcb54a_1200.jpg","contentUrl":"https:\/\/www.telam.com.ar\/thumbs\/bluesteel\/advf\/imagenes\/2022\/11\/637dec6dcb54a_1200.jpg"},{"@type":"BreadcrumbList","@id":"https:\/\/www.noticiasradioreflejos.com.ar\/2021\/argentina-volvio-a-las-practicas-y-scaloni-analiza-cambios\/#breadcrumb","itemListElement":[{"@type":"ListItem","position":1,"name":"Portada","item":"https:\/\/www.noticiasradioreflejos.com.ar\/2021\/"},{"@type":"ListItem","position":2,"name":"Argentina volvi\u00f3 a las pr\u00e1cticas y Scaloni analiza cambios"}]},{"@type":"WebSite","@id":"https:\/\/www.noticiasradioreflejos.com.ar\/2021\/#website","url":"https:\/\/www.noticiasradioreflejos.com.ar\/2021\/","name":"Noticias Radio Reflejos","description":"Las noticias de mi comarca","potentialAction":[{"@type":"SearchAction","target":{"@type":"EntryPoint","urlTemplate":"https:\/\/www.noticiasradioreflejos.com.ar\/2021\/?s={search_term_string}"},"query-input":{"@type":"PropertyValueSpecification","valueRequired":true,"valueName":"search_term_string"}}],"inLanguage":"es"},{"@type":"Person","@id":"https:\/\/www.noticiasradioreflejos.com.ar\/2021\/#\/schema\/person\/ad82545263dcc5ec0996818884fd5fb1","name":"Arnaldo Botto","image":{"@type":"ImageObject","inLanguage":"es","@id":"https:\/\/www.noticiasradioreflejos.com.ar\/2021\/#\/schema\/person\/image\/","url":"https:\/\/secure.gravatar.com\/avatar\/55cb5e37c1efa326397366e6974cb338056df65cb50e7d64d1cf314e87504837?s=96&d=mm&r=g","contentUrl":"https:\/\/secure.gravatar.com\/avatar\/55cb5e37c1efa326397366e6974cb338056df65cb50e7d64d1cf314e87504837?s=96&d=mm&r=g","caption":"Arnaldo Botto"},"url":"https:\/\/www.noticiasradioreflejos.com.ar\/2021\/author\/arnaldo\/"}]}},"_links":{"self":[{"href":"https:\/\/www.noticiasradioreflejos.com.ar\/2021\/wp-json\/wp\/v2\/posts\/80447","targetHints":{"allow":["GET"]}}],"collection":[{"href":"https:\/\/www.noticiasradioreflejos.com.ar\/2021\/wp-json\/wp\/v2\/posts"}],"about":[{"href":"https:\/\/www.noticiasradioreflejos.com.ar\/2021\/wp-json\/wp\/v2\/types\/post"}],"author":[{"embeddable":true,"href":"https:\/\/www.noticiasradioreflejos.com.ar\/2021\/wp-json\/wp\/v2\/users\/3"}],"replies":[{"embeddable":true,"href":"https:\/\/www.noticiasradioreflejos.com.ar\/2021\/wp-json\/wp\/v2\/comments?post=80447"}],"version-history":[{"count":1,"href":"https:\/\/www.noticiasradioreflejos.com.ar\/2021\/wp-json\/wp\/v2\/posts\/80447\/revisions"}],"predecessor-version":[{"id":80449,"href":"https:\/\/www.noticiasradioreflejos.com.ar\/2021\/wp-json\/wp\/v2\/posts\/80447\/revisions\/80449"}],"wp:attachment":[{"href":"https:\/\/www.noticiasradioreflejos.com.ar\/2021\/wp-json\/wp\/v2\/media?parent=80447"}],"wp:term":[{"taxonomy":"category","embeddable":true,"href":"https:\/\/www.noticiasradioreflejos.com.ar\/2021\/wp-json\/wp\/v2\/categories?post=80447"},{"taxonomy":"post_tag","embeddable":true,"href":"https:\/\/www.noticiasradioreflejos.com.ar\/2021\/wp-json\/wp\/v2\/tags?post=80447"}],"curies":[{"name":"wp","href":"https:\/\/api.w.org\/{rel}","templated":true}]}}