{"id":80439,"date":"2022-11-23T10:43:13","date_gmt":"2022-11-23T10:43:13","guid":{"rendered":"http:\/\/www.noticiasradioreflejos.com.ar\/2021\/?p=80439"},"modified":"2022-11-23T10:43:13","modified_gmt":"2022-11-23T10:43:13","slug":"mas-de-4-mil-escuelas-primarias-realizaran-las-pruebas-aprender-2022","status":"publish","type":"post","link":"https:\/\/www.noticiasradioreflejos.com.ar\/2021\/mas-de-4-mil-escuelas-primarias-realizaran-las-pruebas-aprender-2022\/","title":{"rendered":"M\u00e1s de 4 mil escuelas primarias realizaran las pruebas Aprender 2022"},"content":{"rendered":"<p>El examen, que organiza el Ministerio de Educaci\u00f3n, tiene el objetivo de obtener una medici\u00f3n intermedia entre la prueba censal de primaria del a\u00f1o 2021 y la del 2023.<!--more--><\/p>\n<figure class=\"mb-3\"><img decoding=\"async\" src=\"https:\/\/www.telam.com.ar\/thumbs\/bluesteel\/advf\/imagenes\/editadas\/5a058a5f3d4e5_1200.jpg\" alt=\"Unos 150 mil estudiantes de 4 mil escuelas primarias de todo el pas realizarn la prueba 2022\" width=\"100%\" height=\"100%\" \/><\/p>\n<div class=\"media-icons\"><\/div><figcaption>Unos 150 mil estudiantes de 4 mil escuelas primarias de todo el pa\u00eds realizar\u00e1n la prueba 2022.<\/figcaption><\/figure>\n<p>Unos 150 mil estudiantes de 4 mil escuelas primarias de todo el pa\u00eds realizan este mi\u00e9rcoles la prueba Aprender 2022 que organiza el Ministerio de Educaci\u00f3n con el objetivo conocer el grado de dominio que las y los estudiantes tienen sobre contenidos de Lengua y Matem\u00e1tica.<\/p>\n<p>La prueba, que se realizar\u00e1 a trav\u00e9s de trav\u00e9s de la Secretar\u00eda de Evaluaci\u00f3n e Informaci\u00f3n Educativa (SEIE), se incorpor\u00f3 al Plan de Evaluaci\u00f3n Educativa 2021-2022 por consenso federal a trav\u00e9s de la Resoluci\u00f3n CFE 432\/22, con la meta de obtener una medici\u00f3n intermedia entre la prueba censal de primaria del a\u00f1o 2021 y la del 2023.<\/p>\n<p>Adem\u00e1s, permite\u00a0<strong>analizar los desempe\u00f1os en el contexto educativo actual de presencialidad plena,<\/strong>\u00a0acompa\u00f1ado por la implementaci\u00f3n de programas nacionales y jurisdiccionales destinados a la intensificaci\u00f3n de la ense\u00f1anza y a la provisi\u00f3n de recursos pedag\u00f3gicos.<\/p>\n<p>Aprender\u00a0<strong>posibilitar\u00e1 conocer el grado de dominio\u00a0<\/strong>que las y los estudiantes de nivel primario tienen \u201cs<strong>obre un recorte espec\u00edfico de contenidos y capacidades cognitivas de Lengua y Matem\u00e1tica durante su trayectoria escolar\u201d, indicaron.<\/strong><\/p>\n<p>Adem\u00e1s, se aplicar\u00e1n los\u00a0<strong>cuestionarios tradicionales a las y los directivos y estudiantes<\/strong>\u00a0con un m\u00f3dulo adicional que permitir\u00e1 examinar la implementaci\u00f3n de la pol\u00edtica Libros para Aprender y el uso del material de lectura distribuido por la cartera educativa.<\/p>\n<p><strong>Los resultados se publicar\u00e1n a partir del inicio del ciclo lectivo 2023\u00a0<\/strong>y tambi\u00e9n estar\u00e1n incluidos en el Sistema Integrado de Consulta de Datos e Indicadores Educativos (Sicdie).<\/p>\n<p>Seg\u00fan destacaron, la evaluaci\u00f3n\u00a0<strong>contribuir\u00e1 al diagn\u00f3stico<\/strong>\u00a0del sistema educativo,\u00a0<strong>promover\u00e1 procesos de reflexi\u00f3n<\/strong>\u00a0al interior de las escuelas,\u00a0<strong>generar\u00e1 evidencia<\/strong>\u00a0para la toma de decisiones y<strong>\u00a0enriquecer\u00e1 el debate p\u00fablico<\/strong>\u00a0de todos los actores involucrados al quehacer escolar.<\/p>\n","protected":false},"excerpt":{"rendered":"<p>El examen, que organiza el Ministerio de Educaci\u00f3n, tiene el objetivo de obtener una medici\u00f3n intermedia entre la prueba censal de primaria del a\u00f1o 2021 y la del 2023.<\/p>\n","protected":false},"author":3,"featured_media":0,"comment_status":"closed","ping_status":"closed","sticky":false,"template":"","format":"standard","meta":{"footnotes":""},"categories":[34],"tags":[],"class_list":["post-80439","post","type-post","status-publish","format-standard","hentry","category-educacion"],"yoast_head":"<!-- This site is optimized with the Yoast SEO plugin v25.9 - https:\/\/yoast.com\/wordpress\/plugins\/seo\/ -->\n<title>M\u00e1s de 4 mil escuelas primarias realizaran las pruebas Aprender 2022 - Noticias Radio Reflejos<\/title>\n<meta name=\"robots\" content=\"index, follow, max-snippet:-1, max-image-preview:large, max-video-preview:-1\" \/>\n<link rel=\"canonical\" href=\"https:\/\/www.noticiasradioreflejos.com.ar\/2021\/mas-de-4-mil-escuelas-primarias-realizaran-las-pruebas-aprender-2022\/\" \/>\n<meta property=\"og:locale\" content=\"es_ES\" \/>\n<meta property=\"og:type\" content=\"article\" \/>\n<meta property=\"og:title\" content=\"M\u00e1s de 4 mil escuelas primarias realizaran las pruebas Aprender 2022 - Noticias Radio Reflejos\" \/>\n<meta property=\"og:description\" content=\"El examen, que organiza el Ministerio de Educaci\u00f3n, tiene el objetivo de obtener una medici\u00f3n intermedia entre la prueba censal de primaria del a\u00f1o 2021 y la del 2023.\" \/>\n<meta property=\"og:url\" content=\"https:\/\/www.noticiasradioreflejos.com.ar\/2021\/mas-de-4-mil-escuelas-primarias-realizaran-las-pruebas-aprender-2022\/\" \/>\n<meta property=\"og:site_name\" content=\"Noticias Radio Reflejos\" \/>\n<meta property=\"article:published_time\" content=\"2022-11-23T10:43:13+00:00\" \/>\n<meta property=\"og:image\" content=\"https:\/\/www.telam.com.ar\/thumbs\/bluesteel\/advf\/imagenes\/editadas\/5a058a5f3d4e5_1200.jpg\" \/>\n<meta name=\"author\" content=\"Arnaldo Botto\" \/>\n<meta name=\"twitter:card\" content=\"summary_large_image\" \/>\n<script type=\"application\/ld+json\" class=\"yoast-schema-graph\">{\"@context\":\"https:\/\/schema.org\",\"@graph\":[{\"@type\":\"WebPage\",\"@id\":\"https:\/\/www.noticiasradioreflejos.com.ar\/2021\/mas-de-4-mil-escuelas-primarias-realizaran-las-pruebas-aprender-2022\/\",\"url\":\"https:\/\/www.noticiasradioreflejos.com.ar\/2021\/mas-de-4-mil-escuelas-primarias-realizaran-las-pruebas-aprender-2022\/\",\"name\":\"M\u00e1s de 4 mil escuelas primarias realizaran las pruebas Aprender 2022 - Noticias Radio Reflejos\",\"isPartOf\":{\"@id\":\"https:\/\/www.noticiasradioreflejos.com.ar\/2021\/#website\"},\"primaryImageOfPage\":{\"@id\":\"https:\/\/www.noticiasradioreflejos.com.ar\/2021\/mas-de-4-mil-escuelas-primarias-realizaran-las-pruebas-aprender-2022\/#primaryimage\"},\"image\":{\"@id\":\"https:\/\/www.noticiasradioreflejos.com.ar\/2021\/mas-de-4-mil-escuelas-primarias-realizaran-las-pruebas-aprender-2022\/#primaryimage\"},\"thumbnailUrl\":\"https:\/\/www.telam.com.ar\/thumbs\/bluesteel\/advf\/imagenes\/editadas\/5a058a5f3d4e5_1200.jpg\",\"datePublished\":\"2022-11-23T10:43:13+00:00\",\"author\":{\"@id\":\"https:\/\/www.noticiasradioreflejos.com.ar\/2021\/#\/schema\/person\/ad82545263dcc5ec0996818884fd5fb1\"},\"breadcrumb\":{\"@id\":\"https:\/\/www.noticiasradioreflejos.com.ar\/2021\/mas-de-4-mil-escuelas-primarias-realizaran-las-pruebas-aprender-2022\/#breadcrumb\"},\"inLanguage\":\"es\",\"potentialAction\":[{\"@type\":\"ReadAction\",\"target\":[\"https:\/\/www.noticiasradioreflejos.com.ar\/2021\/mas-de-4-mil-escuelas-primarias-realizaran-las-pruebas-aprender-2022\/\"]}]},{\"@type\":\"ImageObject\",\"inLanguage\":\"es\",\"@id\":\"https:\/\/www.noticiasradioreflejos.com.ar\/2021\/mas-de-4-mil-escuelas-primarias-realizaran-las-pruebas-aprender-2022\/#primaryimage\",\"url\":\"https:\/\/www.telam.com.ar\/thumbs\/bluesteel\/advf\/imagenes\/editadas\/5a058a5f3d4e5_1200.jpg\",\"contentUrl\":\"https:\/\/www.telam.com.ar\/thumbs\/bluesteel\/advf\/imagenes\/editadas\/5a058a5f3d4e5_1200.jpg\"},{\"@type\":\"BreadcrumbList\",\"@id\":\"https:\/\/www.noticiasradioreflejos.com.ar\/2021\/mas-de-4-mil-escuelas-primarias-realizaran-las-pruebas-aprender-2022\/#breadcrumb\",\"itemListElement\":[{\"@type\":\"ListItem\",\"position\":1,\"name\":\"Portada\",\"item\":\"https:\/\/www.noticiasradioreflejos.com.ar\/2021\/\"},{\"@type\":\"ListItem\",\"position\":2,\"name\":\"M\u00e1s de 4 mil escuelas primarias realizaran las pruebas Aprender 2022\"}]},{\"@type\":\"WebSite\",\"@id\":\"https:\/\/www.noticiasradioreflejos.com.ar\/2021\/#website\",\"url\":\"https:\/\/www.noticiasradioreflejos.com.ar\/2021\/\",\"name\":\"Noticias Radio Reflejos\",\"description\":\"Las noticias de mi comarca\",\"potentialAction\":[{\"@type\":\"SearchAction\",\"target\":{\"@type\":\"EntryPoint\",\"urlTemplate\":\"https:\/\/www.noticiasradioreflejos.com.ar\/2021\/?s={search_term_string}\"},\"query-input\":{\"@type\":\"PropertyValueSpecification\",\"valueRequired\":true,\"valueName\":\"search_term_string\"}}],\"inLanguage\":\"es\"},{\"@type\":\"Person\",\"@id\":\"https:\/\/www.noticiasradioreflejos.com.ar\/2021\/#\/schema\/person\/ad82545263dcc5ec0996818884fd5fb1\",\"name\":\"Arnaldo Botto\",\"image\":{\"@type\":\"ImageObject\",\"inLanguage\":\"es\",\"@id\":\"https:\/\/www.noticiasradioreflejos.com.ar\/2021\/#\/schema\/person\/image\/\",\"url\":\"https:\/\/secure.gravatar.com\/avatar\/55cb5e37c1efa326397366e6974cb338056df65cb50e7d64d1cf314e87504837?s=96&d=mm&r=g\",\"contentUrl\":\"https:\/\/secure.gravatar.com\/avatar\/55cb5e37c1efa326397366e6974cb338056df65cb50e7d64d1cf314e87504837?s=96&d=mm&r=g\",\"caption\":\"Arnaldo Botto\"},\"url\":\"https:\/\/www.noticiasradioreflejos.com.ar\/2021\/author\/arnaldo\/\"}]}<\/script>\n<!-- \/ Yoast SEO plugin. -->","yoast_head_json":{"title":"M\u00e1s de 4 mil escuelas primarias realizaran las pruebas Aprender 2022 - Noticias Radio Reflejos","robots":{"index":"index","follow":"follow","max-snippet":"max-snippet:-1","max-image-preview":"max-image-preview:large","max-video-preview":"max-video-preview:-1"},"canonical":"https:\/\/www.noticiasradioreflejos.com.ar\/2021\/mas-de-4-mil-escuelas-primarias-realizaran-las-pruebas-aprender-2022\/","og_locale":"es_ES","og_type":"article","og_title":"M\u00e1s de 4 mil escuelas primarias realizaran las pruebas Aprender 2022 - Noticias Radio Reflejos","og_description":"El examen, que organiza el Ministerio de Educaci\u00f3n, tiene el objetivo de obtener una medici\u00f3n intermedia entre la prueba censal de primaria del a\u00f1o 2021 y la del 2023.","og_url":"https:\/\/www.noticiasradioreflejos.com.ar\/2021\/mas-de-4-mil-escuelas-primarias-realizaran-las-pruebas-aprender-2022\/","og_site_name":"Noticias Radio Reflejos","article_published_time":"2022-11-23T10:43:13+00:00","og_image":[{"url":"https:\/\/www.telam.com.ar\/thumbs\/bluesteel\/advf\/imagenes\/editadas\/5a058a5f3d4e5_1200.jpg","type":"","width":"","height":""}],"author":"Arnaldo Botto","twitter_card":"summary_large_image","schema":{"@context":"https:\/\/schema.org","@graph":[{"@type":"WebPage","@id":"https:\/\/www.noticiasradioreflejos.com.ar\/2021\/mas-de-4-mil-escuelas-primarias-realizaran-las-pruebas-aprender-2022\/","url":"https:\/\/www.noticiasradioreflejos.com.ar\/2021\/mas-de-4-mil-escuelas-primarias-realizaran-las-pruebas-aprender-2022\/","name":"M\u00e1s de 4 mil escuelas primarias realizaran las pruebas Aprender 2022 - Noticias Radio Reflejos","isPartOf":{"@id":"https:\/\/www.noticiasradioreflejos.com.ar\/2021\/#website"},"primaryImageOfPage":{"@id":"https:\/\/www.noticiasradioreflejos.com.ar\/2021\/mas-de-4-mil-escuelas-primarias-realizaran-las-pruebas-aprender-2022\/#primaryimage"},"image":{"@id":"https:\/\/www.noticiasradioreflejos.com.ar\/2021\/mas-de-4-mil-escuelas-primarias-realizaran-las-pruebas-aprender-2022\/#primaryimage"},"thumbnailUrl":"https:\/\/www.telam.com.ar\/thumbs\/bluesteel\/advf\/imagenes\/editadas\/5a058a5f3d4e5_1200.jpg","datePublished":"2022-11-23T10:43:13+00:00","author":{"@id":"https:\/\/www.noticiasradioreflejos.com.ar\/2021\/#\/schema\/person\/ad82545263dcc5ec0996818884fd5fb1"},"breadcrumb":{"@id":"https:\/\/www.noticiasradioreflejos.com.ar\/2021\/mas-de-4-mil-escuelas-primarias-realizaran-las-pruebas-aprender-2022\/#breadcrumb"},"inLanguage":"es","potentialAction":[{"@type":"ReadAction","target":["https:\/\/www.noticiasradioreflejos.com.ar\/2021\/mas-de-4-mil-escuelas-primarias-realizaran-las-pruebas-aprender-2022\/"]}]},{"@type":"ImageObject","inLanguage":"es","@id":"https:\/\/www.noticiasradioreflejos.com.ar\/2021\/mas-de-4-mil-escuelas-primarias-realizaran-las-pruebas-aprender-2022\/#primaryimage","url":"https:\/\/www.telam.com.ar\/thumbs\/bluesteel\/advf\/imagenes\/editadas\/5a058a5f3d4e5_1200.jpg","contentUrl":"https:\/\/www.telam.com.ar\/thumbs\/bluesteel\/advf\/imagenes\/editadas\/5a058a5f3d4e5_1200.jpg"},{"@type":"BreadcrumbList","@id":"https:\/\/www.noticiasradioreflejos.com.ar\/2021\/mas-de-4-mil-escuelas-primarias-realizaran-las-pruebas-aprender-2022\/#breadcrumb","itemListElement":[{"@type":"ListItem","position":1,"name":"Portada","item":"https:\/\/www.noticiasradioreflejos.com.ar\/2021\/"},{"@type":"ListItem","position":2,"name":"M\u00e1s de 4 mil escuelas primarias realizaran las pruebas Aprender 2022"}]},{"@type":"WebSite","@id":"https:\/\/www.noticiasradioreflejos.com.ar\/2021\/#website","url":"https:\/\/www.noticiasradioreflejos.com.ar\/2021\/","name":"Noticias Radio Reflejos","description":"Las noticias de mi comarca","potentialAction":[{"@type":"SearchAction","target":{"@type":"EntryPoint","urlTemplate":"https:\/\/www.noticiasradioreflejos.com.ar\/2021\/?s={search_term_string}"},"query-input":{"@type":"PropertyValueSpecification","valueRequired":true,"valueName":"search_term_string"}}],"inLanguage":"es"},{"@type":"Person","@id":"https:\/\/www.noticiasradioreflejos.com.ar\/2021\/#\/schema\/person\/ad82545263dcc5ec0996818884fd5fb1","name":"Arnaldo Botto","image":{"@type":"ImageObject","inLanguage":"es","@id":"https:\/\/www.noticiasradioreflejos.com.ar\/2021\/#\/schema\/person\/image\/","url":"https:\/\/secure.gravatar.com\/avatar\/55cb5e37c1efa326397366e6974cb338056df65cb50e7d64d1cf314e87504837?s=96&d=mm&r=g","contentUrl":"https:\/\/secure.gravatar.com\/avatar\/55cb5e37c1efa326397366e6974cb338056df65cb50e7d64d1cf314e87504837?s=96&d=mm&r=g","caption":"Arnaldo Botto"},"url":"https:\/\/www.noticiasradioreflejos.com.ar\/2021\/author\/arnaldo\/"}]}},"_links":{"self":[{"href":"https:\/\/www.noticiasradioreflejos.com.ar\/2021\/wp-json\/wp\/v2\/posts\/80439","targetHints":{"allow":["GET"]}}],"collection":[{"href":"https:\/\/www.noticiasradioreflejos.com.ar\/2021\/wp-json\/wp\/v2\/posts"}],"about":[{"href":"https:\/\/www.noticiasradioreflejos.com.ar\/2021\/wp-json\/wp\/v2\/types\/post"}],"author":[{"embeddable":true,"href":"https:\/\/www.noticiasradioreflejos.com.ar\/2021\/wp-json\/wp\/v2\/users\/3"}],"replies":[{"embeddable":true,"href":"https:\/\/www.noticiasradioreflejos.com.ar\/2021\/wp-json\/wp\/v2\/comments?post=80439"}],"version-history":[{"count":1,"href":"https:\/\/www.noticiasradioreflejos.com.ar\/2021\/wp-json\/wp\/v2\/posts\/80439\/revisions"}],"predecessor-version":[{"id":80441,"href":"https:\/\/www.noticiasradioreflejos.com.ar\/2021\/wp-json\/wp\/v2\/posts\/80439\/revisions\/80441"}],"wp:attachment":[{"href":"https:\/\/www.noticiasradioreflejos.com.ar\/2021\/wp-json\/wp\/v2\/media?parent=80439"}],"wp:term":[{"taxonomy":"category","embeddable":true,"href":"https:\/\/www.noticiasradioreflejos.com.ar\/2021\/wp-json\/wp\/v2\/categories?post=80439"},{"taxonomy":"post_tag","embeddable":true,"href":"https:\/\/www.noticiasradioreflejos.com.ar\/2021\/wp-json\/wp\/v2\/tags?post=80439"}],"curies":[{"name":"wp","href":"https:\/\/api.w.org\/{rel}","templated":true}]}}