{"id":80325,"date":"2022-11-20T12:45:03","date_gmt":"2022-11-20T12:45:03","guid":{"rendered":"http:\/\/www.noticiasradioreflejos.com.ar\/2021\/?p=80325"},"modified":"2022-11-20T12:55:11","modified_gmt":"2022-11-20T12:55:11","slug":"lluvias-intensa-actividad-electrica-y-granizo-pasaron-por-la-comarca","status":"publish","type":"post","link":"https:\/\/www.noticiasradioreflejos.com.ar\/2021\/lluvias-intensa-actividad-electrica-y-granizo-pasaron-por-la-comarca\/","title":{"rendered":"Lluvias, intensa actividad el\u00e9ctrica y granizo pasaron por la comarca."},"content":{"rendered":"<p>Sobre la \u00faltima hora de este s\u00e1bado 19, una fuerte tormenta el\u00e9ctrica acompa\u00f1ada con abundantes lluvias, vientos y ca\u00edda de granizo impact\u00f3 en toda la zona serrana.<!--more--><\/p>\n<p>La media noche de este s\u00e1bado 19 y la primer hora de este domingo 20 de noviembre lleg\u00f3 a la regi\u00f3n una fuerte tormenta que se caracteriz\u00f3 por una\u00a0 intensa actividad electica.<\/p>\n<p>Luego de una jornada agobiante, donde la t\u00e9rmica alcanz\u00f3 los 33\u00b0 en la comarca, la zona fue impactada por lluvias, vientos y granizo tal como lo anticip\u00f3 el <a href=\"http:\/\/www.noticiasradioreflejos.com.ar\/2021\/se-esperan-tormentas-electricas-en-buenos-aires-cordoba-la-pampa-y-san-luis\/\">SMN y nuestro medio en las \u00faltimas horas de ayer<\/a>.<\/p>\n<p>Los registros de lluvias fueron parejos en el sector del abra de la Ventana, Villa y Sierra de la Ventana acumulando con lo del viernes hasta 30 mm en la zona urbana de Sierra; aunque la ca\u00edda de agua fue muy superior en las zonas bajas ya que la Est. Meteorol\u00f3gica del Cerro Napost\u00e1 Oeste perteneciente a la BCBB solo marc\u00f3 4 mm.<\/p>\n<p>Este domingo tenemos fuertes vientos del sector sur sudoeste una m\u00e1xima que alcanzar\u00eda los 17\u00b0 y cielos mayormente nublados, para ma\u00f1ana lunes, vientos moderados del sudeste, cielos parcialmente nublados y m\u00e1xima de 19\u00b0.<\/p>\n<p>A partir del d\u00eda martes 23, la regi\u00f3n ser\u00e1 afectada por una intensa ola de calor con marcas que alcanzar\u00edan los 39\u00b0 el viernes, extendi\u00e9ndose hasta el lunes inclusive con temperaturas superiores a los 33\u00b0.<\/p>\n<p>&nbsp;<\/p>\n<p><strong>T<\/strong><strong>otales de lluvias\u00a0de anoche<\/strong><\/p>\n<p>22 mm en Sierra de la Ventana<br \/>\n27.5 mm en Calqu\u00edn<br \/>\n20 mm en Saldungaray<br \/>\n25.2 mm en Villa Ventana<br \/>\n27mm en la Base del Bah\u00eda Blanca<br \/>\n22.5 en la Base del Cerro Ventana<br \/>\n4 mm en Cerro Napost\u00e1 Oeste<br \/>\n30 mm en Tornquist<br \/>\n60 mm Villa Serrana la Gruta<br \/>\n73.5 mm en Funke<br \/>\n44 mm en El Pantanoso<br \/>\n19 mm en Tres Picos<br \/>\n11 mm en Cabildo<br \/>\n19 mm en Frapal<br \/>\n11.5 mm en El Pantanoso<br \/>\n12 mm en Cnel Pringles.<br \/>\n27 mm en Pigue<br \/>\n17 mm en Puan<br \/>\n26 mm en 17 de agosto<br \/>\n26 mm en Dufaur<br \/>\n25 mm en Arroyo Corto<br \/>\n35 mm en Coronel Suarez<br \/>\n90 mm en Huanguelen<br \/>\n14 mm en San Eloy<br \/>\n12 mm en Cura Malal<br \/>\n2 mm en Pasman<br \/>\n17 mm en Carhue<br \/>\n18.5 mm en Monte Hermoso<br \/>\n5 mm en Bajo Hondo<\/p>\n<p><strong>Foto de Portada de Franco Scialpi<\/strong><\/p>\n","protected":false},"excerpt":{"rendered":"<p>Sobre la \u00faltima hora de este s\u00e1bado 19, una fuerte tormenta el\u00e9ctrica acompa\u00f1ada con abundantes lluvias, vientos y ca\u00edda de granizo impact\u00f3 en toda la zona serrana.<\/p>\n","protected":false},"author":3,"featured_media":80326,"comment_status":"closed","ping_status":"closed","sticky":false,"template":"","format":"standard","meta":{"footnotes":""},"categories":[46],"tags":[48],"class_list":["post-80325","post","type-post","status-publish","format-standard","has-post-thumbnail","hentry","category-ciencia-y-tecnologia","tag-destacada"],"yoast_head":"<!-- This site is optimized with the Yoast SEO plugin v25.9 - https:\/\/yoast.com\/wordpress\/plugins\/seo\/ -->\n<title>Lluvias, intensa actividad el\u00e9ctrica y granizo pasaron por la comarca. - Noticias Radio Reflejos<\/title>\n<meta name=\"robots\" content=\"index, follow, max-snippet:-1, max-image-preview:large, max-video-preview:-1\" \/>\n<link rel=\"canonical\" href=\"https:\/\/www.noticiasradioreflejos.com.ar\/2021\/lluvias-intensa-actividad-electrica-y-granizo-pasaron-por-la-comarca\/\" \/>\n<meta property=\"og:locale\" content=\"es_ES\" \/>\n<meta property=\"og:type\" content=\"article\" \/>\n<meta property=\"og:title\" content=\"Lluvias, intensa actividad el\u00e9ctrica y granizo pasaron por la comarca. - Noticias Radio Reflejos\" \/>\n<meta property=\"og:description\" content=\"Sobre la \u00faltima hora de este s\u00e1bado 19, una fuerte tormenta el\u00e9ctrica acompa\u00f1ada con abundantes lluvias, vientos y ca\u00edda de granizo impact\u00f3 en toda la zona serrana.\" \/>\n<meta property=\"og:url\" content=\"https:\/\/www.noticiasradioreflejos.com.ar\/2021\/lluvias-intensa-actividad-electrica-y-granizo-pasaron-por-la-comarca\/\" \/>\n<meta property=\"og:site_name\" content=\"Noticias Radio Reflejos\" \/>\n<meta property=\"article:published_time\" content=\"2022-11-20T12:45:03+00:00\" \/>\n<meta property=\"article:modified_time\" content=\"2022-11-20T12:55:11+00:00\" \/>\n<meta property=\"og:image\" content=\"https:\/\/www.noticiasradioreflejos.com.ar\/2021\/wp-content\/uploads\/2022\/11\/Tormenta-electrica-en-Sierra.jpg\" \/>\n\t<meta property=\"og:image:width\" content=\"2048\" \/>\n\t<meta property=\"og:image:height\" content=\"1365\" \/>\n\t<meta property=\"og:image:type\" content=\"image\/jpeg\" \/>\n<meta name=\"author\" content=\"Arnaldo Botto\" \/>\n<meta name=\"twitter:card\" content=\"summary_large_image\" \/>\n<script type=\"application\/ld+json\" class=\"yoast-schema-graph\">{\"@context\":\"https:\/\/schema.org\",\"@graph\":[{\"@type\":\"WebPage\",\"@id\":\"https:\/\/www.noticiasradioreflejos.com.ar\/2021\/lluvias-intensa-actividad-electrica-y-granizo-pasaron-por-la-comarca\/\",\"url\":\"https:\/\/www.noticiasradioreflejos.com.ar\/2021\/lluvias-intensa-actividad-electrica-y-granizo-pasaron-por-la-comarca\/\",\"name\":\"Lluvias, intensa actividad el\u00e9ctrica y granizo pasaron por la comarca. - Noticias Radio Reflejos\",\"isPartOf\":{\"@id\":\"https:\/\/www.noticiasradioreflejos.com.ar\/2021\/#website\"},\"primaryImageOfPage\":{\"@id\":\"https:\/\/www.noticiasradioreflejos.com.ar\/2021\/lluvias-intensa-actividad-electrica-y-granizo-pasaron-por-la-comarca\/#primaryimage\"},\"image\":{\"@id\":\"https:\/\/www.noticiasradioreflejos.com.ar\/2021\/lluvias-intensa-actividad-electrica-y-granizo-pasaron-por-la-comarca\/#primaryimage\"},\"thumbnailUrl\":\"https:\/\/www.noticiasradioreflejos.com.ar\/2021\/wp-content\/uploads\/2022\/11\/Tormenta-electrica-en-Sierra.jpg\",\"datePublished\":\"2022-11-20T12:45:03+00:00\",\"dateModified\":\"2022-11-20T12:55:11+00:00\",\"author\":{\"@id\":\"https:\/\/www.noticiasradioreflejos.com.ar\/2021\/#\/schema\/person\/ad82545263dcc5ec0996818884fd5fb1\"},\"breadcrumb\":{\"@id\":\"https:\/\/www.noticiasradioreflejos.com.ar\/2021\/lluvias-intensa-actividad-electrica-y-granizo-pasaron-por-la-comarca\/#breadcrumb\"},\"inLanguage\":\"es\",\"potentialAction\":[{\"@type\":\"ReadAction\",\"target\":[\"https:\/\/www.noticiasradioreflejos.com.ar\/2021\/lluvias-intensa-actividad-electrica-y-granizo-pasaron-por-la-comarca\/\"]}]},{\"@type\":\"ImageObject\",\"inLanguage\":\"es\",\"@id\":\"https:\/\/www.noticiasradioreflejos.com.ar\/2021\/lluvias-intensa-actividad-electrica-y-granizo-pasaron-por-la-comarca\/#primaryimage\",\"url\":\"https:\/\/www.noticiasradioreflejos.com.ar\/2021\/wp-content\/uploads\/2022\/11\/Tormenta-electrica-en-Sierra.jpg\",\"contentUrl\":\"https:\/\/www.noticiasradioreflejos.com.ar\/2021\/wp-content\/uploads\/2022\/11\/Tormenta-electrica-en-Sierra.jpg\",\"width\":2048,\"height\":1365},{\"@type\":\"BreadcrumbList\",\"@id\":\"https:\/\/www.noticiasradioreflejos.com.ar\/2021\/lluvias-intensa-actividad-electrica-y-granizo-pasaron-por-la-comarca\/#breadcrumb\",\"itemListElement\":[{\"@type\":\"ListItem\",\"position\":1,\"name\":\"Portada\",\"item\":\"https:\/\/www.noticiasradioreflejos.com.ar\/2021\/\"},{\"@type\":\"ListItem\",\"position\":2,\"name\":\"Lluvias, intensa actividad el\u00e9ctrica y granizo pasaron por la comarca.\"}]},{\"@type\":\"WebSite\",\"@id\":\"https:\/\/www.noticiasradioreflejos.com.ar\/2021\/#website\",\"url\":\"https:\/\/www.noticiasradioreflejos.com.ar\/2021\/\",\"name\":\"Noticias Radio Reflejos\",\"description\":\"Las noticias de mi comarca\",\"potentialAction\":[{\"@type\":\"SearchAction\",\"target\":{\"@type\":\"EntryPoint\",\"urlTemplate\":\"https:\/\/www.noticiasradioreflejos.com.ar\/2021\/?s={search_term_string}\"},\"query-input\":{\"@type\":\"PropertyValueSpecification\",\"valueRequired\":true,\"valueName\":\"search_term_string\"}}],\"inLanguage\":\"es\"},{\"@type\":\"Person\",\"@id\":\"https:\/\/www.noticiasradioreflejos.com.ar\/2021\/#\/schema\/person\/ad82545263dcc5ec0996818884fd5fb1\",\"name\":\"Arnaldo Botto\",\"image\":{\"@type\":\"ImageObject\",\"inLanguage\":\"es\",\"@id\":\"https:\/\/www.noticiasradioreflejos.com.ar\/2021\/#\/schema\/person\/image\/\",\"url\":\"https:\/\/secure.gravatar.com\/avatar\/55cb5e37c1efa326397366e6974cb338056df65cb50e7d64d1cf314e87504837?s=96&d=mm&r=g\",\"contentUrl\":\"https:\/\/secure.gravatar.com\/avatar\/55cb5e37c1efa326397366e6974cb338056df65cb50e7d64d1cf314e87504837?s=96&d=mm&r=g\",\"caption\":\"Arnaldo Botto\"},\"url\":\"https:\/\/www.noticiasradioreflejos.com.ar\/2021\/author\/arnaldo\/\"}]}<\/script>\n<!-- \/ Yoast SEO plugin. -->","yoast_head_json":{"title":"Lluvias, intensa actividad el\u00e9ctrica y granizo pasaron por la comarca. - Noticias Radio Reflejos","robots":{"index":"index","follow":"follow","max-snippet":"max-snippet:-1","max-image-preview":"max-image-preview:large","max-video-preview":"max-video-preview:-1"},"canonical":"https:\/\/www.noticiasradioreflejos.com.ar\/2021\/lluvias-intensa-actividad-electrica-y-granizo-pasaron-por-la-comarca\/","og_locale":"es_ES","og_type":"article","og_title":"Lluvias, intensa actividad el\u00e9ctrica y granizo pasaron por la comarca. - Noticias Radio Reflejos","og_description":"Sobre la \u00faltima hora de este s\u00e1bado 19, una fuerte tormenta el\u00e9ctrica acompa\u00f1ada con abundantes lluvias, vientos y ca\u00edda de granizo impact\u00f3 en toda la zona serrana.","og_url":"https:\/\/www.noticiasradioreflejos.com.ar\/2021\/lluvias-intensa-actividad-electrica-y-granizo-pasaron-por-la-comarca\/","og_site_name":"Noticias Radio Reflejos","article_published_time":"2022-11-20T12:45:03+00:00","article_modified_time":"2022-11-20T12:55:11+00:00","og_image":[{"width":2048,"height":1365,"url":"https:\/\/www.noticiasradioreflejos.com.ar\/2021\/wp-content\/uploads\/2022\/11\/Tormenta-electrica-en-Sierra.jpg","type":"image\/jpeg"}],"author":"Arnaldo Botto","twitter_card":"summary_large_image","schema":{"@context":"https:\/\/schema.org","@graph":[{"@type":"WebPage","@id":"https:\/\/www.noticiasradioreflejos.com.ar\/2021\/lluvias-intensa-actividad-electrica-y-granizo-pasaron-por-la-comarca\/","url":"https:\/\/www.noticiasradioreflejos.com.ar\/2021\/lluvias-intensa-actividad-electrica-y-granizo-pasaron-por-la-comarca\/","name":"Lluvias, intensa actividad el\u00e9ctrica y granizo pasaron por la comarca. - Noticias Radio Reflejos","isPartOf":{"@id":"https:\/\/www.noticiasradioreflejos.com.ar\/2021\/#website"},"primaryImageOfPage":{"@id":"https:\/\/www.noticiasradioreflejos.com.ar\/2021\/lluvias-intensa-actividad-electrica-y-granizo-pasaron-por-la-comarca\/#primaryimage"},"image":{"@id":"https:\/\/www.noticiasradioreflejos.com.ar\/2021\/lluvias-intensa-actividad-electrica-y-granizo-pasaron-por-la-comarca\/#primaryimage"},"thumbnailUrl":"https:\/\/www.noticiasradioreflejos.com.ar\/2021\/wp-content\/uploads\/2022\/11\/Tormenta-electrica-en-Sierra.jpg","datePublished":"2022-11-20T12:45:03+00:00","dateModified":"2022-11-20T12:55:11+00:00","author":{"@id":"https:\/\/www.noticiasradioreflejos.com.ar\/2021\/#\/schema\/person\/ad82545263dcc5ec0996818884fd5fb1"},"breadcrumb":{"@id":"https:\/\/www.noticiasradioreflejos.com.ar\/2021\/lluvias-intensa-actividad-electrica-y-granizo-pasaron-por-la-comarca\/#breadcrumb"},"inLanguage":"es","potentialAction":[{"@type":"ReadAction","target":["https:\/\/www.noticiasradioreflejos.com.ar\/2021\/lluvias-intensa-actividad-electrica-y-granizo-pasaron-por-la-comarca\/"]}]},{"@type":"ImageObject","inLanguage":"es","@id":"https:\/\/www.noticiasradioreflejos.com.ar\/2021\/lluvias-intensa-actividad-electrica-y-granizo-pasaron-por-la-comarca\/#primaryimage","url":"https:\/\/www.noticiasradioreflejos.com.ar\/2021\/wp-content\/uploads\/2022\/11\/Tormenta-electrica-en-Sierra.jpg","contentUrl":"https:\/\/www.noticiasradioreflejos.com.ar\/2021\/wp-content\/uploads\/2022\/11\/Tormenta-electrica-en-Sierra.jpg","width":2048,"height":1365},{"@type":"BreadcrumbList","@id":"https:\/\/www.noticiasradioreflejos.com.ar\/2021\/lluvias-intensa-actividad-electrica-y-granizo-pasaron-por-la-comarca\/#breadcrumb","itemListElement":[{"@type":"ListItem","position":1,"name":"Portada","item":"https:\/\/www.noticiasradioreflejos.com.ar\/2021\/"},{"@type":"ListItem","position":2,"name":"Lluvias, intensa actividad el\u00e9ctrica y granizo pasaron por la comarca."}]},{"@type":"WebSite","@id":"https:\/\/www.noticiasradioreflejos.com.ar\/2021\/#website","url":"https:\/\/www.noticiasradioreflejos.com.ar\/2021\/","name":"Noticias Radio Reflejos","description":"Las noticias de mi comarca","potentialAction":[{"@type":"SearchAction","target":{"@type":"EntryPoint","urlTemplate":"https:\/\/www.noticiasradioreflejos.com.ar\/2021\/?s={search_term_string}"},"query-input":{"@type":"PropertyValueSpecification","valueRequired":true,"valueName":"search_term_string"}}],"inLanguage":"es"},{"@type":"Person","@id":"https:\/\/www.noticiasradioreflejos.com.ar\/2021\/#\/schema\/person\/ad82545263dcc5ec0996818884fd5fb1","name":"Arnaldo Botto","image":{"@type":"ImageObject","inLanguage":"es","@id":"https:\/\/www.noticiasradioreflejos.com.ar\/2021\/#\/schema\/person\/image\/","url":"https:\/\/secure.gravatar.com\/avatar\/55cb5e37c1efa326397366e6974cb338056df65cb50e7d64d1cf314e87504837?s=96&d=mm&r=g","contentUrl":"https:\/\/secure.gravatar.com\/avatar\/55cb5e37c1efa326397366e6974cb338056df65cb50e7d64d1cf314e87504837?s=96&d=mm&r=g","caption":"Arnaldo Botto"},"url":"https:\/\/www.noticiasradioreflejos.com.ar\/2021\/author\/arnaldo\/"}]}},"_links":{"self":[{"href":"https:\/\/www.noticiasradioreflejos.com.ar\/2021\/wp-json\/wp\/v2\/posts\/80325","targetHints":{"allow":["GET"]}}],"collection":[{"href":"https:\/\/www.noticiasradioreflejos.com.ar\/2021\/wp-json\/wp\/v2\/posts"}],"about":[{"href":"https:\/\/www.noticiasradioreflejos.com.ar\/2021\/wp-json\/wp\/v2\/types\/post"}],"author":[{"embeddable":true,"href":"https:\/\/www.noticiasradioreflejos.com.ar\/2021\/wp-json\/wp\/v2\/users\/3"}],"replies":[{"embeddable":true,"href":"https:\/\/www.noticiasradioreflejos.com.ar\/2021\/wp-json\/wp\/v2\/comments?post=80325"}],"version-history":[{"count":2,"href":"https:\/\/www.noticiasradioreflejos.com.ar\/2021\/wp-json\/wp\/v2\/posts\/80325\/revisions"}],"predecessor-version":[{"id":80328,"href":"https:\/\/www.noticiasradioreflejos.com.ar\/2021\/wp-json\/wp\/v2\/posts\/80325\/revisions\/80328"}],"wp:featuredmedia":[{"embeddable":true,"href":"https:\/\/www.noticiasradioreflejos.com.ar\/2021\/wp-json\/wp\/v2\/media\/80326"}],"wp:attachment":[{"href":"https:\/\/www.noticiasradioreflejos.com.ar\/2021\/wp-json\/wp\/v2\/media?parent=80325"}],"wp:term":[{"taxonomy":"category","embeddable":true,"href":"https:\/\/www.noticiasradioreflejos.com.ar\/2021\/wp-json\/wp\/v2\/categories?post=80325"},{"taxonomy":"post_tag","embeddable":true,"href":"https:\/\/www.noticiasradioreflejos.com.ar\/2021\/wp-json\/wp\/v2\/tags?post=80325"}],"curies":[{"name":"wp","href":"https:\/\/api.w.org\/{rel}","templated":true}]}}