{"id":80212,"date":"2022-11-16T15:16:03","date_gmt":"2022-11-16T15:16:03","guid":{"rendered":"http:\/\/www.noticiasradioreflejos.com.ar\/2021\/?p=80212"},"modified":"2022-11-16T15:16:03","modified_gmt":"2022-11-16T15:16:03","slug":"sesion-especial-el-senado-debate-el-proyecto-de-presupuesto-2023","status":"publish","type":"post","link":"https:\/\/www.noticiasradioreflejos.com.ar\/2021\/sesion-especial-el-senado-debate-el-proyecto-de-presupuesto-2023\/","title":{"rendered":"Sesi\u00f3n especial: el Senado debate el proyecto de Presupuesto 2023"},"content":{"rendered":"<p>La sesi\u00f3n ser\u00e1 a las 14 e incluir\u00e1 tambi\u00e9n la discusi\u00f3n del proyecto de ley, aprobado en Diputados, que prorroga por cinco a\u00f1os la vigencia de los impuestos a las Ganancias, a los D\u00e9bitos y Cr\u00e9ditos Bancarios, conocido como Ley del Cheque, entre otros.<!--more--><\/p>\n<figure class=\"mb-3\"><img decoding=\"async\" src=\"https:\/\/www.telam.com.ar\/thumbs\/bluesteel\/advf\/imagenes\/2022\/10\/635b1a3bc2675_1200.jpg\" alt=\"El proyecto de Presupuesto 2023 fue aprobado por la Cmara de Diputados en los ltimos das de octubre Foto Alfredo Luna\" width=\"100%\" height=\"100%\" \/><\/p>\n<div class=\"media-icons\"><\/div><figcaption>El proyecto de Presupuesto 2023 fue aprobado por la C\u00e1mara de Diputados en los \u00faltimos d\u00edas de octubre \/ Foto Alfredo Luna<\/figcaption><\/figure>\n<p>El Senado debatir\u00e1 este mi\u00e9rcoles, en una sesi\u00f3n especial, el proyecto de Presupuesto 2023, en<strong>\u00a0una discusi\u00f3n que se extender\u00e1 por varias horas\u00a0<\/strong>y en la que<strong>\u00a0oficialismo<\/strong>\u00a0-con votos propios y de fuerzas aliadas-<strong>\u00a0buscar\u00e1 darle sanci\u00f3n definitiva\u00a0<\/strong>a la iniciativa y enviarlo al Poder Ejecutivo para su promulgaci\u00f3n.<\/p>\n<p>La sesi\u00f3n, citada para las 14, tambi\u00e9n incluir\u00e1 la discusi\u00f3n del proyecto de ley, aprobado hace dos meses en Diputados, que prorroga por cinco a\u00f1os la vigencia de los impuestos a las Ganancias, a los D\u00e9bitos y Cr\u00e9ditos Bancarios, conocido como Ley del Cheque; del Monotributo, el Capital de la Cooperativa y el adicional de Cigarrillo, que vencen a fines de 2022, que en conjunto explican el 32% de la recaudaci\u00f3n impositiva.<\/p>\n<h2 class=\"\">Aprobaci\u00f3n de Presupuesto en Diputados<\/h2>\n<p>El proyecto de Presupuesto 2023\u00a0<a href=\"https:\/\/www.telam.com.ar\/notas\/202211\/609824-senado-presupuesto-dictamen.html\" target=\"_blank\" rel=\"noopener\"><strong>fue aprobado por la C\u00e1mara de Diputados en los \u00faltimos d\u00edas de octubre<\/strong><\/a>, tras una extensa sesi\u00f3n en la que el Frente de Todos logr\u00f3 sancionarlo con votos propios, de fuerzas provinciales y de legisladores del radicalismo encuadrados en Juntos por el Cambio.<\/p>\n<p>De hecho, en esa reuni\u00f3n, que se llev\u00f3 a cabo entre el 25 de octubre y la madrugada del 26, el proyecto obtuvo 180 votos a favor, 22 votos en contra y 49 abstenciones y se convirti\u00f3 en el que mayor cantidad de respaldos obtuvo en la C\u00e1mara baja desde 2012 a la fecha.<\/p>\n<h2 class=\"\">Pase del proyecto al Senado<\/h2>\n<p>El proyecto de ley de Presupuesto 2023 pas\u00f3 al Senado donde, tras dos reuniones de la Comisi\u00f3n de Presupuesto y Hacienda -celebradas el 2 y 3 de noviembre-, obtuvo dictamen de mayor\u00eda con las firmas de los legisladores del Frente de Todos y de su aliado de Juntos Somos R\u00edo Negro, Alberto Weretilneck.<\/p>\n<p>La primera de las jornadas sirvi\u00f3 para que los legisladores escucharan a los secretarios de Programaci\u00f3n Econ\u00f3mica, Gabriel Rubinstein; de Hacienda, Ra\u00fal Rigo; y de Finanzas, Eduardo Setti.<\/p>\n<p>Al d\u00eda siguiente, el interbloque que es la primera minor\u00eda en la C\u00e1mara alta logr\u00f3 las firmas necesarias para llevar el proyecto al recinto.<\/p>\n<p>Sin embargo, el oficialismo se tom\u00f3 una semana m\u00e1s antes de que el tema sea discutido en una sesi\u00f3n.<\/p>\n","protected":false},"excerpt":{"rendered":"<p>La sesi\u00f3n ser\u00e1 a las 14 e incluir\u00e1 tambi\u00e9n la discusi\u00f3n del proyecto de ley, aprobado en Diputados, que prorroga por cinco a\u00f1os la vigencia de los impuestos a las Ganancias, a los D\u00e9bitos y Cr\u00e9ditos Bancarios, conocido como Ley del Cheque, entre otros.<\/p>\n","protected":false},"author":3,"featured_media":0,"comment_status":"closed","ping_status":"closed","sticky":false,"template":"","format":"standard","meta":{"footnotes":""},"categories":[36,58,24],"tags":[],"class_list":["post-80212","post","type-post","status-publish","format-standard","hentry","category-economia","category-gobierno","category-politica"],"yoast_head":"<!-- This site is optimized with the Yoast SEO plugin v25.9 - https:\/\/yoast.com\/wordpress\/plugins\/seo\/ -->\n<title>Sesi\u00f3n especial: el Senado debate el proyecto de Presupuesto 2023 - Noticias Radio Reflejos<\/title>\n<meta name=\"robots\" content=\"index, follow, max-snippet:-1, max-image-preview:large, max-video-preview:-1\" \/>\n<link rel=\"canonical\" href=\"https:\/\/www.noticiasradioreflejos.com.ar\/2021\/sesion-especial-el-senado-debate-el-proyecto-de-presupuesto-2023\/\" \/>\n<meta property=\"og:locale\" content=\"es_ES\" \/>\n<meta property=\"og:type\" content=\"article\" \/>\n<meta property=\"og:title\" content=\"Sesi\u00f3n especial: el Senado debate el proyecto de Presupuesto 2023 - Noticias Radio Reflejos\" \/>\n<meta property=\"og:description\" content=\"La sesi\u00f3n ser\u00e1 a las 14 e incluir\u00e1 tambi\u00e9n la discusi\u00f3n del proyecto de ley, aprobado en Diputados, que prorroga por cinco a\u00f1os la vigencia de los impuestos a las Ganancias, a los D\u00e9bitos y Cr\u00e9ditos Bancarios, conocido como Ley del Cheque, entre otros.\" \/>\n<meta property=\"og:url\" content=\"https:\/\/www.noticiasradioreflejos.com.ar\/2021\/sesion-especial-el-senado-debate-el-proyecto-de-presupuesto-2023\/\" \/>\n<meta property=\"og:site_name\" content=\"Noticias Radio Reflejos\" \/>\n<meta property=\"article:published_time\" content=\"2022-11-16T15:16:03+00:00\" \/>\n<meta property=\"og:image\" content=\"https:\/\/www.telam.com.ar\/thumbs\/bluesteel\/advf\/imagenes\/2022\/10\/635b1a3bc2675_1200.jpg\" \/>\n<meta name=\"author\" content=\"Arnaldo Botto\" \/>\n<meta name=\"twitter:card\" content=\"summary_large_image\" \/>\n<script type=\"application\/ld+json\" class=\"yoast-schema-graph\">{\"@context\":\"https:\/\/schema.org\",\"@graph\":[{\"@type\":\"WebPage\",\"@id\":\"https:\/\/www.noticiasradioreflejos.com.ar\/2021\/sesion-especial-el-senado-debate-el-proyecto-de-presupuesto-2023\/\",\"url\":\"https:\/\/www.noticiasradioreflejos.com.ar\/2021\/sesion-especial-el-senado-debate-el-proyecto-de-presupuesto-2023\/\",\"name\":\"Sesi\u00f3n especial: el Senado debate el proyecto de Presupuesto 2023 - Noticias Radio Reflejos\",\"isPartOf\":{\"@id\":\"https:\/\/www.noticiasradioreflejos.com.ar\/2021\/#website\"},\"primaryImageOfPage\":{\"@id\":\"https:\/\/www.noticiasradioreflejos.com.ar\/2021\/sesion-especial-el-senado-debate-el-proyecto-de-presupuesto-2023\/#primaryimage\"},\"image\":{\"@id\":\"https:\/\/www.noticiasradioreflejos.com.ar\/2021\/sesion-especial-el-senado-debate-el-proyecto-de-presupuesto-2023\/#primaryimage\"},\"thumbnailUrl\":\"https:\/\/www.telam.com.ar\/thumbs\/bluesteel\/advf\/imagenes\/2022\/10\/635b1a3bc2675_1200.jpg\",\"datePublished\":\"2022-11-16T15:16:03+00:00\",\"author\":{\"@id\":\"https:\/\/www.noticiasradioreflejos.com.ar\/2021\/#\/schema\/person\/ad82545263dcc5ec0996818884fd5fb1\"},\"breadcrumb\":{\"@id\":\"https:\/\/www.noticiasradioreflejos.com.ar\/2021\/sesion-especial-el-senado-debate-el-proyecto-de-presupuesto-2023\/#breadcrumb\"},\"inLanguage\":\"es\",\"potentialAction\":[{\"@type\":\"ReadAction\",\"target\":[\"https:\/\/www.noticiasradioreflejos.com.ar\/2021\/sesion-especial-el-senado-debate-el-proyecto-de-presupuesto-2023\/\"]}]},{\"@type\":\"ImageObject\",\"inLanguage\":\"es\",\"@id\":\"https:\/\/www.noticiasradioreflejos.com.ar\/2021\/sesion-especial-el-senado-debate-el-proyecto-de-presupuesto-2023\/#primaryimage\",\"url\":\"https:\/\/www.telam.com.ar\/thumbs\/bluesteel\/advf\/imagenes\/2022\/10\/635b1a3bc2675_1200.jpg\",\"contentUrl\":\"https:\/\/www.telam.com.ar\/thumbs\/bluesteel\/advf\/imagenes\/2022\/10\/635b1a3bc2675_1200.jpg\"},{\"@type\":\"BreadcrumbList\",\"@id\":\"https:\/\/www.noticiasradioreflejos.com.ar\/2021\/sesion-especial-el-senado-debate-el-proyecto-de-presupuesto-2023\/#breadcrumb\",\"itemListElement\":[{\"@type\":\"ListItem\",\"position\":1,\"name\":\"Portada\",\"item\":\"https:\/\/www.noticiasradioreflejos.com.ar\/2021\/\"},{\"@type\":\"ListItem\",\"position\":2,\"name\":\"Sesi\u00f3n especial: el Senado debate el proyecto de Presupuesto 2023\"}]},{\"@type\":\"WebSite\",\"@id\":\"https:\/\/www.noticiasradioreflejos.com.ar\/2021\/#website\",\"url\":\"https:\/\/www.noticiasradioreflejos.com.ar\/2021\/\",\"name\":\"Noticias Radio Reflejos\",\"description\":\"Las noticias de mi comarca\",\"potentialAction\":[{\"@type\":\"SearchAction\",\"target\":{\"@type\":\"EntryPoint\",\"urlTemplate\":\"https:\/\/www.noticiasradioreflejos.com.ar\/2021\/?s={search_term_string}\"},\"query-input\":{\"@type\":\"PropertyValueSpecification\",\"valueRequired\":true,\"valueName\":\"search_term_string\"}}],\"inLanguage\":\"es\"},{\"@type\":\"Person\",\"@id\":\"https:\/\/www.noticiasradioreflejos.com.ar\/2021\/#\/schema\/person\/ad82545263dcc5ec0996818884fd5fb1\",\"name\":\"Arnaldo Botto\",\"image\":{\"@type\":\"ImageObject\",\"inLanguage\":\"es\",\"@id\":\"https:\/\/www.noticiasradioreflejos.com.ar\/2021\/#\/schema\/person\/image\/\",\"url\":\"https:\/\/secure.gravatar.com\/avatar\/55cb5e37c1efa326397366e6974cb338056df65cb50e7d64d1cf314e87504837?s=96&d=mm&r=g\",\"contentUrl\":\"https:\/\/secure.gravatar.com\/avatar\/55cb5e37c1efa326397366e6974cb338056df65cb50e7d64d1cf314e87504837?s=96&d=mm&r=g\",\"caption\":\"Arnaldo Botto\"},\"url\":\"https:\/\/www.noticiasradioreflejos.com.ar\/2021\/author\/arnaldo\/\"}]}<\/script>\n<!-- \/ Yoast SEO plugin. -->","yoast_head_json":{"title":"Sesi\u00f3n especial: el Senado debate el proyecto de Presupuesto 2023 - Noticias Radio Reflejos","robots":{"index":"index","follow":"follow","max-snippet":"max-snippet:-1","max-image-preview":"max-image-preview:large","max-video-preview":"max-video-preview:-1"},"canonical":"https:\/\/www.noticiasradioreflejos.com.ar\/2021\/sesion-especial-el-senado-debate-el-proyecto-de-presupuesto-2023\/","og_locale":"es_ES","og_type":"article","og_title":"Sesi\u00f3n especial: el Senado debate el proyecto de Presupuesto 2023 - Noticias Radio Reflejos","og_description":"La sesi\u00f3n ser\u00e1 a las 14 e incluir\u00e1 tambi\u00e9n la discusi\u00f3n del proyecto de ley, aprobado en Diputados, que prorroga por cinco a\u00f1os la vigencia de los impuestos a las Ganancias, a los D\u00e9bitos y Cr\u00e9ditos Bancarios, conocido como Ley del Cheque, entre otros.","og_url":"https:\/\/www.noticiasradioreflejos.com.ar\/2021\/sesion-especial-el-senado-debate-el-proyecto-de-presupuesto-2023\/","og_site_name":"Noticias Radio Reflejos","article_published_time":"2022-11-16T15:16:03+00:00","og_image":[{"url":"https:\/\/www.telam.com.ar\/thumbs\/bluesteel\/advf\/imagenes\/2022\/10\/635b1a3bc2675_1200.jpg","type":"","width":"","height":""}],"author":"Arnaldo Botto","twitter_card":"summary_large_image","schema":{"@context":"https:\/\/schema.org","@graph":[{"@type":"WebPage","@id":"https:\/\/www.noticiasradioreflejos.com.ar\/2021\/sesion-especial-el-senado-debate-el-proyecto-de-presupuesto-2023\/","url":"https:\/\/www.noticiasradioreflejos.com.ar\/2021\/sesion-especial-el-senado-debate-el-proyecto-de-presupuesto-2023\/","name":"Sesi\u00f3n especial: el Senado debate el proyecto de Presupuesto 2023 - Noticias Radio Reflejos","isPartOf":{"@id":"https:\/\/www.noticiasradioreflejos.com.ar\/2021\/#website"},"primaryImageOfPage":{"@id":"https:\/\/www.noticiasradioreflejos.com.ar\/2021\/sesion-especial-el-senado-debate-el-proyecto-de-presupuesto-2023\/#primaryimage"},"image":{"@id":"https:\/\/www.noticiasradioreflejos.com.ar\/2021\/sesion-especial-el-senado-debate-el-proyecto-de-presupuesto-2023\/#primaryimage"},"thumbnailUrl":"https:\/\/www.telam.com.ar\/thumbs\/bluesteel\/advf\/imagenes\/2022\/10\/635b1a3bc2675_1200.jpg","datePublished":"2022-11-16T15:16:03+00:00","author":{"@id":"https:\/\/www.noticiasradioreflejos.com.ar\/2021\/#\/schema\/person\/ad82545263dcc5ec0996818884fd5fb1"},"breadcrumb":{"@id":"https:\/\/www.noticiasradioreflejos.com.ar\/2021\/sesion-especial-el-senado-debate-el-proyecto-de-presupuesto-2023\/#breadcrumb"},"inLanguage":"es","potentialAction":[{"@type":"ReadAction","target":["https:\/\/www.noticiasradioreflejos.com.ar\/2021\/sesion-especial-el-senado-debate-el-proyecto-de-presupuesto-2023\/"]}]},{"@type":"ImageObject","inLanguage":"es","@id":"https:\/\/www.noticiasradioreflejos.com.ar\/2021\/sesion-especial-el-senado-debate-el-proyecto-de-presupuesto-2023\/#primaryimage","url":"https:\/\/www.telam.com.ar\/thumbs\/bluesteel\/advf\/imagenes\/2022\/10\/635b1a3bc2675_1200.jpg","contentUrl":"https:\/\/www.telam.com.ar\/thumbs\/bluesteel\/advf\/imagenes\/2022\/10\/635b1a3bc2675_1200.jpg"},{"@type":"BreadcrumbList","@id":"https:\/\/www.noticiasradioreflejos.com.ar\/2021\/sesion-especial-el-senado-debate-el-proyecto-de-presupuesto-2023\/#breadcrumb","itemListElement":[{"@type":"ListItem","position":1,"name":"Portada","item":"https:\/\/www.noticiasradioreflejos.com.ar\/2021\/"},{"@type":"ListItem","position":2,"name":"Sesi\u00f3n especial: el Senado debate el proyecto de Presupuesto 2023"}]},{"@type":"WebSite","@id":"https:\/\/www.noticiasradioreflejos.com.ar\/2021\/#website","url":"https:\/\/www.noticiasradioreflejos.com.ar\/2021\/","name":"Noticias Radio Reflejos","description":"Las noticias de mi comarca","potentialAction":[{"@type":"SearchAction","target":{"@type":"EntryPoint","urlTemplate":"https:\/\/www.noticiasradioreflejos.com.ar\/2021\/?s={search_term_string}"},"query-input":{"@type":"PropertyValueSpecification","valueRequired":true,"valueName":"search_term_string"}}],"inLanguage":"es"},{"@type":"Person","@id":"https:\/\/www.noticiasradioreflejos.com.ar\/2021\/#\/schema\/person\/ad82545263dcc5ec0996818884fd5fb1","name":"Arnaldo Botto","image":{"@type":"ImageObject","inLanguage":"es","@id":"https:\/\/www.noticiasradioreflejos.com.ar\/2021\/#\/schema\/person\/image\/","url":"https:\/\/secure.gravatar.com\/avatar\/55cb5e37c1efa326397366e6974cb338056df65cb50e7d64d1cf314e87504837?s=96&d=mm&r=g","contentUrl":"https:\/\/secure.gravatar.com\/avatar\/55cb5e37c1efa326397366e6974cb338056df65cb50e7d64d1cf314e87504837?s=96&d=mm&r=g","caption":"Arnaldo Botto"},"url":"https:\/\/www.noticiasradioreflejos.com.ar\/2021\/author\/arnaldo\/"}]}},"_links":{"self":[{"href":"https:\/\/www.noticiasradioreflejos.com.ar\/2021\/wp-json\/wp\/v2\/posts\/80212","targetHints":{"allow":["GET"]}}],"collection":[{"href":"https:\/\/www.noticiasradioreflejos.com.ar\/2021\/wp-json\/wp\/v2\/posts"}],"about":[{"href":"https:\/\/www.noticiasradioreflejos.com.ar\/2021\/wp-json\/wp\/v2\/types\/post"}],"author":[{"embeddable":true,"href":"https:\/\/www.noticiasradioreflejos.com.ar\/2021\/wp-json\/wp\/v2\/users\/3"}],"replies":[{"embeddable":true,"href":"https:\/\/www.noticiasradioreflejos.com.ar\/2021\/wp-json\/wp\/v2\/comments?post=80212"}],"version-history":[{"count":1,"href":"https:\/\/www.noticiasradioreflejos.com.ar\/2021\/wp-json\/wp\/v2\/posts\/80212\/revisions"}],"predecessor-version":[{"id":80213,"href":"https:\/\/www.noticiasradioreflejos.com.ar\/2021\/wp-json\/wp\/v2\/posts\/80212\/revisions\/80213"}],"wp:attachment":[{"href":"https:\/\/www.noticiasradioreflejos.com.ar\/2021\/wp-json\/wp\/v2\/media?parent=80212"}],"wp:term":[{"taxonomy":"category","embeddable":true,"href":"https:\/\/www.noticiasradioreflejos.com.ar\/2021\/wp-json\/wp\/v2\/categories?post=80212"},{"taxonomy":"post_tag","embeddable":true,"href":"https:\/\/www.noticiasradioreflejos.com.ar\/2021\/wp-json\/wp\/v2\/tags?post=80212"}],"curies":[{"name":"wp","href":"https:\/\/api.w.org\/{rel}","templated":true}]}}