{"id":80204,"date":"2022-11-16T11:32:14","date_gmt":"2022-11-16T11:32:14","guid":{"rendered":"http:\/\/www.noticiasradioreflejos.com.ar\/2021\/?p=80204"},"modified":"2022-11-16T11:32:14","modified_gmt":"2022-11-16T11:32:14","slug":"la-otan-se-reunio-de-urgencia-por-la-caida-de-un-misil-en-polonia","status":"publish","type":"post","link":"https:\/\/www.noticiasradioreflejos.com.ar\/2021\/la-otan-se-reunio-de-urgencia-por-la-caida-de-un-misil-en-polonia\/","title":{"rendered":"La OTAN se reuni\u00f3 de urgencia por la ca\u00edda de un misil en Polonia"},"content":{"rendered":"<p>Si bien el gobierno de Ucrania acus\u00f3 r\u00e1pidamente a Rusia, el presidente estadounidense, Joe Biden dijo que eso era \u00abimprobable\u00bb. En la misma l\u00ednea se expresaron desde B\u00e9lgica, Francia y Alemania.<!--more--><\/p>\n<figure class=\"mb-3\"><img decoding=\"async\" src=\"https:\/\/www.telam.com.ar\/thumbs\/bluesteel\/advf\/imagenes\/2022\/03\/6231e97ca6a46_1200.jpg\" alt=\"Foto Archivo\" width=\"100%\" height=\"100%\" \/><\/p>\n<div class=\"media-icons\"><\/div><figcaption>Foto Archivo<\/figcaption><\/figure>\n<p><strong>Embajadores de las 30 naciones de la OTAN<\/strong>\u00a0se reunieron este mi\u00e9rcoles de\u00a0<strong>urgencia en Bruselas<\/strong>\u00a0despu\u00e9s de que el gobierno polaco dijera que un misil de fabricaci\u00f3n rusa cay\u00f3 en su territorio y mat\u00f3 a dos personas, y el presidente de Estados Unidos, Joe Biden, y sus aliados prometieron apoyo a la investigaci\u00f3n sobre el incidente.<\/p>\n<p>La explosi\u00f3n en Polonia ocurri\u00f3 mientras Rusia lanzaba cientos de misiles contra Ucrania, e inmediatamente gener\u00f3 alarma y confusi\u00f3n sobre si Mosc\u00fa era el responsable, y, en ese caso, si se habr\u00eda sido un error o si su intenci\u00f3n era ampliar el conflicto a un pa\u00eds de la OTAN, lo que podr\u00eda arrastrar a la guerra a todos los dem\u00e1s.<\/p>\n<p>El gobierno de\u00a0<strong>Ucrania acus\u00f3 r\u00e1pidamente a Rusia<\/strong>, pero, con el correr de las horas, crec\u00eda la impresi\u00f3n de que el misil no hab\u00eda sido lanzado por fuerzas rusas, luego de que el presidente Biden dijera que eso era \u00abimprobable\u00bb.<\/p>\n<p>Las autoridades de B\u00e9lgica, en cuya capital tiene su sede la OTAN, dijeron este mi\u00e9rcoles que, seg\u00fan la informaci\u00f3n disponible hasta ahora, el misil parec\u00eda haber sido disparado por las defensas antia\u00e9reas de Ucrania.<\/p>\n<p>Los representantes de\u00a0<strong>Francia y Alemania tambi\u00e9n se mostraron cautelosos<\/strong>, y pidieron \u00abm\u00e1xima prudencia\u00bb y no sacar una \u00abconclusi\u00f3n apresurada\u00bb sobre el origen del misil, inform\u00f3 la agencia de noticias AFP.<\/p>\n<p>La vocera principal de la OTAN, Oana Lungescu, describi\u00f3 la explosi\u00f3n como un \u00abincidente tr\u00e1gico\u00bb.<\/p>\n<figure class=\"mb-3\"><img decoding=\"async\" src=\"https:\/\/www.telam.com.ar\/thumbs\/bluesteel\/advf\/imagenes\/2022\/11\/63741865e7610_1200.jpg\" alt=\"Autoridades de Seguridad de Polonia informan sobre el inicio de la investigacin Foto AFP\" width=\"100%\" height=\"100%\" \/><\/p>\n<div class=\"media-icons\"><\/div><figcaption>Autoridades de Seguridad de Polonia informan sobre el inicio de la investigaci\u00f3n. Foto: AFP<\/figcaption><\/figure>\n<p>La reuni\u00f3n en Bruselas fue convocada luego de que el secretario general de la OTAN, Jens Stoltenberg, destacara anoche la importancia de que \u00abtodos los hechos sean establecidos\u00bb.<\/p>\n<p>Dado que a\u00fan no hab\u00eda respuestas a muchos interrogantes clave, un comunicado de firme apoyo a la investigaci\u00f3n polaca del incidente parec\u00eda el resultado m\u00e1s probable del encuentro de emergencia, haci\u00e9ndose eco de una declaraci\u00f3n conjunta emitida anoche por la OTAN y los l\u00edderes del G7.<\/p>\n<p>\u00abOfrecemos nuestro pleno apoyo y asistencia a la investigaci\u00f3n en marcha en Polonia. Acordamos seguir en estrecho contacto para determinar los siguientes pasos apropiados mientras procede la investigaci\u00f3n\u00bb, dijeron los l\u00edderes del G7, reunidos al margen de una cumbre del G20 en Bali, Indonesia.<\/p>\n<p>\u00abReafirmamos nuestro compromiso firme de apoyo a Ucrania y al pueblo ucraniano ante la agresi\u00f3n rusa, as\u00ed como nuestra constante disposici\u00f3n a hacer que Rusia rinda cuentas por sus ataques descarados contra localidades ucranianas\u00bb, agregaron.<\/p>\n<p>La alianza de seguridad m\u00e1s grande del mundo se ha negado a enviar tropas a Ucrania y ha rechazado las solicitudes de Kiev de imponer una zona de exclusi\u00f3n a\u00e9rea sobre sus ciudades, lo que podr\u00eda requerir que los aliados derriben aviones de combate rusos o apunten a sistemas de defensa a\u00e9rea en territorio ruso.<\/p>\n<p>Si bien algunos de los pa\u00edses miembros de la OTAN proporcionan armas y otro tipo de apoyo, la OTAN como organizaci\u00f3n no lo hace.<\/p>\n<p>La alianza militar liderada por Estados Unidos se ha centrado en reforzar sus fuerzas en los pa\u00edses miembros cerca de las fronteras de Rusia y Ucrania para disuadir a Mosc\u00fa de atacarlos.<\/p>\n<p>Luego de que Rusia invadi\u00f3 Ucrania, los Gobierno de Bulgaria, Rep\u00fablica Checa, Estonia, Letonia, Lituania, Polonia, Rumania y Eslovaquia iniciaron consultas urgentes bajo el Art\u00edculo 4 de la OTAN, que prev\u00e9 tales conversaciones cuando \u00abse vea amenazada la integridad territorial, la independencia pol\u00edtica o la seguridad de cualquiera de las partes\u00bb.<\/p>\n<p>En caso de que Polonia se considerara a s\u00ed misma bajo ataque, podr\u00eda, solo despu\u00e9s de esas consultas y otras reuniones, activar el Art\u00edculo 5 del Tratado de Washington.<\/p>\n<p>Esta cl\u00e1usula de defensa colectiva requiere que todos los miembros de la alianza militar acudan en ayuda de cualquier aliado bajo ataque.<\/p>\n<figure class=\"mb-3\"><img decoding=\"async\" src=\"https:\/\/www.telam.com.ar\/thumbs\/bluesteel\/advf\/imagenes\/2022\/11\/6373f43f5e373_1200.jpg\" alt=\"El primer ministro polaco Mateusz Morawiecki convoc de urgencia a la Comisin de Seguridad Nacional Foto MorawieckiM\" width=\"100%\" height=\"100%\" \/><\/p>\n<div class=\"media-icons\"><\/div><figcaption>El primer ministro polaco, Mateusz Morawiecki, convoc\u00f3 de urgencia a la Comisi\u00f3n de Seguridad Nacional \/ Foto: @MorawieckiM.<\/figcaption><\/figure>\n<h2 class=\"\">El incidente<\/h2>\n<p>La ca\u00edda de un misil en Polonia, cerca de la frontera con Ucrania, se dio en el contexto de un aumento de la ofensiva de Rusia en el este ucraniano.<\/p>\n<p>\u00abMisiles rusos alcanzaron hoy a Polonia, el territorio de un pa\u00eds aliado, murieron personas; por favor, acepten nuestras condolencias\u00bb, dijo Zelenski y agreg\u00f3: \u00abCuanto m\u00e1s tiempo sienta Rusia esta inmunidad, m\u00e1s amenazas habr\u00e1 contra cualquiera que est\u00e9 al alcance de los misiles rusos\u00bb.<\/p>\n<p>Paralelamente,\u00a0<strong>el Ministerio de Defensa de Rusia refut\u00f3 las primeras versiones sobre el incidente difundidas en Polonia, que apuntaban a una probable responsabilidad de Mosc\u00fa: \u00abLas declaraciones de los medios y funcionarios polacos sobre el impacto de misiles rusos en el \u00e1rea de Przewodow es una provocaci\u00f3n deliberada\u00bb<\/strong>, afirm\u00f3, seg\u00fan la agencia Tass<\/p>\n<p>Por otra parte,\u00a0<strong>el Departamento de Defensa de Estados Unidos dijo que investigaba el hecho<\/strong>\u00a0y tambi\u00e9n prefiri\u00f3 no atribu\u00edrselo a nadie.<\/p>\n<p>Antes de que Polonia afirmara que se trat\u00f3 de misiles de fabricaci\u00f3n rusa, el vocero del Pent\u00e1gono, general Pat Ryder, dijo que no ten\u00eda informaci\u00f3n suficiente para confirmar el hecho.\u00a0\u00abNo tenemos informaci\u00f3n ahora mismo que corrobore que haya habido un ataque con misiles; lo estamos investigando\u00bb, dijo en conferencia de prensa y record\u00f3 que Estados Unidos tiene \u00abuna gran variedad de medios para verificar la informaci\u00f3n\u00bb, por lo que informar\u00eda de la situaci\u00f3n si se confirmara.<\/p>\n<p>Ryder evit\u00f3 contestar a los periodistas si esta situaci\u00f3n podr\u00eda llevar a invocar la cl\u00e1usula de defensa mutua de la OTAN. \u00abNo voy a especular sobre potenciales situaciones; me limito a gestionar los hechos, as\u00ed que vamos a tener los hechos y luego actuaremos desde ah\u00ed\u00bb, asever\u00f3.<\/p>\n","protected":false},"excerpt":{"rendered":"<p>Si bien el gobierno de Ucrania acus\u00f3 r\u00e1pidamente a Rusia, el presidente estadounidense, Joe Biden dijo que eso era \u00abimprobable\u00bb. En la misma l\u00ednea se expresaron desde B\u00e9lgica, Francia y Alemania.<\/p>\n","protected":false},"author":3,"featured_media":0,"comment_status":"closed","ping_status":"closed","sticky":false,"template":"","format":"standard","meta":{"footnotes":""},"categories":[24],"tags":[],"class_list":["post-80204","post","type-post","status-publish","format-standard","hentry","category-politica"],"yoast_head":"<!-- This site is optimized with the Yoast SEO plugin v25.9 - https:\/\/yoast.com\/wordpress\/plugins\/seo\/ -->\n<title>La OTAN se reuni\u00f3 de urgencia por la ca\u00edda de un misil en Polonia - Noticias Radio Reflejos<\/title>\n<meta name=\"robots\" content=\"index, follow, max-snippet:-1, max-image-preview:large, max-video-preview:-1\" \/>\n<link rel=\"canonical\" href=\"https:\/\/www.noticiasradioreflejos.com.ar\/2021\/la-otan-se-reunio-de-urgencia-por-la-caida-de-un-misil-en-polonia\/\" \/>\n<meta property=\"og:locale\" content=\"es_ES\" \/>\n<meta property=\"og:type\" content=\"article\" \/>\n<meta property=\"og:title\" content=\"La OTAN se reuni\u00f3 de urgencia por la ca\u00edda de un misil en Polonia - Noticias Radio Reflejos\" \/>\n<meta property=\"og:description\" content=\"Si bien el gobierno de Ucrania acus\u00f3 r\u00e1pidamente a Rusia, el presidente estadounidense, Joe Biden dijo que eso era \u00abimprobable\u00bb. En la misma l\u00ednea se expresaron desde B\u00e9lgica, Francia y Alemania.\" \/>\n<meta property=\"og:url\" content=\"https:\/\/www.noticiasradioreflejos.com.ar\/2021\/la-otan-se-reunio-de-urgencia-por-la-caida-de-un-misil-en-polonia\/\" \/>\n<meta property=\"og:site_name\" content=\"Noticias Radio Reflejos\" \/>\n<meta property=\"article:published_time\" content=\"2022-11-16T11:32:14+00:00\" \/>\n<meta property=\"og:image\" content=\"https:\/\/www.telam.com.ar\/thumbs\/bluesteel\/advf\/imagenes\/2022\/03\/6231e97ca6a46_1200.jpg\" \/>\n<meta name=\"author\" content=\"Arnaldo Botto\" \/>\n<meta name=\"twitter:card\" content=\"summary_large_image\" \/>\n<script type=\"application\/ld+json\" class=\"yoast-schema-graph\">{\"@context\":\"https:\/\/schema.org\",\"@graph\":[{\"@type\":\"WebPage\",\"@id\":\"https:\/\/www.noticiasradioreflejos.com.ar\/2021\/la-otan-se-reunio-de-urgencia-por-la-caida-de-un-misil-en-polonia\/\",\"url\":\"https:\/\/www.noticiasradioreflejos.com.ar\/2021\/la-otan-se-reunio-de-urgencia-por-la-caida-de-un-misil-en-polonia\/\",\"name\":\"La OTAN se reuni\u00f3 de urgencia por la ca\u00edda de un misil en Polonia - Noticias Radio Reflejos\",\"isPartOf\":{\"@id\":\"https:\/\/www.noticiasradioreflejos.com.ar\/2021\/#website\"},\"primaryImageOfPage\":{\"@id\":\"https:\/\/www.noticiasradioreflejos.com.ar\/2021\/la-otan-se-reunio-de-urgencia-por-la-caida-de-un-misil-en-polonia\/#primaryimage\"},\"image\":{\"@id\":\"https:\/\/www.noticiasradioreflejos.com.ar\/2021\/la-otan-se-reunio-de-urgencia-por-la-caida-de-un-misil-en-polonia\/#primaryimage\"},\"thumbnailUrl\":\"https:\/\/www.telam.com.ar\/thumbs\/bluesteel\/advf\/imagenes\/2022\/03\/6231e97ca6a46_1200.jpg\",\"datePublished\":\"2022-11-16T11:32:14+00:00\",\"author\":{\"@id\":\"https:\/\/www.noticiasradioreflejos.com.ar\/2021\/#\/schema\/person\/ad82545263dcc5ec0996818884fd5fb1\"},\"breadcrumb\":{\"@id\":\"https:\/\/www.noticiasradioreflejos.com.ar\/2021\/la-otan-se-reunio-de-urgencia-por-la-caida-de-un-misil-en-polonia\/#breadcrumb\"},\"inLanguage\":\"es\",\"potentialAction\":[{\"@type\":\"ReadAction\",\"target\":[\"https:\/\/www.noticiasradioreflejos.com.ar\/2021\/la-otan-se-reunio-de-urgencia-por-la-caida-de-un-misil-en-polonia\/\"]}]},{\"@type\":\"ImageObject\",\"inLanguage\":\"es\",\"@id\":\"https:\/\/www.noticiasradioreflejos.com.ar\/2021\/la-otan-se-reunio-de-urgencia-por-la-caida-de-un-misil-en-polonia\/#primaryimage\",\"url\":\"https:\/\/www.telam.com.ar\/thumbs\/bluesteel\/advf\/imagenes\/2022\/03\/6231e97ca6a46_1200.jpg\",\"contentUrl\":\"https:\/\/www.telam.com.ar\/thumbs\/bluesteel\/advf\/imagenes\/2022\/03\/6231e97ca6a46_1200.jpg\"},{\"@type\":\"BreadcrumbList\",\"@id\":\"https:\/\/www.noticiasradioreflejos.com.ar\/2021\/la-otan-se-reunio-de-urgencia-por-la-caida-de-un-misil-en-polonia\/#breadcrumb\",\"itemListElement\":[{\"@type\":\"ListItem\",\"position\":1,\"name\":\"Portada\",\"item\":\"https:\/\/www.noticiasradioreflejos.com.ar\/2021\/\"},{\"@type\":\"ListItem\",\"position\":2,\"name\":\"La OTAN se reuni\u00f3 de urgencia por la ca\u00edda de un misil en Polonia\"}]},{\"@type\":\"WebSite\",\"@id\":\"https:\/\/www.noticiasradioreflejos.com.ar\/2021\/#website\",\"url\":\"https:\/\/www.noticiasradioreflejos.com.ar\/2021\/\",\"name\":\"Noticias Radio Reflejos\",\"description\":\"Las noticias de mi comarca\",\"potentialAction\":[{\"@type\":\"SearchAction\",\"target\":{\"@type\":\"EntryPoint\",\"urlTemplate\":\"https:\/\/www.noticiasradioreflejos.com.ar\/2021\/?s={search_term_string}\"},\"query-input\":{\"@type\":\"PropertyValueSpecification\",\"valueRequired\":true,\"valueName\":\"search_term_string\"}}],\"inLanguage\":\"es\"},{\"@type\":\"Person\",\"@id\":\"https:\/\/www.noticiasradioreflejos.com.ar\/2021\/#\/schema\/person\/ad82545263dcc5ec0996818884fd5fb1\",\"name\":\"Arnaldo Botto\",\"image\":{\"@type\":\"ImageObject\",\"inLanguage\":\"es\",\"@id\":\"https:\/\/www.noticiasradioreflejos.com.ar\/2021\/#\/schema\/person\/image\/\",\"url\":\"https:\/\/secure.gravatar.com\/avatar\/55cb5e37c1efa326397366e6974cb338056df65cb50e7d64d1cf314e87504837?s=96&d=mm&r=g\",\"contentUrl\":\"https:\/\/secure.gravatar.com\/avatar\/55cb5e37c1efa326397366e6974cb338056df65cb50e7d64d1cf314e87504837?s=96&d=mm&r=g\",\"caption\":\"Arnaldo Botto\"},\"url\":\"https:\/\/www.noticiasradioreflejos.com.ar\/2021\/author\/arnaldo\/\"}]}<\/script>\n<!-- \/ Yoast SEO plugin. -->","yoast_head_json":{"title":"La OTAN se reuni\u00f3 de urgencia por la ca\u00edda de un misil en Polonia - Noticias Radio Reflejos","robots":{"index":"index","follow":"follow","max-snippet":"max-snippet:-1","max-image-preview":"max-image-preview:large","max-video-preview":"max-video-preview:-1"},"canonical":"https:\/\/www.noticiasradioreflejos.com.ar\/2021\/la-otan-se-reunio-de-urgencia-por-la-caida-de-un-misil-en-polonia\/","og_locale":"es_ES","og_type":"article","og_title":"La OTAN se reuni\u00f3 de urgencia por la ca\u00edda de un misil en Polonia - Noticias Radio Reflejos","og_description":"Si bien el gobierno de Ucrania acus\u00f3 r\u00e1pidamente a Rusia, el presidente estadounidense, Joe Biden dijo que eso era \u00abimprobable\u00bb. En la misma l\u00ednea se expresaron desde B\u00e9lgica, Francia y Alemania.","og_url":"https:\/\/www.noticiasradioreflejos.com.ar\/2021\/la-otan-se-reunio-de-urgencia-por-la-caida-de-un-misil-en-polonia\/","og_site_name":"Noticias Radio Reflejos","article_published_time":"2022-11-16T11:32:14+00:00","og_image":[{"url":"https:\/\/www.telam.com.ar\/thumbs\/bluesteel\/advf\/imagenes\/2022\/03\/6231e97ca6a46_1200.jpg","type":"","width":"","height":""}],"author":"Arnaldo Botto","twitter_card":"summary_large_image","schema":{"@context":"https:\/\/schema.org","@graph":[{"@type":"WebPage","@id":"https:\/\/www.noticiasradioreflejos.com.ar\/2021\/la-otan-se-reunio-de-urgencia-por-la-caida-de-un-misil-en-polonia\/","url":"https:\/\/www.noticiasradioreflejos.com.ar\/2021\/la-otan-se-reunio-de-urgencia-por-la-caida-de-un-misil-en-polonia\/","name":"La OTAN se reuni\u00f3 de urgencia por la ca\u00edda de un misil en Polonia - Noticias Radio Reflejos","isPartOf":{"@id":"https:\/\/www.noticiasradioreflejos.com.ar\/2021\/#website"},"primaryImageOfPage":{"@id":"https:\/\/www.noticiasradioreflejos.com.ar\/2021\/la-otan-se-reunio-de-urgencia-por-la-caida-de-un-misil-en-polonia\/#primaryimage"},"image":{"@id":"https:\/\/www.noticiasradioreflejos.com.ar\/2021\/la-otan-se-reunio-de-urgencia-por-la-caida-de-un-misil-en-polonia\/#primaryimage"},"thumbnailUrl":"https:\/\/www.telam.com.ar\/thumbs\/bluesteel\/advf\/imagenes\/2022\/03\/6231e97ca6a46_1200.jpg","datePublished":"2022-11-16T11:32:14+00:00","author":{"@id":"https:\/\/www.noticiasradioreflejos.com.ar\/2021\/#\/schema\/person\/ad82545263dcc5ec0996818884fd5fb1"},"breadcrumb":{"@id":"https:\/\/www.noticiasradioreflejos.com.ar\/2021\/la-otan-se-reunio-de-urgencia-por-la-caida-de-un-misil-en-polonia\/#breadcrumb"},"inLanguage":"es","potentialAction":[{"@type":"ReadAction","target":["https:\/\/www.noticiasradioreflejos.com.ar\/2021\/la-otan-se-reunio-de-urgencia-por-la-caida-de-un-misil-en-polonia\/"]}]},{"@type":"ImageObject","inLanguage":"es","@id":"https:\/\/www.noticiasradioreflejos.com.ar\/2021\/la-otan-se-reunio-de-urgencia-por-la-caida-de-un-misil-en-polonia\/#primaryimage","url":"https:\/\/www.telam.com.ar\/thumbs\/bluesteel\/advf\/imagenes\/2022\/03\/6231e97ca6a46_1200.jpg","contentUrl":"https:\/\/www.telam.com.ar\/thumbs\/bluesteel\/advf\/imagenes\/2022\/03\/6231e97ca6a46_1200.jpg"},{"@type":"BreadcrumbList","@id":"https:\/\/www.noticiasradioreflejos.com.ar\/2021\/la-otan-se-reunio-de-urgencia-por-la-caida-de-un-misil-en-polonia\/#breadcrumb","itemListElement":[{"@type":"ListItem","position":1,"name":"Portada","item":"https:\/\/www.noticiasradioreflejos.com.ar\/2021\/"},{"@type":"ListItem","position":2,"name":"La OTAN se reuni\u00f3 de urgencia por la ca\u00edda de un misil en Polonia"}]},{"@type":"WebSite","@id":"https:\/\/www.noticiasradioreflejos.com.ar\/2021\/#website","url":"https:\/\/www.noticiasradioreflejos.com.ar\/2021\/","name":"Noticias Radio Reflejos","description":"Las noticias de mi comarca","potentialAction":[{"@type":"SearchAction","target":{"@type":"EntryPoint","urlTemplate":"https:\/\/www.noticiasradioreflejos.com.ar\/2021\/?s={search_term_string}"},"query-input":{"@type":"PropertyValueSpecification","valueRequired":true,"valueName":"search_term_string"}}],"inLanguage":"es"},{"@type":"Person","@id":"https:\/\/www.noticiasradioreflejos.com.ar\/2021\/#\/schema\/person\/ad82545263dcc5ec0996818884fd5fb1","name":"Arnaldo Botto","image":{"@type":"ImageObject","inLanguage":"es","@id":"https:\/\/www.noticiasradioreflejos.com.ar\/2021\/#\/schema\/person\/image\/","url":"https:\/\/secure.gravatar.com\/avatar\/55cb5e37c1efa326397366e6974cb338056df65cb50e7d64d1cf314e87504837?s=96&d=mm&r=g","contentUrl":"https:\/\/secure.gravatar.com\/avatar\/55cb5e37c1efa326397366e6974cb338056df65cb50e7d64d1cf314e87504837?s=96&d=mm&r=g","caption":"Arnaldo Botto"},"url":"https:\/\/www.noticiasradioreflejos.com.ar\/2021\/author\/arnaldo\/"}]}},"_links":{"self":[{"href":"https:\/\/www.noticiasradioreflejos.com.ar\/2021\/wp-json\/wp\/v2\/posts\/80204","targetHints":{"allow":["GET"]}}],"collection":[{"href":"https:\/\/www.noticiasradioreflejos.com.ar\/2021\/wp-json\/wp\/v2\/posts"}],"about":[{"href":"https:\/\/www.noticiasradioreflejos.com.ar\/2021\/wp-json\/wp\/v2\/types\/post"}],"author":[{"embeddable":true,"href":"https:\/\/www.noticiasradioreflejos.com.ar\/2021\/wp-json\/wp\/v2\/users\/3"}],"replies":[{"embeddable":true,"href":"https:\/\/www.noticiasradioreflejos.com.ar\/2021\/wp-json\/wp\/v2\/comments?post=80204"}],"version-history":[{"count":1,"href":"https:\/\/www.noticiasradioreflejos.com.ar\/2021\/wp-json\/wp\/v2\/posts\/80204\/revisions"}],"predecessor-version":[{"id":80205,"href":"https:\/\/www.noticiasradioreflejos.com.ar\/2021\/wp-json\/wp\/v2\/posts\/80204\/revisions\/80205"}],"wp:attachment":[{"href":"https:\/\/www.noticiasradioreflejos.com.ar\/2021\/wp-json\/wp\/v2\/media?parent=80204"}],"wp:term":[{"taxonomy":"category","embeddable":true,"href":"https:\/\/www.noticiasradioreflejos.com.ar\/2021\/wp-json\/wp\/v2\/categories?post=80204"},{"taxonomy":"post_tag","embeddable":true,"href":"https:\/\/www.noticiasradioreflejos.com.ar\/2021\/wp-json\/wp\/v2\/tags?post=80204"}],"curies":[{"name":"wp","href":"https:\/\/api.w.org\/{rel}","templated":true}]}}