{"id":80201,"date":"2022-11-16T11:16:51","date_gmt":"2022-11-16T11:16:51","guid":{"rendered":"http:\/\/www.noticiasradioreflejos.com.ar\/2021\/?p=80201"},"modified":"2022-11-16T11:16:51","modified_gmt":"2022-11-16T11:16:51","slug":"georgieva-es-muy-importante-que-la-argentina-mantenga-el-rumbo-economico","status":"publish","type":"post","link":"https:\/\/www.noticiasradioreflejos.com.ar\/2021\/georgieva-es-muy-importante-que-la-argentina-mantenga-el-rumbo-economico\/","title":{"rendered":"Georgieva: \u00abEs muy importante que la Argentina mantenga el rumbo\u00bb econ\u00f3mico"},"content":{"rendered":"<p>La directora gerente del FMI, Kristalina Georgieva sostuvo que \u00abes muy importante que la Argentina mantenga el rumbo tal como lo hizo tan exitosamente durante los \u00faltimos meses\u00bb, tras la reuni\u00f3n que mantuvo con el Presidente en Bali, Indonesia.<!--more--><\/p>\n<p>El presidente Alberto Fern\u00e1ndez y la directora gerente del Fondo Monetario Internacional (FMI), Kristalina Georgieva, se reunieron este mi\u00e9rcoles en Bali, Indonesia, en un encuentro en el que la titular del organismo le manifest\u00f3 al jefe de Estado la\u00a0<strong>importancia de mantener el rumbo econ\u00f3mico en la Argentina.<\/strong><\/p>\n<p>\u00abEs muy importante que la Argentina mantenga el rumbo tal como lo hizo tan exitosamente durante los \u00faltimos meses\u00bb, dijo Georgieva tras el encuentro en declaraciones a la prensa.<\/p>\n<p>La reuni\u00f3n se realiz\u00f3 entre las 17.25 (hora local, 6.25 de la Argentina) y las 18.15 (7.15 de la Argentina) en el sal\u00f3n Tampa Ksiring del Hotel Meli\u00e1.<\/p>\n<p>En el encuentro, Fern\u00e1ndez estuvo acompa\u00f1ado por el canciller Santiago Cafiero; el ministro de Econom\u00eda, Sergio Massa; y el embajador argentino en Estados Unidos, Jorge Arg\u00fcello.<\/p>\n<p>&nbsp;<\/p>\n<blockquote class=\"twitter-tweet\" data-width=\"500\" data-dnt=\"true\">\n<p lang=\"es\" dir=\"ltr\">El Presidente est\u00e1 acompa\u00f1ado por el canciller, Santiago Cafiero, y el ministro de Econom\u00eda, Sergio Massa; mientras que Georgieva lo hizo con Gila Gopinath, Krishna Srinivasan, Christian Memsen y Kristina Kostial<a href=\"https:\/\/t.co\/VuvzHgPZyh\">https:\/\/t.co\/VuvzHgPZyh<\/a> <a href=\"https:\/\/t.co\/DQbv8l29X6\">pic.twitter.com\/DQbv8l29X6<\/a><\/p>\n<p>&mdash; Agencia T\u00e9lam (@AgenciaTelam) <a href=\"https:\/\/twitter.com\/AgenciaTelam\/status\/1592824598331944960?ref_src=twsrc%5Etfw\">November 16, 2022<\/a><\/p><\/blockquote>\n<p><script async src=\"https:\/\/platform.twitter.com\/widgets.js\" charset=\"utf-8\"><\/script><\/p>\n<p>&nbsp;<\/p>\n<p>Por su parte, Georgieva estuvo junto a Gita Gopinath, consejera Econ\u00f3mica y directora del Departamento de Estudios; Kristina Kostial, directora gerente adjunta del organismo; Christian Mumssen, director de Finanzas; y Krishna Srinivasan, director del departamento de Asia y el Pac\u00edfico.<\/p>\n<p>En la reuni\u00f3n,\u00a0<strong>se habl\u00f3 del costo de la guerra en Ucrania<\/strong>, con la idea de reducir las metas de pago de la deuda, mientras que, sobre\u00a0<strong>el tema de los sobrecargos, Georgieva se comprometi\u00f3 a tratarlo en el board en diciembre pr\u00f3ximo<\/strong>, dijeron fuentes oficiales.<\/p>\n<p>Fern\u00e1ndez y Georgieva\u00a0<a href=\"https:\/\/www.telam.com.ar\/notas\/202209\/605323-alberto-fernandez-constructiva-reunion-fmi.html\" target=\"_blank\" rel=\"noopener\"><strong>hab\u00edan tenido un \u00faltimo contacto el 19 de septiembre en Nueva York<\/strong><\/a>, en el marco del 77\u00b0 Per\u00edodo de Sesiones de la Asamblea General de la Organizaci\u00f3n de las Naciones Unidas, oportunidad en la que le hab\u00eda pedido una soluci\u00f3n al\u00a0<a href=\"https:\/\/www.telam.com.ar\/notas\/202211\/610897-alberto-fernandez-entrevista-francia-indonesia.html\" target=\"_blank\" rel=\"noopener\">\u00abproblema de los sobrecargos\u00bb<\/a>, una distribuci\u00f3n \u00abm\u00e1s justa\u00bb de los Derechos Especiales de Giro (DEG) y la creaci\u00f3n de un Fondo de Resiliencia y Sostenibilidad.<\/p>\n<p>En ese momento, el Presidente le hab\u00eda pedido a la titular del Fondo de que considerara la influencia negativa del actual contexto internacional sobre la Argentina.<\/p>\n<p>En aquella oportunidad,\u00a0<strong>Georgieva elogi\u00f3 ese d\u00eda el avance del programa econ\u00f3mico del Gobierno.<\/strong><\/p>\n<p>Adem\u00e1s, Fern\u00e1ndez le reiter\u00f3 a la titular del Fondo su preocupaci\u00f3n por encontrar una soluci\u00f3n al problema de los sobrecargos, conocidos tambi\u00e9n como sobretasas que cobra el FMI; una distribuci\u00f3n m\u00e1s justa de los Derechos Especiales de Giro (DEG) y la puesta en marcha del Fondo de Resiliencia y Sostenibilidad.<\/p>\n","protected":false},"excerpt":{"rendered":"<p>La directora gerente del FMI, Kristalina Georgieva sostuvo que \u00abes muy importante que la Argentina mantenga el rumbo tal como lo hizo tan exitosamente durante los \u00faltimos meses\u00bb, tras la reuni\u00f3n que mantuvo con el Presidente en Bali, Indonesia.<\/p>\n","protected":false},"author":3,"featured_media":0,"comment_status":"closed","ping_status":"closed","sticky":false,"template":"","format":"standard","meta":{"footnotes":""},"categories":[36,58,24],"tags":[],"class_list":["post-80201","post","type-post","status-publish","format-standard","hentry","category-economia","category-gobierno","category-politica"],"yoast_head":"<!-- This site is optimized with the Yoast SEO plugin v25.9 - https:\/\/yoast.com\/wordpress\/plugins\/seo\/ -->\n<title>Georgieva: &quot;Es muy importante que la Argentina mantenga el rumbo&quot; econ\u00f3mico - Noticias Radio Reflejos<\/title>\n<meta name=\"robots\" content=\"index, follow, max-snippet:-1, max-image-preview:large, max-video-preview:-1\" \/>\n<link rel=\"canonical\" href=\"https:\/\/www.noticiasradioreflejos.com.ar\/2021\/georgieva-es-muy-importante-que-la-argentina-mantenga-el-rumbo-economico\/\" \/>\n<meta property=\"og:locale\" content=\"es_ES\" \/>\n<meta property=\"og:type\" content=\"article\" \/>\n<meta property=\"og:title\" content=\"Georgieva: &quot;Es muy importante que la Argentina mantenga el rumbo&quot; econ\u00f3mico - Noticias Radio Reflejos\" \/>\n<meta property=\"og:description\" content=\"La directora gerente del FMI, Kristalina Georgieva sostuvo que \u00abes muy importante que la Argentina mantenga el rumbo tal como lo hizo tan exitosamente durante los \u00faltimos meses\u00bb, tras la reuni\u00f3n que mantuvo con el Presidente en Bali, Indonesia.\" \/>\n<meta property=\"og:url\" content=\"https:\/\/www.noticiasradioreflejos.com.ar\/2021\/georgieva-es-muy-importante-que-la-argentina-mantenga-el-rumbo-economico\/\" \/>\n<meta property=\"og:site_name\" content=\"Noticias Radio Reflejos\" \/>\n<meta property=\"article:published_time\" content=\"2022-11-16T11:16:51+00:00\" \/>\n<meta property=\"og:image\" content=\"https:\/\/www.noticiasradioreflejos.com.ar\/2021\/wp-content\/uploads\/2021\/07\/logosol300x200.png\" \/>\n\t<meta property=\"og:image:width\" content=\"300\" \/>\n\t<meta property=\"og:image:height\" content=\"200\" \/>\n\t<meta property=\"og:image:type\" content=\"image\/png\" \/>\n<meta name=\"author\" content=\"Arnaldo Botto\" \/>\n<meta name=\"twitter:card\" content=\"summary_large_image\" \/>\n<script type=\"application\/ld+json\" class=\"yoast-schema-graph\">{\"@context\":\"https:\/\/schema.org\",\"@graph\":[{\"@type\":\"WebPage\",\"@id\":\"https:\/\/www.noticiasradioreflejos.com.ar\/2021\/georgieva-es-muy-importante-que-la-argentina-mantenga-el-rumbo-economico\/\",\"url\":\"https:\/\/www.noticiasradioreflejos.com.ar\/2021\/georgieva-es-muy-importante-que-la-argentina-mantenga-el-rumbo-economico\/\",\"name\":\"Georgieva: \\\"Es muy importante que la Argentina mantenga el rumbo\\\" econ\u00f3mico - Noticias Radio Reflejos\",\"isPartOf\":{\"@id\":\"https:\/\/www.noticiasradioreflejos.com.ar\/2021\/#website\"},\"datePublished\":\"2022-11-16T11:16:51+00:00\",\"author\":{\"@id\":\"https:\/\/www.noticiasradioreflejos.com.ar\/2021\/#\/schema\/person\/ad82545263dcc5ec0996818884fd5fb1\"},\"breadcrumb\":{\"@id\":\"https:\/\/www.noticiasradioreflejos.com.ar\/2021\/georgieva-es-muy-importante-que-la-argentina-mantenga-el-rumbo-economico\/#breadcrumb\"},\"inLanguage\":\"es\",\"potentialAction\":[{\"@type\":\"ReadAction\",\"target\":[\"https:\/\/www.noticiasradioreflejos.com.ar\/2021\/georgieva-es-muy-importante-que-la-argentina-mantenga-el-rumbo-economico\/\"]}]},{\"@type\":\"BreadcrumbList\",\"@id\":\"https:\/\/www.noticiasradioreflejos.com.ar\/2021\/georgieva-es-muy-importante-que-la-argentina-mantenga-el-rumbo-economico\/#breadcrumb\",\"itemListElement\":[{\"@type\":\"ListItem\",\"position\":1,\"name\":\"Portada\",\"item\":\"https:\/\/www.noticiasradioreflejos.com.ar\/2021\/\"},{\"@type\":\"ListItem\",\"position\":2,\"name\":\"Georgieva: \u00abEs muy importante que la Argentina mantenga el rumbo\u00bb econ\u00f3mico\"}]},{\"@type\":\"WebSite\",\"@id\":\"https:\/\/www.noticiasradioreflejos.com.ar\/2021\/#website\",\"url\":\"https:\/\/www.noticiasradioreflejos.com.ar\/2021\/\",\"name\":\"Noticias Radio Reflejos\",\"description\":\"Las noticias de mi comarca\",\"potentialAction\":[{\"@type\":\"SearchAction\",\"target\":{\"@type\":\"EntryPoint\",\"urlTemplate\":\"https:\/\/www.noticiasradioreflejos.com.ar\/2021\/?s={search_term_string}\"},\"query-input\":{\"@type\":\"PropertyValueSpecification\",\"valueRequired\":true,\"valueName\":\"search_term_string\"}}],\"inLanguage\":\"es\"},{\"@type\":\"Person\",\"@id\":\"https:\/\/www.noticiasradioreflejos.com.ar\/2021\/#\/schema\/person\/ad82545263dcc5ec0996818884fd5fb1\",\"name\":\"Arnaldo Botto\",\"image\":{\"@type\":\"ImageObject\",\"inLanguage\":\"es\",\"@id\":\"https:\/\/www.noticiasradioreflejos.com.ar\/2021\/#\/schema\/person\/image\/\",\"url\":\"https:\/\/secure.gravatar.com\/avatar\/55cb5e37c1efa326397366e6974cb338056df65cb50e7d64d1cf314e87504837?s=96&d=mm&r=g\",\"contentUrl\":\"https:\/\/secure.gravatar.com\/avatar\/55cb5e37c1efa326397366e6974cb338056df65cb50e7d64d1cf314e87504837?s=96&d=mm&r=g\",\"caption\":\"Arnaldo Botto\"},\"url\":\"https:\/\/www.noticiasradioreflejos.com.ar\/2021\/author\/arnaldo\/\"}]}<\/script>\n<!-- \/ Yoast SEO plugin. -->","yoast_head_json":{"title":"Georgieva: \"Es muy importante que la Argentina mantenga el rumbo\" econ\u00f3mico - Noticias Radio Reflejos","robots":{"index":"index","follow":"follow","max-snippet":"max-snippet:-1","max-image-preview":"max-image-preview:large","max-video-preview":"max-video-preview:-1"},"canonical":"https:\/\/www.noticiasradioreflejos.com.ar\/2021\/georgieva-es-muy-importante-que-la-argentina-mantenga-el-rumbo-economico\/","og_locale":"es_ES","og_type":"article","og_title":"Georgieva: \"Es muy importante que la Argentina mantenga el rumbo\" econ\u00f3mico - Noticias Radio Reflejos","og_description":"La directora gerente del FMI, Kristalina Georgieva sostuvo que \u00abes muy importante que la Argentina mantenga el rumbo tal como lo hizo tan exitosamente durante los \u00faltimos meses\u00bb, tras la reuni\u00f3n que mantuvo con el Presidente en Bali, Indonesia.","og_url":"https:\/\/www.noticiasradioreflejos.com.ar\/2021\/georgieva-es-muy-importante-que-la-argentina-mantenga-el-rumbo-economico\/","og_site_name":"Noticias Radio Reflejos","article_published_time":"2022-11-16T11:16:51+00:00","og_image":[{"width":300,"height":200,"url":"https:\/\/www.noticiasradioreflejos.com.ar\/2021\/wp-content\/uploads\/2021\/07\/logosol300x200.png","type":"image\/png"}],"author":"Arnaldo Botto","twitter_card":"summary_large_image","schema":{"@context":"https:\/\/schema.org","@graph":[{"@type":"WebPage","@id":"https:\/\/www.noticiasradioreflejos.com.ar\/2021\/georgieva-es-muy-importante-que-la-argentina-mantenga-el-rumbo-economico\/","url":"https:\/\/www.noticiasradioreflejos.com.ar\/2021\/georgieva-es-muy-importante-que-la-argentina-mantenga-el-rumbo-economico\/","name":"Georgieva: \"Es muy importante que la Argentina mantenga el rumbo\" econ\u00f3mico - Noticias Radio Reflejos","isPartOf":{"@id":"https:\/\/www.noticiasradioreflejos.com.ar\/2021\/#website"},"datePublished":"2022-11-16T11:16:51+00:00","author":{"@id":"https:\/\/www.noticiasradioreflejos.com.ar\/2021\/#\/schema\/person\/ad82545263dcc5ec0996818884fd5fb1"},"breadcrumb":{"@id":"https:\/\/www.noticiasradioreflejos.com.ar\/2021\/georgieva-es-muy-importante-que-la-argentina-mantenga-el-rumbo-economico\/#breadcrumb"},"inLanguage":"es","potentialAction":[{"@type":"ReadAction","target":["https:\/\/www.noticiasradioreflejos.com.ar\/2021\/georgieva-es-muy-importante-que-la-argentina-mantenga-el-rumbo-economico\/"]}]},{"@type":"BreadcrumbList","@id":"https:\/\/www.noticiasradioreflejos.com.ar\/2021\/georgieva-es-muy-importante-que-la-argentina-mantenga-el-rumbo-economico\/#breadcrumb","itemListElement":[{"@type":"ListItem","position":1,"name":"Portada","item":"https:\/\/www.noticiasradioreflejos.com.ar\/2021\/"},{"@type":"ListItem","position":2,"name":"Georgieva: \u00abEs muy importante que la Argentina mantenga el rumbo\u00bb econ\u00f3mico"}]},{"@type":"WebSite","@id":"https:\/\/www.noticiasradioreflejos.com.ar\/2021\/#website","url":"https:\/\/www.noticiasradioreflejos.com.ar\/2021\/","name":"Noticias Radio Reflejos","description":"Las noticias de mi comarca","potentialAction":[{"@type":"SearchAction","target":{"@type":"EntryPoint","urlTemplate":"https:\/\/www.noticiasradioreflejos.com.ar\/2021\/?s={search_term_string}"},"query-input":{"@type":"PropertyValueSpecification","valueRequired":true,"valueName":"search_term_string"}}],"inLanguage":"es"},{"@type":"Person","@id":"https:\/\/www.noticiasradioreflejos.com.ar\/2021\/#\/schema\/person\/ad82545263dcc5ec0996818884fd5fb1","name":"Arnaldo Botto","image":{"@type":"ImageObject","inLanguage":"es","@id":"https:\/\/www.noticiasradioreflejos.com.ar\/2021\/#\/schema\/person\/image\/","url":"https:\/\/secure.gravatar.com\/avatar\/55cb5e37c1efa326397366e6974cb338056df65cb50e7d64d1cf314e87504837?s=96&d=mm&r=g","contentUrl":"https:\/\/secure.gravatar.com\/avatar\/55cb5e37c1efa326397366e6974cb338056df65cb50e7d64d1cf314e87504837?s=96&d=mm&r=g","caption":"Arnaldo Botto"},"url":"https:\/\/www.noticiasradioreflejos.com.ar\/2021\/author\/arnaldo\/"}]}},"_links":{"self":[{"href":"https:\/\/www.noticiasradioreflejos.com.ar\/2021\/wp-json\/wp\/v2\/posts\/80201","targetHints":{"allow":["GET"]}}],"collection":[{"href":"https:\/\/www.noticiasradioreflejos.com.ar\/2021\/wp-json\/wp\/v2\/posts"}],"about":[{"href":"https:\/\/www.noticiasradioreflejos.com.ar\/2021\/wp-json\/wp\/v2\/types\/post"}],"author":[{"embeddable":true,"href":"https:\/\/www.noticiasradioreflejos.com.ar\/2021\/wp-json\/wp\/v2\/users\/3"}],"replies":[{"embeddable":true,"href":"https:\/\/www.noticiasradioreflejos.com.ar\/2021\/wp-json\/wp\/v2\/comments?post=80201"}],"version-history":[{"count":1,"href":"https:\/\/www.noticiasradioreflejos.com.ar\/2021\/wp-json\/wp\/v2\/posts\/80201\/revisions"}],"predecessor-version":[{"id":80203,"href":"https:\/\/www.noticiasradioreflejos.com.ar\/2021\/wp-json\/wp\/v2\/posts\/80201\/revisions\/80203"}],"wp:attachment":[{"href":"https:\/\/www.noticiasradioreflejos.com.ar\/2021\/wp-json\/wp\/v2\/media?parent=80201"}],"wp:term":[{"taxonomy":"category","embeddable":true,"href":"https:\/\/www.noticiasradioreflejos.com.ar\/2021\/wp-json\/wp\/v2\/categories?post=80201"},{"taxonomy":"post_tag","embeddable":true,"href":"https:\/\/www.noticiasradioreflejos.com.ar\/2021\/wp-json\/wp\/v2\/tags?post=80201"}],"curies":[{"name":"wp","href":"https:\/\/api.w.org\/{rel}","templated":true}]}}