{"id":80197,"date":"2022-11-16T11:09:46","date_gmt":"2022-11-16T11:09:46","guid":{"rendered":"http:\/\/www.noticiasradioreflejos.com.ar\/2021\/?p=80197"},"modified":"2022-11-16T11:09:46","modified_gmt":"2022-11-16T11:09:46","slug":"como-afecta-el-cambio-climatico-a-la-salud-mental-en-las-ciudades","status":"publish","type":"post","link":"https:\/\/www.noticiasradioreflejos.com.ar\/2021\/como-afecta-el-cambio-climatico-a-la-salud-mental-en-las-ciudades\/","title":{"rendered":"\u00bfC\u00f3mo afecta el cambio clim\u00e1tico a la salud mental en las ciudades?"},"content":{"rendered":"<p>La cumbre del clima 2022 COP 27\u00a0ha vuelto a poner sobre la mesa el debate sobre el cambio clim\u00e1tico y sus consecuencias sobre nuestras vidas y nuestras sociedades. La aceleraci\u00f3n en el incremento de las temperaturas medias de los \u00faltimos a\u00f1os es uno de los indicadores m\u00e1s importantes de este cambio, que tambi\u00e9n se mide en t\u00e9rminos de la frecuencia de eventos extremos que se suceden a\u00f1o tras a\u00f1o.<!--more--><\/p>\n<div class=\"articlePage_articleHeader-DS-EntryPoint1-1 viewsHeaderWrapper viewsHeaderWrapperGradientMasthead\">\n<div data-t=\"{&quot;n&quot;:&quot;Masthead&quot;}\">\n<div class=\"viewsHeaderContainer-DS-EntryPoint1-1 newViewsHeaderDesignMode-DS-EntryPoint1-1 viewsHeaderContainerGradientBackground-DS-EntryPoint1-1 viewsHeaderContainerGradientBackgroundNoSeparator-DS-EntryPoint1-1\">\n<div class=\"viewsHeader-DS-EntryPoint1-1 viewsHeaderNoHeroImage-DS-EntryPoint1-1 viewsHeaderInset-DS-EntryPoint1-1\">\n<div class=\"viewsHeaderMaxWidthWrapper-DS-EntryPoint1-1\">\n<div class=\"viewsHeaderContent-DS-EntryPoint1-1\">\n<div class=\"viewsHeaderContentVertical-DS-EntryPoint1-1\">\n<div class=\"viewsHeaderInfo-DS-EntryPoint1-1 \">\n<div class=\"viewsHeaderInfoLeft-DS-EntryPoint1-1\">\n<div class=\"viewsInfo viewsInfoFullWidth gradientBackground viewsInset\">\n<div class=\"content\">\n<div class=\"viewsAttribution viewsAttributionFullWidth\"><a class=\"article-image-height-wrapper\" href=\"https:\/\/www.msn.com\/es-ar\/noticias\/otras\/c%C3%B3mo-afecta-el-cambio-clim%C3%A1tico-a-la-salud-mental-en-las-ciudades\/ar-AA146Mw5?ocid=winp1taskbar&amp;cvid=8ca928f3fe744a6a9126581436481fa9&amp;fullscreen=true#image=1\" target=\"_self\" data-t=\"{&quot;n&quot;:&quot;destination&quot;,&quot;t&quot;:14,&quot;b&quot;:1,&quot;c.t&quot;:14}\" rel=\"noopener\"><img decoding=\"async\" class=\"article-image\" tabindex=\"0\" title=\"Una persona se manifiesta por un cambio de modelo energ\u00e9tico, a 12 de noviembre de 2022, en Madrid.\" src=\"https:\/\/img-s-msn-com.akamaized.net\/tenant\/amp\/entityid\/AA146kYy.img?w=768&amp;h=505&amp;m=6\" alt=\"Una persona se manifiesta por un cambio de modelo energ\u00e9tico, a 12 de noviembre de 2022, en Madrid.\" \/><\/a><\/div>\n<\/div>\n<\/div>\n<div class=\"articlePage_articleContentContainer-DS-EntryPoint1-1\">\n<div class=\"articlePage_contentWrapper-DS-EntryPoint1-1 articlePage_contentWrapper_fullArticle-DS-EntryPoint1-1 articlePage_contentWrapper_reducedMargin-DS-EntryPoint1-1\">\n<div class=\"articlePage_absoluteContentWrapper-DS-EntryPoint1-1\">\n<div data-t=\"{&quot;n&quot;:&quot;ArticleBody&quot;,&quot;t&quot;:13}\">\n<div role=\"main\">\n<section class=\"articlePage_section-DS-EntryPoint1-1 articlePageBodySection articlePage_section_continueReading-DS-EntryPoint1-1 \" data-col=\"c4\">\n<article>\n<div class=\"views-article-body articlePage_body-DS-EntryPoint1-1\" data-test-id=\"test-article\">\n<div class=\"article-image-slot\" data-is-first=\"true\" data-image-href=\"https:\/\/www.msn.com\/es-ar\/noticias\/otras\/c%C3%B3mo-afecta-el-cambio-clim%C3%A1tico-a-la-salud-mental-en-las-ciudades\/ar-AA146Mw5?ocid=winp1taskbar&amp;cvid=8ca928f3fe744a6a9126581436481fa9&amp;fullscreen=true#image=1\" data-doc-id=\"cms\/api\/amp\/image\/AA146kYy\" data-rendered=\"true\">\n<div class=\"article-image-container image-first\" data-t=\"{&quot;n&quot;:&quot;OpenModal&quot;,&quot;t&quot;:13}\">\n<div class=\"image-caption-container content-small-text\"><em><span class=\"image-caption\">Una persona se manifiesta por un cambio de modelo energ\u00e9tico, a 12 de noviembre de 2022, en Madrid.<\/span><span class=\"image-attribution\">\u00a9\u00a0Gustavo Valiente (Europa Press)<\/span><\/em><\/div>\n<div><\/div>\n<\/div>\n<\/div>\n<p class=\"continue-read-break\" data-t=\"{&quot;n&quot;:&quot;blueLinks&quot;}\">Sequ\u00edas prolongadas, tormentas y ciclones, olas de calor y fr\u00edo que experimentamos de una manera m\u00e1s o menos cercana seg\u00fan sean nuestras actividades e intereses del d\u00eda a d\u00eda. Quienes vivimos en grandes ciudades normalmente estamos m\u00e1s preocupados por tener acceso a internet que por la temperatura que hace fuera de la oficina. M\u00e1s de la mitad de la poblaci\u00f3n mundial vivimos en ciudades y, la percepci\u00f3n general es que tenemos bastante con el d\u00eda a d\u00eda, aqu\u00ed, como para sumar una preocupaci\u00f3n m\u00e1s que parece tan remota. Sin embargo, las consecuencias del cambio clim\u00e1tico son ya una realidad en las grandes ciudades. Y la falta de reconocimiento de estas consecuencias no hace m\u00e1s que empeorar el problema porque nos encuentra desprevenidos y sin capacidad de dar una respuesta a la altura de la situaci\u00f3n. No solo eso: estos indicadores de cambio clim\u00e1tico afectan a la salud mental de una manera insidiosa y duradera, que se extiende m\u00e1s all\u00e1 del evento puntual y que puede, eventualmente, modificar din\u00e1micas que cre\u00edamos controladas.<\/p>\n<div class=\"intra-article-module articlePageIntraArticleFullWidth intra-article-ad-full\" data-t=\"{&quot;n&quot;:&quot;intraArticle&quot;,&quot;t&quot;:13}\">\n<div class=\"native-ad-container native-ad-full\">\n<div class=\"article no-content-indicator image-pos-end narrow-image\">\n<div class=\"text\">\n<div class=\"gradient\"><\/div>\n<div class=\"heading-wrapper\"><a id=\"heading\" class=\"heading\" href=\"https:\/\/www.bing.com\/api\/v1\/mediation\/tracking?adUnit=378162&amp;auId=fa7cb3e4-764a-441c-8870-0658881cd586&amp;oAdUnit=378162&amp;publisherId=17160724&amp;rId=7232465a-7ee6-49bc-bc95-97fad86826d0&amp;rlink=https%3A%2F%2Fwww.bing.com%2Faclick%3Fld%3De84eRZEdyqjaZvyjtwc-JgcTVUCUy8r2KAoJGSGLkZTDi38or8eRJu9Zq_w3EGnRPXqJRg9Y2gD-Hx2QHcgDLpYMTjZetvzbNQg58KQ_cOlA2XYB8ZFI5Ja_jYnN-IgalXr5zhpcCUbUgWJN0VNkNid-XmWgsz0hqPTJJaPfXcTQHohEqxEZrov2Ai_6D3ugLS_Lhciw%26u%3DaHR0cHMlM2ElMmYlMmZncmFkZWluZC5jb20lMmZwcm9kdWN0cyUyZjk0NTQxMTU4JTNmdmFyaWFudCUzZDM0NTk2NTkxOTkyOTg2JTI2Y3VycmVuY3klM2RVU0QlMjZ1dG1fc291cmNlJTNkZ29vZ2xlJTI2dXRtX21lZGl1bSUzZGNwYyUyNnV0bV9jYW1wYWlnbiUzZGdvb2dsZSUyYnNob3BwaW5nJTI2bXNjbGtpZCUzZGJhMDdhMTBhNTcwYzE3ZTIxNjE4YzI3ZTk0YjBiZjcz%26rlid%3Dba07a10a570c17e21618c27e94b0bf73&amp;rtype=targetURL&amp;smplId=1e724&amp;tagId=winar-inarticle-1&amp;trafficGroup=zfa_jvaqbjf_vagy_yngnz&amp;trafficSubGroup=qrsnhyg\" target=\"_blank\" rel=\"noopener\"><span role=\"heading\" aria-level=\"2\">KUKKO &#8211; 2 Jaw, 3\/16&#8243; To 1-3\/8&#8243; Spread, Pilot Bearing Puller &#8211; For Bearings, Rings<\/span><\/a><\/div>\n<div class=\"actions\">\n<div class=\"native-ad-label-dr-wrapper\"><a class=\"ad-slug2-text gap\" title=\"\" href=\"https:\/\/account.microsoft.com\/privacy\/ad-settings\" target=\"_blank\" rel=\"noopener\" data-t=\"{&quot;n&quot;:&quot;AdLabel&quot;,&quot;t&quot;:13,&quot;b&quot;:1}\">Patrocinado<\/a><\/div>\n<p><span class=\"content\"><a class=\"provider-name\">Grade Industrial Supply<\/a><\/span><\/p>\n<\/div>\n<\/div>\n<div class=\"image-end\">\n<div class=\"image-end-container\">\n<div class=\"image-container\">\n<div id=\"image\" class=\"image\"><img decoding=\"async\" title=\"KUKKO - 2 Jaw, 3\/16&quot; To 1-3\/8&quot; Spread, Pilot Bearing Puller - For Bearings, Rings\" src=\"https:\/\/www.bing.com\/th?id=OP.ZYtXrOLgNxRggw474C474&amp;o=5&amp;pid=21.1&amp;w=300&amp;h=225&amp;dynsize=1&amp;c=17\" \/><\/div>\n<\/div>\n<div class=\"image-end-gradient-container\">\n<div class=\"image-end-gradient-top\"><\/div>\n<div class=\"image-end-gradient-bottom\"><\/div>\n<\/div>\n<\/div>\n<\/div>\n<\/div>\n<\/div>\n<\/div>\n<h4 data-t=\"{&quot;n&quot;:&quot;blueLinks&quot;}\">Tomemos como ejemplo el calor.<\/h4>\n<p class=\"\" data-t=\"{&quot;n&quot;:&quot;blueLinks&quot;}\">El impacto del aumento de la temperatura y de la frecuencia de las olas de calor suele discutirse en relaci\u00f3n a los cultivos, el rendimiento econ\u00f3mico, los mercados internacionales y la escasez de alimentos. En t\u00e9rminos de salud, en las ciudades nos preocupa c\u00f3mo las olas de calor afectan a las personas mayores y a quienes tienen trabajos vulnerables. Algunas ciudades cuentan con sitios espec\u00edficos donde refugiarse durante las horas m\u00e1s calurosas, y se emiten recomendaciones en los medios de comunicaci\u00f3n sobre h\u00e1bitos y actividades para mantener a salvo a la ciudadan\u00eda. Sin embargo, es menos sabido que las consultas a los servicios de emergencia por problemas de salud mental aumentan cuando se producen incrementos de las temperaturas, y<a tabindex=\"0\" href=\"https:\/\/pubmed.ncbi.nlm.nih.gov\/24332428\/\" target=\"_blank\" rel=\"noopener\" data-t=\"{&quot;n&quot;:&quot;destination&quot;,&quot;t&quot;:13,&quot;b&quot;:1,&quot;c.t&quot;:7}\">\u00a0lo mismo sucede con las admisiones hospitalarias de pacientes con diagn\u00f3stico psiqui\u00e1tricos graves de salud mental<\/a>.<\/p>\n<p class=\"\" data-t=\"{&quot;n&quot;:&quot;blueLinks&quot;}\">No es necesario que las temperaturas lleguen a l\u00edmites extremos para que se produzcan estos cambios en las consultas y admisiones. La relaci\u00f3n entre altas temperaturas y aumento de consultas para asistencia en salud mental se observa\u00a0<a tabindex=\"0\" href=\"https:\/\/www.sciencedirect.com\/science\/article\/pii\/S0048969711013520?via%3Dihub\" target=\"_blank\" rel=\"noopener\" data-t=\"{&quot;n&quot;:&quot;destination&quot;,&quot;t&quot;:13,&quot;b&quot;:1,&quot;c.t&quot;:7}\">cuando el calor sobrepasa los l\u00edmites propios del \u00e1rea geogr\u00e1fica<\/a>. Este dato genera preocupaci\u00f3n porque, seg\u00fan la l\u00f3gica del incremento progresivo de las temperaturas medias en relaci\u00f3n al cambio clim\u00e1tico, se podr\u00eda esperar un aumento progresivo de las demandas de salud mental en los pr\u00f3ximos a\u00f1os a medida que las ciudades se hagan cada vez m\u00e1s c\u00e1lidas. Por lo tanto, los c\u00e1lculos actuales sobre los recursos necesarios para atender los casos con diagn\u00f3sticos severos quedar\u00edan obsoletos a medida que avanzan los efectos del cambio clim\u00e1tico. Algunos estudios proponen que los niveles de humedad, y no solo la temperatura, est\u00e1n implicados en la afectaci\u00f3n de la salud mental,\u00a0<a tabindex=\"0\" href=\"https:\/\/pubmed.ncbi.nlm.nih.gov\/27727320\/\" target=\"_blank\" rel=\"noopener\" data-t=\"{&quot;n&quot;:&quot;destination&quot;,&quot;t&quot;:13,&quot;b&quot;:1,&quot;c.t&quot;:7}\">ya que altos niveles de humedad parecen aumentar significativamente el impacto que tienen las altas temperaturas sobre la percepci\u00f3n de malestar y estr\u00e9s percibido<\/a>. En los casos de personas que ya tienen una historia de diagn\u00f3stico y tratamiento por problemas de salud mental, estos aumentos implican un aumento de la vulnerabilidad. Las consecuencias en el sistema de asistencia a la salud mental se prev\u00e9, al menos, costosas.<\/p>\n<p class=\"\" data-t=\"{&quot;n&quot;:&quot;blueLinks&quot;}\">Otra manera de mirar estas asociaciones es explorar los casos nuevos (en relaci\u00f3n al total de la poblaci\u00f3n) de personas con diagn\u00f3stico de depresi\u00f3n seg\u00fan las temperaturas por \u00e1rea geogr\u00e1fica donde viven. Por ejemplo,<a tabindex=\"0\" href=\"https:\/\/www.sciencedirect.com\/science\/article\/pii\/S0048969718353300?via%3Dihub\" target=\"_blank\" rel=\"noopener\" data-t=\"{&quot;n&quot;:&quot;destination&quot;,&quot;t&quot;:13,&quot;b&quot;:1,&quot;c.t&quot;:7}\">\u00a0un estudio en Taiw\u00e1n<\/a>\u00a0examin\u00f3 datos de registros de diagn\u00f3stico de depresi\u00f3n entre los a\u00f1os 2003 y 2013 en asociaci\u00f3n a datos meteorol\u00f3gicos como temperatura, duraci\u00f3n de horas de d\u00eda, y lluvias. El riesgo de tener un diagn\u00f3stico de depresi\u00f3n fue m\u00e1s bajo entre las personas que viv\u00edan en regiones donde las temperaturas medias rondaban los 20\u00baC-23\u00baC, mientras que el riesgo aumentaba aproximadamente un 7% a medida que la diferencia de la temperatura media entre las zonas se incrementaba 1\u00baC. Este estudio pone en evidencia otra consecuencia del cambio clim\u00e1tico asociado a los cambios de temperatura: las personas residentes en \u00e1reas de fr\u00edos extremos tambi\u00e9n presentaron mayor riesgo de depresi\u00f3n. En este sentido, no solo el incremento de las temperaturas medias, sino tambi\u00e9n las condiciones meteorol\u00f3gicas extremas parecen ser capaces de producir cambios negativos en la salud mental de las poblaciones.<\/p>\n<p class=\"\" data-t=\"{&quot;n&quot;:&quot;blueLinks&quot;}\">Quiz\u00e1s uno de los resultados m\u00e1s s\u00f3lidos de los \u00faltimos a\u00f1os respecto del impacto de los factores meteorol\u00f3gicos en la salud mental\u00a0<a tabindex=\"0\" href=\"https:\/\/www.pnas.org\/doi\/10.1073\/pnas.1801528115#abstract\" target=\"_blank\" rel=\"noopener\" data-t=\"{&quot;n&quot;:&quot;destination&quot;,&quot;t&quot;:13,&quot;b&quot;:1,&quot;c.t&quot;:7}\">provenga de un estudio realizado en Estados Unidos<\/a>. En este caso se utiliz\u00f3 una medida de salud mental general, informada por las propias personas participantes del estudio. Los resultados extrapolados al total de la poblaci\u00f3n de ese pa\u00eds mostraron que un incremento de la temperatura promedio mensual entre 25 \u00b0C y 30 \u00b0C a promedios superiores a 30 \u00b0C durante un per\u00edodo de 30 d\u00edas, representaba casi 2 millones de personas adicionales con mala salud mental percibida. Las mismas asociaciones se repiten cuando se tienen en cuenta diferencias de temperatura a trav\u00e9s de los a\u00f1os, pero tambi\u00e9n en per\u00edodos cortos de tiempo. La consistencia de los resultados entre estudios en diferentes pa\u00edses es realmente preocupante y deja poco espacio a la especulaci\u00f3n.<\/p>\n<p class=\"\" data-t=\"{&quot;n&quot;:&quot;blueLinks&quot;}\">Menos claro es el panorama sobre los mecanismos, psicol\u00f3gicos, sociales y neurobiol\u00f3gicos, que sostienen estas relaciones. Buscamos aqu\u00ed por ejemplo intermediarios, factores asociados tanto con el cambio clim\u00e1tico como con la salud mental. Por ejemplo, el conflicto y la violencia interpersonal. Una serie de estudios realizados sobre datos hist\u00f3ricos que datan desde 1950 generaron gran controversia al presentar la idea de que los cambios clim\u00e1ticos a escala planetaria<a tabindex=\"0\" href=\"https:\/\/www.nature.com\/articles\/nature10311\" target=\"_blank\" rel=\"noopener\" data-t=\"{&quot;n&quot;:&quot;destination&quot;,&quot;t&quot;:13,&quot;b&quot;:1,&quot;c.t&quot;:7}\">\u00a0est\u00e1n directamente relacionados con patrones globales de conflictos civiles<\/a>. A partir de aqu\u00ed, la idea de que las altas temperaturas se asocian a un aumento en los comportamientos violentos ha encontrado apoyo en<a tabindex=\"0\" href=\"https:\/\/pubmed.ncbi.nlm.nih.gov\/28125385\/\" target=\"_blank\" rel=\"noopener\" data-t=\"{&quot;n&quot;:&quot;destination&quot;,&quot;t&quot;:13,&quot;b&quot;:1,&quot;c.t&quot;:7}\">\u00a0m\u00faltiples estudios<\/a>\u00a0en una diversidad de \u00e1reas geogr\u00e1ficas, niveles socioecon\u00f3micos, y realidades pol\u00edticas. Las relaciones interpersonales violentas, ya sea en forma de conflicto civil como de violencia dentro de la pareja, violencia dom\u00e9stica, y entre pares, son los factores de riesgo m\u00e1s claramente relacionados con problemas de salud mental y diagn\u00f3stico psiqui\u00e1trico a lo largo de la vida. Visto as\u00ed, es posible que el incremento en la necesidad de asistencia de salud mental durante temporadas de calor pueda deberse, al menos en parte, a un aumento en la violencia interpersonal. Esto abre una nueva puerta a acciones de prevenci\u00f3n primaria centradas tanto en el control de la temperatura como del comportamiento que esta promueve.<\/p>\n<h4 data-t=\"{&quot;n&quot;:&quot;blueLinks&quot;}\">Otra propuesta interesante es el mecanismo de acci\u00f3n de la medicaci\u00f3n psiqui\u00e1trica y\u00a0<a tabindex=\"0\" href=\"https:\/\/link.springer.com\/content\/pdf\/10.1007\/s00228-019-02763-5.pdf\" target=\"_blank\" rel=\"noopener\" data-t=\"{&quot;n&quot;:&quot;destination&quot;,&quot;t&quot;:13,&quot;b&quot;:1,&quot;c.t&quot;:7}\">su relaci\u00f3n con la regulaci\u00f3n de la temperatura corporal<\/a>.<\/h4>\n<p class=\"\" data-t=\"{&quot;n&quot;:&quot;blueLinks&quot;}\">Existen distintos posibles efectos conocidos de los psicof\u00e1rmacos sobre la termorregulaci\u00f3n, como por ejemplo el de los antipsic\u00f3ticos sobre la temperatura del hipot\u00e1lamo, el de los anticolin\u00e9rgicos y antidepresivos tric\u00edclicos sobre la capacidad de sudoraci\u00f3n, o el de los betabloqueantes por su capacidad para reducir la p\u00e9rdida de calor. Todos estos mecanismos, suficientemente complejos cada uno por su parte y a\u00fan m\u00e1s cuando se incluye los procesos involucrados en la producci\u00f3n de s\u00edntomas propios de cada diagn\u00f3stico, podr\u00edan modificar la manera en que el cuerpo consigue alcanzar un estado de temperatura \u00f3ptima, aumentando el riesgo de sufrir los afectos de cambios externos de temperatura. A d\u00eda de hoy, tenemos poco conocimiento sobre los f\u00e1rmacos t\u00edpicamente utilizados en el tratamiento de los diagn\u00f3sticos de la salud mental como posibles factores causantes de hipertermia. Aun as\u00ed, estas propuestas son interesantes no solo por lo que demuestran sino tambi\u00e9n por el camino que abren. No ser\u00eda sorprendente que, en un futuro cercano, tengamos que revisar lo que sabemos sobre salud mental y el tratamiento de la enfermedad bajo la luz de la nueva realidad que deja el cambio clim\u00e1tico.<\/p>\n<\/div>\n<\/article>\n<\/section>\n<\/div>\n<\/div>\n<\/div>\n<\/div>\n<\/div>\n<div class=\"viewsTitle\">\n<h1><\/h1>\n<\/div>\n<div class=\"content\">\n<div class=\"viewsAttribution viewsAttributionFullWidth\"><strong><span title=\"\">Ximena Goldberg &#8211; lunes El Pa\u00eds<\/span><\/strong><\/div>\n<\/div>\n<\/div>\n<\/div>\n<\/div>\n<\/div>\n<\/div>\n<\/div>\n<\/div>\n<\/div>\n<\/div>\n","protected":false},"excerpt":{"rendered":"<p>La cumbre del clima 2022 COP 27\u00a0ha vuelto a poner sobre la mesa el debate sobre el cambio clim\u00e1tico y sus consecuencias sobre nuestras vidas y nuestras sociedades. La aceleraci\u00f3n en el incremento de las temperaturas medias de los \u00faltimos a\u00f1os es uno de los indicadores m\u00e1s importantes de este cambio, que tambi\u00e9n se mide [&hellip;]<\/p>\n","protected":false},"author":3,"featured_media":79842,"comment_status":"closed","ping_status":"closed","sticky":false,"template":"","format":"standard","meta":{"footnotes":""},"categories":[46,30],"tags":[],"class_list":["post-80197","post","type-post","status-publish","format-standard","has-post-thumbnail","hentry","category-ciencia-y-tecnologia","category-salud"],"yoast_head":"<!-- This site is optimized with the Yoast SEO plugin v25.9 - https:\/\/yoast.com\/wordpress\/plugins\/seo\/ -->\n<title>\u00bfC\u00f3mo afecta el cambio clim\u00e1tico a la salud mental en las ciudades? - Noticias Radio Reflejos<\/title>\n<meta name=\"robots\" content=\"index, follow, max-snippet:-1, max-image-preview:large, max-video-preview:-1\" \/>\n<link rel=\"canonical\" href=\"https:\/\/www.noticiasradioreflejos.com.ar\/2021\/como-afecta-el-cambio-climatico-a-la-salud-mental-en-las-ciudades\/\" \/>\n<meta property=\"og:locale\" content=\"es_ES\" \/>\n<meta property=\"og:type\" content=\"article\" \/>\n<meta property=\"og:title\" content=\"\u00bfC\u00f3mo afecta el cambio clim\u00e1tico a la salud mental en las ciudades? - Noticias Radio Reflejos\" \/>\n<meta property=\"og:description\" content=\"La cumbre del clima 2022 COP 27\u00a0ha vuelto a poner sobre la mesa el debate sobre el cambio clim\u00e1tico y sus consecuencias sobre nuestras vidas y nuestras sociedades. La aceleraci\u00f3n en el incremento de las temperaturas medias de los \u00faltimos a\u00f1os es uno de los indicadores m\u00e1s importantes de este cambio, que tambi\u00e9n se mide [&hellip;]\" \/>\n<meta property=\"og:url\" content=\"https:\/\/www.noticiasradioreflejos.com.ar\/2021\/como-afecta-el-cambio-climatico-a-la-salud-mental-en-las-ciudades\/\" \/>\n<meta property=\"og:site_name\" content=\"Noticias Radio Reflejos\" \/>\n<meta property=\"article:published_time\" content=\"2022-11-16T11:09:46+00:00\" \/>\n<meta property=\"og:image\" content=\"https:\/\/www.noticiasradioreflejos.com.ar\/2021\/wp-content\/uploads\/2022\/11\/ola-de-calor.jpg\" \/>\n\t<meta property=\"og:image:width\" content=\"1200\" \/>\n\t<meta property=\"og:image:height\" content=\"675\" \/>\n\t<meta property=\"og:image:type\" content=\"image\/jpeg\" \/>\n<meta name=\"author\" content=\"Arnaldo Botto\" \/>\n<meta name=\"twitter:card\" content=\"summary_large_image\" \/>\n<script type=\"application\/ld+json\" class=\"yoast-schema-graph\">{\"@context\":\"https:\/\/schema.org\",\"@graph\":[{\"@type\":\"WebPage\",\"@id\":\"https:\/\/www.noticiasradioreflejos.com.ar\/2021\/como-afecta-el-cambio-climatico-a-la-salud-mental-en-las-ciudades\/\",\"url\":\"https:\/\/www.noticiasradioreflejos.com.ar\/2021\/como-afecta-el-cambio-climatico-a-la-salud-mental-en-las-ciudades\/\",\"name\":\"\u00bfC\u00f3mo afecta el cambio clim\u00e1tico a la salud mental en las ciudades? - Noticias Radio Reflejos\",\"isPartOf\":{\"@id\":\"https:\/\/www.noticiasradioreflejos.com.ar\/2021\/#website\"},\"primaryImageOfPage\":{\"@id\":\"https:\/\/www.noticiasradioreflejos.com.ar\/2021\/como-afecta-el-cambio-climatico-a-la-salud-mental-en-las-ciudades\/#primaryimage\"},\"image\":{\"@id\":\"https:\/\/www.noticiasradioreflejos.com.ar\/2021\/como-afecta-el-cambio-climatico-a-la-salud-mental-en-las-ciudades\/#primaryimage\"},\"thumbnailUrl\":\"https:\/\/www.noticiasradioreflejos.com.ar\/2021\/wp-content\/uploads\/2022\/11\/ola-de-calor.jpg\",\"datePublished\":\"2022-11-16T11:09:46+00:00\",\"author\":{\"@id\":\"https:\/\/www.noticiasradioreflejos.com.ar\/2021\/#\/schema\/person\/ad82545263dcc5ec0996818884fd5fb1\"},\"breadcrumb\":{\"@id\":\"https:\/\/www.noticiasradioreflejos.com.ar\/2021\/como-afecta-el-cambio-climatico-a-la-salud-mental-en-las-ciudades\/#breadcrumb\"},\"inLanguage\":\"es\",\"potentialAction\":[{\"@type\":\"ReadAction\",\"target\":[\"https:\/\/www.noticiasradioreflejos.com.ar\/2021\/como-afecta-el-cambio-climatico-a-la-salud-mental-en-las-ciudades\/\"]}]},{\"@type\":\"ImageObject\",\"inLanguage\":\"es\",\"@id\":\"https:\/\/www.noticiasradioreflejos.com.ar\/2021\/como-afecta-el-cambio-climatico-a-la-salud-mental-en-las-ciudades\/#primaryimage\",\"url\":\"https:\/\/www.noticiasradioreflejos.com.ar\/2021\/wp-content\/uploads\/2022\/11\/ola-de-calor.jpg\",\"contentUrl\":\"https:\/\/www.noticiasradioreflejos.com.ar\/2021\/wp-content\/uploads\/2022\/11\/ola-de-calor.jpg\",\"width\":1200,\"height\":675},{\"@type\":\"BreadcrumbList\",\"@id\":\"https:\/\/www.noticiasradioreflejos.com.ar\/2021\/como-afecta-el-cambio-climatico-a-la-salud-mental-en-las-ciudades\/#breadcrumb\",\"itemListElement\":[{\"@type\":\"ListItem\",\"position\":1,\"name\":\"Portada\",\"item\":\"https:\/\/www.noticiasradioreflejos.com.ar\/2021\/\"},{\"@type\":\"ListItem\",\"position\":2,\"name\":\"\u00bfC\u00f3mo afecta el cambio clim\u00e1tico a la salud mental en las ciudades?\"}]},{\"@type\":\"WebSite\",\"@id\":\"https:\/\/www.noticiasradioreflejos.com.ar\/2021\/#website\",\"url\":\"https:\/\/www.noticiasradioreflejos.com.ar\/2021\/\",\"name\":\"Noticias Radio Reflejos\",\"description\":\"Las noticias de mi comarca\",\"potentialAction\":[{\"@type\":\"SearchAction\",\"target\":{\"@type\":\"EntryPoint\",\"urlTemplate\":\"https:\/\/www.noticiasradioreflejos.com.ar\/2021\/?s={search_term_string}\"},\"query-input\":{\"@type\":\"PropertyValueSpecification\",\"valueRequired\":true,\"valueName\":\"search_term_string\"}}],\"inLanguage\":\"es\"},{\"@type\":\"Person\",\"@id\":\"https:\/\/www.noticiasradioreflejos.com.ar\/2021\/#\/schema\/person\/ad82545263dcc5ec0996818884fd5fb1\",\"name\":\"Arnaldo Botto\",\"image\":{\"@type\":\"ImageObject\",\"inLanguage\":\"es\",\"@id\":\"https:\/\/www.noticiasradioreflejos.com.ar\/2021\/#\/schema\/person\/image\/\",\"url\":\"https:\/\/secure.gravatar.com\/avatar\/55cb5e37c1efa326397366e6974cb338056df65cb50e7d64d1cf314e87504837?s=96&d=mm&r=g\",\"contentUrl\":\"https:\/\/secure.gravatar.com\/avatar\/55cb5e37c1efa326397366e6974cb338056df65cb50e7d64d1cf314e87504837?s=96&d=mm&r=g\",\"caption\":\"Arnaldo Botto\"},\"url\":\"https:\/\/www.noticiasradioreflejos.com.ar\/2021\/author\/arnaldo\/\"}]}<\/script>\n<!-- \/ Yoast SEO plugin. -->","yoast_head_json":{"title":"\u00bfC\u00f3mo afecta el cambio clim\u00e1tico a la salud mental en las ciudades? - Noticias Radio Reflejos","robots":{"index":"index","follow":"follow","max-snippet":"max-snippet:-1","max-image-preview":"max-image-preview:large","max-video-preview":"max-video-preview:-1"},"canonical":"https:\/\/www.noticiasradioreflejos.com.ar\/2021\/como-afecta-el-cambio-climatico-a-la-salud-mental-en-las-ciudades\/","og_locale":"es_ES","og_type":"article","og_title":"\u00bfC\u00f3mo afecta el cambio clim\u00e1tico a la salud mental en las ciudades? - Noticias Radio Reflejos","og_description":"La cumbre del clima 2022 COP 27\u00a0ha vuelto a poner sobre la mesa el debate sobre el cambio clim\u00e1tico y sus consecuencias sobre nuestras vidas y nuestras sociedades. La aceleraci\u00f3n en el incremento de las temperaturas medias de los \u00faltimos a\u00f1os es uno de los indicadores m\u00e1s importantes de este cambio, que tambi\u00e9n se mide [&hellip;]","og_url":"https:\/\/www.noticiasradioreflejos.com.ar\/2021\/como-afecta-el-cambio-climatico-a-la-salud-mental-en-las-ciudades\/","og_site_name":"Noticias Radio Reflejos","article_published_time":"2022-11-16T11:09:46+00:00","og_image":[{"width":1200,"height":675,"url":"https:\/\/www.noticiasradioreflejos.com.ar\/2021\/wp-content\/uploads\/2022\/11\/ola-de-calor.jpg","type":"image\/jpeg"}],"author":"Arnaldo Botto","twitter_card":"summary_large_image","schema":{"@context":"https:\/\/schema.org","@graph":[{"@type":"WebPage","@id":"https:\/\/www.noticiasradioreflejos.com.ar\/2021\/como-afecta-el-cambio-climatico-a-la-salud-mental-en-las-ciudades\/","url":"https:\/\/www.noticiasradioreflejos.com.ar\/2021\/como-afecta-el-cambio-climatico-a-la-salud-mental-en-las-ciudades\/","name":"\u00bfC\u00f3mo afecta el cambio clim\u00e1tico a la salud mental en las ciudades? - Noticias Radio Reflejos","isPartOf":{"@id":"https:\/\/www.noticiasradioreflejos.com.ar\/2021\/#website"},"primaryImageOfPage":{"@id":"https:\/\/www.noticiasradioreflejos.com.ar\/2021\/como-afecta-el-cambio-climatico-a-la-salud-mental-en-las-ciudades\/#primaryimage"},"image":{"@id":"https:\/\/www.noticiasradioreflejos.com.ar\/2021\/como-afecta-el-cambio-climatico-a-la-salud-mental-en-las-ciudades\/#primaryimage"},"thumbnailUrl":"https:\/\/www.noticiasradioreflejos.com.ar\/2021\/wp-content\/uploads\/2022\/11\/ola-de-calor.jpg","datePublished":"2022-11-16T11:09:46+00:00","author":{"@id":"https:\/\/www.noticiasradioreflejos.com.ar\/2021\/#\/schema\/person\/ad82545263dcc5ec0996818884fd5fb1"},"breadcrumb":{"@id":"https:\/\/www.noticiasradioreflejos.com.ar\/2021\/como-afecta-el-cambio-climatico-a-la-salud-mental-en-las-ciudades\/#breadcrumb"},"inLanguage":"es","potentialAction":[{"@type":"ReadAction","target":["https:\/\/www.noticiasradioreflejos.com.ar\/2021\/como-afecta-el-cambio-climatico-a-la-salud-mental-en-las-ciudades\/"]}]},{"@type":"ImageObject","inLanguage":"es","@id":"https:\/\/www.noticiasradioreflejos.com.ar\/2021\/como-afecta-el-cambio-climatico-a-la-salud-mental-en-las-ciudades\/#primaryimage","url":"https:\/\/www.noticiasradioreflejos.com.ar\/2021\/wp-content\/uploads\/2022\/11\/ola-de-calor.jpg","contentUrl":"https:\/\/www.noticiasradioreflejos.com.ar\/2021\/wp-content\/uploads\/2022\/11\/ola-de-calor.jpg","width":1200,"height":675},{"@type":"BreadcrumbList","@id":"https:\/\/www.noticiasradioreflejos.com.ar\/2021\/como-afecta-el-cambio-climatico-a-la-salud-mental-en-las-ciudades\/#breadcrumb","itemListElement":[{"@type":"ListItem","position":1,"name":"Portada","item":"https:\/\/www.noticiasradioreflejos.com.ar\/2021\/"},{"@type":"ListItem","position":2,"name":"\u00bfC\u00f3mo afecta el cambio clim\u00e1tico a la salud mental en las ciudades?"}]},{"@type":"WebSite","@id":"https:\/\/www.noticiasradioreflejos.com.ar\/2021\/#website","url":"https:\/\/www.noticiasradioreflejos.com.ar\/2021\/","name":"Noticias Radio Reflejos","description":"Las noticias de mi comarca","potentialAction":[{"@type":"SearchAction","target":{"@type":"EntryPoint","urlTemplate":"https:\/\/www.noticiasradioreflejos.com.ar\/2021\/?s={search_term_string}"},"query-input":{"@type":"PropertyValueSpecification","valueRequired":true,"valueName":"search_term_string"}}],"inLanguage":"es"},{"@type":"Person","@id":"https:\/\/www.noticiasradioreflejos.com.ar\/2021\/#\/schema\/person\/ad82545263dcc5ec0996818884fd5fb1","name":"Arnaldo Botto","image":{"@type":"ImageObject","inLanguage":"es","@id":"https:\/\/www.noticiasradioreflejos.com.ar\/2021\/#\/schema\/person\/image\/","url":"https:\/\/secure.gravatar.com\/avatar\/55cb5e37c1efa326397366e6974cb338056df65cb50e7d64d1cf314e87504837?s=96&d=mm&r=g","contentUrl":"https:\/\/secure.gravatar.com\/avatar\/55cb5e37c1efa326397366e6974cb338056df65cb50e7d64d1cf314e87504837?s=96&d=mm&r=g","caption":"Arnaldo Botto"},"url":"https:\/\/www.noticiasradioreflejos.com.ar\/2021\/author\/arnaldo\/"}]}},"_links":{"self":[{"href":"https:\/\/www.noticiasradioreflejos.com.ar\/2021\/wp-json\/wp\/v2\/posts\/80197","targetHints":{"allow":["GET"]}}],"collection":[{"href":"https:\/\/www.noticiasradioreflejos.com.ar\/2021\/wp-json\/wp\/v2\/posts"}],"about":[{"href":"https:\/\/www.noticiasradioreflejos.com.ar\/2021\/wp-json\/wp\/v2\/types\/post"}],"author":[{"embeddable":true,"href":"https:\/\/www.noticiasradioreflejos.com.ar\/2021\/wp-json\/wp\/v2\/users\/3"}],"replies":[{"embeddable":true,"href":"https:\/\/www.noticiasradioreflejos.com.ar\/2021\/wp-json\/wp\/v2\/comments?post=80197"}],"version-history":[{"count":1,"href":"https:\/\/www.noticiasradioreflejos.com.ar\/2021\/wp-json\/wp\/v2\/posts\/80197\/revisions"}],"predecessor-version":[{"id":80198,"href":"https:\/\/www.noticiasradioreflejos.com.ar\/2021\/wp-json\/wp\/v2\/posts\/80197\/revisions\/80198"}],"wp:featuredmedia":[{"embeddable":true,"href":"https:\/\/www.noticiasradioreflejos.com.ar\/2021\/wp-json\/wp\/v2\/media\/79842"}],"wp:attachment":[{"href":"https:\/\/www.noticiasradioreflejos.com.ar\/2021\/wp-json\/wp\/v2\/media?parent=80197"}],"wp:term":[{"taxonomy":"category","embeddable":true,"href":"https:\/\/www.noticiasradioreflejos.com.ar\/2021\/wp-json\/wp\/v2\/categories?post=80197"},{"taxonomy":"post_tag","embeddable":true,"href":"https:\/\/www.noticiasradioreflejos.com.ar\/2021\/wp-json\/wp\/v2\/tags?post=80197"}],"curies":[{"name":"wp","href":"https:\/\/api.w.org\/{rel}","templated":true}]}}