{"id":80137,"date":"2022-11-15T10:59:47","date_gmt":"2022-11-15T10:59:47","guid":{"rendered":"http:\/\/www.noticiasradioreflejos.com.ar\/2021\/?p=80137"},"modified":"2022-11-15T10:59:47","modified_gmt":"2022-11-15T10:59:47","slug":"ya-rige-precios-justos-con-casi-2-000-productos-de-primera-necesidad","status":"publish","type":"post","link":"https:\/\/www.noticiasradioreflejos.com.ar\/2021\/ya-rige-precios-justos-con-casi-2-000-productos-de-primera-necesidad\/","title":{"rendered":"Ya rige Precios Justos, con casi 2.000 productos de primera necesidad"},"content":{"rendered":"<p>El Programa tiene como objetivo contar con una pol\u00edtica de precios sostenible y previsible en el tiempo. Hay m\u00e1s de 113 empresas incluidas y 1.823 productos que se mantendr\u00e1n a precios constantes en las principales cadenas de supermercados y comercios locales.<!--more--><\/p>\n<figure class=\"mb-3\"><img decoding=\"async\" src=\"https:\/\/www.telam.com.ar\/thumbs\/bluesteel\/advf\/imagenes\/2021\/08\/6126145f1321d_1200.jpg\" alt=\"En los prximos das se terminar de instalar la sealtica que distinguir a los productos en las gndolas\" width=\"100%\" height=\"100%\" \/><\/p>\n<div class=\"media-icons\"><\/div><figcaption>En los pr\u00f3ximos d\u00edas se terminar\u00e1 de instalar la se\u00f1al\u00e9tica que distinguir\u00e1 a los productos en las g\u00f3ndolas.<\/figcaption><\/figure>\n<p>El programa\u00a0<strong>Precios Justos, que establece la fijaci\u00f3n de precios de cerca de 2.000 productos de primera necesidad durante cuatro meses<\/strong>\u00a0y un aumento m\u00e1ximo del 4% para otros 30.000 art\u00edculos durante el mismo per\u00edodo acordados entre la Secretar\u00eda de Comercio y las empresas y comercializadores minoristas, ya rige en todo el pa\u00eds, confirmaron a T\u00e9lam fuentes de la Secretar\u00eda de Comercio.<\/p>\n<p>El precio de los productos estar\u00e1 fijado de acuerdo al promedio de los valores de octubre y, sobre esa misma base, correr\u00e1 el aumento del 4% para el resto de la canasta de productos sin fijar para las empresas participantes, lo que permitir\u00e1 enhebrar una l\u00f3gica de variaci\u00f3n de precios similar para todo el sector y abordar de mejor manera las expectativas de inflaci\u00f3n para los pr\u00f3ximos meses.<\/p>\n<p>Las autoridades conf\u00edan\u00a0<strong>en que en los pr\u00f3ximos 10 d\u00edas termine de instalarse la se\u00f1al\u00e9tica que distinguir\u00e1 a los productos en las g\u00f3ndolas\u00a0<\/strong>y se avance con la capacitaci\u00f3n de inspectores que, para este programa, estar\u00e1 descentralizada y a cargo de los municipios.<\/p>\n<figure class=\"mb-3\"><img decoding=\"async\" src=\"https:\/\/www.telam.com.ar\/thumbs\/bluesteel\/advf\/imagenes\/2020\/09\/5f74625fba75f_1200.jpg\" alt=\"El Programa durar 4 meses con posibilidad de extensin\" width=\"100%\" height=\"100%\" \/><\/p>\n<div class=\"media-icons\"><\/div><figcaption>El Programa durar\u00e1 4 meses, con posibilidad de extensi\u00f3n.<\/figcaption><\/figure>\n<p>Actualmente ya est\u00e1 disponible la aplicaci\u00f3n para tel\u00e9fonos m\u00f3viles -Precios Justos, para tel\u00e9fonos con Android y IOs- que ya tuvo m\u00e1s de 100.000 descargas en las \u00faltimas jornadas y que permite ver la lista de productos incluidos, lectura de c\u00f3digos de barra y una opci\u00f3n para denunciar una diferencia de precios o faltantes.<\/p>\n<p>El objetivo de esta medida, aseguraron fuentes gubernamentales,\u00a0<strong>es tener una pol\u00edtica de precios sostenible y previsible en el tiempo, que permita dar un orden tanto a los consumidores como a los productores<\/strong>\u00a0-que ahora tendr\u00e1n certeza del momento en el que acceder\u00e1n a divisas para sumar insumos importados- y que tambi\u00e9n asegure el abastecimiento.<\/p>\n<p>De esta forma, se asegura evitar los abusos de empresas que, ante la incertidumbre, aceleraron la suba de precios desde julio \u00faltimo y que, ahora, tendr\u00e1n un l\u00edmite de aumentos del 4% que estar\u00e1 monitoreada a diario por la Secretar\u00eda de Comercio, a trav\u00e9s de sistemas electr\u00f3nicos y de la asistencia de los intendentes y los inspectores que podr\u00e1n fijar y cobrar las multas.<\/p>\n<p><strong>\u00abEstamos muy enfocados en seguir profundizando la hoja de ruta del ministro (Sergio Massa), que a poco de asumir plante\u00f3 un panorama que ten\u00eda que ver con lograr orden fiscal, acumulaci\u00f3n de reservas y como se lograron ambas cosas, se puede avanzar con lo que tiene que ver con la pol\u00edtica de precios<\/strong>\u00ab, manifest\u00f3 esta ma\u00f1ana el secretario de Comercio, Mat\u00edas Tombolini, en di\u00e1logo con Radio 10.<\/p>\n<figure class=\"mb-3\"><img decoding=\"async\" src=\"https:\/\/www.telam.com.ar\/thumbs\/bluesteel\/advf\/imagenes\/2022\/08\/630ff693d5a74_1200.jpg\" alt=\"Foto Prensa Ministerio de Economia\" width=\"100%\" height=\"100%\" \/><\/p>\n<div class=\"media-icons\"><\/div><figcaption>(Foto: Prensa Ministerio de Economia).<\/figcaption><\/figure>\n<p>De momento\u00a0<strong>hay m\u00e1s de 113 empresas incluidas en el programa y 1.823 productos que se mantendr\u00e1n a precios constantes en 2.500 bocas de expendio de 18 cadenas de supermercados, 9 cadenas mayoristas con 200 puntos de venta, y 25 cadenas locales del interior con m\u00e1s de 150 comercios de todo el pa\u00eds.<\/strong><\/p>\n<p>Sin embargo, hay otras empresas que se siguen sumando y se espera que la cantidad de productos que participan del programa aumente, a la vez que se profundiza el di\u00e1logo con las cadenas de supermercados del interior<\/p>\n<p>Si bien el acuerdo no incluye a comercios de cercan\u00eda o supermercados chinos, s\u00ed est\u00e1n incluidos los mayoristas de los que estos comercios se abastecen, por lo que se lograr\u00eda incidir en sus precios, aunque no participen del programa.<\/p>\n<p>\u00abSe busca trabajar sobre las expectativas de inflaci\u00f3n en funci\u00f3n de un an\u00e1lisis que hicimos en la Secretar\u00eda sobre la estructura de costos de las empresas, dando cuenta de c\u00f3mo va a ser para encontrar un vector que permita garantizar el abastecimiento mientras ordenamos los precios, al tiempo que cuidamos los d\u00f3lares\u00bb, manifest\u00f3 Tombolini esta ma\u00f1ana.<\/p>\n<p><strong>El programa viene de la mano del nuevo mecanismo de administraci\u00f3n de importaciones (SIRA) que se implement\u00f3 el 17 de octubre y que, ahora, permite una mayor coordinaci\u00f3n entre \u00e1reas del Gobierno -Banco Central, Aduana, AFIP y Secretar\u00eda de Comercio- a la hora de ejecutar pol\u00edticas de precios y de administraci\u00f3n de los d\u00f3lares disponibles.<\/strong><\/p>\n<p>Para asegurar el cumplimiento y reforzar la coordinaci\u00f3n, a Secretar\u00eda de Comercio trabaja tambi\u00e9n con acuerdos con las principales industrias que forman parte de la rama de la producci\u00f3n de alimentos: vidrio, aluminio, cart\u00f3n, pl\u00e1stico y petroqu\u00edmica.<\/p>\n<figure class=\"mb-3\"><img decoding=\"async\" src=\"https:\/\/www.telam.com.ar\/thumbs\/bluesteel\/advf\/imagenes\/2020\/12\/5fd8c4065aef1_1200.jpg\" alt=\"Telam SE\" width=\"100%\" height=\"100%\" \/><\/p>\n<div class=\"media-icons\"><\/div><figcaption><\/figcaption><\/figure>\n<p>La b\u00fasqueda de estos acuerdos sectorizados es reforzar la previsibilidad en torno a la pauta del 4% mensual para, as\u00ed, general una l\u00f3gica de aumentos similar entre rubros que permita desacelerar la inercia inflacionaria que desde hace ya varios meses gira en torno a un 7% mensual.<\/p>\n<p>El programa cuenta con el aval del sector privado y, entre ellos, el presidente de la Coordinadora de las Industrias de Productos Alimenticios (Copal), Daniel Funes de Rioja, destac\u00f3 que Precios Justos en un \u00abacuerdo voluntario\u00bb y que, si bien \u00abno es lo que va a resolver la inflaci\u00f3n\u00bb, es \u00abparte de un proceso\u00bb en ese sentido.<\/p>\n<p><strong>\u00abNo es un congelamiento sino un acuerdo voluntario que implica no mover los precios por cuatro meses<\/strong>\u00ab, afirm\u00f3 Funes de Rioja a la radio AM750.<\/p>\n<p>\u00abEsto no es lo que va a resolver la inflaci\u00f3n; esto es parte de un proceso donde hay cuestiones macroecon\u00f3micas, como la administraci\u00f3n eficiente del gasto fiscal y tener en cuenta que no se puede gastar m\u00e1s de lo que se genera ni presionar m\u00e1s fiscalmente al sector formal de la econom\u00eda\u00bb, agreg\u00f3 el dirigente empresarial.<\/p>\n","protected":false},"excerpt":{"rendered":"<p>El Programa tiene como objetivo contar con una pol\u00edtica de precios sostenible y previsible en el tiempo. Hay m\u00e1s de 113 empresas incluidas y 1.823 productos que se mantendr\u00e1n a precios constantes en las principales cadenas de supermercados y comercios locales.<\/p>\n","protected":false},"author":3,"featured_media":0,"comment_status":"closed","ping_status":"closed","sticky":false,"template":"","format":"standard","meta":{"footnotes":""},"categories":[1],"tags":[],"class_list":["post-80137","post","type-post","status-publish","format-standard","hentry","category-sin-categoria"],"yoast_head":"<!-- This site is optimized with the Yoast SEO plugin v25.9 - https:\/\/yoast.com\/wordpress\/plugins\/seo\/ -->\n<title>Ya rige Precios Justos, con casi 2.000 productos de primera necesidad - Noticias Radio Reflejos<\/title>\n<meta name=\"robots\" content=\"index, follow, max-snippet:-1, max-image-preview:large, max-video-preview:-1\" \/>\n<link rel=\"canonical\" href=\"https:\/\/www.noticiasradioreflejos.com.ar\/2021\/ya-rige-precios-justos-con-casi-2-000-productos-de-primera-necesidad\/\" \/>\n<meta property=\"og:locale\" content=\"es_ES\" \/>\n<meta property=\"og:type\" content=\"article\" \/>\n<meta property=\"og:title\" content=\"Ya rige Precios Justos, con casi 2.000 productos de primera necesidad - Noticias Radio Reflejos\" \/>\n<meta property=\"og:description\" content=\"El Programa tiene como objetivo contar con una pol\u00edtica de precios sostenible y previsible en el tiempo. Hay m\u00e1s de 113 empresas incluidas y 1.823 productos que se mantendr\u00e1n a precios constantes en las principales cadenas de supermercados y comercios locales.\" \/>\n<meta property=\"og:url\" content=\"https:\/\/www.noticiasradioreflejos.com.ar\/2021\/ya-rige-precios-justos-con-casi-2-000-productos-de-primera-necesidad\/\" \/>\n<meta property=\"og:site_name\" content=\"Noticias Radio Reflejos\" \/>\n<meta property=\"article:published_time\" content=\"2022-11-15T10:59:47+00:00\" \/>\n<meta property=\"og:image\" content=\"https:\/\/www.telam.com.ar\/thumbs\/bluesteel\/advf\/imagenes\/2021\/08\/6126145f1321d_1200.jpg\" \/>\n<meta name=\"author\" content=\"Arnaldo Botto\" \/>\n<meta name=\"twitter:card\" content=\"summary_large_image\" \/>\n<script type=\"application\/ld+json\" class=\"yoast-schema-graph\">{\"@context\":\"https:\/\/schema.org\",\"@graph\":[{\"@type\":\"WebPage\",\"@id\":\"https:\/\/www.noticiasradioreflejos.com.ar\/2021\/ya-rige-precios-justos-con-casi-2-000-productos-de-primera-necesidad\/\",\"url\":\"https:\/\/www.noticiasradioreflejos.com.ar\/2021\/ya-rige-precios-justos-con-casi-2-000-productos-de-primera-necesidad\/\",\"name\":\"Ya rige Precios Justos, con casi 2.000 productos de primera necesidad - Noticias Radio Reflejos\",\"isPartOf\":{\"@id\":\"https:\/\/www.noticiasradioreflejos.com.ar\/2021\/#website\"},\"primaryImageOfPage\":{\"@id\":\"https:\/\/www.noticiasradioreflejos.com.ar\/2021\/ya-rige-precios-justos-con-casi-2-000-productos-de-primera-necesidad\/#primaryimage\"},\"image\":{\"@id\":\"https:\/\/www.noticiasradioreflejos.com.ar\/2021\/ya-rige-precios-justos-con-casi-2-000-productos-de-primera-necesidad\/#primaryimage\"},\"thumbnailUrl\":\"https:\/\/www.telam.com.ar\/thumbs\/bluesteel\/advf\/imagenes\/2021\/08\/6126145f1321d_1200.jpg\",\"datePublished\":\"2022-11-15T10:59:47+00:00\",\"author\":{\"@id\":\"https:\/\/www.noticiasradioreflejos.com.ar\/2021\/#\/schema\/person\/ad82545263dcc5ec0996818884fd5fb1\"},\"breadcrumb\":{\"@id\":\"https:\/\/www.noticiasradioreflejos.com.ar\/2021\/ya-rige-precios-justos-con-casi-2-000-productos-de-primera-necesidad\/#breadcrumb\"},\"inLanguage\":\"es\",\"potentialAction\":[{\"@type\":\"ReadAction\",\"target\":[\"https:\/\/www.noticiasradioreflejos.com.ar\/2021\/ya-rige-precios-justos-con-casi-2-000-productos-de-primera-necesidad\/\"]}]},{\"@type\":\"ImageObject\",\"inLanguage\":\"es\",\"@id\":\"https:\/\/www.noticiasradioreflejos.com.ar\/2021\/ya-rige-precios-justos-con-casi-2-000-productos-de-primera-necesidad\/#primaryimage\",\"url\":\"https:\/\/www.telam.com.ar\/thumbs\/bluesteel\/advf\/imagenes\/2021\/08\/6126145f1321d_1200.jpg\",\"contentUrl\":\"https:\/\/www.telam.com.ar\/thumbs\/bluesteel\/advf\/imagenes\/2021\/08\/6126145f1321d_1200.jpg\"},{\"@type\":\"BreadcrumbList\",\"@id\":\"https:\/\/www.noticiasradioreflejos.com.ar\/2021\/ya-rige-precios-justos-con-casi-2-000-productos-de-primera-necesidad\/#breadcrumb\",\"itemListElement\":[{\"@type\":\"ListItem\",\"position\":1,\"name\":\"Portada\",\"item\":\"https:\/\/www.noticiasradioreflejos.com.ar\/2021\/\"},{\"@type\":\"ListItem\",\"position\":2,\"name\":\"Ya rige Precios Justos, con casi 2.000 productos de primera necesidad\"}]},{\"@type\":\"WebSite\",\"@id\":\"https:\/\/www.noticiasradioreflejos.com.ar\/2021\/#website\",\"url\":\"https:\/\/www.noticiasradioreflejos.com.ar\/2021\/\",\"name\":\"Noticias Radio Reflejos\",\"description\":\"Las noticias de mi comarca\",\"potentialAction\":[{\"@type\":\"SearchAction\",\"target\":{\"@type\":\"EntryPoint\",\"urlTemplate\":\"https:\/\/www.noticiasradioreflejos.com.ar\/2021\/?s={search_term_string}\"},\"query-input\":{\"@type\":\"PropertyValueSpecification\",\"valueRequired\":true,\"valueName\":\"search_term_string\"}}],\"inLanguage\":\"es\"},{\"@type\":\"Person\",\"@id\":\"https:\/\/www.noticiasradioreflejos.com.ar\/2021\/#\/schema\/person\/ad82545263dcc5ec0996818884fd5fb1\",\"name\":\"Arnaldo Botto\",\"image\":{\"@type\":\"ImageObject\",\"inLanguage\":\"es\",\"@id\":\"https:\/\/www.noticiasradioreflejos.com.ar\/2021\/#\/schema\/person\/image\/\",\"url\":\"https:\/\/secure.gravatar.com\/avatar\/55cb5e37c1efa326397366e6974cb338056df65cb50e7d64d1cf314e87504837?s=96&d=mm&r=g\",\"contentUrl\":\"https:\/\/secure.gravatar.com\/avatar\/55cb5e37c1efa326397366e6974cb338056df65cb50e7d64d1cf314e87504837?s=96&d=mm&r=g\",\"caption\":\"Arnaldo Botto\"},\"url\":\"https:\/\/www.noticiasradioreflejos.com.ar\/2021\/author\/arnaldo\/\"}]}<\/script>\n<!-- \/ Yoast SEO plugin. -->","yoast_head_json":{"title":"Ya rige Precios Justos, con casi 2.000 productos de primera necesidad - Noticias Radio Reflejos","robots":{"index":"index","follow":"follow","max-snippet":"max-snippet:-1","max-image-preview":"max-image-preview:large","max-video-preview":"max-video-preview:-1"},"canonical":"https:\/\/www.noticiasradioreflejos.com.ar\/2021\/ya-rige-precios-justos-con-casi-2-000-productos-de-primera-necesidad\/","og_locale":"es_ES","og_type":"article","og_title":"Ya rige Precios Justos, con casi 2.000 productos de primera necesidad - Noticias Radio Reflejos","og_description":"El Programa tiene como objetivo contar con una pol\u00edtica de precios sostenible y previsible en el tiempo. Hay m\u00e1s de 113 empresas incluidas y 1.823 productos que se mantendr\u00e1n a precios constantes en las principales cadenas de supermercados y comercios locales.","og_url":"https:\/\/www.noticiasradioreflejos.com.ar\/2021\/ya-rige-precios-justos-con-casi-2-000-productos-de-primera-necesidad\/","og_site_name":"Noticias Radio Reflejos","article_published_time":"2022-11-15T10:59:47+00:00","og_image":[{"url":"https:\/\/www.telam.com.ar\/thumbs\/bluesteel\/advf\/imagenes\/2021\/08\/6126145f1321d_1200.jpg","type":"","width":"","height":""}],"author":"Arnaldo Botto","twitter_card":"summary_large_image","schema":{"@context":"https:\/\/schema.org","@graph":[{"@type":"WebPage","@id":"https:\/\/www.noticiasradioreflejos.com.ar\/2021\/ya-rige-precios-justos-con-casi-2-000-productos-de-primera-necesidad\/","url":"https:\/\/www.noticiasradioreflejos.com.ar\/2021\/ya-rige-precios-justos-con-casi-2-000-productos-de-primera-necesidad\/","name":"Ya rige Precios Justos, con casi 2.000 productos de primera necesidad - Noticias Radio Reflejos","isPartOf":{"@id":"https:\/\/www.noticiasradioreflejos.com.ar\/2021\/#website"},"primaryImageOfPage":{"@id":"https:\/\/www.noticiasradioreflejos.com.ar\/2021\/ya-rige-precios-justos-con-casi-2-000-productos-de-primera-necesidad\/#primaryimage"},"image":{"@id":"https:\/\/www.noticiasradioreflejos.com.ar\/2021\/ya-rige-precios-justos-con-casi-2-000-productos-de-primera-necesidad\/#primaryimage"},"thumbnailUrl":"https:\/\/www.telam.com.ar\/thumbs\/bluesteel\/advf\/imagenes\/2021\/08\/6126145f1321d_1200.jpg","datePublished":"2022-11-15T10:59:47+00:00","author":{"@id":"https:\/\/www.noticiasradioreflejos.com.ar\/2021\/#\/schema\/person\/ad82545263dcc5ec0996818884fd5fb1"},"breadcrumb":{"@id":"https:\/\/www.noticiasradioreflejos.com.ar\/2021\/ya-rige-precios-justos-con-casi-2-000-productos-de-primera-necesidad\/#breadcrumb"},"inLanguage":"es","potentialAction":[{"@type":"ReadAction","target":["https:\/\/www.noticiasradioreflejos.com.ar\/2021\/ya-rige-precios-justos-con-casi-2-000-productos-de-primera-necesidad\/"]}]},{"@type":"ImageObject","inLanguage":"es","@id":"https:\/\/www.noticiasradioreflejos.com.ar\/2021\/ya-rige-precios-justos-con-casi-2-000-productos-de-primera-necesidad\/#primaryimage","url":"https:\/\/www.telam.com.ar\/thumbs\/bluesteel\/advf\/imagenes\/2021\/08\/6126145f1321d_1200.jpg","contentUrl":"https:\/\/www.telam.com.ar\/thumbs\/bluesteel\/advf\/imagenes\/2021\/08\/6126145f1321d_1200.jpg"},{"@type":"BreadcrumbList","@id":"https:\/\/www.noticiasradioreflejos.com.ar\/2021\/ya-rige-precios-justos-con-casi-2-000-productos-de-primera-necesidad\/#breadcrumb","itemListElement":[{"@type":"ListItem","position":1,"name":"Portada","item":"https:\/\/www.noticiasradioreflejos.com.ar\/2021\/"},{"@type":"ListItem","position":2,"name":"Ya rige Precios Justos, con casi 2.000 productos de primera necesidad"}]},{"@type":"WebSite","@id":"https:\/\/www.noticiasradioreflejos.com.ar\/2021\/#website","url":"https:\/\/www.noticiasradioreflejos.com.ar\/2021\/","name":"Noticias Radio Reflejos","description":"Las noticias de mi comarca","potentialAction":[{"@type":"SearchAction","target":{"@type":"EntryPoint","urlTemplate":"https:\/\/www.noticiasradioreflejos.com.ar\/2021\/?s={search_term_string}"},"query-input":{"@type":"PropertyValueSpecification","valueRequired":true,"valueName":"search_term_string"}}],"inLanguage":"es"},{"@type":"Person","@id":"https:\/\/www.noticiasradioreflejos.com.ar\/2021\/#\/schema\/person\/ad82545263dcc5ec0996818884fd5fb1","name":"Arnaldo Botto","image":{"@type":"ImageObject","inLanguage":"es","@id":"https:\/\/www.noticiasradioreflejos.com.ar\/2021\/#\/schema\/person\/image\/","url":"https:\/\/secure.gravatar.com\/avatar\/55cb5e37c1efa326397366e6974cb338056df65cb50e7d64d1cf314e87504837?s=96&d=mm&r=g","contentUrl":"https:\/\/secure.gravatar.com\/avatar\/55cb5e37c1efa326397366e6974cb338056df65cb50e7d64d1cf314e87504837?s=96&d=mm&r=g","caption":"Arnaldo Botto"},"url":"https:\/\/www.noticiasradioreflejos.com.ar\/2021\/author\/arnaldo\/"}]}},"_links":{"self":[{"href":"https:\/\/www.noticiasradioreflejos.com.ar\/2021\/wp-json\/wp\/v2\/posts\/80137","targetHints":{"allow":["GET"]}}],"collection":[{"href":"https:\/\/www.noticiasradioreflejos.com.ar\/2021\/wp-json\/wp\/v2\/posts"}],"about":[{"href":"https:\/\/www.noticiasradioreflejos.com.ar\/2021\/wp-json\/wp\/v2\/types\/post"}],"author":[{"embeddable":true,"href":"https:\/\/www.noticiasradioreflejos.com.ar\/2021\/wp-json\/wp\/v2\/users\/3"}],"replies":[{"embeddable":true,"href":"https:\/\/www.noticiasradioreflejos.com.ar\/2021\/wp-json\/wp\/v2\/comments?post=80137"}],"version-history":[{"count":1,"href":"https:\/\/www.noticiasradioreflejos.com.ar\/2021\/wp-json\/wp\/v2\/posts\/80137\/revisions"}],"predecessor-version":[{"id":80139,"href":"https:\/\/www.noticiasradioreflejos.com.ar\/2021\/wp-json\/wp\/v2\/posts\/80137\/revisions\/80139"}],"wp:attachment":[{"href":"https:\/\/www.noticiasradioreflejos.com.ar\/2021\/wp-json\/wp\/v2\/media?parent=80137"}],"wp:term":[{"taxonomy":"category","embeddable":true,"href":"https:\/\/www.noticiasradioreflejos.com.ar\/2021\/wp-json\/wp\/v2\/categories?post=80137"},{"taxonomy":"post_tag","embeddable":true,"href":"https:\/\/www.noticiasradioreflejos.com.ar\/2021\/wp-json\/wp\/v2\/tags?post=80137"}],"curies":[{"name":"wp","href":"https:\/\/api.w.org\/{rel}","templated":true}]}}