{"id":80097,"date":"2022-11-14T17:14:42","date_gmt":"2022-11-14T17:14:42","guid":{"rendered":"http:\/\/www.noticiasradioreflejos.com.ar\/2021\/?p=80097"},"modified":"2022-11-14T17:14:42","modified_gmt":"2022-11-14T17:14:42","slug":"comienza-el-pago-de-la-primera-cuota-de-22-500-del-refuerzo-alimentario","status":"publish","type":"post","link":"https:\/\/www.noticiasradioreflejos.com.ar\/2021\/comienza-el-pago-de-la-primera-cuota-de-22-500-del-refuerzo-alimentario\/","title":{"rendered":"Comienza el pago de la primera cuota de $ 22.500 del Refuerzo Alimentario"},"content":{"rendered":"<p>El cronograma de pago difundido por Anses, prev\u00e9 que quienes tengan DNI terminados en 0 cobran hoy; los terminados en 1, el martes 15; en 2, el mi\u00e9rcoles 16; en 3 el jueves 17; y quienes tengan documentos que terminen en 4 percibir\u00e1n la primera cuota el viernes 18.<!--more--><\/p>\n<figure class=\"mb-3\"><img decoding=\"async\" src=\"https:\/\/www.telam.com.ar\/thumbs\/bluesteel\/advf\/imagenes\/editadas\/629bae0f1a81d_1200.jpg\" alt=\"Foto Victoria Egurza\" width=\"100%\" height=\"100%\" \/><\/p>\n<div class=\"media-icons\"><\/div><figcaption>Foto: Victoria Egurza.<\/figcaption><\/figure>\n<p>La primera de las dos cuotas de $ 22.500 del Refuerzo Alimentario comenzar\u00e1 a pagarse desde este lunes a personas en condiciones de extrema vulnerabilidad, que no cuentan con ingresos y no perciben asistencia alguna del Estado, seg\u00fan inform\u00f3 la Administraci\u00f3n Nacional de la Seguridad Social (Anses).<\/p>\n<p>Los pagos se har\u00e1n\u00a0<strong>de acuerdo a la terminaci\u00f3n de DNI en la cuenta bancaria\u00a0<\/strong>declarada en el aplicativo.<\/p>\n<p>De todas formas, la inscripci\u00f3n continuar\u00e1 abierta para que, en caso de que un potencial beneficiario llegara a inscribirse despu\u00e9s del primer pago, y re\u00fana los requisitos, pueda percibir las cuotas de noviembre y diciembre en un solo pago de $ 45.000 el pr\u00f3ximo mes.<\/p>\n<p><strong>El cronograma de pago\u00a0<\/strong>difundido por Anses, prev\u00e9 que quienes tengan DNI terminados en 0 cobran hoy; los terminados en 1, el martes 15; en 2, el mi\u00e9rcoles 16; en 3 el jueves 17; y quienes tengan documentos que terminen en 4 percibir\u00e1n la primera cuota el viernes 18.<\/p>\n<p><strong>La semana siguiente se completar\u00e1 el calendario<\/strong>\u00a0con el pago a los DNI terminados en 5 el martes 22; los terminados en 6 el mi\u00e9rcoles 23; en 7 el jueves 24; en 8 el viernes 25 y en 9, el lunes 28 de noviembre.<\/p>\n<p>Si bien Anses no precis\u00f3 cu\u00e1ntas personas cobrar\u00e1n finalmente el bono, la primera semana de inscripci\u00f3n se hab\u00edan informado a 800.000 personas inscriptas que ya ten\u00edan aprobado el refuerzo,<\/p>\n<p>Dado el p\u00fablico al que se est\u00e1 apuntando -poblaci\u00f3n sin ning\u00fan tipo de ingreso formal ni cobertura previsional, de salud privada o de asistencia social-\u00a0<strong>se espera que a\u00fan queden personas que no tomaron conocimiento de la medida o que no cuentan con los recursos para acceder a una inscripci\u00f3n v\u00eda web.<\/strong><\/p>\n<p>Por ello,<strong>\u00a0la inscripci\u00f3n continuar\u00e1 en forma presencial en las m\u00e1s de 400 oficinas<\/strong>\u00a0de todo el pa\u00eds y operativos m\u00f3viles durante las pr\u00f3ximas semanas, indic\u00f3 el organismo.<\/p>\n<h2 class=\"\">C\u00f3mo se acredita el pago<\/h2>\n<p>El pago del bono se har\u00e1 a trav\u00e9s de una cuenta bancaria (CBU) y las personas que no cuenten con una son asistidas por Anses para abrirles una en la instituci\u00f3n que les quede m\u00e1s cerca o que sea de su conveniencia y se les realiza un seguimiento del proceso de bancarizaci\u00f3n, para asegurarse que puedan cobrar el dinero.<\/p>\n<p><strong>Pueden inscribirse aquellas personas que no cuenten con trabajo registrado<\/strong>\u00a0(en relaci\u00f3n de dependencia, aut\u00f3nomos, de casas particulares, monotributistas o monotributistas sociales), y no cobren la prestaci\u00f3n por desempleo.<\/p>\n<p>El beneficio excluye a quienes perciben jubilaci\u00f3n o pensi\u00f3n contributiva o no contributiva, tanto nacionales como provinciales y municipales, Potenciar Trabajo, Beca Progresar, Asignaci\u00f3n por Embarazo para Protecci\u00f3n Social y Programas sociales tanto nacionales como provinciales o municipales, o quienes tengan hijos que perciban la Asignaci\u00f3n Universal o Salario Familiar.<\/p>\n<p>Asimismo, para acceder al Refuerzo las personas que se inscriban deber\u00e1n completar una Declaraci\u00f3n Jurada, que ser\u00e1 evaluada junto a sus consumos, bienes y patrimonio.<\/p>\n<p>No podr\u00e1n tener registrado a su nombre: rodados (automotores, motocicletas y otros) que tengan menos de 10 a\u00f1os de antig\u00fcedad, inmuebles, consumos de tarjeta de cr\u00e9dito y\/o d\u00e9bito en los \u00faltimos dos meses, plazos fijos y bonos en los \u00faltimos seis meses, acreditaci\u00f3n en cuentas bancarias en los \u00faltimos dos meses, compras en moneda extranjera en los \u00faltimos seis meses ni obra social o prepaga.<\/p>\n<p><strong>En el caso de personas de 18 a 24 a\u00f1os, el control socioecon\u00f3mico se le realizar\u00e1 tambi\u00e9n a su grupo familiar.<\/strong><\/p>\n","protected":false},"excerpt":{"rendered":"<p>El cronograma de pago difundido por Anses, prev\u00e9 que quienes tengan DNI terminados en 0 cobran hoy; los terminados en 1, el martes 15; en 2, el mi\u00e9rcoles 16; en 3 el jueves 17; y quienes tengan documentos que terminen en 4 percibir\u00e1n la primera cuota el viernes 18.<\/p>\n","protected":false},"author":3,"featured_media":0,"comment_status":"closed","ping_status":"closed","sticky":false,"template":"","format":"standard","meta":{"footnotes":""},"categories":[1],"tags":[],"class_list":["post-80097","post","type-post","status-publish","format-standard","hentry","category-sin-categoria"],"yoast_head":"<!-- This site is optimized with the Yoast SEO plugin v25.9 - https:\/\/yoast.com\/wordpress\/plugins\/seo\/ -->\n<title>Comienza el pago de la primera cuota de $ 22.500 del Refuerzo Alimentario - Noticias Radio Reflejos<\/title>\n<meta name=\"robots\" content=\"index, follow, max-snippet:-1, max-image-preview:large, max-video-preview:-1\" \/>\n<link rel=\"canonical\" href=\"https:\/\/www.noticiasradioreflejos.com.ar\/2021\/comienza-el-pago-de-la-primera-cuota-de-22-500-del-refuerzo-alimentario\/\" \/>\n<meta property=\"og:locale\" content=\"es_ES\" \/>\n<meta property=\"og:type\" content=\"article\" \/>\n<meta property=\"og:title\" content=\"Comienza el pago de la primera cuota de $ 22.500 del Refuerzo Alimentario - Noticias Radio Reflejos\" \/>\n<meta property=\"og:description\" content=\"El cronograma de pago difundido por Anses, prev\u00e9 que quienes tengan DNI terminados en 0 cobran hoy; los terminados en 1, el martes 15; en 2, el mi\u00e9rcoles 16; en 3 el jueves 17; y quienes tengan documentos que terminen en 4 percibir\u00e1n la primera cuota el viernes 18.\" \/>\n<meta property=\"og:url\" content=\"https:\/\/www.noticiasradioreflejos.com.ar\/2021\/comienza-el-pago-de-la-primera-cuota-de-22-500-del-refuerzo-alimentario\/\" \/>\n<meta property=\"og:site_name\" content=\"Noticias Radio Reflejos\" \/>\n<meta property=\"article:published_time\" content=\"2022-11-14T17:14:42+00:00\" \/>\n<meta property=\"og:image\" content=\"https:\/\/www.telam.com.ar\/thumbs\/bluesteel\/advf\/imagenes\/editadas\/629bae0f1a81d_1200.jpg\" \/>\n<meta name=\"author\" content=\"Arnaldo Botto\" \/>\n<meta name=\"twitter:card\" content=\"summary_large_image\" \/>\n<script type=\"application\/ld+json\" class=\"yoast-schema-graph\">{\"@context\":\"https:\/\/schema.org\",\"@graph\":[{\"@type\":\"WebPage\",\"@id\":\"https:\/\/www.noticiasradioreflejos.com.ar\/2021\/comienza-el-pago-de-la-primera-cuota-de-22-500-del-refuerzo-alimentario\/\",\"url\":\"https:\/\/www.noticiasradioreflejos.com.ar\/2021\/comienza-el-pago-de-la-primera-cuota-de-22-500-del-refuerzo-alimentario\/\",\"name\":\"Comienza el pago de la primera cuota de $ 22.500 del Refuerzo Alimentario - Noticias Radio Reflejos\",\"isPartOf\":{\"@id\":\"https:\/\/www.noticiasradioreflejos.com.ar\/2021\/#website\"},\"primaryImageOfPage\":{\"@id\":\"https:\/\/www.noticiasradioreflejos.com.ar\/2021\/comienza-el-pago-de-la-primera-cuota-de-22-500-del-refuerzo-alimentario\/#primaryimage\"},\"image\":{\"@id\":\"https:\/\/www.noticiasradioreflejos.com.ar\/2021\/comienza-el-pago-de-la-primera-cuota-de-22-500-del-refuerzo-alimentario\/#primaryimage\"},\"thumbnailUrl\":\"https:\/\/www.telam.com.ar\/thumbs\/bluesteel\/advf\/imagenes\/editadas\/629bae0f1a81d_1200.jpg\",\"datePublished\":\"2022-11-14T17:14:42+00:00\",\"author\":{\"@id\":\"https:\/\/www.noticiasradioreflejos.com.ar\/2021\/#\/schema\/person\/ad82545263dcc5ec0996818884fd5fb1\"},\"breadcrumb\":{\"@id\":\"https:\/\/www.noticiasradioreflejos.com.ar\/2021\/comienza-el-pago-de-la-primera-cuota-de-22-500-del-refuerzo-alimentario\/#breadcrumb\"},\"inLanguage\":\"es\",\"potentialAction\":[{\"@type\":\"ReadAction\",\"target\":[\"https:\/\/www.noticiasradioreflejos.com.ar\/2021\/comienza-el-pago-de-la-primera-cuota-de-22-500-del-refuerzo-alimentario\/\"]}]},{\"@type\":\"ImageObject\",\"inLanguage\":\"es\",\"@id\":\"https:\/\/www.noticiasradioreflejos.com.ar\/2021\/comienza-el-pago-de-la-primera-cuota-de-22-500-del-refuerzo-alimentario\/#primaryimage\",\"url\":\"https:\/\/www.telam.com.ar\/thumbs\/bluesteel\/advf\/imagenes\/editadas\/629bae0f1a81d_1200.jpg\",\"contentUrl\":\"https:\/\/www.telam.com.ar\/thumbs\/bluesteel\/advf\/imagenes\/editadas\/629bae0f1a81d_1200.jpg\"},{\"@type\":\"BreadcrumbList\",\"@id\":\"https:\/\/www.noticiasradioreflejos.com.ar\/2021\/comienza-el-pago-de-la-primera-cuota-de-22-500-del-refuerzo-alimentario\/#breadcrumb\",\"itemListElement\":[{\"@type\":\"ListItem\",\"position\":1,\"name\":\"Portada\",\"item\":\"https:\/\/www.noticiasradioreflejos.com.ar\/2021\/\"},{\"@type\":\"ListItem\",\"position\":2,\"name\":\"Comienza el pago de la primera cuota de $ 22.500 del Refuerzo Alimentario\"}]},{\"@type\":\"WebSite\",\"@id\":\"https:\/\/www.noticiasradioreflejos.com.ar\/2021\/#website\",\"url\":\"https:\/\/www.noticiasradioreflejos.com.ar\/2021\/\",\"name\":\"Noticias Radio Reflejos\",\"description\":\"Las noticias de mi comarca\",\"potentialAction\":[{\"@type\":\"SearchAction\",\"target\":{\"@type\":\"EntryPoint\",\"urlTemplate\":\"https:\/\/www.noticiasradioreflejos.com.ar\/2021\/?s={search_term_string}\"},\"query-input\":{\"@type\":\"PropertyValueSpecification\",\"valueRequired\":true,\"valueName\":\"search_term_string\"}}],\"inLanguage\":\"es\"},{\"@type\":\"Person\",\"@id\":\"https:\/\/www.noticiasradioreflejos.com.ar\/2021\/#\/schema\/person\/ad82545263dcc5ec0996818884fd5fb1\",\"name\":\"Arnaldo Botto\",\"image\":{\"@type\":\"ImageObject\",\"inLanguage\":\"es\",\"@id\":\"https:\/\/www.noticiasradioreflejos.com.ar\/2021\/#\/schema\/person\/image\/\",\"url\":\"https:\/\/secure.gravatar.com\/avatar\/55cb5e37c1efa326397366e6974cb338056df65cb50e7d64d1cf314e87504837?s=96&d=mm&r=g\",\"contentUrl\":\"https:\/\/secure.gravatar.com\/avatar\/55cb5e37c1efa326397366e6974cb338056df65cb50e7d64d1cf314e87504837?s=96&d=mm&r=g\",\"caption\":\"Arnaldo Botto\"},\"url\":\"https:\/\/www.noticiasradioreflejos.com.ar\/2021\/author\/arnaldo\/\"}]}<\/script>\n<!-- \/ Yoast SEO plugin. -->","yoast_head_json":{"title":"Comienza el pago de la primera cuota de $ 22.500 del Refuerzo Alimentario - Noticias Radio Reflejos","robots":{"index":"index","follow":"follow","max-snippet":"max-snippet:-1","max-image-preview":"max-image-preview:large","max-video-preview":"max-video-preview:-1"},"canonical":"https:\/\/www.noticiasradioreflejos.com.ar\/2021\/comienza-el-pago-de-la-primera-cuota-de-22-500-del-refuerzo-alimentario\/","og_locale":"es_ES","og_type":"article","og_title":"Comienza el pago de la primera cuota de $ 22.500 del Refuerzo Alimentario - Noticias Radio Reflejos","og_description":"El cronograma de pago difundido por Anses, prev\u00e9 que quienes tengan DNI terminados en 0 cobran hoy; los terminados en 1, el martes 15; en 2, el mi\u00e9rcoles 16; en 3 el jueves 17; y quienes tengan documentos que terminen en 4 percibir\u00e1n la primera cuota el viernes 18.","og_url":"https:\/\/www.noticiasradioreflejos.com.ar\/2021\/comienza-el-pago-de-la-primera-cuota-de-22-500-del-refuerzo-alimentario\/","og_site_name":"Noticias Radio Reflejos","article_published_time":"2022-11-14T17:14:42+00:00","og_image":[{"url":"https:\/\/www.telam.com.ar\/thumbs\/bluesteel\/advf\/imagenes\/editadas\/629bae0f1a81d_1200.jpg","type":"","width":"","height":""}],"author":"Arnaldo Botto","twitter_card":"summary_large_image","schema":{"@context":"https:\/\/schema.org","@graph":[{"@type":"WebPage","@id":"https:\/\/www.noticiasradioreflejos.com.ar\/2021\/comienza-el-pago-de-la-primera-cuota-de-22-500-del-refuerzo-alimentario\/","url":"https:\/\/www.noticiasradioreflejos.com.ar\/2021\/comienza-el-pago-de-la-primera-cuota-de-22-500-del-refuerzo-alimentario\/","name":"Comienza el pago de la primera cuota de $ 22.500 del Refuerzo Alimentario - Noticias Radio Reflejos","isPartOf":{"@id":"https:\/\/www.noticiasradioreflejos.com.ar\/2021\/#website"},"primaryImageOfPage":{"@id":"https:\/\/www.noticiasradioreflejos.com.ar\/2021\/comienza-el-pago-de-la-primera-cuota-de-22-500-del-refuerzo-alimentario\/#primaryimage"},"image":{"@id":"https:\/\/www.noticiasradioreflejos.com.ar\/2021\/comienza-el-pago-de-la-primera-cuota-de-22-500-del-refuerzo-alimentario\/#primaryimage"},"thumbnailUrl":"https:\/\/www.telam.com.ar\/thumbs\/bluesteel\/advf\/imagenes\/editadas\/629bae0f1a81d_1200.jpg","datePublished":"2022-11-14T17:14:42+00:00","author":{"@id":"https:\/\/www.noticiasradioreflejos.com.ar\/2021\/#\/schema\/person\/ad82545263dcc5ec0996818884fd5fb1"},"breadcrumb":{"@id":"https:\/\/www.noticiasradioreflejos.com.ar\/2021\/comienza-el-pago-de-la-primera-cuota-de-22-500-del-refuerzo-alimentario\/#breadcrumb"},"inLanguage":"es","potentialAction":[{"@type":"ReadAction","target":["https:\/\/www.noticiasradioreflejos.com.ar\/2021\/comienza-el-pago-de-la-primera-cuota-de-22-500-del-refuerzo-alimentario\/"]}]},{"@type":"ImageObject","inLanguage":"es","@id":"https:\/\/www.noticiasradioreflejos.com.ar\/2021\/comienza-el-pago-de-la-primera-cuota-de-22-500-del-refuerzo-alimentario\/#primaryimage","url":"https:\/\/www.telam.com.ar\/thumbs\/bluesteel\/advf\/imagenes\/editadas\/629bae0f1a81d_1200.jpg","contentUrl":"https:\/\/www.telam.com.ar\/thumbs\/bluesteel\/advf\/imagenes\/editadas\/629bae0f1a81d_1200.jpg"},{"@type":"BreadcrumbList","@id":"https:\/\/www.noticiasradioreflejos.com.ar\/2021\/comienza-el-pago-de-la-primera-cuota-de-22-500-del-refuerzo-alimentario\/#breadcrumb","itemListElement":[{"@type":"ListItem","position":1,"name":"Portada","item":"https:\/\/www.noticiasradioreflejos.com.ar\/2021\/"},{"@type":"ListItem","position":2,"name":"Comienza el pago de la primera cuota de $ 22.500 del Refuerzo Alimentario"}]},{"@type":"WebSite","@id":"https:\/\/www.noticiasradioreflejos.com.ar\/2021\/#website","url":"https:\/\/www.noticiasradioreflejos.com.ar\/2021\/","name":"Noticias Radio Reflejos","description":"Las noticias de mi comarca","potentialAction":[{"@type":"SearchAction","target":{"@type":"EntryPoint","urlTemplate":"https:\/\/www.noticiasradioreflejos.com.ar\/2021\/?s={search_term_string}"},"query-input":{"@type":"PropertyValueSpecification","valueRequired":true,"valueName":"search_term_string"}}],"inLanguage":"es"},{"@type":"Person","@id":"https:\/\/www.noticiasradioreflejos.com.ar\/2021\/#\/schema\/person\/ad82545263dcc5ec0996818884fd5fb1","name":"Arnaldo Botto","image":{"@type":"ImageObject","inLanguage":"es","@id":"https:\/\/www.noticiasradioreflejos.com.ar\/2021\/#\/schema\/person\/image\/","url":"https:\/\/secure.gravatar.com\/avatar\/55cb5e37c1efa326397366e6974cb338056df65cb50e7d64d1cf314e87504837?s=96&d=mm&r=g","contentUrl":"https:\/\/secure.gravatar.com\/avatar\/55cb5e37c1efa326397366e6974cb338056df65cb50e7d64d1cf314e87504837?s=96&d=mm&r=g","caption":"Arnaldo Botto"},"url":"https:\/\/www.noticiasradioreflejos.com.ar\/2021\/author\/arnaldo\/"}]}},"_links":{"self":[{"href":"https:\/\/www.noticiasradioreflejos.com.ar\/2021\/wp-json\/wp\/v2\/posts\/80097","targetHints":{"allow":["GET"]}}],"collection":[{"href":"https:\/\/www.noticiasradioreflejos.com.ar\/2021\/wp-json\/wp\/v2\/posts"}],"about":[{"href":"https:\/\/www.noticiasradioreflejos.com.ar\/2021\/wp-json\/wp\/v2\/types\/post"}],"author":[{"embeddable":true,"href":"https:\/\/www.noticiasradioreflejos.com.ar\/2021\/wp-json\/wp\/v2\/users\/3"}],"replies":[{"embeddable":true,"href":"https:\/\/www.noticiasradioreflejos.com.ar\/2021\/wp-json\/wp\/v2\/comments?post=80097"}],"version-history":[{"count":1,"href":"https:\/\/www.noticiasradioreflejos.com.ar\/2021\/wp-json\/wp\/v2\/posts\/80097\/revisions"}],"predecessor-version":[{"id":80098,"href":"https:\/\/www.noticiasradioreflejos.com.ar\/2021\/wp-json\/wp\/v2\/posts\/80097\/revisions\/80098"}],"wp:attachment":[{"href":"https:\/\/www.noticiasradioreflejos.com.ar\/2021\/wp-json\/wp\/v2\/media?parent=80097"}],"wp:term":[{"taxonomy":"category","embeddable":true,"href":"https:\/\/www.noticiasradioreflejos.com.ar\/2021\/wp-json\/wp\/v2\/categories?post=80097"},{"taxonomy":"post_tag","embeddable":true,"href":"https:\/\/www.noticiasradioreflejos.com.ar\/2021\/wp-json\/wp\/v2\/tags?post=80097"}],"curies":[{"name":"wp","href":"https:\/\/api.w.org\/{rel}","templated":true}]}}