{"id":80095,"date":"2022-11-14T17:12:08","date_gmt":"2022-11-14T17:12:08","guid":{"rendered":"http:\/\/www.noticiasradioreflejos.com.ar\/2021\/?p=80095"},"modified":"2022-11-14T17:12:08","modified_gmt":"2022-11-14T17:12:08","slug":"martin-demichelis-se-despide-de-bayern-munich-para-asumir-en-river-plate","status":"publish","type":"post","link":"https:\/\/www.noticiasradioreflejos.com.ar\/2021\/martin-demichelis-se-despide-de-bayern-munich-para-asumir-en-river-plate\/","title":{"rendered":"Mart\u00edn Demichelis se despide de Bayern M\u00fanich para asumir en River Plate"},"content":{"rendered":"<p>El futuro DT Millonario, que tendr\u00e1 su primera experiencia profesional como entrenador de un primer equipo, subray\u00f3: \u00abEs una historia de locos. El Bayern me trajo de River Plate como joven jugador y ahora vuelvo del Bayern como joven entrenador\u00bb.<!--more--><\/p>\n<figure class=\"mb-3\"><img decoding=\"async\" src=\"https:\/\/www.telam.com.ar\/thumbs\/bluesteel\/advf\/imagenes\/2022\/11\/637247f6783b7_1200.jpg\" alt=\"Demichelis est a punto de asumir como nuevo tcnico de River FCBayernES \" width=\"100%\" height=\"100%\" \/><\/p>\n<div class=\"media-icons\"><\/div><figcaption>Demichelis est\u00e1 a punto de asumir como nuevo t\u00e9cnico de River (@FCBayernES).<\/figcaption><\/figure>\n<p>Mart\u00edn Demichelis acord\u00f3 este lunes su salida de Bayern M\u00fanich y qued\u00f3 liberado para convertirse oficialmente en el nuevo entrenador de River Plate en reemplazo de Marcelo Gallardo.<\/p>\n<p>\u00abLlegu\u00e9 a Europa como jugador de River al FC Bayern, ahora voy en sentido contrario como entrenador. \u00a1Qu\u00e9 historia tan incre\u00edble! Estoy orgulloso de haber formado parte de la familia del FC Bayern en dos ocasiones y agradezco a todos los que lo hicieron posible y me acompa\u00f1aron. Me voy de este club con mucha gratitud en mi coraz\u00f3n y ahora espero la gran tarea en mi segundo club del coraz\u00f3n\u00bb, expres\u00f3 Demichelis en el comunicado que public\u00f3 el club alem\u00e1n para confirmar su salida.<\/p>\n<blockquote class=\"twitter-tweet\" data-width=\"500\" data-dnt=\"true\">\n<p lang=\"es\" dir=\"ltr\">\u00a1Un placer el haberte disfrutado como jugador y como t\u00e9cnico en el <a href=\"https:\/\/twitter.com\/hashtag\/FCBayern?src=hash&amp;ref_src=twsrc%5Etfw\">#FCBayern<\/a>! \ud83e\udd1d\ud83d\ude0d<a href=\"https:\/\/twitter.com\/hashtag\/MiaSanMicho?src=hash&amp;ref_src=twsrc%5Etfw\">#MiaSanMicho<\/a> <a href=\"https:\/\/t.co\/k1UspNzXMG\">pic.twitter.com\/k1UspNzXMG<\/a><\/p>\n<p>&mdash; FC Bayern M\u00fcnchen Espa\u00f1ol (@FCBayernES) <a href=\"https:\/\/twitter.com\/FCBayernES\/status\/1592140722979082240?ref_src=twsrc%5Etfw\">November 14, 2022<\/a><\/p><\/blockquote>\n<p><script async src=\"https:\/\/platform.twitter.com\/widgets.js\" charset=\"utf-8\"><\/script><\/p>\n<p>Por su parte, Hasan Salihamidzic, director deportivo de Bayern M\u00fanich, manifest\u00f3: \u00abMart\u00edn ha recibido una oferta para convertirse en entrenador de uno de los clubes m\u00e1s importantes de Sudam\u00e9rica. No quer\u00edamos negarle esta gran oportunidad y hemos accedido a su petici\u00f3n de rescindir su contrato. Sin embargo, lamento su marcha\u00bb.<\/p>\n<p>El club alem\u00e1n tambi\u00e9n public\u00f3 una entrevista con Demichelis, quien a los 41 a\u00f1os asumir\u00e1 el desaf\u00edo de reemplazar el exitoso ciclo de Marcelo Gallardo.<\/p>\n<blockquote class=\"twitter-tweet\" data-width=\"500\" data-dnt=\"true\">\n<p lang=\"es\" dir=\"ltr\">El <a href=\"https:\/\/twitter.com\/hashtag\/FCBayern?src=hash&amp;ref_src=twsrc%5Etfw\">#FCBayern<\/a> y Mart\u00edn Demichelis han acordado que el entrenador del segundo equipo se traslade a su club formaci\u00f3n, el <a href=\"https:\/\/twitter.com\/RiverPlate?ref_src=twsrc%5Etfw\">@RiverPlate<\/a> de Buenos Aires, a petici\u00f3n propia, para asumir el cargo de entrenador principal. Su sucesor ser\u00e1 Holger Seitz. <\/p>\n<p>\ud83d\udc49 <a href=\"https:\/\/t.co\/92bzgSrBkU\">https:\/\/t.co\/92bzgSrBkU<\/a> <a href=\"https:\/\/t.co\/vDLR8eJqPC\">pic.twitter.com\/vDLR8eJqPC<\/a><\/p>\n<p>&mdash; FC Bayern M\u00fcnchen Espa\u00f1ol (@FCBayernES) <a href=\"https:\/\/twitter.com\/FCBayernES\/status\/1592133778792660994?ref_src=twsrc%5Etfw\">November 14, 2022<\/a><\/p><\/blockquote>\n<p><script async src=\"https:\/\/platform.twitter.com\/widgets.js\" charset=\"utf-8\"><\/script><\/p>\n<p>\u00abEs una historia de locos. El Bayern me trajo de River Plate como joven jugador y ahora vuelvo del Bayern como joven entrenador\u00bb, dijo el cordob\u00e9s que tendr\u00e1 en el \u00abmillonario\u00bb su primera experiencia profesional como director t\u00e9cnico.<\/p>\n<p>Como jugador, el defensor estuvo en el m\u00e1ximo campe\u00f3n de Alemania entre 2003 y 2011, y ya retirado comenz\u00f3 a trabajar en el club a mediados de 2019 al mando del sub-19. En 2021, Demichelis asumi\u00f3 como DT del equipo sub-21 y unos meses despu\u00e9s se hizo cargo del equipo reserva.<\/p>\n","protected":false},"excerpt":{"rendered":"<p>El futuro DT Millonario, que tendr\u00e1 su primera experiencia profesional como entrenador de un primer equipo, subray\u00f3: \u00abEs una historia de locos. El Bayern me trajo de River Plate como joven jugador y ahora vuelvo del Bayern como joven entrenador\u00bb.<\/p>\n","protected":false},"author":3,"featured_media":0,"comment_status":"closed","ping_status":"closed","sticky":false,"template":"","format":"standard","meta":{"footnotes":""},"categories":[27],"tags":[],"class_list":["post-80095","post","type-post","status-publish","format-standard","hentry","category-deportes"],"yoast_head":"<!-- This site is optimized with the Yoast SEO plugin v25.9 - https:\/\/yoast.com\/wordpress\/plugins\/seo\/ -->\n<title>Mart\u00edn Demichelis se despide de Bayern M\u00fanich para asumir en River Plate - Noticias Radio Reflejos<\/title>\n<meta name=\"robots\" content=\"index, follow, max-snippet:-1, max-image-preview:large, max-video-preview:-1\" \/>\n<link rel=\"canonical\" href=\"https:\/\/www.noticiasradioreflejos.com.ar\/2021\/martin-demichelis-se-despide-de-bayern-munich-para-asumir-en-river-plate\/\" \/>\n<meta property=\"og:locale\" content=\"es_ES\" \/>\n<meta property=\"og:type\" content=\"article\" \/>\n<meta property=\"og:title\" content=\"Mart\u00edn Demichelis se despide de Bayern M\u00fanich para asumir en River Plate - Noticias Radio Reflejos\" \/>\n<meta property=\"og:description\" content=\"El futuro DT Millonario, que tendr\u00e1 su primera experiencia profesional como entrenador de un primer equipo, subray\u00f3: \u00abEs una historia de locos. El Bayern me trajo de River Plate como joven jugador y ahora vuelvo del Bayern como joven entrenador\u00bb.\" \/>\n<meta property=\"og:url\" content=\"https:\/\/www.noticiasradioreflejos.com.ar\/2021\/martin-demichelis-se-despide-de-bayern-munich-para-asumir-en-river-plate\/\" \/>\n<meta property=\"og:site_name\" content=\"Noticias Radio Reflejos\" \/>\n<meta property=\"article:published_time\" content=\"2022-11-14T17:12:08+00:00\" \/>\n<meta property=\"og:image\" content=\"https:\/\/www.telam.com.ar\/thumbs\/bluesteel\/advf\/imagenes\/2022\/11\/637247f6783b7_1200.jpg\" \/>\n<meta name=\"author\" content=\"Arnaldo Botto\" \/>\n<meta name=\"twitter:card\" content=\"summary_large_image\" \/>\n<script type=\"application\/ld+json\" class=\"yoast-schema-graph\">{\"@context\":\"https:\/\/schema.org\",\"@graph\":[{\"@type\":\"WebPage\",\"@id\":\"https:\/\/www.noticiasradioreflejos.com.ar\/2021\/martin-demichelis-se-despide-de-bayern-munich-para-asumir-en-river-plate\/\",\"url\":\"https:\/\/www.noticiasradioreflejos.com.ar\/2021\/martin-demichelis-se-despide-de-bayern-munich-para-asumir-en-river-plate\/\",\"name\":\"Mart\u00edn Demichelis se despide de Bayern M\u00fanich para asumir en River Plate - Noticias Radio Reflejos\",\"isPartOf\":{\"@id\":\"https:\/\/www.noticiasradioreflejos.com.ar\/2021\/#website\"},\"primaryImageOfPage\":{\"@id\":\"https:\/\/www.noticiasradioreflejos.com.ar\/2021\/martin-demichelis-se-despide-de-bayern-munich-para-asumir-en-river-plate\/#primaryimage\"},\"image\":{\"@id\":\"https:\/\/www.noticiasradioreflejos.com.ar\/2021\/martin-demichelis-se-despide-de-bayern-munich-para-asumir-en-river-plate\/#primaryimage\"},\"thumbnailUrl\":\"https:\/\/www.telam.com.ar\/thumbs\/bluesteel\/advf\/imagenes\/2022\/11\/637247f6783b7_1200.jpg\",\"datePublished\":\"2022-11-14T17:12:08+00:00\",\"author\":{\"@id\":\"https:\/\/www.noticiasradioreflejos.com.ar\/2021\/#\/schema\/person\/ad82545263dcc5ec0996818884fd5fb1\"},\"breadcrumb\":{\"@id\":\"https:\/\/www.noticiasradioreflejos.com.ar\/2021\/martin-demichelis-se-despide-de-bayern-munich-para-asumir-en-river-plate\/#breadcrumb\"},\"inLanguage\":\"es\",\"potentialAction\":[{\"@type\":\"ReadAction\",\"target\":[\"https:\/\/www.noticiasradioreflejos.com.ar\/2021\/martin-demichelis-se-despide-de-bayern-munich-para-asumir-en-river-plate\/\"]}]},{\"@type\":\"ImageObject\",\"inLanguage\":\"es\",\"@id\":\"https:\/\/www.noticiasradioreflejos.com.ar\/2021\/martin-demichelis-se-despide-de-bayern-munich-para-asumir-en-river-plate\/#primaryimage\",\"url\":\"https:\/\/www.telam.com.ar\/thumbs\/bluesteel\/advf\/imagenes\/2022\/11\/637247f6783b7_1200.jpg\",\"contentUrl\":\"https:\/\/www.telam.com.ar\/thumbs\/bluesteel\/advf\/imagenes\/2022\/11\/637247f6783b7_1200.jpg\"},{\"@type\":\"BreadcrumbList\",\"@id\":\"https:\/\/www.noticiasradioreflejos.com.ar\/2021\/martin-demichelis-se-despide-de-bayern-munich-para-asumir-en-river-plate\/#breadcrumb\",\"itemListElement\":[{\"@type\":\"ListItem\",\"position\":1,\"name\":\"Portada\",\"item\":\"https:\/\/www.noticiasradioreflejos.com.ar\/2021\/\"},{\"@type\":\"ListItem\",\"position\":2,\"name\":\"Mart\u00edn Demichelis se despide de Bayern M\u00fanich para asumir en River Plate\"}]},{\"@type\":\"WebSite\",\"@id\":\"https:\/\/www.noticiasradioreflejos.com.ar\/2021\/#website\",\"url\":\"https:\/\/www.noticiasradioreflejos.com.ar\/2021\/\",\"name\":\"Noticias Radio Reflejos\",\"description\":\"Las noticias de mi comarca\",\"potentialAction\":[{\"@type\":\"SearchAction\",\"target\":{\"@type\":\"EntryPoint\",\"urlTemplate\":\"https:\/\/www.noticiasradioreflejos.com.ar\/2021\/?s={search_term_string}\"},\"query-input\":{\"@type\":\"PropertyValueSpecification\",\"valueRequired\":true,\"valueName\":\"search_term_string\"}}],\"inLanguage\":\"es\"},{\"@type\":\"Person\",\"@id\":\"https:\/\/www.noticiasradioreflejos.com.ar\/2021\/#\/schema\/person\/ad82545263dcc5ec0996818884fd5fb1\",\"name\":\"Arnaldo Botto\",\"image\":{\"@type\":\"ImageObject\",\"inLanguage\":\"es\",\"@id\":\"https:\/\/www.noticiasradioreflejos.com.ar\/2021\/#\/schema\/person\/image\/\",\"url\":\"https:\/\/secure.gravatar.com\/avatar\/55cb5e37c1efa326397366e6974cb338056df65cb50e7d64d1cf314e87504837?s=96&d=mm&r=g\",\"contentUrl\":\"https:\/\/secure.gravatar.com\/avatar\/55cb5e37c1efa326397366e6974cb338056df65cb50e7d64d1cf314e87504837?s=96&d=mm&r=g\",\"caption\":\"Arnaldo Botto\"},\"url\":\"https:\/\/www.noticiasradioreflejos.com.ar\/2021\/author\/arnaldo\/\"}]}<\/script>\n<!-- \/ Yoast SEO plugin. -->","yoast_head_json":{"title":"Mart\u00edn Demichelis se despide de Bayern M\u00fanich para asumir en River Plate - Noticias Radio Reflejos","robots":{"index":"index","follow":"follow","max-snippet":"max-snippet:-1","max-image-preview":"max-image-preview:large","max-video-preview":"max-video-preview:-1"},"canonical":"https:\/\/www.noticiasradioreflejos.com.ar\/2021\/martin-demichelis-se-despide-de-bayern-munich-para-asumir-en-river-plate\/","og_locale":"es_ES","og_type":"article","og_title":"Mart\u00edn Demichelis se despide de Bayern M\u00fanich para asumir en River Plate - Noticias Radio Reflejos","og_description":"El futuro DT Millonario, que tendr\u00e1 su primera experiencia profesional como entrenador de un primer equipo, subray\u00f3: \u00abEs una historia de locos. El Bayern me trajo de River Plate como joven jugador y ahora vuelvo del Bayern como joven entrenador\u00bb.","og_url":"https:\/\/www.noticiasradioreflejos.com.ar\/2021\/martin-demichelis-se-despide-de-bayern-munich-para-asumir-en-river-plate\/","og_site_name":"Noticias Radio Reflejos","article_published_time":"2022-11-14T17:12:08+00:00","og_image":[{"url":"https:\/\/www.telam.com.ar\/thumbs\/bluesteel\/advf\/imagenes\/2022\/11\/637247f6783b7_1200.jpg","type":"","width":"","height":""}],"author":"Arnaldo Botto","twitter_card":"summary_large_image","schema":{"@context":"https:\/\/schema.org","@graph":[{"@type":"WebPage","@id":"https:\/\/www.noticiasradioreflejos.com.ar\/2021\/martin-demichelis-se-despide-de-bayern-munich-para-asumir-en-river-plate\/","url":"https:\/\/www.noticiasradioreflejos.com.ar\/2021\/martin-demichelis-se-despide-de-bayern-munich-para-asumir-en-river-plate\/","name":"Mart\u00edn Demichelis se despide de Bayern M\u00fanich para asumir en River Plate - Noticias Radio Reflejos","isPartOf":{"@id":"https:\/\/www.noticiasradioreflejos.com.ar\/2021\/#website"},"primaryImageOfPage":{"@id":"https:\/\/www.noticiasradioreflejos.com.ar\/2021\/martin-demichelis-se-despide-de-bayern-munich-para-asumir-en-river-plate\/#primaryimage"},"image":{"@id":"https:\/\/www.noticiasradioreflejos.com.ar\/2021\/martin-demichelis-se-despide-de-bayern-munich-para-asumir-en-river-plate\/#primaryimage"},"thumbnailUrl":"https:\/\/www.telam.com.ar\/thumbs\/bluesteel\/advf\/imagenes\/2022\/11\/637247f6783b7_1200.jpg","datePublished":"2022-11-14T17:12:08+00:00","author":{"@id":"https:\/\/www.noticiasradioreflejos.com.ar\/2021\/#\/schema\/person\/ad82545263dcc5ec0996818884fd5fb1"},"breadcrumb":{"@id":"https:\/\/www.noticiasradioreflejos.com.ar\/2021\/martin-demichelis-se-despide-de-bayern-munich-para-asumir-en-river-plate\/#breadcrumb"},"inLanguage":"es","potentialAction":[{"@type":"ReadAction","target":["https:\/\/www.noticiasradioreflejos.com.ar\/2021\/martin-demichelis-se-despide-de-bayern-munich-para-asumir-en-river-plate\/"]}]},{"@type":"ImageObject","inLanguage":"es","@id":"https:\/\/www.noticiasradioreflejos.com.ar\/2021\/martin-demichelis-se-despide-de-bayern-munich-para-asumir-en-river-plate\/#primaryimage","url":"https:\/\/www.telam.com.ar\/thumbs\/bluesteel\/advf\/imagenes\/2022\/11\/637247f6783b7_1200.jpg","contentUrl":"https:\/\/www.telam.com.ar\/thumbs\/bluesteel\/advf\/imagenes\/2022\/11\/637247f6783b7_1200.jpg"},{"@type":"BreadcrumbList","@id":"https:\/\/www.noticiasradioreflejos.com.ar\/2021\/martin-demichelis-se-despide-de-bayern-munich-para-asumir-en-river-plate\/#breadcrumb","itemListElement":[{"@type":"ListItem","position":1,"name":"Portada","item":"https:\/\/www.noticiasradioreflejos.com.ar\/2021\/"},{"@type":"ListItem","position":2,"name":"Mart\u00edn Demichelis se despide de Bayern M\u00fanich para asumir en River Plate"}]},{"@type":"WebSite","@id":"https:\/\/www.noticiasradioreflejos.com.ar\/2021\/#website","url":"https:\/\/www.noticiasradioreflejos.com.ar\/2021\/","name":"Noticias Radio Reflejos","description":"Las noticias de mi comarca","potentialAction":[{"@type":"SearchAction","target":{"@type":"EntryPoint","urlTemplate":"https:\/\/www.noticiasradioreflejos.com.ar\/2021\/?s={search_term_string}"},"query-input":{"@type":"PropertyValueSpecification","valueRequired":true,"valueName":"search_term_string"}}],"inLanguage":"es"},{"@type":"Person","@id":"https:\/\/www.noticiasradioreflejos.com.ar\/2021\/#\/schema\/person\/ad82545263dcc5ec0996818884fd5fb1","name":"Arnaldo Botto","image":{"@type":"ImageObject","inLanguage":"es","@id":"https:\/\/www.noticiasradioreflejos.com.ar\/2021\/#\/schema\/person\/image\/","url":"https:\/\/secure.gravatar.com\/avatar\/55cb5e37c1efa326397366e6974cb338056df65cb50e7d64d1cf314e87504837?s=96&d=mm&r=g","contentUrl":"https:\/\/secure.gravatar.com\/avatar\/55cb5e37c1efa326397366e6974cb338056df65cb50e7d64d1cf314e87504837?s=96&d=mm&r=g","caption":"Arnaldo Botto"},"url":"https:\/\/www.noticiasradioreflejos.com.ar\/2021\/author\/arnaldo\/"}]}},"_links":{"self":[{"href":"https:\/\/www.noticiasradioreflejos.com.ar\/2021\/wp-json\/wp\/v2\/posts\/80095","targetHints":{"allow":["GET"]}}],"collection":[{"href":"https:\/\/www.noticiasradioreflejos.com.ar\/2021\/wp-json\/wp\/v2\/posts"}],"about":[{"href":"https:\/\/www.noticiasradioreflejos.com.ar\/2021\/wp-json\/wp\/v2\/types\/post"}],"author":[{"embeddable":true,"href":"https:\/\/www.noticiasradioreflejos.com.ar\/2021\/wp-json\/wp\/v2\/users\/3"}],"replies":[{"embeddable":true,"href":"https:\/\/www.noticiasradioreflejos.com.ar\/2021\/wp-json\/wp\/v2\/comments?post=80095"}],"version-history":[{"count":1,"href":"https:\/\/www.noticiasradioreflejos.com.ar\/2021\/wp-json\/wp\/v2\/posts\/80095\/revisions"}],"predecessor-version":[{"id":80096,"href":"https:\/\/www.noticiasradioreflejos.com.ar\/2021\/wp-json\/wp\/v2\/posts\/80095\/revisions\/80096"}],"wp:attachment":[{"href":"https:\/\/www.noticiasradioreflejos.com.ar\/2021\/wp-json\/wp\/v2\/media?parent=80095"}],"wp:term":[{"taxonomy":"category","embeddable":true,"href":"https:\/\/www.noticiasradioreflejos.com.ar\/2021\/wp-json\/wp\/v2\/categories?post=80095"},{"taxonomy":"post_tag","embeddable":true,"href":"https:\/\/www.noticiasradioreflejos.com.ar\/2021\/wp-json\/wp\/v2\/tags?post=80095"}],"curies":[{"name":"wp","href":"https:\/\/api.w.org\/{rel}","templated":true}]}}