{"id":80040,"date":"2022-11-12T00:20:39","date_gmt":"2022-11-12T00:20:39","guid":{"rendered":"http:\/\/www.noticiasradioreflejos.com.ar\/2021\/?p=80040"},"modified":"2022-11-12T00:20:40","modified_gmt":"2022-11-12T00:20:40","slug":"kicillof-declaro-la-emergencia-por-sequia-en-13-distritos","status":"publish","type":"post","link":"https:\/\/www.noticiasradioreflejos.com.ar\/2021\/kicillof-declaro-la-emergencia-por-sequia-en-13-distritos\/","title":{"rendered":"Kicillof declar\u00f3 la emergencia por sequ\u00eda en 13 distritos"},"content":{"rendered":"<p>El anuncio lo efectu\u00f3 el mandatario bonaerense en una reuni\u00f3n con representantes de entidades rurales, en la que participaron el ministro de Desarrollo Agrario, Javier Rodr\u00edguez, y el presidente del Banco Provincia, Juan Cuattromo.<!--more--><\/p>\n<p>&gt;<\/p>\n<figure class=\"mb-3\"><img decoding=\"async\" src=\"https:\/\/www.telam.com.ar\/thumbs\/bluesteel\/advf\/imagenes\/2022\/11\/636edd17ecf76_1200.jpg\" alt=\"Foto Prensa de Gobierno Provincia Buenos Aires\" width=\"100%\" height=\"100%\" \/><\/p>\n<div class=\"media-icons\"><\/div><figcaption>Foto: Prensa de Gobierno Provincia Buenos Aires.<\/figcaption><\/figure>\n<p>El gobernador bonaerense, Axel Kicillof, declar\u00f3 la emergencia agropecuaria por sequ\u00eda para 13 distritos y anunci\u00f3 una ayuda financiera para los productores afectados.<\/p>\n<p>\u00abCon la declaraci\u00f3n de la emergencia estamos dando una respuesta al sector porque comprendemos la situaci\u00f3n que est\u00e1 atravesando y desde el Estado tenemos la voluntad de contribuir y ayudar a los productores afectados\u00bb, explic\u00f3 Kicillof.<\/p>\n<p>El anuncio lo efectu\u00f3 el mandatario bonaerense en una reuni\u00f3n con representantes de entidades rurales, en la que participaron el ministro de Desarrollo Agrario, Javier Rodr\u00edguez, y el presidente del Banco Provincia, Juan Cuattromo.<\/p>\n<p>La declaraci\u00f3n de\u00a0<strong>la emergencia y\/o desastre agropecuario por sequ\u00eda comprende a los distritos de San Pedro, Rojas, Salto, Ramallo, Jun\u00edn, Arrecifes, Alberti, Chascom\u00fas, Suipacha, Lobos, San Vicente, Magdalena y Dolores<\/strong>.<\/p>\n<p><strong>\u00abActuamos r\u00e1pidamente e iremos evaluando c\u00f3mo contin\u00faa la situaci\u00f3n, manteniendo siempre nuestro compromiso con la producci\u00f3n en toda la provincia de Buenos Aires\u00bb<\/strong>, afirm\u00f3.<\/p>\n<p>Aquellos que hayan visto afectado entre 50% y 79% de su producci\u00f3n o capacidad de producci\u00f3n, ser\u00e1n considerados en estado de Emergencia Agropecuaria y se les otorgar\u00e1 una pr\u00f3rroga del pago del impuesto Inmobiliario Rural, correspondiente al inmueble destinado al desarrollo de la actividad agropecuaria.<\/p>\n<p>Aquellos que hayan sufrido una afectaci\u00f3n de entre 80% y 100% entrar\u00e1n en la categor\u00eda de Desastre Agropecuario y ser\u00e1n eximidos del pago del impuesto rural, en proporci\u00f3n al porcentaje de la afectaci\u00f3n de la explotaci\u00f3n.<\/p>\n<figure class=\"mb-3\"><img decoding=\"async\" src=\"https:\/\/www.telam.com.ar\/thumbs\/bluesteel\/advf\/imagenes\/2022\/11\/636edd18145da_1200.jpg\" alt=\"Foto Prensa de Gobierno Provincia Buenos Aires\" width=\"100%\" height=\"100%\" \/><\/p>\n<div class=\"media-icons\"><\/div><figcaption>Foto: Prensa de Gobierno Provincia Buenos Aires.<\/figcaption><\/figure>\n<p>Adem\u00e1s,\u00a0<strong>el Gobierno provincial puso a disposici\u00f3n distintas l\u00edneas de financiamiento para mitigar el impacto de la emergencia clim\u00e1tica que afect\u00f3 a estas regiones, destinadas principalmente a peque\u00f1os y medianos productores<\/strong>.<\/p>\n<p>El Ministerio de Desarrollo Agrario bonaerense ofreci\u00f3 un Aporte no Reintegrable para la Agricultura Familiar ante eventos clim\u00e1ticos adversos que otorga montos de hasta $200.000, destinados a la recomposici\u00f3n de la infraestructura da\u00f1ada, la adquisici\u00f3n de insumos productivos para reiniciar el ciclo de producci\u00f3n y la reposici\u00f3n de animales muertos o afectados.<\/p>\n<p>Tambi\u00e9n cuenta con una L\u00ednea de Financiamiento Ante Eventos Clim\u00e1ticos Extremos con montos de hasta $1,5 millones y tasa del 35% para el reinicio del ciclo productivo, y otra de Financiamiento para Prevenci\u00f3n y Mitigaci\u00f3n de Emergencias.<\/p>\n<p>Por su parte,\u00a0<strong>el Banco Provincia cuenta con Financiamiento para Afectados por Fen\u00f3menos Naturales para solventar el costo de reparaci\u00f3n de los da\u00f1os materiales sufridos en los inmuebles o en un veh\u00edculo de su propiedad -siempre que no hayan sido cubiertos por la compa\u00f1\u00eda de seguros-, con una tasa de inter\u00e9s fija de entre 37% y 39%; y la entidad ofrece una l\u00ednea de financiamiento espec\u00edfica para Emergencia por Sequ\u00eda<\/strong>.<\/p>\n<p>\u00abDesde el Banco Provincia estamos acompa\u00f1ando permanentemente al sector agropecuario y, en este caso de emergencia, lo seguimos haciendo con el foco puesto en los peque\u00f1os y medianos productores\u00bb, resalt\u00f3 el titular del banco, Juan Cuattromo.<\/p>\n<p>\u00abTen\u00edamos muchas expectativas y nos parecieron positivos los anuncios y la actitud que ha tomado el Gobierno de la Provincia, que se ha mostrado comprometido y solidario con todas las actividades agropecuarias en este momento dif\u00edcil\u00bb, afirm\u00f3 Irineo Qui\u00f1ones, presidente de la Federaci\u00f3n Agraria (Febapri).<\/p>\n<p>El presidente de Carbap, Horacio Salaverri expres\u00f3 que \u00abel Gobernador entiende la gravedad de la situaci\u00f3n que est\u00e1 enfrentando el sector agropecuario, y en ese sentido creemos que es muy importante esta medida\u00bb.<\/p>\n<p>Por su parte, el consejero bonaerense de Coninagro, Georges Breitschmitt, valor\u00f3 \u00abel buen di\u00e1logo con la provincia en una reuni\u00f3n que ha servido para plantear y transmitir de primera mano el escenario que vemos en la producci\u00f3n\u00bb.<\/p>\n","protected":false},"excerpt":{"rendered":"<p>El anuncio lo efectu\u00f3 el mandatario bonaerense en una reuni\u00f3n con representantes de entidades rurales, en la que participaron el ministro de Desarrollo Agrario, Javier Rodr\u00edguez, y el presidente del Banco Provincia, Juan Cuattromo.<\/p>\n","protected":false},"author":3,"featured_media":0,"comment_status":"closed","ping_status":"closed","sticky":false,"template":"","format":"standard","meta":{"footnotes":""},"categories":[36,58],"tags":[],"class_list":["post-80040","post","type-post","status-publish","format-standard","hentry","category-economia","category-gobierno"],"yoast_head":"<!-- This site is optimized with the Yoast SEO plugin v25.9 - https:\/\/yoast.com\/wordpress\/plugins\/seo\/ -->\n<title>Kicillof declar\u00f3 la emergencia por sequ\u00eda en 13 distritos - Noticias Radio Reflejos<\/title>\n<meta name=\"robots\" content=\"index, follow, max-snippet:-1, max-image-preview:large, max-video-preview:-1\" \/>\n<link rel=\"canonical\" href=\"https:\/\/www.noticiasradioreflejos.com.ar\/2021\/kicillof-declaro-la-emergencia-por-sequia-en-13-distritos\/\" \/>\n<meta property=\"og:locale\" content=\"es_ES\" \/>\n<meta property=\"og:type\" content=\"article\" \/>\n<meta property=\"og:title\" content=\"Kicillof declar\u00f3 la emergencia por sequ\u00eda en 13 distritos - Noticias Radio Reflejos\" \/>\n<meta property=\"og:description\" content=\"El anuncio lo efectu\u00f3 el mandatario bonaerense en una reuni\u00f3n con representantes de entidades rurales, en la que participaron el ministro de Desarrollo Agrario, Javier Rodr\u00edguez, y el presidente del Banco Provincia, Juan Cuattromo.\" \/>\n<meta property=\"og:url\" content=\"https:\/\/www.noticiasradioreflejos.com.ar\/2021\/kicillof-declaro-la-emergencia-por-sequia-en-13-distritos\/\" \/>\n<meta property=\"og:site_name\" content=\"Noticias Radio Reflejos\" \/>\n<meta property=\"article:published_time\" content=\"2022-11-12T00:20:39+00:00\" \/>\n<meta property=\"article:modified_time\" content=\"2022-11-12T00:20:40+00:00\" \/>\n<meta property=\"og:image\" content=\"https:\/\/www.telam.com.ar\/thumbs\/bluesteel\/advf\/imagenes\/2022\/11\/636edd17ecf76_1200.jpg\" \/>\n<meta name=\"author\" content=\"Arnaldo Botto\" \/>\n<meta name=\"twitter:card\" content=\"summary_large_image\" \/>\n<script type=\"application\/ld+json\" class=\"yoast-schema-graph\">{\"@context\":\"https:\/\/schema.org\",\"@graph\":[{\"@type\":\"WebPage\",\"@id\":\"https:\/\/www.noticiasradioreflejos.com.ar\/2021\/kicillof-declaro-la-emergencia-por-sequia-en-13-distritos\/\",\"url\":\"https:\/\/www.noticiasradioreflejos.com.ar\/2021\/kicillof-declaro-la-emergencia-por-sequia-en-13-distritos\/\",\"name\":\"Kicillof declar\u00f3 la emergencia por sequ\u00eda en 13 distritos - Noticias Radio Reflejos\",\"isPartOf\":{\"@id\":\"https:\/\/www.noticiasradioreflejos.com.ar\/2021\/#website\"},\"primaryImageOfPage\":{\"@id\":\"https:\/\/www.noticiasradioreflejos.com.ar\/2021\/kicillof-declaro-la-emergencia-por-sequia-en-13-distritos\/#primaryimage\"},\"image\":{\"@id\":\"https:\/\/www.noticiasradioreflejos.com.ar\/2021\/kicillof-declaro-la-emergencia-por-sequia-en-13-distritos\/#primaryimage\"},\"thumbnailUrl\":\"https:\/\/www.telam.com.ar\/thumbs\/bluesteel\/advf\/imagenes\/2022\/11\/636edd17ecf76_1200.jpg\",\"datePublished\":\"2022-11-12T00:20:39+00:00\",\"dateModified\":\"2022-11-12T00:20:40+00:00\",\"author\":{\"@id\":\"https:\/\/www.noticiasradioreflejos.com.ar\/2021\/#\/schema\/person\/ad82545263dcc5ec0996818884fd5fb1\"},\"breadcrumb\":{\"@id\":\"https:\/\/www.noticiasradioreflejos.com.ar\/2021\/kicillof-declaro-la-emergencia-por-sequia-en-13-distritos\/#breadcrumb\"},\"inLanguage\":\"es\",\"potentialAction\":[{\"@type\":\"ReadAction\",\"target\":[\"https:\/\/www.noticiasradioreflejos.com.ar\/2021\/kicillof-declaro-la-emergencia-por-sequia-en-13-distritos\/\"]}]},{\"@type\":\"ImageObject\",\"inLanguage\":\"es\",\"@id\":\"https:\/\/www.noticiasradioreflejos.com.ar\/2021\/kicillof-declaro-la-emergencia-por-sequia-en-13-distritos\/#primaryimage\",\"url\":\"https:\/\/www.telam.com.ar\/thumbs\/bluesteel\/advf\/imagenes\/2022\/11\/636edd17ecf76_1200.jpg\",\"contentUrl\":\"https:\/\/www.telam.com.ar\/thumbs\/bluesteel\/advf\/imagenes\/2022\/11\/636edd17ecf76_1200.jpg\"},{\"@type\":\"BreadcrumbList\",\"@id\":\"https:\/\/www.noticiasradioreflejos.com.ar\/2021\/kicillof-declaro-la-emergencia-por-sequia-en-13-distritos\/#breadcrumb\",\"itemListElement\":[{\"@type\":\"ListItem\",\"position\":1,\"name\":\"Portada\",\"item\":\"https:\/\/www.noticiasradioreflejos.com.ar\/2021\/\"},{\"@type\":\"ListItem\",\"position\":2,\"name\":\"Kicillof declar\u00f3 la emergencia por sequ\u00eda en 13 distritos\"}]},{\"@type\":\"WebSite\",\"@id\":\"https:\/\/www.noticiasradioreflejos.com.ar\/2021\/#website\",\"url\":\"https:\/\/www.noticiasradioreflejos.com.ar\/2021\/\",\"name\":\"Noticias Radio Reflejos\",\"description\":\"Las noticias de mi comarca\",\"potentialAction\":[{\"@type\":\"SearchAction\",\"target\":{\"@type\":\"EntryPoint\",\"urlTemplate\":\"https:\/\/www.noticiasradioreflejos.com.ar\/2021\/?s={search_term_string}\"},\"query-input\":{\"@type\":\"PropertyValueSpecification\",\"valueRequired\":true,\"valueName\":\"search_term_string\"}}],\"inLanguage\":\"es\"},{\"@type\":\"Person\",\"@id\":\"https:\/\/www.noticiasradioreflejos.com.ar\/2021\/#\/schema\/person\/ad82545263dcc5ec0996818884fd5fb1\",\"name\":\"Arnaldo Botto\",\"image\":{\"@type\":\"ImageObject\",\"inLanguage\":\"es\",\"@id\":\"https:\/\/www.noticiasradioreflejos.com.ar\/2021\/#\/schema\/person\/image\/\",\"url\":\"https:\/\/secure.gravatar.com\/avatar\/55cb5e37c1efa326397366e6974cb338056df65cb50e7d64d1cf314e87504837?s=96&d=mm&r=g\",\"contentUrl\":\"https:\/\/secure.gravatar.com\/avatar\/55cb5e37c1efa326397366e6974cb338056df65cb50e7d64d1cf314e87504837?s=96&d=mm&r=g\",\"caption\":\"Arnaldo Botto\"},\"url\":\"https:\/\/www.noticiasradioreflejos.com.ar\/2021\/author\/arnaldo\/\"}]}<\/script>\n<!-- \/ Yoast SEO plugin. -->","yoast_head_json":{"title":"Kicillof declar\u00f3 la emergencia por sequ\u00eda en 13 distritos - Noticias Radio Reflejos","robots":{"index":"index","follow":"follow","max-snippet":"max-snippet:-1","max-image-preview":"max-image-preview:large","max-video-preview":"max-video-preview:-1"},"canonical":"https:\/\/www.noticiasradioreflejos.com.ar\/2021\/kicillof-declaro-la-emergencia-por-sequia-en-13-distritos\/","og_locale":"es_ES","og_type":"article","og_title":"Kicillof declar\u00f3 la emergencia por sequ\u00eda en 13 distritos - Noticias Radio Reflejos","og_description":"El anuncio lo efectu\u00f3 el mandatario bonaerense en una reuni\u00f3n con representantes de entidades rurales, en la que participaron el ministro de Desarrollo Agrario, Javier Rodr\u00edguez, y el presidente del Banco Provincia, Juan Cuattromo.","og_url":"https:\/\/www.noticiasradioreflejos.com.ar\/2021\/kicillof-declaro-la-emergencia-por-sequia-en-13-distritos\/","og_site_name":"Noticias Radio Reflejos","article_published_time":"2022-11-12T00:20:39+00:00","article_modified_time":"2022-11-12T00:20:40+00:00","og_image":[{"url":"https:\/\/www.telam.com.ar\/thumbs\/bluesteel\/advf\/imagenes\/2022\/11\/636edd17ecf76_1200.jpg","type":"","width":"","height":""}],"author":"Arnaldo Botto","twitter_card":"summary_large_image","schema":{"@context":"https:\/\/schema.org","@graph":[{"@type":"WebPage","@id":"https:\/\/www.noticiasradioreflejos.com.ar\/2021\/kicillof-declaro-la-emergencia-por-sequia-en-13-distritos\/","url":"https:\/\/www.noticiasradioreflejos.com.ar\/2021\/kicillof-declaro-la-emergencia-por-sequia-en-13-distritos\/","name":"Kicillof declar\u00f3 la emergencia por sequ\u00eda en 13 distritos - Noticias Radio Reflejos","isPartOf":{"@id":"https:\/\/www.noticiasradioreflejos.com.ar\/2021\/#website"},"primaryImageOfPage":{"@id":"https:\/\/www.noticiasradioreflejos.com.ar\/2021\/kicillof-declaro-la-emergencia-por-sequia-en-13-distritos\/#primaryimage"},"image":{"@id":"https:\/\/www.noticiasradioreflejos.com.ar\/2021\/kicillof-declaro-la-emergencia-por-sequia-en-13-distritos\/#primaryimage"},"thumbnailUrl":"https:\/\/www.telam.com.ar\/thumbs\/bluesteel\/advf\/imagenes\/2022\/11\/636edd17ecf76_1200.jpg","datePublished":"2022-11-12T00:20:39+00:00","dateModified":"2022-11-12T00:20:40+00:00","author":{"@id":"https:\/\/www.noticiasradioreflejos.com.ar\/2021\/#\/schema\/person\/ad82545263dcc5ec0996818884fd5fb1"},"breadcrumb":{"@id":"https:\/\/www.noticiasradioreflejos.com.ar\/2021\/kicillof-declaro-la-emergencia-por-sequia-en-13-distritos\/#breadcrumb"},"inLanguage":"es","potentialAction":[{"@type":"ReadAction","target":["https:\/\/www.noticiasradioreflejos.com.ar\/2021\/kicillof-declaro-la-emergencia-por-sequia-en-13-distritos\/"]}]},{"@type":"ImageObject","inLanguage":"es","@id":"https:\/\/www.noticiasradioreflejos.com.ar\/2021\/kicillof-declaro-la-emergencia-por-sequia-en-13-distritos\/#primaryimage","url":"https:\/\/www.telam.com.ar\/thumbs\/bluesteel\/advf\/imagenes\/2022\/11\/636edd17ecf76_1200.jpg","contentUrl":"https:\/\/www.telam.com.ar\/thumbs\/bluesteel\/advf\/imagenes\/2022\/11\/636edd17ecf76_1200.jpg"},{"@type":"BreadcrumbList","@id":"https:\/\/www.noticiasradioreflejos.com.ar\/2021\/kicillof-declaro-la-emergencia-por-sequia-en-13-distritos\/#breadcrumb","itemListElement":[{"@type":"ListItem","position":1,"name":"Portada","item":"https:\/\/www.noticiasradioreflejos.com.ar\/2021\/"},{"@type":"ListItem","position":2,"name":"Kicillof declar\u00f3 la emergencia por sequ\u00eda en 13 distritos"}]},{"@type":"WebSite","@id":"https:\/\/www.noticiasradioreflejos.com.ar\/2021\/#website","url":"https:\/\/www.noticiasradioreflejos.com.ar\/2021\/","name":"Noticias Radio Reflejos","description":"Las noticias de mi comarca","potentialAction":[{"@type":"SearchAction","target":{"@type":"EntryPoint","urlTemplate":"https:\/\/www.noticiasradioreflejos.com.ar\/2021\/?s={search_term_string}"},"query-input":{"@type":"PropertyValueSpecification","valueRequired":true,"valueName":"search_term_string"}}],"inLanguage":"es"},{"@type":"Person","@id":"https:\/\/www.noticiasradioreflejos.com.ar\/2021\/#\/schema\/person\/ad82545263dcc5ec0996818884fd5fb1","name":"Arnaldo Botto","image":{"@type":"ImageObject","inLanguage":"es","@id":"https:\/\/www.noticiasradioreflejos.com.ar\/2021\/#\/schema\/person\/image\/","url":"https:\/\/secure.gravatar.com\/avatar\/55cb5e37c1efa326397366e6974cb338056df65cb50e7d64d1cf314e87504837?s=96&d=mm&r=g","contentUrl":"https:\/\/secure.gravatar.com\/avatar\/55cb5e37c1efa326397366e6974cb338056df65cb50e7d64d1cf314e87504837?s=96&d=mm&r=g","caption":"Arnaldo Botto"},"url":"https:\/\/www.noticiasradioreflejos.com.ar\/2021\/author\/arnaldo\/"}]}},"_links":{"self":[{"href":"https:\/\/www.noticiasradioreflejos.com.ar\/2021\/wp-json\/wp\/v2\/posts\/80040","targetHints":{"allow":["GET"]}}],"collection":[{"href":"https:\/\/www.noticiasradioreflejos.com.ar\/2021\/wp-json\/wp\/v2\/posts"}],"about":[{"href":"https:\/\/www.noticiasradioreflejos.com.ar\/2021\/wp-json\/wp\/v2\/types\/post"}],"author":[{"embeddable":true,"href":"https:\/\/www.noticiasradioreflejos.com.ar\/2021\/wp-json\/wp\/v2\/users\/3"}],"replies":[{"embeddable":true,"href":"https:\/\/www.noticiasradioreflejos.com.ar\/2021\/wp-json\/wp\/v2\/comments?post=80040"}],"version-history":[{"count":1,"href":"https:\/\/www.noticiasradioreflejos.com.ar\/2021\/wp-json\/wp\/v2\/posts\/80040\/revisions"}],"predecessor-version":[{"id":80042,"href":"https:\/\/www.noticiasradioreflejos.com.ar\/2021\/wp-json\/wp\/v2\/posts\/80040\/revisions\/80042"}],"wp:attachment":[{"href":"https:\/\/www.noticiasradioreflejos.com.ar\/2021\/wp-json\/wp\/v2\/media?parent=80040"}],"wp:term":[{"taxonomy":"category","embeddable":true,"href":"https:\/\/www.noticiasradioreflejos.com.ar\/2021\/wp-json\/wp\/v2\/categories?post=80040"},{"taxonomy":"post_tag","embeddable":true,"href":"https:\/\/www.noticiasradioreflejos.com.ar\/2021\/wp-json\/wp\/v2\/tags?post=80040"}],"curies":[{"name":"wp","href":"https:\/\/api.w.org\/{rel}","templated":true}]}}