{"id":80037,"date":"2022-11-11T22:47:19","date_gmt":"2022-11-11T22:47:19","guid":{"rendered":"http:\/\/www.noticiasradioreflejos.com.ar\/2021\/?p=80037"},"modified":"2022-11-14T15:04:16","modified_gmt":"2022-11-14T15:04:16","slug":"invitan-a-disfrutar-de-noches-magicas-en-cuatro-parques-nacionales","status":"publish","type":"post","link":"https:\/\/www.noticiasradioreflejos.com.ar\/2021\/invitan-a-disfrutar-de-noches-magicas-en-cuatro-parques-nacionales\/","title":{"rendered":"Invitan a disfrutar de \u00abNoches m\u00e1gicas\u00bb en cuatro parques nacionales"},"content":{"rendered":"<p>Este ciclo celebra cada fin de semana realiza campamentos, fogones y propone gastronom\u00eda regional en las selvas del Parque Nacional Aconquija -Tucum\u00e1n-, Parque Nacional El Leoncito -San Juan-, Parque Nacional Tierra del Fuego y en el correntino Esteros del Iber\u00e1.<!--more--><\/p>\n<figure class=\"mb-3\"><img decoding=\"async\" src=\"https:\/\/www.telam.com.ar\/thumbs\/bluesteel\/advf\/imagenes\/2022\/11\/636e8cb2de9fd_1200.jpg\" alt=\"Parque Nacional El Leoncito San Juan Foto Prensa\" width=\"100%\" height=\"100%\" \/><\/p>\n<div class=\"media-icons\"><\/div><figcaption>Parque Nacional El Leoncito, San Juan \/ Foto Prensa<\/figcaption><\/figure>\n<p>Con campamentos, gastronom\u00eda regional, fogones y relatos de mitos populares en diferentes paisajes a la luz de la luna, la Administraci\u00f3n de Parques Nacionales comenz\u00f3 a celebrar este mes el ciclo de \u00abNoches M\u00e1gicas\u00bb que cada fin de semana se realiza en diferentes \u00e1reas protegidas de Tucum\u00e1n, San Juan, Tierra del Fuego y Corrientes.<\/p>\n<h2 class=\"\">Parque Nacional Aconquija<\/h2>\n<figure class=\"mb-3\"><img decoding=\"async\" src=\"https:\/\/www.telam.com.ar\/thumbs\/bluesteel\/advf\/imagenes\/2022\/11\/636e8cb26d64e_1200.jpg\" alt=\"Parque Nacional Aconquija Foto Prensa\" width=\"100%\" height=\"100%\" \/><\/p>\n<div class=\"media-icons\"><\/div><figcaption>Parque Nacional Aconquija \/ Foto Prensa<\/figcaption><\/figure>\n<p>El ciclo se inici\u00f3 el 6 de noviembre para conmemorar el D\u00eda de los Parques Nacionales, en las selvas del\u00a0<a href=\"https:\/\/www.telam.com.ar\/notas\/202211\/610528-parque-aconquija-proteccion-ecosistema-tucuman-potencia-turismo.html\" target=\"_blank\" rel=\"noopener\">Parque Nacional Aconquija<\/a>, en el Circuito Sur de Tucum\u00e1n, donde las autoridades provinciales destacaron \u00abel enorme potencial que posee nuestro parque y la labor en conjunto con Naci\u00f3n para exhibir esas cualidades\u00bb.<\/p>\n<p>El director nacional de uso p\u00fablico de la Administraci\u00f3n de Parques Nacionales (APN), Mat\u00edas Poltorak, asegur\u00f3 a T\u00e9lam que \u00ablas noches m\u00e1gicas se enmarcan en una campa\u00f1a de promoci\u00f3n de los parques nacionales como antesala a la temporada de verano, con una perspectiva federal porque se desarrolla en cuatro regiones distintas del pa\u00eds\u00bb.<\/p>\n<p>\u00abEs una manera de promover el ecoturismo en las vacaciones e incentivar a visitar los parques Nacionales, fortaleciendo as\u00ed las econom\u00edas regionales\u00bb, a\u00f1adi\u00f3 el funcionario y explic\u00f3 que \u00abeste a\u00f1o se eligi\u00f3 hablar de noches m\u00e1gicas para empezar a construir productos nocturnos e incentivar a operadores a trabajar esta alternativa, diversificando la oferta y sumando atractivos a los destinos\u00bb.<\/p>\n<blockquote class=\"twitter-tweet\" data-width=\"500\" data-dnt=\"true\">\n<p lang=\"es\" dir=\"ltr\">\ud83c\udf20 Nada falt\u00f3 en la noche m\u00e1gica del Parque Nacional Aconquija<\/p>\n<p>\ud83c\udfde En conmemoraci\u00f3n al <a href=\"https:\/\/twitter.com\/hashtag\/D%C3%ADaDeLosParquesNacionales?src=hash&amp;ref_src=twsrc%5Etfw\">#D\u00edaDeLosParquesNacionales<\/a>, <a href=\"https:\/\/twitter.com\/ParquesOficial?ref_src=twsrc%5Etfw\">@ParquesOficial<\/a>, junto al Ente <a href=\"https:\/\/twitter.com\/TucumanTurismo?ref_src=twsrc%5Etfw\">@TucumanTurismo<\/a>, impulsaron dos jornadas de turismo de naturaleza en el \u00e1rea protegida.<\/p>\n<p>\u27a1\ufe0f\ud83d\udcf1 As\u00ed fue: <a href=\"https:\/\/t.co\/5CD4hwyWs5\">https:\/\/t.co\/5CD4hwyWs5<\/a> <a href=\"https:\/\/t.co\/EwZl9Kj7Mt\">pic.twitter.com\/EwZl9Kj7Mt<\/a><\/p>\n<p>&mdash; Institucional Tucum\u00e1n Turismo (@PrensaTucTur) <a href=\"https:\/\/twitter.com\/PrensaTucTur\/status\/1589683748605669376?ref_src=twsrc%5Etfw\">November 7, 2022<\/a><\/p><\/blockquote>\n<p><script async src=\"https:\/\/platform.twitter.com\/widgets.js\" charset=\"utf-8\"><\/script><\/p>\n<h2 class=\"\">Parque Nacional El Leoncito<\/h2>\n<p>En el caso de San Juan, las actividades diurnas y nocturnas se realizar\u00e1n este fin de semana en el Parque Nacional El Leoncito, que en sus casi 900 kil\u00f3metros cuadrados permite observar una gran cantidad de flora y fauna, como el cuis chico y la culebra conejera entre retamos y jarillas, lagartos en los faldeos rocosos, tropillas de guanacos en las ci\u00e9nagas y en los extensos llanos, zorros colorados y pumas, mientras aguiluchos y \u00e1guilas mora surcan el cielo.<\/p>\n<p>Por la enorme cantidad de d\u00edas sin nubes, en el lugar est\u00e1 el observatorio astron\u00f3mico CASLEO, uno de los m\u00e1s grandes de Sudam\u00e9rica, y el observatorio Carlos Ulrico Cesco que maneja la Universidad de San Juan.<\/p>\n<figure class=\"mb-3\"><img decoding=\"async\" src=\"https:\/\/www.telam.com.ar\/thumbs\/bluesteel\/advf\/imagenes\/2022\/11\/636e8cb299181_1200.jpg\" alt=\"Parque Nacional El Leoncito San Juan Foto Prensa\" width=\"100%\" height=\"100%\" \/><\/p>\n<div class=\"media-icons\"><\/div><figcaption>Parque Nacional El Leoncito, San Juan \/ Foto Prensa<\/figcaption><\/figure>\n<p>En la celebraci\u00f3n de Parques Nacionales, los visitantes ser\u00e1n recibidos el s\u00e1bado 12 en el camping El Jarillal, donde compartir\u00e1n empanadas sanjuaninas, humitas y una degustaci\u00f3n de vinos, mientras entrada la noche habr\u00e1 una visita a los observatorios con experiencias de mirar los astros a trav\u00e9s de los equipos de ambos establecimientos.<\/p>\n<p>Para el domingo 13, se podr\u00e1 optar por una recorrida por el Sendero al Cerro, de dificultad alta, volver a los observatorios, o visitar los paisajes del agua en trekking de baja dificultad y un almuerzo a la canasta.<\/p>\n<h2 class=\"\">Parque Nacional Tierra del Fuego<\/h2>\n<p>En Tierra del Fuego, el evento se realizar\u00e1 entre el 19 y el 20 de noviembre e invita a residentes y turistas a participar de un singular recorrido por las principales atracciones del Parque Nacional local, ubicado a pocos kil\u00f3metros de Ushuaia, en un recorrido que comprender\u00e1 el traslado en colectivo desde el puerto capitalino hasta la estaci\u00f3n del Trencito del Fin del Mundo, el ingreso al parque en esta formaci\u00f3n, que emula el antiguo tren de los presos del Penal de Ushuaia, y la visita a Bah\u00eda Lapataia, donde finaliza la ruta nacional 3.<\/p>\n<p>En el atardecer se podr\u00e1 optar por una traves\u00eda en canoa desde el lago Acigami, para concluir la noche con una cena de tres pasos en el Centro de Visitantes Alakush, con vistas \u00fanicas a bosques, espejos de agua y la perspectiva del cielo nocturno del \u00abfin del mundo\u00bb.<\/p>\n<p>Gabriel Willink, coordinador de Conservaci\u00f3n y Uso P\u00fablico del PN Tierra del Fuego, dijo a T\u00e9lam que esta actividad busca activar un producto tur\u00edstico \u00abaprovechando la atracci\u00f3n del anochecer en cada lugar y celebrando el aniversario de la creaci\u00f3n de los parques en el pa\u00eds\u00bb.<\/p>\n<p>\u00abLa comercializaci\u00f3n de estas salidas es realizada en conjunto con la Asociaci\u00f3n Fueguina de Agencias de Viajes y Turismo. El precio por persona es de 15 mil pesos y est\u00e1n incluidos los traslados, el ticket del tren y de ingreso al parque y por supuesto la cena\u00bb, detall\u00f3.<\/p>\n<p>El parque nacional Tierra del Fuego, creado en 1960, protege 68.909 hect\u00e1reas del extremo austral de la Cordillera de los Andes, en una franja que abarca desde la sierra de Beauvoir, al norte del lago Fagnano, hasta la costa del canal Beagle.<\/p>\n<h2 class=\"\">Parque Iber\u00e1<\/h2>\n<p>En Corrientes, las jornadas tendr\u00e1n lugar en la localidad de San Miguel, que tiene un portal de acceso a los esteros del Iber\u00e1 denominado \u00abSan Nicol\u00e1s\u00bb, el s\u00e1bado 26 y el domingo 27 de noviembre, donde adem\u00e1s el astroturismo en la zona se presenta como una tendencia novedosa que ampl\u00eda su abanico de posibilidades recreativas, con inversiones y la oportunidad de lograr una certificaci\u00f3n de car\u00e1cter internacional.<\/p>\n<p>\u00abTanto en el \u00e1rea nacional como en la provincial de los esteros se est\u00e1 llevando adelante la experiencia de avistaje de cielos limpios; es decir, sin luces artificiales, un momento de gran valor para la experiencia Iber\u00e1 que ya gener\u00f3 talleres de capacitaci\u00f3n a los gu\u00edas y que impulsa la creaci\u00f3n de infraestructura para el avistaje\u00bb, dijo a T\u00e9lam el intendente del Parque Iber\u00e1, Walter Drews.<\/p>\n<p>El funcionario explic\u00f3 que, previo a las jornadas nacionales \u00abNoches m\u00e1gicas en la tierra del yaguaret\u00e9\u00bb, en la localidad de Loreto sobre el acceso al Iber\u00e1 denominado \u00abSan Antonio\u00bb, este s\u00e1bado 12 se realizar\u00e1n pr\u00e1cticas diurnas de observaci\u00f3n del sol y una capacitaci\u00f3n sobre el manejo de Stalleryum, un software que permite simular un planetario proyectable en pantallas.<\/p>\n<p>\u00abEl concepto de cielos limpios de luces artificiales nos puede permitir obtener una certificaci\u00f3n internacional con la Fundaci\u00f3n Starlight dedicada al cuidado de ese entorno y el turismo astron\u00f3mico, que abre la noche del Iber\u00e1 como otro momento de actividades que antes estaba dedicado solo al avistaje de animales nocturnos\u00bb, destac\u00f3 Drews.<\/p>\n<figure class=\"mb-3\"><img decoding=\"async\" src=\"https:\/\/www.telam.com.ar\/thumbs\/bluesteel\/advf\/imagenes\/2022\/11\/636e8cb23df38_1200.jpg\" alt=\"Parque Nacional El Leoncito San Juan Foto Prensa\" width=\"100%\" height=\"100%\" \/><\/p>\n<div class=\"media-icons\"><\/div><figcaption>Parque Nacional El Leoncito, San Juan \/ Foto Prensa<\/figcaption><\/figure>\n<p>En su primera edici\u00f3n, en Tucum\u00e1n, la actividad se centraliz\u00f3 en el Parque Nacional Aconquija, que recientemente logr\u00f3 una ampliaci\u00f3n de su territorio por ley aprobada por la C\u00e1mara de Diputados.<\/p>\n<p>El fin de semana del 5 y 6 de noviembre, en el Circuito Sur de la provincia, \u00abel encuentro inici\u00f3 con una cena en el marco imponente que ofrece la selva; continu\u00f3 con una fogata coordinada por agentes del Parque Nacional, con el relato de mitos y leyendas a cargo de guardaparques, y finaliz\u00f3 con una actividad de astroturismo para conocer con lujo de detalles el cielo\u00bb, cont\u00f3 el presidente del Ente Tur\u00edstico Tucum\u00e1n, Sebasti\u00e1n Giobellina.<\/p>\n<p>Giobellina destac\u00f3 el trabajo realizado para \u00abanexar m\u00e1s tierras al espacio natural, lo que significa un mayor cuidado y m\u00e1s herramientas de accesibilidad para que el p\u00fablico pueda visitarlo\u00bb, y sostuvo que \u00abel Parque, como producto tur\u00edstico, requiere de la participaci\u00f3n de distintos socios estrat\u00e9gicos\u00bb.<\/p>\n<p>Andrea Castosa, encargada de Turismo en el Parque Nacional Aconquija, destac\u00f3: \u00abjunto con un grupo de 60 personas vivenciamos lo que es una noche dentro de un Parque, fue una experiencia realmente m\u00e1gica\u00bb que, a\u00f1adi\u00f3, \u00abtiene por fin transmitir a los participantes y al p\u00fablico en general, la importancia de cuidar nuestro ambiente y los espacios naturales que son importantes para las comunidades que los alojan\u00bb.<\/p>\n<p>Adem\u00e1s, acot\u00f3, \u00abnos brindan recursos naturales cuya importancia no es cuantificable; debemos ser agradecidos y comprometernos con todo lo que nos brinda la naturaleza\u00bb.<\/p>\n","protected":false},"excerpt":{"rendered":"<p>Este ciclo celebra cada fin de semana realiza campamentos, fogones y propone gastronom\u00eda regional en las selvas del Parque Nacional Aconquija -Tucum\u00e1n-, Parque Nacional El Leoncito -San Juan-, Parque Nacional Tierra del Fuego y en el correntino Esteros del Iber\u00e1.<\/p>\n","protected":false},"author":3,"featured_media":0,"comment_status":"closed","ping_status":"closed","sticky":false,"template":"","format":"standard","meta":{"footnotes":""},"categories":[46,33],"tags":[],"class_list":["post-80037","post","type-post","status-publish","format-standard","hentry","category-ciencia-y-tecnologia","category-turismo"],"yoast_head":"<!-- This site is optimized with the Yoast SEO plugin v25.9 - https:\/\/yoast.com\/wordpress\/plugins\/seo\/ -->\n<title>Invitan a disfrutar de &quot;Noches m\u00e1gicas&quot; en cuatro parques nacionales - Noticias Radio Reflejos<\/title>\n<meta name=\"robots\" content=\"index, follow, max-snippet:-1, max-image-preview:large, max-video-preview:-1\" \/>\n<link rel=\"canonical\" href=\"https:\/\/www.noticiasradioreflejos.com.ar\/2021\/invitan-a-disfrutar-de-noches-magicas-en-cuatro-parques-nacionales\/\" \/>\n<meta property=\"og:locale\" content=\"es_ES\" \/>\n<meta property=\"og:type\" content=\"article\" \/>\n<meta property=\"og:title\" content=\"Invitan a disfrutar de &quot;Noches m\u00e1gicas&quot; en cuatro parques nacionales - Noticias Radio Reflejos\" \/>\n<meta property=\"og:description\" content=\"Este ciclo celebra cada fin de semana realiza campamentos, fogones y propone gastronom\u00eda regional en las selvas del Parque Nacional Aconquija -Tucum\u00e1n-, Parque Nacional El Leoncito -San Juan-, Parque Nacional Tierra del Fuego y en el correntino Esteros del Iber\u00e1.\" \/>\n<meta property=\"og:url\" content=\"https:\/\/www.noticiasradioreflejos.com.ar\/2021\/invitan-a-disfrutar-de-noches-magicas-en-cuatro-parques-nacionales\/\" \/>\n<meta property=\"og:site_name\" content=\"Noticias Radio Reflejos\" \/>\n<meta property=\"article:published_time\" content=\"2022-11-11T22:47:19+00:00\" \/>\n<meta property=\"article:modified_time\" content=\"2022-11-14T15:04:16+00:00\" \/>\n<meta property=\"og:image\" content=\"https:\/\/www.telam.com.ar\/thumbs\/bluesteel\/advf\/imagenes\/2022\/11\/636e8cb2de9fd_1200.jpg\" \/>\n<meta name=\"author\" content=\"Arnaldo Botto\" \/>\n<meta name=\"twitter:card\" content=\"summary_large_image\" \/>\n<script type=\"application\/ld+json\" class=\"yoast-schema-graph\">{\"@context\":\"https:\/\/schema.org\",\"@graph\":[{\"@type\":\"WebPage\",\"@id\":\"https:\/\/www.noticiasradioreflejos.com.ar\/2021\/invitan-a-disfrutar-de-noches-magicas-en-cuatro-parques-nacionales\/\",\"url\":\"https:\/\/www.noticiasradioreflejos.com.ar\/2021\/invitan-a-disfrutar-de-noches-magicas-en-cuatro-parques-nacionales\/\",\"name\":\"Invitan a disfrutar de \\\"Noches m\u00e1gicas\\\" en cuatro parques nacionales - Noticias Radio Reflejos\",\"isPartOf\":{\"@id\":\"https:\/\/www.noticiasradioreflejos.com.ar\/2021\/#website\"},\"primaryImageOfPage\":{\"@id\":\"https:\/\/www.noticiasradioreflejos.com.ar\/2021\/invitan-a-disfrutar-de-noches-magicas-en-cuatro-parques-nacionales\/#primaryimage\"},\"image\":{\"@id\":\"https:\/\/www.noticiasradioreflejos.com.ar\/2021\/invitan-a-disfrutar-de-noches-magicas-en-cuatro-parques-nacionales\/#primaryimage\"},\"thumbnailUrl\":\"https:\/\/www.telam.com.ar\/thumbs\/bluesteel\/advf\/imagenes\/2022\/11\/636e8cb2de9fd_1200.jpg\",\"datePublished\":\"2022-11-11T22:47:19+00:00\",\"dateModified\":\"2022-11-14T15:04:16+00:00\",\"author\":{\"@id\":\"https:\/\/www.noticiasradioreflejos.com.ar\/2021\/#\/schema\/person\/ad82545263dcc5ec0996818884fd5fb1\"},\"breadcrumb\":{\"@id\":\"https:\/\/www.noticiasradioreflejos.com.ar\/2021\/invitan-a-disfrutar-de-noches-magicas-en-cuatro-parques-nacionales\/#breadcrumb\"},\"inLanguage\":\"es\",\"potentialAction\":[{\"@type\":\"ReadAction\",\"target\":[\"https:\/\/www.noticiasradioreflejos.com.ar\/2021\/invitan-a-disfrutar-de-noches-magicas-en-cuatro-parques-nacionales\/\"]}]},{\"@type\":\"ImageObject\",\"inLanguage\":\"es\",\"@id\":\"https:\/\/www.noticiasradioreflejos.com.ar\/2021\/invitan-a-disfrutar-de-noches-magicas-en-cuatro-parques-nacionales\/#primaryimage\",\"url\":\"https:\/\/www.telam.com.ar\/thumbs\/bluesteel\/advf\/imagenes\/2022\/11\/636e8cb2de9fd_1200.jpg\",\"contentUrl\":\"https:\/\/www.telam.com.ar\/thumbs\/bluesteel\/advf\/imagenes\/2022\/11\/636e8cb2de9fd_1200.jpg\"},{\"@type\":\"BreadcrumbList\",\"@id\":\"https:\/\/www.noticiasradioreflejos.com.ar\/2021\/invitan-a-disfrutar-de-noches-magicas-en-cuatro-parques-nacionales\/#breadcrumb\",\"itemListElement\":[{\"@type\":\"ListItem\",\"position\":1,\"name\":\"Portada\",\"item\":\"https:\/\/www.noticiasradioreflejos.com.ar\/2021\/\"},{\"@type\":\"ListItem\",\"position\":2,\"name\":\"Invitan a disfrutar de \u00abNoches m\u00e1gicas\u00bb en cuatro parques nacionales\"}]},{\"@type\":\"WebSite\",\"@id\":\"https:\/\/www.noticiasradioreflejos.com.ar\/2021\/#website\",\"url\":\"https:\/\/www.noticiasradioreflejos.com.ar\/2021\/\",\"name\":\"Noticias Radio Reflejos\",\"description\":\"Las noticias de mi comarca\",\"potentialAction\":[{\"@type\":\"SearchAction\",\"target\":{\"@type\":\"EntryPoint\",\"urlTemplate\":\"https:\/\/www.noticiasradioreflejos.com.ar\/2021\/?s={search_term_string}\"},\"query-input\":{\"@type\":\"PropertyValueSpecification\",\"valueRequired\":true,\"valueName\":\"search_term_string\"}}],\"inLanguage\":\"es\"},{\"@type\":\"Person\",\"@id\":\"https:\/\/www.noticiasradioreflejos.com.ar\/2021\/#\/schema\/person\/ad82545263dcc5ec0996818884fd5fb1\",\"name\":\"Arnaldo Botto\",\"image\":{\"@type\":\"ImageObject\",\"inLanguage\":\"es\",\"@id\":\"https:\/\/www.noticiasradioreflejos.com.ar\/2021\/#\/schema\/person\/image\/\",\"url\":\"https:\/\/secure.gravatar.com\/avatar\/55cb5e37c1efa326397366e6974cb338056df65cb50e7d64d1cf314e87504837?s=96&d=mm&r=g\",\"contentUrl\":\"https:\/\/secure.gravatar.com\/avatar\/55cb5e37c1efa326397366e6974cb338056df65cb50e7d64d1cf314e87504837?s=96&d=mm&r=g\",\"caption\":\"Arnaldo Botto\"},\"url\":\"https:\/\/www.noticiasradioreflejos.com.ar\/2021\/author\/arnaldo\/\"}]}<\/script>\n<!-- \/ Yoast SEO plugin. -->","yoast_head_json":{"title":"Invitan a disfrutar de \"Noches m\u00e1gicas\" en cuatro parques nacionales - Noticias Radio Reflejos","robots":{"index":"index","follow":"follow","max-snippet":"max-snippet:-1","max-image-preview":"max-image-preview:large","max-video-preview":"max-video-preview:-1"},"canonical":"https:\/\/www.noticiasradioreflejos.com.ar\/2021\/invitan-a-disfrutar-de-noches-magicas-en-cuatro-parques-nacionales\/","og_locale":"es_ES","og_type":"article","og_title":"Invitan a disfrutar de \"Noches m\u00e1gicas\" en cuatro parques nacionales - Noticias Radio Reflejos","og_description":"Este ciclo celebra cada fin de semana realiza campamentos, fogones y propone gastronom\u00eda regional en las selvas del Parque Nacional Aconquija -Tucum\u00e1n-, Parque Nacional El Leoncito -San Juan-, Parque Nacional Tierra del Fuego y en el correntino Esteros del Iber\u00e1.","og_url":"https:\/\/www.noticiasradioreflejos.com.ar\/2021\/invitan-a-disfrutar-de-noches-magicas-en-cuatro-parques-nacionales\/","og_site_name":"Noticias Radio Reflejos","article_published_time":"2022-11-11T22:47:19+00:00","article_modified_time":"2022-11-14T15:04:16+00:00","og_image":[{"url":"https:\/\/www.telam.com.ar\/thumbs\/bluesteel\/advf\/imagenes\/2022\/11\/636e8cb2de9fd_1200.jpg","type":"","width":"","height":""}],"author":"Arnaldo Botto","twitter_card":"summary_large_image","schema":{"@context":"https:\/\/schema.org","@graph":[{"@type":"WebPage","@id":"https:\/\/www.noticiasradioreflejos.com.ar\/2021\/invitan-a-disfrutar-de-noches-magicas-en-cuatro-parques-nacionales\/","url":"https:\/\/www.noticiasradioreflejos.com.ar\/2021\/invitan-a-disfrutar-de-noches-magicas-en-cuatro-parques-nacionales\/","name":"Invitan a disfrutar de \"Noches m\u00e1gicas\" en cuatro parques nacionales - Noticias Radio Reflejos","isPartOf":{"@id":"https:\/\/www.noticiasradioreflejos.com.ar\/2021\/#website"},"primaryImageOfPage":{"@id":"https:\/\/www.noticiasradioreflejos.com.ar\/2021\/invitan-a-disfrutar-de-noches-magicas-en-cuatro-parques-nacionales\/#primaryimage"},"image":{"@id":"https:\/\/www.noticiasradioreflejos.com.ar\/2021\/invitan-a-disfrutar-de-noches-magicas-en-cuatro-parques-nacionales\/#primaryimage"},"thumbnailUrl":"https:\/\/www.telam.com.ar\/thumbs\/bluesteel\/advf\/imagenes\/2022\/11\/636e8cb2de9fd_1200.jpg","datePublished":"2022-11-11T22:47:19+00:00","dateModified":"2022-11-14T15:04:16+00:00","author":{"@id":"https:\/\/www.noticiasradioreflejos.com.ar\/2021\/#\/schema\/person\/ad82545263dcc5ec0996818884fd5fb1"},"breadcrumb":{"@id":"https:\/\/www.noticiasradioreflejos.com.ar\/2021\/invitan-a-disfrutar-de-noches-magicas-en-cuatro-parques-nacionales\/#breadcrumb"},"inLanguage":"es","potentialAction":[{"@type":"ReadAction","target":["https:\/\/www.noticiasradioreflejos.com.ar\/2021\/invitan-a-disfrutar-de-noches-magicas-en-cuatro-parques-nacionales\/"]}]},{"@type":"ImageObject","inLanguage":"es","@id":"https:\/\/www.noticiasradioreflejos.com.ar\/2021\/invitan-a-disfrutar-de-noches-magicas-en-cuatro-parques-nacionales\/#primaryimage","url":"https:\/\/www.telam.com.ar\/thumbs\/bluesteel\/advf\/imagenes\/2022\/11\/636e8cb2de9fd_1200.jpg","contentUrl":"https:\/\/www.telam.com.ar\/thumbs\/bluesteel\/advf\/imagenes\/2022\/11\/636e8cb2de9fd_1200.jpg"},{"@type":"BreadcrumbList","@id":"https:\/\/www.noticiasradioreflejos.com.ar\/2021\/invitan-a-disfrutar-de-noches-magicas-en-cuatro-parques-nacionales\/#breadcrumb","itemListElement":[{"@type":"ListItem","position":1,"name":"Portada","item":"https:\/\/www.noticiasradioreflejos.com.ar\/2021\/"},{"@type":"ListItem","position":2,"name":"Invitan a disfrutar de \u00abNoches m\u00e1gicas\u00bb en cuatro parques nacionales"}]},{"@type":"WebSite","@id":"https:\/\/www.noticiasradioreflejos.com.ar\/2021\/#website","url":"https:\/\/www.noticiasradioreflejos.com.ar\/2021\/","name":"Noticias Radio Reflejos","description":"Las noticias de mi comarca","potentialAction":[{"@type":"SearchAction","target":{"@type":"EntryPoint","urlTemplate":"https:\/\/www.noticiasradioreflejos.com.ar\/2021\/?s={search_term_string}"},"query-input":{"@type":"PropertyValueSpecification","valueRequired":true,"valueName":"search_term_string"}}],"inLanguage":"es"},{"@type":"Person","@id":"https:\/\/www.noticiasradioreflejos.com.ar\/2021\/#\/schema\/person\/ad82545263dcc5ec0996818884fd5fb1","name":"Arnaldo Botto","image":{"@type":"ImageObject","inLanguage":"es","@id":"https:\/\/www.noticiasradioreflejos.com.ar\/2021\/#\/schema\/person\/image\/","url":"https:\/\/secure.gravatar.com\/avatar\/55cb5e37c1efa326397366e6974cb338056df65cb50e7d64d1cf314e87504837?s=96&d=mm&r=g","contentUrl":"https:\/\/secure.gravatar.com\/avatar\/55cb5e37c1efa326397366e6974cb338056df65cb50e7d64d1cf314e87504837?s=96&d=mm&r=g","caption":"Arnaldo Botto"},"url":"https:\/\/www.noticiasradioreflejos.com.ar\/2021\/author\/arnaldo\/"}]}},"_links":{"self":[{"href":"https:\/\/www.noticiasradioreflejos.com.ar\/2021\/wp-json\/wp\/v2\/posts\/80037","targetHints":{"allow":["GET"]}}],"collection":[{"href":"https:\/\/www.noticiasradioreflejos.com.ar\/2021\/wp-json\/wp\/v2\/posts"}],"about":[{"href":"https:\/\/www.noticiasradioreflejos.com.ar\/2021\/wp-json\/wp\/v2\/types\/post"}],"author":[{"embeddable":true,"href":"https:\/\/www.noticiasradioreflejos.com.ar\/2021\/wp-json\/wp\/v2\/users\/3"}],"replies":[{"embeddable":true,"href":"https:\/\/www.noticiasradioreflejos.com.ar\/2021\/wp-json\/wp\/v2\/comments?post=80037"}],"version-history":[{"count":1,"href":"https:\/\/www.noticiasradioreflejos.com.ar\/2021\/wp-json\/wp\/v2\/posts\/80037\/revisions"}],"predecessor-version":[{"id":80039,"href":"https:\/\/www.noticiasradioreflejos.com.ar\/2021\/wp-json\/wp\/v2\/posts\/80037\/revisions\/80039"}],"wp:attachment":[{"href":"https:\/\/www.noticiasradioreflejos.com.ar\/2021\/wp-json\/wp\/v2\/media?parent=80037"}],"wp:term":[{"taxonomy":"category","embeddable":true,"href":"https:\/\/www.noticiasradioreflejos.com.ar\/2021\/wp-json\/wp\/v2\/categories?post=80037"},{"taxonomy":"post_tag","embeddable":true,"href":"https:\/\/www.noticiasradioreflejos.com.ar\/2021\/wp-json\/wp\/v2\/tags?post=80037"}],"curies":[{"name":"wp","href":"https:\/\/api.w.org\/{rel}","templated":true}]}}