{"id":80031,"date":"2022-11-11T21:49:42","date_gmt":"2022-11-11T21:49:42","guid":{"rendered":"http:\/\/www.noticiasradioreflejos.com.ar\/2021\/?p=80031"},"modified":"2022-11-11T21:49:42","modified_gmt":"2022-11-11T21:49:42","slug":"argentina-firmo-el-acta-para-trabajar-por-la-candidatura-del-mundial-2030","status":"publish","type":"post","link":"https:\/\/www.noticiasradioreflejos.com.ar\/2021\/argentina-firmo-el-acta-para-trabajar-por-la-candidatura-del-mundial-2030\/","title":{"rendered":"Argentina firm\u00f3 el acta para trabajar por la candidatura del Mundial 2030"},"content":{"rendered":"<p>El ministro de Turismo y Deporte, Mat\u00edas Lammens, fue el encargado de rubricar por nuestro pa\u00eds el acta de constituci\u00f3n de la Corporaci\u00f3n Juntos 2030 para avanzar en la candidatura del Mundial de la FIFA ese a\u00f1o.<!--more--><\/p>\n<figure class=\"mb-3\"><img decoding=\"async\" src=\"https:\/\/www.telam.com.ar\/thumbs\/bluesteel\/advf\/imagenes\/2022\/11\/636ea1715bffb_1200.jpg\" alt=\"Foto Prensa\" width=\"100%\" height=\"100%\" \/><\/p>\n<div class=\"media-icons\"><\/div><figcaption>Foto: Prensa.<\/figcaption><\/figure>\n<p>El Gobierno argentino, representado por el ministro de Turismo y Deporte, Mat\u00edas Lammens, suscribi\u00f3 este viernes junto a autoridades de Uruguay, Paraguay y Chile el acta de constituci\u00f3n de la Corporaci\u00f3n Juntos 2030 para avanzar en la candidatura del Mundial de la FIFA ese a\u00f1o.<\/p>\n<p>La creaci\u00f3n del organismo se decidi\u00f3 en el Estadio Nacional de Santiago de Chile y cont\u00f3 con la presencia de las m\u00e1ximas autoridades del Deporte de los cuatro pa\u00edses y del presidente de la Asociaci\u00f3n Nacional de F\u00fatbol Profesional del pa\u00eds trasandino, Pablo Milad.<\/p>\n<blockquote class=\"\"><p>\u00abEsta es una gran oportunidad no solo para mostrar nuestros pa\u00edses al mundo, sino tambi\u00e9n para reforzar la integraci\u00f3n regional, trabajando fuertemente en la generaci\u00f3n de empleo, m\u00e1s infraestructura y conectividad\u00bb<cite class=\"author\">Mat\u00edas Lammens<\/cite><\/p><\/blockquote>\n<p>\u00abHoy es un d\u00eda importante porque\u00a0<strong>se formaliza el trabajo que venimos realizando en conjunto hace varios a\u00f1os<\/strong>, m\u00e1s all\u00e1 del gobierno de turno, demostrando la importancia que este proyecto reviste para la regi\u00f3n\u00bb, expres\u00f3 Lammens en declaraciones de prensa.<\/p>\n<p>Y, acot\u00f3: \u00abEsta es una gran oportunidad no solo para mostrar nuestros pa\u00edses al mundo, sino tambi\u00e9n para reforzar la integraci\u00f3n regional, trabajando fuertemente en la generaci\u00f3n de empleo, m\u00e1s infraestructura y conectividad\u00bb.<\/p>\n<figure class=\"mb-3\"><img decoding=\"async\" src=\"https:\/\/www.telam.com.ar\/thumbs\/bluesteel\/advf\/imagenes\/2022\/11\/636ea17144f47_1200.jpg\" alt=\"Foto Prensa\" width=\"100%\" height=\"100%\" \/><\/p>\n<div class=\"media-icons\"><\/div><figcaption>Foto: Prensa.<\/figcaption><\/figure>\n<p>\u00abSer\u00eda tambi\u00e9n un\u00a0<strong>reconocimiento a la historia del f\u00fatbol sudamericano, por su tradici\u00f3n y por la calidad de jugadores que ha aportado al f\u00fatbol a nivel mundial<\/strong>\u00ab, abund\u00f3.<\/p>\n<p>La incorporaci\u00f3n de Argentina al proyecto hab\u00eda sido autorizada el jueves por el presidente Alberto Fern\u00e1ndez mediante un decreto publicado en el Bolet\u00edn Oficial.<\/p>\n<p>Entre sus considerandos, la norma expres\u00f3 que \u00ablas presentaciones conjuntas de sedes permiten distribuir los costos y riesgos del evento entre los pa\u00edses miembros, mejorando el atractivo tur\u00edstico y deportivo de dicho acontecimiento al presentar una oferta m\u00e1s amplia que tambi\u00e9n favorece la integraci\u00f3n regional y la cooperaci\u00f3n entre naciones para futuros proyectos\u00bb.<\/p>\n<figure class=\"mb-3\"><img decoding=\"async\" src=\"https:\/\/www.telam.com.ar\/thumbs\/bluesteel\/advf\/imagenes\/2022\/11\/636ea1712a8db_1200.jpg\" alt=\"Foto Prensa\" width=\"100%\" height=\"100%\" \/><\/p>\n<div class=\"media-icons\"><\/div><figcaption>Foto: Prensa.<\/figcaption><\/figure>\n<p>Por otra parte, sostuvo que \u00ab<strong>ser pa\u00eds anfitri\u00f3n de un evento como la Copa del Mundo permite movilizar recursos p\u00fablicos y privados para la readecuaci\u00f3n de la infraestructura tur\u00edstica y deportiva, la cual trasciende el evento y se transforma en un activo en beneficio de la sociedad toda\u00bb<\/strong>.<\/p>\n<p>La idea de una candidatura conjunto para el Mundial 2030 surgi\u00f3 inicialmente de Uruguay y Argentina, que fueron los finalistas de la primera Copa de la FIFA celebrada en 1930 en Montevideo.<\/p>\n<p>En la puja por la organizaci\u00f3n de esa emblem\u00e1tica edici\u00f3n, los pa\u00edses sudamericanos deber\u00e1n competir con Espa\u00f1a y Portugal, que recientemente tambi\u00e9n manifestaron la intenci\u00f3n de sumar a Ucrania a su candidatura.<\/p>\n<p>La definici\u00f3n de la sede del Mundial 2030 se producir\u00e1 en el 74\u00b0 Congreso de la FIFA a celebrarse en 2024, dos a\u00f1os antes de la cita Estados Unidos-M\u00e9xico-Canad\u00e1 2026.<\/p>\n","protected":false},"excerpt":{"rendered":"<p>El ministro de Turismo y Deporte, Mat\u00edas Lammens, fue el encargado de rubricar por nuestro pa\u00eds el acta de constituci\u00f3n de la Corporaci\u00f3n Juntos 2030 para avanzar en la candidatura del Mundial de la FIFA ese a\u00f1o.<\/p>\n","protected":false},"author":3,"featured_media":0,"comment_status":"closed","ping_status":"closed","sticky":false,"template":"","format":"standard","meta":{"footnotes":""},"categories":[27,58],"tags":[],"class_list":["post-80031","post","type-post","status-publish","format-standard","hentry","category-deportes","category-gobierno"],"yoast_head":"<!-- This site is optimized with the Yoast SEO plugin v25.9 - https:\/\/yoast.com\/wordpress\/plugins\/seo\/ -->\n<title>Argentina firm\u00f3 el acta para trabajar por la candidatura del Mundial 2030 - Noticias Radio Reflejos<\/title>\n<meta name=\"robots\" content=\"index, follow, max-snippet:-1, max-image-preview:large, max-video-preview:-1\" \/>\n<link rel=\"canonical\" href=\"https:\/\/www.noticiasradioreflejos.com.ar\/2021\/argentina-firmo-el-acta-para-trabajar-por-la-candidatura-del-mundial-2030\/\" \/>\n<meta property=\"og:locale\" content=\"es_ES\" \/>\n<meta property=\"og:type\" content=\"article\" \/>\n<meta property=\"og:title\" content=\"Argentina firm\u00f3 el acta para trabajar por la candidatura del Mundial 2030 - Noticias Radio Reflejos\" \/>\n<meta property=\"og:description\" content=\"El ministro de Turismo y Deporte, Mat\u00edas Lammens, fue el encargado de rubricar por nuestro pa\u00eds el acta de constituci\u00f3n de la Corporaci\u00f3n Juntos 2030 para avanzar en la candidatura del Mundial de la FIFA ese a\u00f1o.\" \/>\n<meta property=\"og:url\" content=\"https:\/\/www.noticiasradioreflejos.com.ar\/2021\/argentina-firmo-el-acta-para-trabajar-por-la-candidatura-del-mundial-2030\/\" \/>\n<meta property=\"og:site_name\" content=\"Noticias Radio Reflejos\" \/>\n<meta property=\"article:published_time\" content=\"2022-11-11T21:49:42+00:00\" \/>\n<meta property=\"og:image\" content=\"https:\/\/www.telam.com.ar\/thumbs\/bluesteel\/advf\/imagenes\/2022\/11\/636ea1715bffb_1200.jpg\" \/>\n<meta name=\"author\" content=\"Arnaldo Botto\" \/>\n<meta name=\"twitter:card\" content=\"summary_large_image\" \/>\n<script type=\"application\/ld+json\" class=\"yoast-schema-graph\">{\"@context\":\"https:\/\/schema.org\",\"@graph\":[{\"@type\":\"WebPage\",\"@id\":\"https:\/\/www.noticiasradioreflejos.com.ar\/2021\/argentina-firmo-el-acta-para-trabajar-por-la-candidatura-del-mundial-2030\/\",\"url\":\"https:\/\/www.noticiasradioreflejos.com.ar\/2021\/argentina-firmo-el-acta-para-trabajar-por-la-candidatura-del-mundial-2030\/\",\"name\":\"Argentina firm\u00f3 el acta para trabajar por la candidatura del Mundial 2030 - Noticias Radio Reflejos\",\"isPartOf\":{\"@id\":\"https:\/\/www.noticiasradioreflejos.com.ar\/2021\/#website\"},\"primaryImageOfPage\":{\"@id\":\"https:\/\/www.noticiasradioreflejos.com.ar\/2021\/argentina-firmo-el-acta-para-trabajar-por-la-candidatura-del-mundial-2030\/#primaryimage\"},\"image\":{\"@id\":\"https:\/\/www.noticiasradioreflejos.com.ar\/2021\/argentina-firmo-el-acta-para-trabajar-por-la-candidatura-del-mundial-2030\/#primaryimage\"},\"thumbnailUrl\":\"https:\/\/www.telam.com.ar\/thumbs\/bluesteel\/advf\/imagenes\/2022\/11\/636ea1715bffb_1200.jpg\",\"datePublished\":\"2022-11-11T21:49:42+00:00\",\"author\":{\"@id\":\"https:\/\/www.noticiasradioreflejos.com.ar\/2021\/#\/schema\/person\/ad82545263dcc5ec0996818884fd5fb1\"},\"breadcrumb\":{\"@id\":\"https:\/\/www.noticiasradioreflejos.com.ar\/2021\/argentina-firmo-el-acta-para-trabajar-por-la-candidatura-del-mundial-2030\/#breadcrumb\"},\"inLanguage\":\"es\",\"potentialAction\":[{\"@type\":\"ReadAction\",\"target\":[\"https:\/\/www.noticiasradioreflejos.com.ar\/2021\/argentina-firmo-el-acta-para-trabajar-por-la-candidatura-del-mundial-2030\/\"]}]},{\"@type\":\"ImageObject\",\"inLanguage\":\"es\",\"@id\":\"https:\/\/www.noticiasradioreflejos.com.ar\/2021\/argentina-firmo-el-acta-para-trabajar-por-la-candidatura-del-mundial-2030\/#primaryimage\",\"url\":\"https:\/\/www.telam.com.ar\/thumbs\/bluesteel\/advf\/imagenes\/2022\/11\/636ea1715bffb_1200.jpg\",\"contentUrl\":\"https:\/\/www.telam.com.ar\/thumbs\/bluesteel\/advf\/imagenes\/2022\/11\/636ea1715bffb_1200.jpg\"},{\"@type\":\"BreadcrumbList\",\"@id\":\"https:\/\/www.noticiasradioreflejos.com.ar\/2021\/argentina-firmo-el-acta-para-trabajar-por-la-candidatura-del-mundial-2030\/#breadcrumb\",\"itemListElement\":[{\"@type\":\"ListItem\",\"position\":1,\"name\":\"Portada\",\"item\":\"https:\/\/www.noticiasradioreflejos.com.ar\/2021\/\"},{\"@type\":\"ListItem\",\"position\":2,\"name\":\"Argentina firm\u00f3 el acta para trabajar por la candidatura del Mundial 2030\"}]},{\"@type\":\"WebSite\",\"@id\":\"https:\/\/www.noticiasradioreflejos.com.ar\/2021\/#website\",\"url\":\"https:\/\/www.noticiasradioreflejos.com.ar\/2021\/\",\"name\":\"Noticias Radio Reflejos\",\"description\":\"Las noticias de mi comarca\",\"potentialAction\":[{\"@type\":\"SearchAction\",\"target\":{\"@type\":\"EntryPoint\",\"urlTemplate\":\"https:\/\/www.noticiasradioreflejos.com.ar\/2021\/?s={search_term_string}\"},\"query-input\":{\"@type\":\"PropertyValueSpecification\",\"valueRequired\":true,\"valueName\":\"search_term_string\"}}],\"inLanguage\":\"es\"},{\"@type\":\"Person\",\"@id\":\"https:\/\/www.noticiasradioreflejos.com.ar\/2021\/#\/schema\/person\/ad82545263dcc5ec0996818884fd5fb1\",\"name\":\"Arnaldo Botto\",\"image\":{\"@type\":\"ImageObject\",\"inLanguage\":\"es\",\"@id\":\"https:\/\/www.noticiasradioreflejos.com.ar\/2021\/#\/schema\/person\/image\/\",\"url\":\"https:\/\/secure.gravatar.com\/avatar\/55cb5e37c1efa326397366e6974cb338056df65cb50e7d64d1cf314e87504837?s=96&d=mm&r=g\",\"contentUrl\":\"https:\/\/secure.gravatar.com\/avatar\/55cb5e37c1efa326397366e6974cb338056df65cb50e7d64d1cf314e87504837?s=96&d=mm&r=g\",\"caption\":\"Arnaldo Botto\"},\"url\":\"https:\/\/www.noticiasradioreflejos.com.ar\/2021\/author\/arnaldo\/\"}]}<\/script>\n<!-- \/ Yoast SEO plugin. -->","yoast_head_json":{"title":"Argentina firm\u00f3 el acta para trabajar por la candidatura del Mundial 2030 - Noticias Radio Reflejos","robots":{"index":"index","follow":"follow","max-snippet":"max-snippet:-1","max-image-preview":"max-image-preview:large","max-video-preview":"max-video-preview:-1"},"canonical":"https:\/\/www.noticiasradioreflejos.com.ar\/2021\/argentina-firmo-el-acta-para-trabajar-por-la-candidatura-del-mundial-2030\/","og_locale":"es_ES","og_type":"article","og_title":"Argentina firm\u00f3 el acta para trabajar por la candidatura del Mundial 2030 - Noticias Radio Reflejos","og_description":"El ministro de Turismo y Deporte, Mat\u00edas Lammens, fue el encargado de rubricar por nuestro pa\u00eds el acta de constituci\u00f3n de la Corporaci\u00f3n Juntos 2030 para avanzar en la candidatura del Mundial de la FIFA ese a\u00f1o.","og_url":"https:\/\/www.noticiasradioreflejos.com.ar\/2021\/argentina-firmo-el-acta-para-trabajar-por-la-candidatura-del-mundial-2030\/","og_site_name":"Noticias Radio Reflejos","article_published_time":"2022-11-11T21:49:42+00:00","og_image":[{"url":"https:\/\/www.telam.com.ar\/thumbs\/bluesteel\/advf\/imagenes\/2022\/11\/636ea1715bffb_1200.jpg","type":"","width":"","height":""}],"author":"Arnaldo Botto","twitter_card":"summary_large_image","schema":{"@context":"https:\/\/schema.org","@graph":[{"@type":"WebPage","@id":"https:\/\/www.noticiasradioreflejos.com.ar\/2021\/argentina-firmo-el-acta-para-trabajar-por-la-candidatura-del-mundial-2030\/","url":"https:\/\/www.noticiasradioreflejos.com.ar\/2021\/argentina-firmo-el-acta-para-trabajar-por-la-candidatura-del-mundial-2030\/","name":"Argentina firm\u00f3 el acta para trabajar por la candidatura del Mundial 2030 - Noticias Radio Reflejos","isPartOf":{"@id":"https:\/\/www.noticiasradioreflejos.com.ar\/2021\/#website"},"primaryImageOfPage":{"@id":"https:\/\/www.noticiasradioreflejos.com.ar\/2021\/argentina-firmo-el-acta-para-trabajar-por-la-candidatura-del-mundial-2030\/#primaryimage"},"image":{"@id":"https:\/\/www.noticiasradioreflejos.com.ar\/2021\/argentina-firmo-el-acta-para-trabajar-por-la-candidatura-del-mundial-2030\/#primaryimage"},"thumbnailUrl":"https:\/\/www.telam.com.ar\/thumbs\/bluesteel\/advf\/imagenes\/2022\/11\/636ea1715bffb_1200.jpg","datePublished":"2022-11-11T21:49:42+00:00","author":{"@id":"https:\/\/www.noticiasradioreflejos.com.ar\/2021\/#\/schema\/person\/ad82545263dcc5ec0996818884fd5fb1"},"breadcrumb":{"@id":"https:\/\/www.noticiasradioreflejos.com.ar\/2021\/argentina-firmo-el-acta-para-trabajar-por-la-candidatura-del-mundial-2030\/#breadcrumb"},"inLanguage":"es","potentialAction":[{"@type":"ReadAction","target":["https:\/\/www.noticiasradioreflejos.com.ar\/2021\/argentina-firmo-el-acta-para-trabajar-por-la-candidatura-del-mundial-2030\/"]}]},{"@type":"ImageObject","inLanguage":"es","@id":"https:\/\/www.noticiasradioreflejos.com.ar\/2021\/argentina-firmo-el-acta-para-trabajar-por-la-candidatura-del-mundial-2030\/#primaryimage","url":"https:\/\/www.telam.com.ar\/thumbs\/bluesteel\/advf\/imagenes\/2022\/11\/636ea1715bffb_1200.jpg","contentUrl":"https:\/\/www.telam.com.ar\/thumbs\/bluesteel\/advf\/imagenes\/2022\/11\/636ea1715bffb_1200.jpg"},{"@type":"BreadcrumbList","@id":"https:\/\/www.noticiasradioreflejos.com.ar\/2021\/argentina-firmo-el-acta-para-trabajar-por-la-candidatura-del-mundial-2030\/#breadcrumb","itemListElement":[{"@type":"ListItem","position":1,"name":"Portada","item":"https:\/\/www.noticiasradioreflejos.com.ar\/2021\/"},{"@type":"ListItem","position":2,"name":"Argentina firm\u00f3 el acta para trabajar por la candidatura del Mundial 2030"}]},{"@type":"WebSite","@id":"https:\/\/www.noticiasradioreflejos.com.ar\/2021\/#website","url":"https:\/\/www.noticiasradioreflejos.com.ar\/2021\/","name":"Noticias Radio Reflejos","description":"Las noticias de mi comarca","potentialAction":[{"@type":"SearchAction","target":{"@type":"EntryPoint","urlTemplate":"https:\/\/www.noticiasradioreflejos.com.ar\/2021\/?s={search_term_string}"},"query-input":{"@type":"PropertyValueSpecification","valueRequired":true,"valueName":"search_term_string"}}],"inLanguage":"es"},{"@type":"Person","@id":"https:\/\/www.noticiasradioreflejos.com.ar\/2021\/#\/schema\/person\/ad82545263dcc5ec0996818884fd5fb1","name":"Arnaldo Botto","image":{"@type":"ImageObject","inLanguage":"es","@id":"https:\/\/www.noticiasradioreflejos.com.ar\/2021\/#\/schema\/person\/image\/","url":"https:\/\/secure.gravatar.com\/avatar\/55cb5e37c1efa326397366e6974cb338056df65cb50e7d64d1cf314e87504837?s=96&d=mm&r=g","contentUrl":"https:\/\/secure.gravatar.com\/avatar\/55cb5e37c1efa326397366e6974cb338056df65cb50e7d64d1cf314e87504837?s=96&d=mm&r=g","caption":"Arnaldo Botto"},"url":"https:\/\/www.noticiasradioreflejos.com.ar\/2021\/author\/arnaldo\/"}]}},"_links":{"self":[{"href":"https:\/\/www.noticiasradioreflejos.com.ar\/2021\/wp-json\/wp\/v2\/posts\/80031","targetHints":{"allow":["GET"]}}],"collection":[{"href":"https:\/\/www.noticiasradioreflejos.com.ar\/2021\/wp-json\/wp\/v2\/posts"}],"about":[{"href":"https:\/\/www.noticiasradioreflejos.com.ar\/2021\/wp-json\/wp\/v2\/types\/post"}],"author":[{"embeddable":true,"href":"https:\/\/www.noticiasradioreflejos.com.ar\/2021\/wp-json\/wp\/v2\/users\/3"}],"replies":[{"embeddable":true,"href":"https:\/\/www.noticiasradioreflejos.com.ar\/2021\/wp-json\/wp\/v2\/comments?post=80031"}],"version-history":[{"count":1,"href":"https:\/\/www.noticiasradioreflejos.com.ar\/2021\/wp-json\/wp\/v2\/posts\/80031\/revisions"}],"predecessor-version":[{"id":80033,"href":"https:\/\/www.noticiasradioreflejos.com.ar\/2021\/wp-json\/wp\/v2\/posts\/80031\/revisions\/80033"}],"wp:attachment":[{"href":"https:\/\/www.noticiasradioreflejos.com.ar\/2021\/wp-json\/wp\/v2\/media?parent=80031"}],"wp:term":[{"taxonomy":"category","embeddable":true,"href":"https:\/\/www.noticiasradioreflejos.com.ar\/2021\/wp-json\/wp\/v2\/categories?post=80031"},{"taxonomy":"post_tag","embeddable":true,"href":"https:\/\/www.noticiasradioreflejos.com.ar\/2021\/wp-json\/wp\/v2\/tags?post=80031"}],"curies":[{"name":"wp","href":"https:\/\/api.w.org\/{rel}","templated":true}]}}