{"id":80028,"date":"2022-11-11T21:45:25","date_gmt":"2022-11-11T21:45:25","guid":{"rendered":"http:\/\/www.noticiasradioreflejos.com.ar\/2021\/?p=80028"},"modified":"2022-11-11T21:45:25","modified_gmt":"2022-11-11T21:45:25","slug":"el-gobierno-lanzo-el-programa-precios-justos-con-mas-de-1-700-productos-congelados-hasta-marzo","status":"publish","type":"post","link":"https:\/\/www.noticiasradioreflejos.com.ar\/2021\/el-gobierno-lanzo-el-programa-precios-justos-con-mas-de-1-700-productos-congelados-hasta-marzo\/","title":{"rendered":"El Gobierno lanz\u00f3 el programa Precios Justos, con m\u00e1s de 1.700 productos congelados hasta marzo"},"content":{"rendered":"<p>El acuerdo abarca a 100 empresas que representan el 86% del consumo masivo en el pa\u00eds y tiene como objetivo \u00ablograr la estabilidad de los precios de productos esenciales que consumen los hogares argentinos\u00bb entre diciembre y marzo.<!--more--><\/p>\n<div class=\"video_repositive\">\n<div id=\"Nm7OG1ZBgUU\" class=\"video_telam\">\n<div class=\"feature_article_inner\">\n<div class=\"feature_article_title\">\n<h2 class=\"text-center\">El Gobierno lanz\u00f3 el programa Precios Justos<\/h2>\n<p><iframe loading=\"lazy\" width=\"1110\" height=\"624\" src=\"https:\/\/www.youtube.com\/embed\/Nm7OG1ZBgUU\" title=\"El Gobierno lanz\u00f3 el programa Precios Justos\" frameborder=\"0\" allow=\"accelerometer; autoplay; clipboard-write; encrypted-media; gyroscope; picture-in-picture\" allowfullscreen><\/iframe><\/p>\n<\/div>\n<p>El ministro de Econom\u00eca, Sergio Massa, lanz\u00f3 este viernes el programa Precios Justos, que\u00a0<strong>congelar\u00e1 los valores de los productos por cuatro meses (entre diciembre y marzo)<\/strong>\u00a0e incluye un total de 1.788 art\u00edculos de la canasta b\u00e1sica, con la participaci\u00f3n de 102 empresas en 2.500 puntos de venta de todo el pa\u00eds.<\/p>\n<p>\u00abEl acuerdo de\u00a0<a href=\"https:\/\/www.boletinoficial.gob.ar\/detalleAviso\/primera\/275546\/20221111\" target=\"_blank\" rel=\"noopener\">Precios Justos<\/a>\u00a0resuelve uno de los problemas de la inflaci\u00f3n; pero debemos seguir trabajando en el sendero de la pol\u00edtica fiscal y la acumulaci\u00f3n de reservas\u00bb, se\u00f1al\u00f3 Massa durante la presentaci\u00f3n de Precios Justos en el Centro Cultural Kirchner (CCK).<\/p>\n<div class=\"jumbotron pt-4 mt-3\">\n<h3 class=\"module-title\">EL OBJETIVO: DESACELERAR LA INFLACI\u00d3N, SEG\u00daN RUBINSTEIN<\/h3>\n<p>El secretario de Programaci\u00f3n Econ\u00f3mica, Gabriel Rubinstein, destac\u00f3 que el programa Precios Justos es una \u00abmuy buena herramienta\u00bb que intentar\u00e1 \u00abdesacelerar la inercia inflacionaria hacia el 4% mensual en meses venideros\u00bb.<\/p>\n<p>\u00abEse 4%, o 60% anual, es el que proyectamos e incluimos en el Presupuesto 2023\u00bb, cifra \u00abbien compatible con los fundamentos &#8216;macro&#8217; (fiscales, monetarios, entre otros)\u00bb, enfatiz\u00f3 Rubinstein en una publicaci\u00f3n en la red social Twitter.<\/p>\n<p>De todas formas, el funcionario aclar\u00f3 que \u00abPrecios Justos es s\u00f3lo un paso [&#8230;] una pieza, pero bien importante del andamiaje que nos posibilitar\u00e1 mejoras ulteriores, en pos de un orden fiscal cada vez m\u00e1s profundo, y una inflaci\u00f3n cada vez m\u00e1s baja\u00bb, concluy\u00f3.<\/p>\n<\/div>\n<p>En el cierre del acto, Massa agradeci\u00f3 el \u00abtrabajo coordinado\u00bb junto a las m\u00e1s de 100 empresas que participaron del acuerdo y sugiri\u00f3 a quienes a\u00fan dudan de sumarse que lo hagan porque \u00abvan a perder mercado\u00bb.<\/p>\n<p><strong>Las empresas que adhirieron al programa no podr\u00e1n aumentar los precios de los productos que est\u00e1n por fuera del programa\u00a0<\/strong>m\u00e1s de 4%, precis\u00f3 el ministro de Econom\u00eda.<\/p>\n<figure class=\"mb-3\"><img decoding=\"async\" src=\"https:\/\/www.telam.com.ar\/thumbs\/bluesteel\/advf\/imagenes\/2022\/11\/636e7b7063ba4_1200.jpg\" alt=\" Foto Victoria Egurza\" width=\"100%\" height=\"100%\" \/><\/p>\n<div class=\"media-icons\"><\/div><figcaption>\/ Foto Victoria Egurza<\/figcaption><\/figure>\n<p>\u00abTenemos el compromiso de estas compa\u00f1\u00edas de que en el resto de los 30.000 productos no pueden aumentar mas del 4%\u00bb, afirm\u00f3.<\/p>\n<p>En cuanto al mecanismo de aplicaci\u00f3n, record\u00f3 a los empresarios que tendr\u00e1n la libertad de \u00abdenunciarnos si como Gobierno no honramos nuestro compromiso, al igual que lo har\u00e1n los ciudadanos con las empresas que incumplan lo acordado\u00bb.<\/p>\n<p><strong>\u00abM\u00e1s de 1.700 productos deber\u00e1n valer lo mismo en los pr\u00f3ximos cuatro meses; esperamos que la semana que viene estemos hablando de m\u00e1s de 2.000 productos\u00bb<\/strong>, indic\u00f3 el titular del Palacio de Hacienda.<\/p>\n<p>En cuanto a la relaci\u00f3n de los fabricantes con las cadenas de supermercados, inst\u00f3 a que las grandes bocas de venta \u00abrechacen las listas de precios que no respeten el acuerdo\u00bb que se extender\u00e1 por cuatro meses, entre diciembre y marzo del a\u00f1o que viene.<\/p>\n<figure class=\"mb-3\"><img decoding=\"async\" src=\"https:\/\/www.telam.com.ar\/thumbs\/bluesteel\/advf\/imagenes\/editadas\/636e843568aab_1200.jpg\" alt=\"Telam SE\" width=\"100%\" height=\"100%\" \/><\/p>\n<div class=\"media-icons\"><\/div><figcaption><\/figcaption><\/figure>\n<p>El ministro tambi\u00e9n adelant\u00f3 que \u00abfinalizada esta etapa, la semana que viene empezaremos a trabajar un acuerdo de insumos difundidos\u00bb.<\/p>\n<p><strong>\u00abAc\u00e1 el esfuerzo m\u00e1s grande lo hacen millones de argentinos y argentinas que nos acompa\u00f1an en un plan que impulsamos con convicci\u00f3n\u00bb<\/strong>, concluy\u00f3.<\/p>\n<p>El secretario de Comercio, Mat\u00edas Tombolini, detall\u00f3 que 102 empresas han manifestado su adhesi\u00f3n hasta el momento y anticip\u00f3 que ser\u00e1n 114 al cierre de hoy y 125 para la semana que viene.<\/p>\n<p>\u00abHay 1.788 productos que forman parte de la canasta de Precios Justos que van a tener el mismo precio hasta febrero\u00bb, precis\u00f3 el funcionario, en referencia al grupo de productos que se mantendr\u00e1 sin modificaciones en sus valores.<\/p>\n<figure class=\"mb-3\"><img decoding=\"async\" src=\"https:\/\/www.telam.com.ar\/thumbs\/bluesteel\/advf\/imagenes\/2022\/11\/636e7b708a536_1200.jpg\" alt=\" Foto Victoria Egurza\" width=\"100%\" height=\"100%\" \/><\/p>\n<div class=\"media-icons\"><\/div><figcaption>\/ Foto Victoria Egurza<\/figcaption><\/figure>\n<p>Tombolini asegur\u00f3 que el programa permitir\u00e1 \u00abgarantizar el orden en los precios, previsibilidad y alivio en la mesa de los argentinos, abastecimiento, cuidar los d\u00f3lares y evitar los abusos\u00bb.<\/p>\n<p><strong>\u00abLa\u00a0<a href=\"https:\/\/www.argentina.gob.ar\/economia\/comercio\/preciosjustos\" target=\"_blank\" rel=\"noopener\">aplicaci\u00f3n que ya se puede bajar en los celulares<\/a>\u00a0no solamente permitir\u00e1 conocer los precios sino que cuando no se cumple, se dispara un proceso de fiscalizaci\u00f3n\u00bb<\/strong>, subray\u00f3.<\/p>\n<p>En este sentido, destac\u00f3 el rol que tendr\u00e1n los intendentes, a quienes se les transfiri\u00f3 la potestad de \u00abfiscalizar este acuerdo a lo largo y a lo ancho de la Argentina\u00bb.<\/p>\n<figure class=\"mb-3\"><img decoding=\"async\" src=\"https:\/\/www.telam.com.ar\/thumbs\/bluesteel\/advf\/imagenes\/2019\/01\/5c3e35f715660_1200.jpg\" alt=\" Foto Archivo\" width=\"100%\" height=\"100%\" \/><\/p>\n<div class=\"media-icons\"><\/div><figcaption>\/ Foto Archivo<\/figcaption><\/figure>\n<p>Entre otros empresarios, participaron del acto el titular de la Uni\u00f3n Industrial Argentina (UIA) y la Coordinadora de las Industrias de Productos Alimenticios (Copal), Daniel Funes de Rioja; Alfredo Coto (Supermercados Coto), Mart\u00edn Cabrales (Caf\u00e9 Cabrales), Agust\u00edn Torres Campell (Molinos), Walter L\u00f3pez (Queruclor), Francisco de Narv\u00e1ez (Chango M\u00e1s), V\u00edctor Fera (Maxiconsumo) y Lucas Menoyo.<\/p>\n<p>Entre los intendentes, asistieron Jorge Ferraresi (Avellaneda), Mayra Mendoza (Quilmes), Andr\u00e9s Watson (Florencio Varela), Federico Ach\u00e1val (Pilar), y Mariel Fern\u00e1ndez (Moreno), Alberto Descalzo (Ituzaing\u00f3) y Juan Andreotti (San Fernando).<\/p>\n<p>El sindicalismo estuvo representado por el titular de la Confederaci\u00f3n General del Trabajo (CGT), H\u00e9ctor Daer; el secretario general del Sindicato de Industrias de la Alimentaci\u00f3n, H\u00e9ctor Morcillo; el presidente de Osecac, Carlos P\u00e8rez; y el secretario general adjunto del sindicato de Camioneros, Pablo Moyano.<br \/>\n<a title=\"View Precios Justos on Scribd\" href=\"https:\/\/www.scribd.com\/document\/606675151\/Precios-Justos#from_embed\">Precios Justos<\/a>\u00a0by\u00a0<a title=\"View T\u00e9lam's profile on Scribd\" href=\"https:\/\/es.scribd.com\/user\/276843644\/Telam#from_embed\">T\u00e9lam<\/a>\u00a0on Scribd<\/p>\n<p><iframe loading=\"lazy\" id=\"doc_11683\" class=\"scribd_iframe_embed\" title=\"Precios Justos\" src=\"https:\/\/es.scribd.com\/embeds\/606675151\/content?start_page=1&amp;view_mode=scroll&amp;access_key=key-nPmeAueEnqbzTFSlhsv9\" width=\"100%\" height=\"600\" frameborder=\"0\" scrolling=\"no\" data-auto-height=\"true\" data-aspect-ratio=\"1.7790927021696252\" data-mce-fragment=\"1\"><\/iframe><\/p>\n<div class=\"jumbotron pt-4 mt-3\">\n<h3 class=\"module-title\">DETALLES DEL PROGRAMA<\/h3>\n<p><strong>\u00bfQu\u00e9 es Precios Justos?<\/strong><br \/>\n<strong>Precios Justos\u00a0<\/strong>es un\u00a0<strong>acuerdo voluntario por 120 d\u00edas\u00a0<\/strong>entre el Estado Nacional, las empresas proveedoras de bienes de consumo masivo y los supermercados para mantener con precios constantes m\u00e1s de 1500 productos de los rubros alimentos, bebidas, l\u00e1cteos, higiene personal y limpieza.<\/p>\n<p><strong>\u00bfC\u00f3mo se llevar\u00e1 a cabo?<\/strong><br \/>\nEl acuerdo consta de\u00a0<strong>dos ejes<\/strong>: Por un lado, los productos que se mantendr\u00e1n con precios fijos ingresan en el programa a un precio hasta un 4% superior al promedio registrado durante el mes de octubre de 2022 y se mantendr\u00e1n estables los pr\u00f3ximos 120 d\u00edas.<\/p>\n<p>Por otro lado, el resto de los productos que comercializan las empresas que se suman al programa tendr\u00e1n una pauta de aumento mensual de hasta el 4% para los mismos 120 d\u00edas en el precio de venta a los supermercados y mayoristas.<\/p>\n<p>A su vez, el Estado otorga garant\u00eda y certidumbre en el proceso de importaci\u00f3n de bienes intermedios, bienes terminados que son parte de la cadena de valor e insumos para las empresas que se comprometen en este acuerdo de precios.<\/p>\n<p><strong>\u00bfCu\u00e1l es el objetivo de la medida?<\/strong><br \/>\nEl\u00a0<strong>objetivo\u00a0<\/strong>de la medida es lograr la estabilidad de los precios de productos esenciales que consumen los hogares argentinos por un per\u00edodo de tiempo determinado.<\/p>\n<p><strong>\u00bfCu\u00e1nto tiempo durar\u00e1 la medida?<\/strong><br \/>\nSer\u00e1 por 120 d\u00edas a partir de la firma de los convenios.<\/p>\n<p><strong>\u00bfQu\u00e9 empresas participan del acuerdo?<\/strong><br \/>\nAlrededor de 100 empresas que representan el 86% del consumo masivo en Argentina. Algunas de las que participan son Molinos, Coca Cola, Unilever, Quilmes, Mastellone, AGD, Ledesma y Las Mar\u00edas, entre otras. Adem\u00e1s, los supermercados podr\u00e1n abastecer con productos de marcas propias.<\/p>\n<p><strong>\u00bfCu\u00e1ntos productos tiene Precios Justos y qu\u00e9 rubros abarca?<\/strong><br \/>\nContiene m\u00e1s de<strong>\u00a01500 productos a precio fijo<\/strong>\u00a0de almac\u00e9n, l\u00e1cteos, limpieza, perfumer\u00eda, cuidado e higiene personal, art\u00edculos para beb\u00e9s, productos frescos y bebidas.<\/p>\n<p><strong>\u00bfEn qu\u00e9 tipo de comercios se puede encontrar Precios Justos?<\/strong><br \/>\nLas y los consumidores podr\u00e1n encontrar los productos del programa en las g\u00f3ndolas de supermercados minoristas y mayoristas.<\/p>\n<p><strong>\u00bfC\u00f3mo identifico los productos en el supermercado?<\/strong><br \/>\nLa Secretar\u00eda de Comercio confeccion\u00f3 una\u00a0<strong>se\u00f1al\u00e9tica espec\u00edfica de Precios Justos<\/strong>\u00a0para que los supermercados indiquen de forma clara y precisa cu\u00e1les son los productos alcanzados por la medida. La misma estar\u00e1 visible en las g\u00f3ndolas de los supermercados.<\/p>\n<p><strong>\u00bfD\u00f3nde se pueden consultar los productos, precios y comercios adheridos?<\/strong><br \/>\nEn la\u00a0<u><strong><a href=\"http:\/\/https\/\/www.argentina.gob.ar\/preciosjustos\/\" target=\"_blank\" rel=\"noopener\">p\u00e1gina oficial de programa<\/a><\/strong><\/u>.<\/p>\n<p>Adem\u00e1s, la Secretar\u00eda pone a disposici\u00f3n otros canales. En la\u00a0<strong>aplicaci\u00f3n Precios Justos\u00a0<\/strong>(disponible en Android e IOS) las y los consumidores podr\u00e1n realizar un seguimiento de los productos. La app permite:<\/p>\n<p>1)\u00a0<strong>Escanear\u00a0<\/strong>el c\u00f3digo de barras de un producto y saber si est\u00e1 dentro del acuerdo.<\/p>\n<p>2)\u00a0<strong>Conocer\u00a0<\/strong>el listado de productos con Precios Justos.<\/p>\n<p>3)\u00a0<strong>Denunciar\u00a0<\/strong>el incumplimiento del programa.<\/p>\n<p><strong>\u00bfHay otro canal de consulta?<\/strong><br \/>\nEl programa tambi\u00e9n cuenta con\u00a0<strong>dos chatbots<\/strong>, uno para consultas sobre el canal minorista (<strong>+54 9 11 2879-0887<\/strong>) y otro para consultas sobre el canal mayorista (<strong>+54 9 1125244728<\/strong>).<\/p>\n<p>El chatbot con informaci\u00f3n del canal minorista est\u00e1 pensado para las y los consumidores y el chatbot con informaci\u00f3n del canal mayorista est\u00e1 pensado para los peque\u00f1os comerciantes (almacenes, autoservicios, etc).<\/p>\n<p><strong>\u00bfQu\u00e9 pasar\u00e1 con Precios Cuidados?<\/strong><br \/>\nA partir de la firma de estos acuerdos, Precios Justos absorbe los productos incluidos en Precios Cuidados.<\/p>\n<p><strong>\u00bfEs un congelamiento de precios?<\/strong><br \/>\nSe trata de un acuerdo voluntario entre el Estado, empresas de consumo masivo, c\u00e1maras mayoristas y supermercados.<\/p>\n<p><strong>\u00bfEl programa se va a aplicar en todo el pa\u00eds?<\/strong><br \/>\nS\u00ed, se aplicar\u00e1 en todo el territorio nacional<\/p>\n<p><strong>FISCALIZACI\u00d3N Y VERIFICACI\u00d3N DEL CUMPLIMIENTO<\/strong><br \/>\n<strong>\u00bfC\u00f3mo ser\u00e1 el sistema de verificaci\u00f3n?<\/strong><br \/>\nEn el marco de los operativos de fiscalizaci\u00f3n para corroborar el cumplimiento de los acuerdos nacionales, la Secretar\u00eda de Comercio\u00a0<strong>firmar\u00e1 convenios con intendentes e intendentas para fortalecer\u00a0<\/strong>los monitoreos<strong>.\u00a0\u00a0<\/strong>De esta manera, se ampl\u00eda la dotaci\u00f3n de fiscalizadores en todo el pa\u00eds.<\/p>\n<p>La Secretar\u00eda dar\u00e1 a las intendencias las pautas t\u00e9cnicas y las capacitaciones necesarias para la realizaci\u00f3n de las inspecciones y luego el proceso de sanci\u00f3n se realizar\u00e1 a trav\u00e9s de los mecanismos habituales que lleva adelante la Subsecretar\u00eda de Acciones para la Defensa de las y los Consumidores.<\/p>\n<p>Estos acuerdos se replicar\u00e1n con distintos municipios de todo el pa\u00eds para reforzar el car\u00e1cter federal de la medida.\u00a0 A su vez, la Secretar\u00eda de Comercio transferir\u00e1 a la autoridad local correspondiente el 25% de lo recaudado por multas realizadas en cada distrito<strong>.<\/strong><\/p>\n<p>Adem\u00e1s, a los efectos de garantizar el cumplimiento de la pauta de precios acordada, la Secretar\u00eda de Comercio continuar\u00e1 monitoreando de manera diaria la variaci\u00f3n de precios a trav\u00e9s del Sistema Electr\u00f3nico de Publicidad de Precios Argentinos (SEPA).<\/p>\n<\/div>\n","protected":false},"excerpt":{"rendered":"<p>El acuerdo abarca a 100 empresas que representan el 86% del consumo masivo en el pa\u00eds y tiene como objetivo \u00ablograr la estabilidad de los precios de productos esenciales que consumen los hogares argentinos\u00bb entre diciembre y marzo.<\/p>\n","protected":false},"author":3,"featured_media":0,"comment_status":"closed","ping_status":"closed","sticky":false,"template":"","format":"standard","meta":{"footnotes":""},"categories":[36,58],"tags":[],"class_list":["post-80028","post","type-post","status-publish","format-standard","hentry","category-economia","category-gobierno"],"yoast_head":"<!-- This site is optimized with the Yoast SEO plugin v25.9 - https:\/\/yoast.com\/wordpress\/plugins\/seo\/ -->\n<title>El Gobierno lanz\u00f3 el programa Precios Justos, con m\u00e1s de 1.700 productos congelados hasta marzo - Noticias Radio Reflejos<\/title>\n<meta name=\"robots\" content=\"index, follow, max-snippet:-1, max-image-preview:large, max-video-preview:-1\" \/>\n<link rel=\"canonical\" href=\"https:\/\/www.noticiasradioreflejos.com.ar\/2021\/el-gobierno-lanzo-el-programa-precios-justos-con-mas-de-1-700-productos-congelados-hasta-marzo\/\" \/>\n<meta property=\"og:locale\" content=\"es_ES\" \/>\n<meta property=\"og:type\" content=\"article\" \/>\n<meta property=\"og:title\" content=\"El Gobierno lanz\u00f3 el programa Precios Justos, con m\u00e1s de 1.700 productos congelados hasta marzo - Noticias Radio Reflejos\" \/>\n<meta property=\"og:description\" content=\"El acuerdo abarca a 100 empresas que representan el 86% del consumo masivo en el pa\u00eds y tiene como objetivo \u00ablograr la estabilidad de los precios de productos esenciales que consumen los hogares argentinos\u00bb entre diciembre y marzo.\" \/>\n<meta property=\"og:url\" content=\"https:\/\/www.noticiasradioreflejos.com.ar\/2021\/el-gobierno-lanzo-el-programa-precios-justos-con-mas-de-1-700-productos-congelados-hasta-marzo\/\" \/>\n<meta property=\"og:site_name\" content=\"Noticias Radio Reflejos\" \/>\n<meta property=\"article:published_time\" content=\"2022-11-11T21:45:25+00:00\" \/>\n<meta property=\"og:image\" content=\"https:\/\/www.telam.com.ar\/thumbs\/bluesteel\/advf\/imagenes\/2022\/11\/636e7b7063ba4_1200.jpg\" \/>\n<meta name=\"author\" content=\"Arnaldo Botto\" \/>\n<meta name=\"twitter:card\" content=\"summary_large_image\" \/>\n<script type=\"application\/ld+json\" class=\"yoast-schema-graph\">{\"@context\":\"https:\/\/schema.org\",\"@graph\":[{\"@type\":\"WebPage\",\"@id\":\"https:\/\/www.noticiasradioreflejos.com.ar\/2021\/el-gobierno-lanzo-el-programa-precios-justos-con-mas-de-1-700-productos-congelados-hasta-marzo\/\",\"url\":\"https:\/\/www.noticiasradioreflejos.com.ar\/2021\/el-gobierno-lanzo-el-programa-precios-justos-con-mas-de-1-700-productos-congelados-hasta-marzo\/\",\"name\":\"El Gobierno lanz\u00f3 el programa Precios Justos, con m\u00e1s de 1.700 productos congelados hasta marzo - Noticias Radio Reflejos\",\"isPartOf\":{\"@id\":\"https:\/\/www.noticiasradioreflejos.com.ar\/2021\/#website\"},\"primaryImageOfPage\":{\"@id\":\"https:\/\/www.noticiasradioreflejos.com.ar\/2021\/el-gobierno-lanzo-el-programa-precios-justos-con-mas-de-1-700-productos-congelados-hasta-marzo\/#primaryimage\"},\"image\":{\"@id\":\"https:\/\/www.noticiasradioreflejos.com.ar\/2021\/el-gobierno-lanzo-el-programa-precios-justos-con-mas-de-1-700-productos-congelados-hasta-marzo\/#primaryimage\"},\"thumbnailUrl\":\"https:\/\/www.telam.com.ar\/thumbs\/bluesteel\/advf\/imagenes\/2022\/11\/636e7b7063ba4_1200.jpg\",\"datePublished\":\"2022-11-11T21:45:25+00:00\",\"author\":{\"@id\":\"https:\/\/www.noticiasradioreflejos.com.ar\/2021\/#\/schema\/person\/ad82545263dcc5ec0996818884fd5fb1\"},\"breadcrumb\":{\"@id\":\"https:\/\/www.noticiasradioreflejos.com.ar\/2021\/el-gobierno-lanzo-el-programa-precios-justos-con-mas-de-1-700-productos-congelados-hasta-marzo\/#breadcrumb\"},\"inLanguage\":\"es\",\"potentialAction\":[{\"@type\":\"ReadAction\",\"target\":[\"https:\/\/www.noticiasradioreflejos.com.ar\/2021\/el-gobierno-lanzo-el-programa-precios-justos-con-mas-de-1-700-productos-congelados-hasta-marzo\/\"]}]},{\"@type\":\"ImageObject\",\"inLanguage\":\"es\",\"@id\":\"https:\/\/www.noticiasradioreflejos.com.ar\/2021\/el-gobierno-lanzo-el-programa-precios-justos-con-mas-de-1-700-productos-congelados-hasta-marzo\/#primaryimage\",\"url\":\"https:\/\/www.telam.com.ar\/thumbs\/bluesteel\/advf\/imagenes\/2022\/11\/636e7b7063ba4_1200.jpg\",\"contentUrl\":\"https:\/\/www.telam.com.ar\/thumbs\/bluesteel\/advf\/imagenes\/2022\/11\/636e7b7063ba4_1200.jpg\"},{\"@type\":\"BreadcrumbList\",\"@id\":\"https:\/\/www.noticiasradioreflejos.com.ar\/2021\/el-gobierno-lanzo-el-programa-precios-justos-con-mas-de-1-700-productos-congelados-hasta-marzo\/#breadcrumb\",\"itemListElement\":[{\"@type\":\"ListItem\",\"position\":1,\"name\":\"Portada\",\"item\":\"https:\/\/www.noticiasradioreflejos.com.ar\/2021\/\"},{\"@type\":\"ListItem\",\"position\":2,\"name\":\"El Gobierno lanz\u00f3 el programa Precios Justos, con m\u00e1s de 1.700 productos congelados hasta marzo\"}]},{\"@type\":\"WebSite\",\"@id\":\"https:\/\/www.noticiasradioreflejos.com.ar\/2021\/#website\",\"url\":\"https:\/\/www.noticiasradioreflejos.com.ar\/2021\/\",\"name\":\"Noticias Radio Reflejos\",\"description\":\"Las noticias de mi comarca\",\"potentialAction\":[{\"@type\":\"SearchAction\",\"target\":{\"@type\":\"EntryPoint\",\"urlTemplate\":\"https:\/\/www.noticiasradioreflejos.com.ar\/2021\/?s={search_term_string}\"},\"query-input\":{\"@type\":\"PropertyValueSpecification\",\"valueRequired\":true,\"valueName\":\"search_term_string\"}}],\"inLanguage\":\"es\"},{\"@type\":\"Person\",\"@id\":\"https:\/\/www.noticiasradioreflejos.com.ar\/2021\/#\/schema\/person\/ad82545263dcc5ec0996818884fd5fb1\",\"name\":\"Arnaldo Botto\",\"image\":{\"@type\":\"ImageObject\",\"inLanguage\":\"es\",\"@id\":\"https:\/\/www.noticiasradioreflejos.com.ar\/2021\/#\/schema\/person\/image\/\",\"url\":\"https:\/\/secure.gravatar.com\/avatar\/55cb5e37c1efa326397366e6974cb338056df65cb50e7d64d1cf314e87504837?s=96&d=mm&r=g\",\"contentUrl\":\"https:\/\/secure.gravatar.com\/avatar\/55cb5e37c1efa326397366e6974cb338056df65cb50e7d64d1cf314e87504837?s=96&d=mm&r=g\",\"caption\":\"Arnaldo Botto\"},\"url\":\"https:\/\/www.noticiasradioreflejos.com.ar\/2021\/author\/arnaldo\/\"}]}<\/script>\n<!-- \/ Yoast SEO plugin. -->","yoast_head_json":{"title":"El Gobierno lanz\u00f3 el programa Precios Justos, con m\u00e1s de 1.700 productos congelados hasta marzo - Noticias Radio Reflejos","robots":{"index":"index","follow":"follow","max-snippet":"max-snippet:-1","max-image-preview":"max-image-preview:large","max-video-preview":"max-video-preview:-1"},"canonical":"https:\/\/www.noticiasradioreflejos.com.ar\/2021\/el-gobierno-lanzo-el-programa-precios-justos-con-mas-de-1-700-productos-congelados-hasta-marzo\/","og_locale":"es_ES","og_type":"article","og_title":"El Gobierno lanz\u00f3 el programa Precios Justos, con m\u00e1s de 1.700 productos congelados hasta marzo - Noticias Radio Reflejos","og_description":"El acuerdo abarca a 100 empresas que representan el 86% del consumo masivo en el pa\u00eds y tiene como objetivo \u00ablograr la estabilidad de los precios de productos esenciales que consumen los hogares argentinos\u00bb entre diciembre y marzo.","og_url":"https:\/\/www.noticiasradioreflejos.com.ar\/2021\/el-gobierno-lanzo-el-programa-precios-justos-con-mas-de-1-700-productos-congelados-hasta-marzo\/","og_site_name":"Noticias Radio Reflejos","article_published_time":"2022-11-11T21:45:25+00:00","og_image":[{"url":"https:\/\/www.telam.com.ar\/thumbs\/bluesteel\/advf\/imagenes\/2022\/11\/636e7b7063ba4_1200.jpg","type":"","width":"","height":""}],"author":"Arnaldo Botto","twitter_card":"summary_large_image","schema":{"@context":"https:\/\/schema.org","@graph":[{"@type":"WebPage","@id":"https:\/\/www.noticiasradioreflejos.com.ar\/2021\/el-gobierno-lanzo-el-programa-precios-justos-con-mas-de-1-700-productos-congelados-hasta-marzo\/","url":"https:\/\/www.noticiasradioreflejos.com.ar\/2021\/el-gobierno-lanzo-el-programa-precios-justos-con-mas-de-1-700-productos-congelados-hasta-marzo\/","name":"El Gobierno lanz\u00f3 el programa Precios Justos, con m\u00e1s de 1.700 productos congelados hasta marzo - Noticias Radio Reflejos","isPartOf":{"@id":"https:\/\/www.noticiasradioreflejos.com.ar\/2021\/#website"},"primaryImageOfPage":{"@id":"https:\/\/www.noticiasradioreflejos.com.ar\/2021\/el-gobierno-lanzo-el-programa-precios-justos-con-mas-de-1-700-productos-congelados-hasta-marzo\/#primaryimage"},"image":{"@id":"https:\/\/www.noticiasradioreflejos.com.ar\/2021\/el-gobierno-lanzo-el-programa-precios-justos-con-mas-de-1-700-productos-congelados-hasta-marzo\/#primaryimage"},"thumbnailUrl":"https:\/\/www.telam.com.ar\/thumbs\/bluesteel\/advf\/imagenes\/2022\/11\/636e7b7063ba4_1200.jpg","datePublished":"2022-11-11T21:45:25+00:00","author":{"@id":"https:\/\/www.noticiasradioreflejos.com.ar\/2021\/#\/schema\/person\/ad82545263dcc5ec0996818884fd5fb1"},"breadcrumb":{"@id":"https:\/\/www.noticiasradioreflejos.com.ar\/2021\/el-gobierno-lanzo-el-programa-precios-justos-con-mas-de-1-700-productos-congelados-hasta-marzo\/#breadcrumb"},"inLanguage":"es","potentialAction":[{"@type":"ReadAction","target":["https:\/\/www.noticiasradioreflejos.com.ar\/2021\/el-gobierno-lanzo-el-programa-precios-justos-con-mas-de-1-700-productos-congelados-hasta-marzo\/"]}]},{"@type":"ImageObject","inLanguage":"es","@id":"https:\/\/www.noticiasradioreflejos.com.ar\/2021\/el-gobierno-lanzo-el-programa-precios-justos-con-mas-de-1-700-productos-congelados-hasta-marzo\/#primaryimage","url":"https:\/\/www.telam.com.ar\/thumbs\/bluesteel\/advf\/imagenes\/2022\/11\/636e7b7063ba4_1200.jpg","contentUrl":"https:\/\/www.telam.com.ar\/thumbs\/bluesteel\/advf\/imagenes\/2022\/11\/636e7b7063ba4_1200.jpg"},{"@type":"BreadcrumbList","@id":"https:\/\/www.noticiasradioreflejos.com.ar\/2021\/el-gobierno-lanzo-el-programa-precios-justos-con-mas-de-1-700-productos-congelados-hasta-marzo\/#breadcrumb","itemListElement":[{"@type":"ListItem","position":1,"name":"Portada","item":"https:\/\/www.noticiasradioreflejos.com.ar\/2021\/"},{"@type":"ListItem","position":2,"name":"El Gobierno lanz\u00f3 el programa Precios Justos, con m\u00e1s de 1.700 productos congelados hasta marzo"}]},{"@type":"WebSite","@id":"https:\/\/www.noticiasradioreflejos.com.ar\/2021\/#website","url":"https:\/\/www.noticiasradioreflejos.com.ar\/2021\/","name":"Noticias Radio Reflejos","description":"Las noticias de mi comarca","potentialAction":[{"@type":"SearchAction","target":{"@type":"EntryPoint","urlTemplate":"https:\/\/www.noticiasradioreflejos.com.ar\/2021\/?s={search_term_string}"},"query-input":{"@type":"PropertyValueSpecification","valueRequired":true,"valueName":"search_term_string"}}],"inLanguage":"es"},{"@type":"Person","@id":"https:\/\/www.noticiasradioreflejos.com.ar\/2021\/#\/schema\/person\/ad82545263dcc5ec0996818884fd5fb1","name":"Arnaldo Botto","image":{"@type":"ImageObject","inLanguage":"es","@id":"https:\/\/www.noticiasradioreflejos.com.ar\/2021\/#\/schema\/person\/image\/","url":"https:\/\/secure.gravatar.com\/avatar\/55cb5e37c1efa326397366e6974cb338056df65cb50e7d64d1cf314e87504837?s=96&d=mm&r=g","contentUrl":"https:\/\/secure.gravatar.com\/avatar\/55cb5e37c1efa326397366e6974cb338056df65cb50e7d64d1cf314e87504837?s=96&d=mm&r=g","caption":"Arnaldo Botto"},"url":"https:\/\/www.noticiasradioreflejos.com.ar\/2021\/author\/arnaldo\/"}]}},"_links":{"self":[{"href":"https:\/\/www.noticiasradioreflejos.com.ar\/2021\/wp-json\/wp\/v2\/posts\/80028","targetHints":{"allow":["GET"]}}],"collection":[{"href":"https:\/\/www.noticiasradioreflejos.com.ar\/2021\/wp-json\/wp\/v2\/posts"}],"about":[{"href":"https:\/\/www.noticiasradioreflejos.com.ar\/2021\/wp-json\/wp\/v2\/types\/post"}],"author":[{"embeddable":true,"href":"https:\/\/www.noticiasradioreflejos.com.ar\/2021\/wp-json\/wp\/v2\/users\/3"}],"replies":[{"embeddable":true,"href":"https:\/\/www.noticiasradioreflejos.com.ar\/2021\/wp-json\/wp\/v2\/comments?post=80028"}],"version-history":[{"count":1,"href":"https:\/\/www.noticiasradioreflejos.com.ar\/2021\/wp-json\/wp\/v2\/posts\/80028\/revisions"}],"predecessor-version":[{"id":80030,"href":"https:\/\/www.noticiasradioreflejos.com.ar\/2021\/wp-json\/wp\/v2\/posts\/80028\/revisions\/80030"}],"wp:attachment":[{"href":"https:\/\/www.noticiasradioreflejos.com.ar\/2021\/wp-json\/wp\/v2\/media?parent=80028"}],"wp:term":[{"taxonomy":"category","embeddable":true,"href":"https:\/\/www.noticiasradioreflejos.com.ar\/2021\/wp-json\/wp\/v2\/categories?post=80028"},{"taxonomy":"post_tag","embeddable":true,"href":"https:\/\/www.noticiasradioreflejos.com.ar\/2021\/wp-json\/wp\/v2\/tags?post=80028"}],"curies":[{"name":"wp","href":"https:\/\/api.w.org\/{rel}","templated":true}]}}