{"id":80026,"date":"2022-11-11T18:33:30","date_gmt":"2022-11-11T18:33:30","guid":{"rendered":"http:\/\/www.noticiasradioreflejos.com.ar\/2021\/?p=80026"},"modified":"2022-11-11T18:33:30","modified_gmt":"2022-11-11T18:33:30","slug":"siete-provincias-con-alertas-naranjas-y-amarillas-por-lluvias-y-tormentas-severas","status":"publish","type":"post","link":"https:\/\/www.noticiasradioreflejos.com.ar\/2021\/siete-provincias-con-alertas-naranjas-y-amarillas-por-lluvias-y-tormentas-severas\/","title":{"rendered":"Siete provincias con alertas naranjas y amarillas por lluvias y tormentas severas"},"content":{"rendered":"<p>En C\u00f3rdoba y San Luis se esperan r\u00e1fagas intensas y fuerte actividad el\u00e9ctrica, mientras que en Buenos Aires, La Pampa, La Rioja, Mendoza y San Juan pronostican un temporal.<!--more--><\/p>\n<figure class=\"mb-3\"><img decoding=\"async\" src=\"https:\/\/www.telam.com.ar\/thumbs\/bluesteel\/advf\/imagenes\/2021\/10\/6165bb4e21830_1200.jpg\" alt=\"Se espera actividad elctrica en dos provincias Foto Archivo\" width=\"100%\" height=\"100%\" \/><\/p>\n<div class=\"media-icons\"><\/div><figcaption>Se espera actividad el\u00e9ctrica en dos provincias. Foto: Archivo.<\/figcaption><\/figure>\n<p>El Servicio Meteorol\u00f3gico Nacional (SMN) emiti\u00f3 alertas naranjas por tormentas severas con r\u00e1fagas intensas y fuerte actividad el\u00e9ctrica para sectores de C\u00f3rdoba y San Luis, mientras que tambi\u00e9n rigen alertas amarillas por tormentas para las provincias de Buenos Aires, La Pampa, La Rioja, Mendoza, San Juan y otras por lluvias para Buenos Aires y La Pampa.<\/p>\n<p>Seg\u00fan el reporte del organismo, se pronostic\u00f3 una alerta naranja para C\u00f3rdoba en las localidades de Ju\u00e1rez Celman; la zona baja de R\u00edo Cuarto; y las zonas serranas de los departamentos de Cruz del Eje, Minas, Pocho, San Alberto y San Javier.<\/p>\n<p><strong>El nivel naranja se extiende hasta el noreste de San Luis en las zonas bajas de Chacabuco, Jun\u00edn y Libertador General San Mart\u00edn<\/strong>, mientras que el resto de la provincia se encuentra bajo alerta amarilla por tormentas de menor intensidad.<\/p>\n<blockquote class=\"\"><p>El nivel amarillo significa posibles fen\u00f3menos meteorol\u00f3gicos con capacidad de da\u00f1o y riesgo de interrupci\u00f3n moment\u00e1nea de actividades cotidianas<\/p><\/blockquote>\n<p>El \u00e1rea con alerta naranja ser\u00e1 afectada por lluvias y tormentas algunas localmente fuertes o severas, que estar\u00e1n acompa\u00f1adas de \u00abintensas r\u00e1fagas, ca\u00edda de granizo, fuerte actividad el\u00e9ctrica y abundante ca\u00edda de agua en cortos per\u00edodos\u00bb, advirti\u00f3 el SMN.<\/p>\n<p><strong>\u00abSe esperan valores de precipitaci\u00f3n acumulada entre 40 y 60 mm, pudiendo ser superados de forma localizada\u00bb, indicaron.<\/strong><\/p>\n<p>Como recomendaciones para el nivel naranja, que implica \u00abfen\u00f3menos meteorol\u00f3gicos peligrosos para la sociedad\u00bb, el SMN pidi\u00f3 permanecer en construcciones cerradas como casas, escuelas o edificios; mantenerse alejado de artefactos el\u00e9ctricos y evitar el uso de tel\u00e9fonos con cable.<\/p>\n<p>Tambi\u00e9n sugiri\u00f3 que, en caso de estar viajando, quedarse en el interior del veh\u00edculo; evitar circular por calles inundadas o afectadas y, si hay riesgo de que el agua ingrese en el hogar, cortar el suministro el\u00e9ctrico.<\/p>\n<p>El organismo nacional tambi\u00e9n emiti\u00f3 alertas amarillas por tormentas para el oeste y sur de la provincia de Buenos Aires, el este de La Pampa y la casi totalidad de C\u00f3rdoba.<\/p>\n<p>La advertencia tambi\u00e9n rige para el sur de La Rioja en las localidades de General Juan Facundo Quiroga, General San Mart\u00edn y Rosario Vera Pe\u00f1aloza, Chamical, General Belgrano y General Ocampo; el sur de San Juan en los departamentos de 25 de Mayo, Angaco, Caucete, San Mart\u00edn y Valle F\u00e9rtil; y el noreste de Mendoza en Las Heras, La Paz, Lavalle, San Mart\u00edn y Santa Rosa.<\/p>\n<figure class=\"mb-3\"><img decoding=\"async\" src=\"https:\/\/www.telam.com.ar\/thumbs\/bluesteel\/advf\/imagenes\/2020\/12\/5fd5f3363d691_1200.jpg\" alt=\"Pronostican temporal para algunas provincias Foto Archivo\" width=\"100%\" height=\"100%\" \/><\/p>\n<div class=\"media-icons\"><\/div><figcaption>Pronostican temporal para algunas provincias. Foto: Archivo.<\/figcaption><\/figure>\n<p>Las provincias tendr\u00e1n tormentas, algunas localmente fuertes, acompa\u00f1adas de r\u00e1fagas, \u00abocasional ca\u00edda de granizo, fuerte actividad el\u00e9ctrica y abundante ca\u00edda de agua en cortos per\u00edodos\u00bb, indic\u00f3 el SMN.<\/p>\n<p>\u00abPara estas zonas se esperan valores de precipitaci\u00f3n acumulada entre 20 y 40 mm, pudiendo ser superados de forma local\u00bb, precis\u00f3 el organismo nacional.<\/p>\n<p>Asimismo, el SMN emiti\u00f3 otra alerta amarilla por lluvias para el sur de la provincia de Buenos Aires en la costa de Bah\u00eda Blanca, la costa de Coronel Dorrego, la costa de Coronel de Marina Leonardo Rosales, la Costa de Villarino, Monte Hermoso, el oeste de Patagones, Pu\u00e1n y las zonas bajas de Coronel Pringles, Coronel Su\u00e1rez, Saavedra y Tornquist.<\/p>\n<blockquote class=\"\"><p>El organismo nacional emiti\u00f3 alertas amarillas por tormentas para el oeste y sur de la provincia de Buenos Aires, el este de La Pampa y la casi totalidad de C\u00f3rdoba<\/p><\/blockquote>\n<p><strong>El nivel amarillo tambi\u00e9n alcanza al sureste de La Pampa en las localidades de Caleu Caleu y Hucal, donde se prev\u00e9n lluvias y chaparrones de variada intensidad, pudiendo ser algunos localmente fuertes.<\/strong><\/p>\n<p>Para estos lugares se esperan valores de precipitaci\u00f3n acumulada entre 40 y 70 mm, pudiendo ser superados en forma puntual, por lo que el SMN recomend\u00f3 no realizar actividades al aire libre, no saques la basura, y retirar objetos que impidan que el agua escurra.<\/p>\n<p>Tambi\u00e9n pidi\u00f3 quedarse lejos de zonas costeras y ribere\u00f1as, y mantenerse informado por las autoridades.<\/p>\n<p>El nivel amarillo significa \u00abposibles fen\u00f3menos meteorol\u00f3gicos con capacidad de da\u00f1o y riesgo de interrupci\u00f3n moment\u00e1nea de actividades cotidianas\u00bb, agreg\u00f3 el SMN.<\/p>\n","protected":false},"excerpt":{"rendered":"<p>En C\u00f3rdoba y San Luis se esperan r\u00e1fagas intensas y fuerte actividad el\u00e9ctrica, mientras que en Buenos Aires, La Pampa, La Rioja, Mendoza y San Juan pronostican un temporal.<\/p>\n","protected":false},"author":3,"featured_media":70997,"comment_status":"closed","ping_status":"closed","sticky":false,"template":"","format":"standard","meta":{"footnotes":""},"categories":[46],"tags":[48],"class_list":["post-80026","post","type-post","status-publish","format-standard","has-post-thumbnail","hentry","category-ciencia-y-tecnologia","tag-destacada"],"yoast_head":"<!-- This site is optimized with the Yoast SEO plugin v25.9 - https:\/\/yoast.com\/wordpress\/plugins\/seo\/ -->\n<title>Siete provincias con alertas naranjas y amarillas por lluvias y tormentas severas - Noticias Radio Reflejos<\/title>\n<meta name=\"robots\" content=\"index, follow, max-snippet:-1, max-image-preview:large, max-video-preview:-1\" \/>\n<link rel=\"canonical\" href=\"https:\/\/www.noticiasradioreflejos.com.ar\/2021\/siete-provincias-con-alertas-naranjas-y-amarillas-por-lluvias-y-tormentas-severas\/\" \/>\n<meta property=\"og:locale\" content=\"es_ES\" \/>\n<meta property=\"og:type\" content=\"article\" \/>\n<meta property=\"og:title\" content=\"Siete provincias con alertas naranjas y amarillas por lluvias y tormentas severas - Noticias Radio Reflejos\" \/>\n<meta property=\"og:description\" content=\"En C\u00f3rdoba y San Luis se esperan r\u00e1fagas intensas y fuerte actividad el\u00e9ctrica, mientras que en Buenos Aires, La Pampa, La Rioja, Mendoza y San Juan pronostican un temporal.\" \/>\n<meta property=\"og:url\" content=\"https:\/\/www.noticiasradioreflejos.com.ar\/2021\/siete-provincias-con-alertas-naranjas-y-amarillas-por-lluvias-y-tormentas-severas\/\" \/>\n<meta property=\"og:site_name\" content=\"Noticias Radio Reflejos\" \/>\n<meta property=\"article:published_time\" content=\"2022-11-11T18:33:30+00:00\" \/>\n<meta property=\"og:image\" content=\"https:\/\/www.noticiasradioreflejos.com.ar\/2021\/wp-content\/uploads\/2022\/04\/Tormenta-frio.jpg\" \/>\n\t<meta property=\"og:image:width\" content=\"2048\" \/>\n\t<meta property=\"og:image:height\" content=\"959\" \/>\n\t<meta property=\"og:image:type\" content=\"image\/jpeg\" \/>\n<meta name=\"author\" content=\"Arnaldo Botto\" \/>\n<meta name=\"twitter:card\" content=\"summary_large_image\" \/>\n<script type=\"application\/ld+json\" class=\"yoast-schema-graph\">{\"@context\":\"https:\/\/schema.org\",\"@graph\":[{\"@type\":\"WebPage\",\"@id\":\"https:\/\/www.noticiasradioreflejos.com.ar\/2021\/siete-provincias-con-alertas-naranjas-y-amarillas-por-lluvias-y-tormentas-severas\/\",\"url\":\"https:\/\/www.noticiasradioreflejos.com.ar\/2021\/siete-provincias-con-alertas-naranjas-y-amarillas-por-lluvias-y-tormentas-severas\/\",\"name\":\"Siete provincias con alertas naranjas y amarillas por lluvias y tormentas severas - Noticias Radio Reflejos\",\"isPartOf\":{\"@id\":\"https:\/\/www.noticiasradioreflejos.com.ar\/2021\/#website\"},\"primaryImageOfPage\":{\"@id\":\"https:\/\/www.noticiasradioreflejos.com.ar\/2021\/siete-provincias-con-alertas-naranjas-y-amarillas-por-lluvias-y-tormentas-severas\/#primaryimage\"},\"image\":{\"@id\":\"https:\/\/www.noticiasradioreflejos.com.ar\/2021\/siete-provincias-con-alertas-naranjas-y-amarillas-por-lluvias-y-tormentas-severas\/#primaryimage\"},\"thumbnailUrl\":\"https:\/\/www.noticiasradioreflejos.com.ar\/2021\/wp-content\/uploads\/2022\/04\/Tormenta-frio.jpg\",\"datePublished\":\"2022-11-11T18:33:30+00:00\",\"author\":{\"@id\":\"https:\/\/www.noticiasradioreflejos.com.ar\/2021\/#\/schema\/person\/ad82545263dcc5ec0996818884fd5fb1\"},\"breadcrumb\":{\"@id\":\"https:\/\/www.noticiasradioreflejos.com.ar\/2021\/siete-provincias-con-alertas-naranjas-y-amarillas-por-lluvias-y-tormentas-severas\/#breadcrumb\"},\"inLanguage\":\"es\",\"potentialAction\":[{\"@type\":\"ReadAction\",\"target\":[\"https:\/\/www.noticiasradioreflejos.com.ar\/2021\/siete-provincias-con-alertas-naranjas-y-amarillas-por-lluvias-y-tormentas-severas\/\"]}]},{\"@type\":\"ImageObject\",\"inLanguage\":\"es\",\"@id\":\"https:\/\/www.noticiasradioreflejos.com.ar\/2021\/siete-provincias-con-alertas-naranjas-y-amarillas-por-lluvias-y-tormentas-severas\/#primaryimage\",\"url\":\"https:\/\/www.noticiasradioreflejos.com.ar\/2021\/wp-content\/uploads\/2022\/04\/Tormenta-frio.jpg\",\"contentUrl\":\"https:\/\/www.noticiasradioreflejos.com.ar\/2021\/wp-content\/uploads\/2022\/04\/Tormenta-frio.jpg\",\"width\":2048,\"height\":959},{\"@type\":\"BreadcrumbList\",\"@id\":\"https:\/\/www.noticiasradioreflejos.com.ar\/2021\/siete-provincias-con-alertas-naranjas-y-amarillas-por-lluvias-y-tormentas-severas\/#breadcrumb\",\"itemListElement\":[{\"@type\":\"ListItem\",\"position\":1,\"name\":\"Portada\",\"item\":\"https:\/\/www.noticiasradioreflejos.com.ar\/2021\/\"},{\"@type\":\"ListItem\",\"position\":2,\"name\":\"Siete provincias con alertas naranjas y amarillas por lluvias y tormentas severas\"}]},{\"@type\":\"WebSite\",\"@id\":\"https:\/\/www.noticiasradioreflejos.com.ar\/2021\/#website\",\"url\":\"https:\/\/www.noticiasradioreflejos.com.ar\/2021\/\",\"name\":\"Noticias Radio Reflejos\",\"description\":\"Las noticias de mi comarca\",\"potentialAction\":[{\"@type\":\"SearchAction\",\"target\":{\"@type\":\"EntryPoint\",\"urlTemplate\":\"https:\/\/www.noticiasradioreflejos.com.ar\/2021\/?s={search_term_string}\"},\"query-input\":{\"@type\":\"PropertyValueSpecification\",\"valueRequired\":true,\"valueName\":\"search_term_string\"}}],\"inLanguage\":\"es\"},{\"@type\":\"Person\",\"@id\":\"https:\/\/www.noticiasradioreflejos.com.ar\/2021\/#\/schema\/person\/ad82545263dcc5ec0996818884fd5fb1\",\"name\":\"Arnaldo Botto\",\"image\":{\"@type\":\"ImageObject\",\"inLanguage\":\"es\",\"@id\":\"https:\/\/www.noticiasradioreflejos.com.ar\/2021\/#\/schema\/person\/image\/\",\"url\":\"https:\/\/secure.gravatar.com\/avatar\/55cb5e37c1efa326397366e6974cb338056df65cb50e7d64d1cf314e87504837?s=96&d=mm&r=g\",\"contentUrl\":\"https:\/\/secure.gravatar.com\/avatar\/55cb5e37c1efa326397366e6974cb338056df65cb50e7d64d1cf314e87504837?s=96&d=mm&r=g\",\"caption\":\"Arnaldo Botto\"},\"url\":\"https:\/\/www.noticiasradioreflejos.com.ar\/2021\/author\/arnaldo\/\"}]}<\/script>\n<!-- \/ Yoast SEO plugin. -->","yoast_head_json":{"title":"Siete provincias con alertas naranjas y amarillas por lluvias y tormentas severas - Noticias Radio Reflejos","robots":{"index":"index","follow":"follow","max-snippet":"max-snippet:-1","max-image-preview":"max-image-preview:large","max-video-preview":"max-video-preview:-1"},"canonical":"https:\/\/www.noticiasradioreflejos.com.ar\/2021\/siete-provincias-con-alertas-naranjas-y-amarillas-por-lluvias-y-tormentas-severas\/","og_locale":"es_ES","og_type":"article","og_title":"Siete provincias con alertas naranjas y amarillas por lluvias y tormentas severas - Noticias Radio Reflejos","og_description":"En C\u00f3rdoba y San Luis se esperan r\u00e1fagas intensas y fuerte actividad el\u00e9ctrica, mientras que en Buenos Aires, La Pampa, La Rioja, Mendoza y San Juan pronostican un temporal.","og_url":"https:\/\/www.noticiasradioreflejos.com.ar\/2021\/siete-provincias-con-alertas-naranjas-y-amarillas-por-lluvias-y-tormentas-severas\/","og_site_name":"Noticias Radio Reflejos","article_published_time":"2022-11-11T18:33:30+00:00","og_image":[{"width":2048,"height":959,"url":"https:\/\/www.noticiasradioreflejos.com.ar\/2021\/wp-content\/uploads\/2022\/04\/Tormenta-frio.jpg","type":"image\/jpeg"}],"author":"Arnaldo Botto","twitter_card":"summary_large_image","schema":{"@context":"https:\/\/schema.org","@graph":[{"@type":"WebPage","@id":"https:\/\/www.noticiasradioreflejos.com.ar\/2021\/siete-provincias-con-alertas-naranjas-y-amarillas-por-lluvias-y-tormentas-severas\/","url":"https:\/\/www.noticiasradioreflejos.com.ar\/2021\/siete-provincias-con-alertas-naranjas-y-amarillas-por-lluvias-y-tormentas-severas\/","name":"Siete provincias con alertas naranjas y amarillas por lluvias y tormentas severas - Noticias Radio Reflejos","isPartOf":{"@id":"https:\/\/www.noticiasradioreflejos.com.ar\/2021\/#website"},"primaryImageOfPage":{"@id":"https:\/\/www.noticiasradioreflejos.com.ar\/2021\/siete-provincias-con-alertas-naranjas-y-amarillas-por-lluvias-y-tormentas-severas\/#primaryimage"},"image":{"@id":"https:\/\/www.noticiasradioreflejos.com.ar\/2021\/siete-provincias-con-alertas-naranjas-y-amarillas-por-lluvias-y-tormentas-severas\/#primaryimage"},"thumbnailUrl":"https:\/\/www.noticiasradioreflejos.com.ar\/2021\/wp-content\/uploads\/2022\/04\/Tormenta-frio.jpg","datePublished":"2022-11-11T18:33:30+00:00","author":{"@id":"https:\/\/www.noticiasradioreflejos.com.ar\/2021\/#\/schema\/person\/ad82545263dcc5ec0996818884fd5fb1"},"breadcrumb":{"@id":"https:\/\/www.noticiasradioreflejos.com.ar\/2021\/siete-provincias-con-alertas-naranjas-y-amarillas-por-lluvias-y-tormentas-severas\/#breadcrumb"},"inLanguage":"es","potentialAction":[{"@type":"ReadAction","target":["https:\/\/www.noticiasradioreflejos.com.ar\/2021\/siete-provincias-con-alertas-naranjas-y-amarillas-por-lluvias-y-tormentas-severas\/"]}]},{"@type":"ImageObject","inLanguage":"es","@id":"https:\/\/www.noticiasradioreflejos.com.ar\/2021\/siete-provincias-con-alertas-naranjas-y-amarillas-por-lluvias-y-tormentas-severas\/#primaryimage","url":"https:\/\/www.noticiasradioreflejos.com.ar\/2021\/wp-content\/uploads\/2022\/04\/Tormenta-frio.jpg","contentUrl":"https:\/\/www.noticiasradioreflejos.com.ar\/2021\/wp-content\/uploads\/2022\/04\/Tormenta-frio.jpg","width":2048,"height":959},{"@type":"BreadcrumbList","@id":"https:\/\/www.noticiasradioreflejos.com.ar\/2021\/siete-provincias-con-alertas-naranjas-y-amarillas-por-lluvias-y-tormentas-severas\/#breadcrumb","itemListElement":[{"@type":"ListItem","position":1,"name":"Portada","item":"https:\/\/www.noticiasradioreflejos.com.ar\/2021\/"},{"@type":"ListItem","position":2,"name":"Siete provincias con alertas naranjas y amarillas por lluvias y tormentas severas"}]},{"@type":"WebSite","@id":"https:\/\/www.noticiasradioreflejos.com.ar\/2021\/#website","url":"https:\/\/www.noticiasradioreflejos.com.ar\/2021\/","name":"Noticias Radio Reflejos","description":"Las noticias de mi comarca","potentialAction":[{"@type":"SearchAction","target":{"@type":"EntryPoint","urlTemplate":"https:\/\/www.noticiasradioreflejos.com.ar\/2021\/?s={search_term_string}"},"query-input":{"@type":"PropertyValueSpecification","valueRequired":true,"valueName":"search_term_string"}}],"inLanguage":"es"},{"@type":"Person","@id":"https:\/\/www.noticiasradioreflejos.com.ar\/2021\/#\/schema\/person\/ad82545263dcc5ec0996818884fd5fb1","name":"Arnaldo Botto","image":{"@type":"ImageObject","inLanguage":"es","@id":"https:\/\/www.noticiasradioreflejos.com.ar\/2021\/#\/schema\/person\/image\/","url":"https:\/\/secure.gravatar.com\/avatar\/55cb5e37c1efa326397366e6974cb338056df65cb50e7d64d1cf314e87504837?s=96&d=mm&r=g","contentUrl":"https:\/\/secure.gravatar.com\/avatar\/55cb5e37c1efa326397366e6974cb338056df65cb50e7d64d1cf314e87504837?s=96&d=mm&r=g","caption":"Arnaldo Botto"},"url":"https:\/\/www.noticiasradioreflejos.com.ar\/2021\/author\/arnaldo\/"}]}},"_links":{"self":[{"href":"https:\/\/www.noticiasradioreflejos.com.ar\/2021\/wp-json\/wp\/v2\/posts\/80026","targetHints":{"allow":["GET"]}}],"collection":[{"href":"https:\/\/www.noticiasradioreflejos.com.ar\/2021\/wp-json\/wp\/v2\/posts"}],"about":[{"href":"https:\/\/www.noticiasradioreflejos.com.ar\/2021\/wp-json\/wp\/v2\/types\/post"}],"author":[{"embeddable":true,"href":"https:\/\/www.noticiasradioreflejos.com.ar\/2021\/wp-json\/wp\/v2\/users\/3"}],"replies":[{"embeddable":true,"href":"https:\/\/www.noticiasradioreflejos.com.ar\/2021\/wp-json\/wp\/v2\/comments?post=80026"}],"version-history":[{"count":1,"href":"https:\/\/www.noticiasradioreflejos.com.ar\/2021\/wp-json\/wp\/v2\/posts\/80026\/revisions"}],"predecessor-version":[{"id":80027,"href":"https:\/\/www.noticiasradioreflejos.com.ar\/2021\/wp-json\/wp\/v2\/posts\/80026\/revisions\/80027"}],"wp:featuredmedia":[{"embeddable":true,"href":"https:\/\/www.noticiasradioreflejos.com.ar\/2021\/wp-json\/wp\/v2\/media\/70997"}],"wp:attachment":[{"href":"https:\/\/www.noticiasradioreflejos.com.ar\/2021\/wp-json\/wp\/v2\/media?parent=80026"}],"wp:term":[{"taxonomy":"category","embeddable":true,"href":"https:\/\/www.noticiasradioreflejos.com.ar\/2021\/wp-json\/wp\/v2\/categories?post=80026"},{"taxonomy":"post_tag","embeddable":true,"href":"https:\/\/www.noticiasradioreflejos.com.ar\/2021\/wp-json\/wp\/v2\/tags?post=80026"}],"curies":[{"name":"wp","href":"https:\/\/api.w.org\/{rel}","templated":true}]}}