{"id":80022,"date":"2022-11-11T17:17:14","date_gmt":"2022-11-11T17:17:14","guid":{"rendered":"http:\/\/www.noticiasradioreflejos.com.ar\/2021\/?p=80022"},"modified":"2022-11-11T17:17:14","modified_gmt":"2022-11-11T17:17:14","slug":"el-municipio-continua-con-la-puesta-en-valor-de-las-plazas-del-distrito","status":"publish","type":"post","link":"https:\/\/www.noticiasradioreflejos.com.ar\/2021\/el-municipio-continua-con-la-puesta-en-valor-de-las-plazas-del-distrito\/","title":{"rendered":"El municipio contin\u00faa con la puesta en valor de las plazas del distrito"},"content":{"rendered":"<p>Tornquist Municipio concreta la puesta en valor, embellecimiento, mantenimiento y forestaci\u00f3n de diferentes plazas del distrito.<!--more--><\/p>\n<p><a data-flickr-embed=\"true\" href=\"https:\/\/www.flickr.com\/photos\/182279889@N02\/52492956094\/in\/dateposted-public\/\" title=\"Juegos plaza Tqt (2)\"><img loading=\"lazy\" decoding=\"async\" src=\"https:\/\/live.staticflickr.com\/65535\/52492956094_9600087207_z.jpg\" width=\"640\" height=\"427\" alt=\"Juegos plaza Tqt (2)\"><\/a><script async src=\"\/\/embedr.flickr.com\/assets\/client-code.js\" charset=\"utf-8\"><\/script><\/p>\n<p>En la localidad cabecera, llev\u00f3 adelante la renovaci\u00f3n de los juegos y mobiliario de la Plaza de los Pueblos Originarios, ubicada en Av. Alem y Filiberto.<\/p>\n<p>All\u00ed, en el marco del proyecto de Educaci\u00f3n Ambiental desarrollado entre el municipio, el Jard\u00edn de Infantes N\u00b0 907 y Envi\u00f3n, con el apoyo de la Cooperativa El\u00e9ctrica Limitada de Tornquist (CELT), la entidad que apadrina el espacio, fueron instalados un sube y baja; una bater\u00eda de juegos compuesta por torres\/mangrullos, hamacas, tobog\u00e1n, escaleras, pasamanos, argollas, trapecio y puentes; y tres bancos.<\/p>\n<p>En el lugar, las tareas continuar\u00e1n en el transcurso de la semana pr\u00f3xima con la forestaci\u00f3n, con la participaci\u00f3n de la comunidad educativa del jard\u00edn. <\/p>\n<p><a data-flickr-embed=\"true\" href=\"https:\/\/www.flickr.com\/photos\/182279889@N02\/52493139955\/in\/dateposted-public\/\" title=\"Juegos plaza Tqt (5)\"><img loading=\"lazy\" decoding=\"async\" src=\"https:\/\/live.staticflickr.com\/65535\/52493139955_5563003f72_z.jpg\" width=\"640\" height=\"426\" alt=\"Juegos plaza Tqt (5)\"><\/a><script async src=\"\/\/embedr.flickr.com\/assets\/client-code.js\" charset=\"utf-8\"><\/script><\/p>\n<p>El espacio fue visitado este viernes por el intendente Sergio Bordoni; el presidente del Consejo de Administraci\u00f3n de la CELT, Alberto Rubio; el Secretario de Gobierno y Seguridad, Ezequiel Gabella; la Subsecretaria de Medio Ambiente, Melisa Herrada; la Subsecretaria de Juventudes, Pol\u00edticas de G\u00e9nero y Diversidades, Daniela Aguilar; y el Subsecretario de Servicios Especiales Urbanos, Walter M\u00e9ndez.<\/p>\n<p>En tanto, en la Plaza Salerno de Villa Ventana, se coloc\u00f3 una bater\u00eda de juegos de las mismas caracter\u00edsticas que la de Tornquist y de las que, meses atr\u00e1s, fueron emplazadas en el Parque Lineal y en la Plaza \u2018Eva Per\u00f3n\u2019 de Sierra de la Ventana.<\/p>\n<p><a data-flickr-embed=\"true\" href=\"https:\/\/www.flickr.com\/photos\/182279889@N02\/52492955154\/in\/dateposted-public\/\" title=\"Juegos plaza Tqt (7)\"><img loading=\"lazy\" decoding=\"async\" src=\"https:\/\/live.staticflickr.com\/65535\/52492955154_e98a93e010_z.jpg\" width=\"640\" height=\"427\" alt=\"Juegos plaza Tqt (7)\"><\/a><script async src=\"\/\/embedr.flickr.com\/assets\/client-code.js\" charset=\"utf-8\"><\/script><\/p>\n<p>Se trata de estructuras realizadas en madera pl\u00e1stica, libres de mantenimiento y con el aprovechamiento de elementos reciclables. Este tipo de material no absorbe humedad y no se astilla, lo que hace seguros a los juegos para ni\u00f1os de todas las edades.<\/p>\n<p>El plan de renovaci\u00f3n continuar\u00e1 en m\u00e1s plazas de la localidad cabecera.<\/p>\n","protected":false},"excerpt":{"rendered":"<p>Tornquist Municipio concreta la puesta en valor, embellecimiento, mantenimiento y forestaci\u00f3n de diferentes plazas del distrito.<\/p>\n","protected":false},"author":3,"featured_media":0,"comment_status":"closed","ping_status":"closed","sticky":false,"template":"","format":"standard","meta":{"footnotes":""},"categories":[28],"tags":[],"class_list":["post-80022","post","type-post","status-publish","format-standard","hentry","category-municipales"],"yoast_head":"<!-- This site is optimized with the Yoast SEO plugin v25.9 - https:\/\/yoast.com\/wordpress\/plugins\/seo\/ -->\n<title>El municipio contin\u00faa con la puesta en valor de las plazas del distrito - Noticias Radio Reflejos<\/title>\n<meta name=\"robots\" content=\"index, follow, max-snippet:-1, max-image-preview:large, max-video-preview:-1\" \/>\n<link rel=\"canonical\" href=\"https:\/\/www.noticiasradioreflejos.com.ar\/2021\/el-municipio-continua-con-la-puesta-en-valor-de-las-plazas-del-distrito\/\" \/>\n<meta property=\"og:locale\" content=\"es_ES\" \/>\n<meta property=\"og:type\" content=\"article\" \/>\n<meta property=\"og:title\" content=\"El municipio contin\u00faa con la puesta en valor de las plazas del distrito - Noticias Radio Reflejos\" \/>\n<meta property=\"og:description\" content=\"Tornquist Municipio concreta la puesta en valor, embellecimiento, mantenimiento y forestaci\u00f3n de diferentes plazas del distrito.\" \/>\n<meta property=\"og:url\" content=\"https:\/\/www.noticiasradioreflejos.com.ar\/2021\/el-municipio-continua-con-la-puesta-en-valor-de-las-plazas-del-distrito\/\" \/>\n<meta property=\"og:site_name\" content=\"Noticias Radio Reflejos\" \/>\n<meta property=\"article:published_time\" content=\"2022-11-11T17:17:14+00:00\" \/>\n<meta property=\"og:image\" content=\"https:\/\/live.staticflickr.com\/65535\/52492956094_9600087207_z.jpg\" \/>\n<meta name=\"author\" content=\"Arnaldo Botto\" \/>\n<meta name=\"twitter:card\" content=\"summary_large_image\" \/>\n<script type=\"application\/ld+json\" class=\"yoast-schema-graph\">{\"@context\":\"https:\/\/schema.org\",\"@graph\":[{\"@type\":\"WebPage\",\"@id\":\"https:\/\/www.noticiasradioreflejos.com.ar\/2021\/el-municipio-continua-con-la-puesta-en-valor-de-las-plazas-del-distrito\/\",\"url\":\"https:\/\/www.noticiasradioreflejos.com.ar\/2021\/el-municipio-continua-con-la-puesta-en-valor-de-las-plazas-del-distrito\/\",\"name\":\"El municipio contin\u00faa con la puesta en valor de las plazas del distrito - Noticias Radio Reflejos\",\"isPartOf\":{\"@id\":\"https:\/\/www.noticiasradioreflejos.com.ar\/2021\/#website\"},\"primaryImageOfPage\":{\"@id\":\"https:\/\/www.noticiasradioreflejos.com.ar\/2021\/el-municipio-continua-con-la-puesta-en-valor-de-las-plazas-del-distrito\/#primaryimage\"},\"image\":{\"@id\":\"https:\/\/www.noticiasradioreflejos.com.ar\/2021\/el-municipio-continua-con-la-puesta-en-valor-de-las-plazas-del-distrito\/#primaryimage\"},\"thumbnailUrl\":\"https:\/\/live.staticflickr.com\/65535\/52492956094_9600087207_z.jpg\",\"datePublished\":\"2022-11-11T17:17:14+00:00\",\"author\":{\"@id\":\"https:\/\/www.noticiasradioreflejos.com.ar\/2021\/#\/schema\/person\/ad82545263dcc5ec0996818884fd5fb1\"},\"breadcrumb\":{\"@id\":\"https:\/\/www.noticiasradioreflejos.com.ar\/2021\/el-municipio-continua-con-la-puesta-en-valor-de-las-plazas-del-distrito\/#breadcrumb\"},\"inLanguage\":\"es\",\"potentialAction\":[{\"@type\":\"ReadAction\",\"target\":[\"https:\/\/www.noticiasradioreflejos.com.ar\/2021\/el-municipio-continua-con-la-puesta-en-valor-de-las-plazas-del-distrito\/\"]}]},{\"@type\":\"ImageObject\",\"inLanguage\":\"es\",\"@id\":\"https:\/\/www.noticiasradioreflejos.com.ar\/2021\/el-municipio-continua-con-la-puesta-en-valor-de-las-plazas-del-distrito\/#primaryimage\",\"url\":\"https:\/\/live.staticflickr.com\/65535\/52492956094_9600087207_z.jpg\",\"contentUrl\":\"https:\/\/live.staticflickr.com\/65535\/52492956094_9600087207_z.jpg\"},{\"@type\":\"BreadcrumbList\",\"@id\":\"https:\/\/www.noticiasradioreflejos.com.ar\/2021\/el-municipio-continua-con-la-puesta-en-valor-de-las-plazas-del-distrito\/#breadcrumb\",\"itemListElement\":[{\"@type\":\"ListItem\",\"position\":1,\"name\":\"Portada\",\"item\":\"https:\/\/www.noticiasradioreflejos.com.ar\/2021\/\"},{\"@type\":\"ListItem\",\"position\":2,\"name\":\"El municipio contin\u00faa con la puesta en valor de las plazas del distrito\"}]},{\"@type\":\"WebSite\",\"@id\":\"https:\/\/www.noticiasradioreflejos.com.ar\/2021\/#website\",\"url\":\"https:\/\/www.noticiasradioreflejos.com.ar\/2021\/\",\"name\":\"Noticias Radio Reflejos\",\"description\":\"Las noticias de mi comarca\",\"potentialAction\":[{\"@type\":\"SearchAction\",\"target\":{\"@type\":\"EntryPoint\",\"urlTemplate\":\"https:\/\/www.noticiasradioreflejos.com.ar\/2021\/?s={search_term_string}\"},\"query-input\":{\"@type\":\"PropertyValueSpecification\",\"valueRequired\":true,\"valueName\":\"search_term_string\"}}],\"inLanguage\":\"es\"},{\"@type\":\"Person\",\"@id\":\"https:\/\/www.noticiasradioreflejos.com.ar\/2021\/#\/schema\/person\/ad82545263dcc5ec0996818884fd5fb1\",\"name\":\"Arnaldo Botto\",\"image\":{\"@type\":\"ImageObject\",\"inLanguage\":\"es\",\"@id\":\"https:\/\/www.noticiasradioreflejos.com.ar\/2021\/#\/schema\/person\/image\/\",\"url\":\"https:\/\/secure.gravatar.com\/avatar\/55cb5e37c1efa326397366e6974cb338056df65cb50e7d64d1cf314e87504837?s=96&d=mm&r=g\",\"contentUrl\":\"https:\/\/secure.gravatar.com\/avatar\/55cb5e37c1efa326397366e6974cb338056df65cb50e7d64d1cf314e87504837?s=96&d=mm&r=g\",\"caption\":\"Arnaldo Botto\"},\"url\":\"https:\/\/www.noticiasradioreflejos.com.ar\/2021\/author\/arnaldo\/\"}]}<\/script>\n<!-- \/ Yoast SEO plugin. -->","yoast_head_json":{"title":"El municipio contin\u00faa con la puesta en valor de las plazas del distrito - Noticias Radio Reflejos","robots":{"index":"index","follow":"follow","max-snippet":"max-snippet:-1","max-image-preview":"max-image-preview:large","max-video-preview":"max-video-preview:-1"},"canonical":"https:\/\/www.noticiasradioreflejos.com.ar\/2021\/el-municipio-continua-con-la-puesta-en-valor-de-las-plazas-del-distrito\/","og_locale":"es_ES","og_type":"article","og_title":"El municipio contin\u00faa con la puesta en valor de las plazas del distrito - Noticias Radio Reflejos","og_description":"Tornquist Municipio concreta la puesta en valor, embellecimiento, mantenimiento y forestaci\u00f3n de diferentes plazas del distrito.","og_url":"https:\/\/www.noticiasradioreflejos.com.ar\/2021\/el-municipio-continua-con-la-puesta-en-valor-de-las-plazas-del-distrito\/","og_site_name":"Noticias Radio Reflejos","article_published_time":"2022-11-11T17:17:14+00:00","og_image":[{"url":"https:\/\/live.staticflickr.com\/65535\/52492956094_9600087207_z.jpg","type":"","width":"","height":""}],"author":"Arnaldo Botto","twitter_card":"summary_large_image","schema":{"@context":"https:\/\/schema.org","@graph":[{"@type":"WebPage","@id":"https:\/\/www.noticiasradioreflejos.com.ar\/2021\/el-municipio-continua-con-la-puesta-en-valor-de-las-plazas-del-distrito\/","url":"https:\/\/www.noticiasradioreflejos.com.ar\/2021\/el-municipio-continua-con-la-puesta-en-valor-de-las-plazas-del-distrito\/","name":"El municipio contin\u00faa con la puesta en valor de las plazas del distrito - Noticias Radio Reflejos","isPartOf":{"@id":"https:\/\/www.noticiasradioreflejos.com.ar\/2021\/#website"},"primaryImageOfPage":{"@id":"https:\/\/www.noticiasradioreflejos.com.ar\/2021\/el-municipio-continua-con-la-puesta-en-valor-de-las-plazas-del-distrito\/#primaryimage"},"image":{"@id":"https:\/\/www.noticiasradioreflejos.com.ar\/2021\/el-municipio-continua-con-la-puesta-en-valor-de-las-plazas-del-distrito\/#primaryimage"},"thumbnailUrl":"https:\/\/live.staticflickr.com\/65535\/52492956094_9600087207_z.jpg","datePublished":"2022-11-11T17:17:14+00:00","author":{"@id":"https:\/\/www.noticiasradioreflejos.com.ar\/2021\/#\/schema\/person\/ad82545263dcc5ec0996818884fd5fb1"},"breadcrumb":{"@id":"https:\/\/www.noticiasradioreflejos.com.ar\/2021\/el-municipio-continua-con-la-puesta-en-valor-de-las-plazas-del-distrito\/#breadcrumb"},"inLanguage":"es","potentialAction":[{"@type":"ReadAction","target":["https:\/\/www.noticiasradioreflejos.com.ar\/2021\/el-municipio-continua-con-la-puesta-en-valor-de-las-plazas-del-distrito\/"]}]},{"@type":"ImageObject","inLanguage":"es","@id":"https:\/\/www.noticiasradioreflejos.com.ar\/2021\/el-municipio-continua-con-la-puesta-en-valor-de-las-plazas-del-distrito\/#primaryimage","url":"https:\/\/live.staticflickr.com\/65535\/52492956094_9600087207_z.jpg","contentUrl":"https:\/\/live.staticflickr.com\/65535\/52492956094_9600087207_z.jpg"},{"@type":"BreadcrumbList","@id":"https:\/\/www.noticiasradioreflejos.com.ar\/2021\/el-municipio-continua-con-la-puesta-en-valor-de-las-plazas-del-distrito\/#breadcrumb","itemListElement":[{"@type":"ListItem","position":1,"name":"Portada","item":"https:\/\/www.noticiasradioreflejos.com.ar\/2021\/"},{"@type":"ListItem","position":2,"name":"El municipio contin\u00faa con la puesta en valor de las plazas del distrito"}]},{"@type":"WebSite","@id":"https:\/\/www.noticiasradioreflejos.com.ar\/2021\/#website","url":"https:\/\/www.noticiasradioreflejos.com.ar\/2021\/","name":"Noticias Radio Reflejos","description":"Las noticias de mi comarca","potentialAction":[{"@type":"SearchAction","target":{"@type":"EntryPoint","urlTemplate":"https:\/\/www.noticiasradioreflejos.com.ar\/2021\/?s={search_term_string}"},"query-input":{"@type":"PropertyValueSpecification","valueRequired":true,"valueName":"search_term_string"}}],"inLanguage":"es"},{"@type":"Person","@id":"https:\/\/www.noticiasradioreflejos.com.ar\/2021\/#\/schema\/person\/ad82545263dcc5ec0996818884fd5fb1","name":"Arnaldo Botto","image":{"@type":"ImageObject","inLanguage":"es","@id":"https:\/\/www.noticiasradioreflejos.com.ar\/2021\/#\/schema\/person\/image\/","url":"https:\/\/secure.gravatar.com\/avatar\/55cb5e37c1efa326397366e6974cb338056df65cb50e7d64d1cf314e87504837?s=96&d=mm&r=g","contentUrl":"https:\/\/secure.gravatar.com\/avatar\/55cb5e37c1efa326397366e6974cb338056df65cb50e7d64d1cf314e87504837?s=96&d=mm&r=g","caption":"Arnaldo Botto"},"url":"https:\/\/www.noticiasradioreflejos.com.ar\/2021\/author\/arnaldo\/"}]}},"_links":{"self":[{"href":"https:\/\/www.noticiasradioreflejos.com.ar\/2021\/wp-json\/wp\/v2\/posts\/80022","targetHints":{"allow":["GET"]}}],"collection":[{"href":"https:\/\/www.noticiasradioreflejos.com.ar\/2021\/wp-json\/wp\/v2\/posts"}],"about":[{"href":"https:\/\/www.noticiasradioreflejos.com.ar\/2021\/wp-json\/wp\/v2\/types\/post"}],"author":[{"embeddable":true,"href":"https:\/\/www.noticiasradioreflejos.com.ar\/2021\/wp-json\/wp\/v2\/users\/3"}],"replies":[{"embeddable":true,"href":"https:\/\/www.noticiasradioreflejos.com.ar\/2021\/wp-json\/wp\/v2\/comments?post=80022"}],"version-history":[{"count":1,"href":"https:\/\/www.noticiasradioreflejos.com.ar\/2021\/wp-json\/wp\/v2\/posts\/80022\/revisions"}],"predecessor-version":[{"id":80024,"href":"https:\/\/www.noticiasradioreflejos.com.ar\/2021\/wp-json\/wp\/v2\/posts\/80022\/revisions\/80024"}],"wp:attachment":[{"href":"https:\/\/www.noticiasradioreflejos.com.ar\/2021\/wp-json\/wp\/v2\/media?parent=80022"}],"wp:term":[{"taxonomy":"category","embeddable":true,"href":"https:\/\/www.noticiasradioreflejos.com.ar\/2021\/wp-json\/wp\/v2\/categories?post=80022"},{"taxonomy":"post_tag","embeddable":true,"href":"https:\/\/www.noticiasradioreflejos.com.ar\/2021\/wp-json\/wp\/v2\/tags?post=80022"}],"curies":[{"name":"wp","href":"https:\/\/api.w.org\/{rel}","templated":true}]}}