{"id":80017,"date":"2022-11-11T17:07:14","date_gmt":"2022-11-11T17:07:14","guid":{"rendered":"http:\/\/www.noticiasradioreflejos.com.ar\/2021\/?p=80017"},"modified":"2022-11-14T15:10:50","modified_gmt":"2022-11-14T15:10:50","slug":"inauguracion-de-las-instalaciones-recreativas-del-sindicato-telefonico","status":"publish","type":"post","link":"https:\/\/www.noticiasradioreflejos.com.ar\/2021\/inauguracion-de-las-instalaciones-recreativas-del-sindicato-telefonico\/","title":{"rendered":"Inauguraci\u00f3n de las instalaciones recreativas del Sindicato Telef\u00f3nico"},"content":{"rendered":"<p>En el d\u00eda de ayer se realiz\u00f3 el acto inaugural de las instalaciones recreativas que el Sindicato Telef\u00f3nico de Bah\u00eda Blanca posee en la localidad de Sierra de la Ventana. <!--more--><\/p>\n<p><a title=\"10\" href=\"https:\/\/www.flickr.com\/photos\/182279889@N02\/52498918242\/in\/dateposted-public\/\" data-flickr-embed=\"true\"><img loading=\"lazy\" decoding=\"async\" src=\"https:\/\/live.staticflickr.com\/65535\/52498918242_fbe05f228a_c.jpg\" alt=\"10\" width=\"800\" height=\"533\" \/><\/a><\/p>\n<p>En el mismo hicieron uso de la palabra Hugo Astorga, secretario adjunto del SOEESIT Bah\u00eda Blanca, qui\u00e9n resalt\u00f3 la importante labor de los sindicatos en su conjunto como componentes del turismo social siendo esta inauguraci\u00f3n un aporte importante que refleja nuestro compromiso social con la comarca.<\/p>\n<p>A su vez Daniel Rodr\u00edguez, secretario general del SOEESIT Bah\u00eda Blanca, resalt\u00f3 la concreci\u00f3n de la obra con recursos genuinos de los trabajadores, consolidando as\u00ed el segundo complejo continuador del que se posee en la localidad de Monte Hermoso.<\/p>\n<p><a title=\"11\" href=\"https:\/\/www.flickr.com\/photos\/182279889@N02\/52498918522\/in\/dateposted-public\/\" data-flickr-embed=\"true\"><img loading=\"lazy\" decoding=\"async\" src=\"https:\/\/live.staticflickr.com\/65535\/52498918522_6546399612_c.jpg\" alt=\"11\" width=\"800\" height=\"533\" \/><\/a><\/p>\n<p><a title=\"08\" href=\"https:\/\/www.flickr.com\/photos\/182279889@N02\/52499884130\/in\/dateposted-public\/\" data-flickr-embed=\"true\"><img loading=\"lazy\" decoding=\"async\" src=\"https:\/\/live.staticflickr.com\/65535\/52499884130_04583417be_c.jpg\" alt=\"08\" width=\"800\" height=\"533\" \/><\/a><\/p>\n","protected":false},"excerpt":{"rendered":"<p>En el d\u00eda de ayer se realiz\u00f3 el acto inaugural de las instalaciones recreativas que el Sindicato Telef\u00f3nico de Bah\u00eda Blanca posee en la localidad de Sierra de la Ventana.<\/p>\n","protected":false},"author":3,"featured_media":0,"comment_status":"closed","ping_status":"closed","sticky":false,"template":"","format":"standard","meta":{"footnotes":""},"categories":[26],"tags":[],"class_list":["post-80017","post","type-post","status-publish","format-standard","hentry","category-sociedad"],"yoast_head":"<!-- This site is optimized with the Yoast SEO plugin v25.9 - https:\/\/yoast.com\/wordpress\/plugins\/seo\/ -->\n<title>Inauguraci\u00f3n de las instalaciones recreativas del Sindicato Telef\u00f3nico - Noticias Radio Reflejos<\/title>\n<meta name=\"robots\" content=\"index, follow, max-snippet:-1, max-image-preview:large, max-video-preview:-1\" \/>\n<link rel=\"canonical\" href=\"https:\/\/www.noticiasradioreflejos.com.ar\/2021\/inauguracion-de-las-instalaciones-recreativas-del-sindicato-telefonico\/\" \/>\n<meta property=\"og:locale\" content=\"es_ES\" \/>\n<meta property=\"og:type\" content=\"article\" \/>\n<meta property=\"og:title\" content=\"Inauguraci\u00f3n de las instalaciones recreativas del Sindicato Telef\u00f3nico - Noticias Radio Reflejos\" \/>\n<meta property=\"og:description\" content=\"En el d\u00eda de ayer se realiz\u00f3 el acto inaugural de las instalaciones recreativas que el Sindicato Telef\u00f3nico de Bah\u00eda Blanca posee en la localidad de Sierra de la Ventana.\" \/>\n<meta property=\"og:url\" content=\"https:\/\/www.noticiasradioreflejos.com.ar\/2021\/inauguracion-de-las-instalaciones-recreativas-del-sindicato-telefonico\/\" \/>\n<meta property=\"og:site_name\" content=\"Noticias Radio Reflejos\" \/>\n<meta property=\"article:published_time\" content=\"2022-11-11T17:07:14+00:00\" \/>\n<meta property=\"article:modified_time\" content=\"2022-11-14T15:10:50+00:00\" \/>\n<meta property=\"og:image\" content=\"https:\/\/live.staticflickr.com\/65535\/52498918242_fbe05f228a_c.jpg\" \/>\n<meta name=\"author\" content=\"Arnaldo Botto\" \/>\n<meta name=\"twitter:card\" content=\"summary_large_image\" \/>\n<script type=\"application\/ld+json\" class=\"yoast-schema-graph\">{\"@context\":\"https:\/\/schema.org\",\"@graph\":[{\"@type\":\"WebPage\",\"@id\":\"https:\/\/www.noticiasradioreflejos.com.ar\/2021\/inauguracion-de-las-instalaciones-recreativas-del-sindicato-telefonico\/\",\"url\":\"https:\/\/www.noticiasradioreflejos.com.ar\/2021\/inauguracion-de-las-instalaciones-recreativas-del-sindicato-telefonico\/\",\"name\":\"Inauguraci\u00f3n de las instalaciones recreativas del Sindicato Telef\u00f3nico - Noticias Radio Reflejos\",\"isPartOf\":{\"@id\":\"https:\/\/www.noticiasradioreflejos.com.ar\/2021\/#website\"},\"primaryImageOfPage\":{\"@id\":\"https:\/\/www.noticiasradioreflejos.com.ar\/2021\/inauguracion-de-las-instalaciones-recreativas-del-sindicato-telefonico\/#primaryimage\"},\"image\":{\"@id\":\"https:\/\/www.noticiasradioreflejos.com.ar\/2021\/inauguracion-de-las-instalaciones-recreativas-del-sindicato-telefonico\/#primaryimage\"},\"thumbnailUrl\":\"https:\/\/live.staticflickr.com\/65535\/52498918242_fbe05f228a_c.jpg\",\"datePublished\":\"2022-11-11T17:07:14+00:00\",\"dateModified\":\"2022-11-14T15:10:50+00:00\",\"author\":{\"@id\":\"https:\/\/www.noticiasradioreflejos.com.ar\/2021\/#\/schema\/person\/ad82545263dcc5ec0996818884fd5fb1\"},\"breadcrumb\":{\"@id\":\"https:\/\/www.noticiasradioreflejos.com.ar\/2021\/inauguracion-de-las-instalaciones-recreativas-del-sindicato-telefonico\/#breadcrumb\"},\"inLanguage\":\"es\",\"potentialAction\":[{\"@type\":\"ReadAction\",\"target\":[\"https:\/\/www.noticiasradioreflejos.com.ar\/2021\/inauguracion-de-las-instalaciones-recreativas-del-sindicato-telefonico\/\"]}]},{\"@type\":\"ImageObject\",\"inLanguage\":\"es\",\"@id\":\"https:\/\/www.noticiasradioreflejos.com.ar\/2021\/inauguracion-de-las-instalaciones-recreativas-del-sindicato-telefonico\/#primaryimage\",\"url\":\"https:\/\/live.staticflickr.com\/65535\/52498918242_fbe05f228a_c.jpg\",\"contentUrl\":\"https:\/\/live.staticflickr.com\/65535\/52498918242_fbe05f228a_c.jpg\"},{\"@type\":\"BreadcrumbList\",\"@id\":\"https:\/\/www.noticiasradioreflejos.com.ar\/2021\/inauguracion-de-las-instalaciones-recreativas-del-sindicato-telefonico\/#breadcrumb\",\"itemListElement\":[{\"@type\":\"ListItem\",\"position\":1,\"name\":\"Portada\",\"item\":\"https:\/\/www.noticiasradioreflejos.com.ar\/2021\/\"},{\"@type\":\"ListItem\",\"position\":2,\"name\":\"Inauguraci\u00f3n de las instalaciones recreativas del Sindicato Telef\u00f3nico\"}]},{\"@type\":\"WebSite\",\"@id\":\"https:\/\/www.noticiasradioreflejos.com.ar\/2021\/#website\",\"url\":\"https:\/\/www.noticiasradioreflejos.com.ar\/2021\/\",\"name\":\"Noticias Radio Reflejos\",\"description\":\"Las noticias de mi comarca\",\"potentialAction\":[{\"@type\":\"SearchAction\",\"target\":{\"@type\":\"EntryPoint\",\"urlTemplate\":\"https:\/\/www.noticiasradioreflejos.com.ar\/2021\/?s={search_term_string}\"},\"query-input\":{\"@type\":\"PropertyValueSpecification\",\"valueRequired\":true,\"valueName\":\"search_term_string\"}}],\"inLanguage\":\"es\"},{\"@type\":\"Person\",\"@id\":\"https:\/\/www.noticiasradioreflejos.com.ar\/2021\/#\/schema\/person\/ad82545263dcc5ec0996818884fd5fb1\",\"name\":\"Arnaldo Botto\",\"image\":{\"@type\":\"ImageObject\",\"inLanguage\":\"es\",\"@id\":\"https:\/\/www.noticiasradioreflejos.com.ar\/2021\/#\/schema\/person\/image\/\",\"url\":\"https:\/\/secure.gravatar.com\/avatar\/55cb5e37c1efa326397366e6974cb338056df65cb50e7d64d1cf314e87504837?s=96&d=mm&r=g\",\"contentUrl\":\"https:\/\/secure.gravatar.com\/avatar\/55cb5e37c1efa326397366e6974cb338056df65cb50e7d64d1cf314e87504837?s=96&d=mm&r=g\",\"caption\":\"Arnaldo Botto\"},\"url\":\"https:\/\/www.noticiasradioreflejos.com.ar\/2021\/author\/arnaldo\/\"}]}<\/script>\n<!-- \/ Yoast SEO plugin. -->","yoast_head_json":{"title":"Inauguraci\u00f3n de las instalaciones recreativas del Sindicato Telef\u00f3nico - Noticias Radio Reflejos","robots":{"index":"index","follow":"follow","max-snippet":"max-snippet:-1","max-image-preview":"max-image-preview:large","max-video-preview":"max-video-preview:-1"},"canonical":"https:\/\/www.noticiasradioreflejos.com.ar\/2021\/inauguracion-de-las-instalaciones-recreativas-del-sindicato-telefonico\/","og_locale":"es_ES","og_type":"article","og_title":"Inauguraci\u00f3n de las instalaciones recreativas del Sindicato Telef\u00f3nico - Noticias Radio Reflejos","og_description":"En el d\u00eda de ayer se realiz\u00f3 el acto inaugural de las instalaciones recreativas que el Sindicato Telef\u00f3nico de Bah\u00eda Blanca posee en la localidad de Sierra de la Ventana.","og_url":"https:\/\/www.noticiasradioreflejos.com.ar\/2021\/inauguracion-de-las-instalaciones-recreativas-del-sindicato-telefonico\/","og_site_name":"Noticias Radio Reflejos","article_published_time":"2022-11-11T17:07:14+00:00","article_modified_time":"2022-11-14T15:10:50+00:00","og_image":[{"url":"https:\/\/live.staticflickr.com\/65535\/52498918242_fbe05f228a_c.jpg","type":"","width":"","height":""}],"author":"Arnaldo Botto","twitter_card":"summary_large_image","schema":{"@context":"https:\/\/schema.org","@graph":[{"@type":"WebPage","@id":"https:\/\/www.noticiasradioreflejos.com.ar\/2021\/inauguracion-de-las-instalaciones-recreativas-del-sindicato-telefonico\/","url":"https:\/\/www.noticiasradioreflejos.com.ar\/2021\/inauguracion-de-las-instalaciones-recreativas-del-sindicato-telefonico\/","name":"Inauguraci\u00f3n de las instalaciones recreativas del Sindicato Telef\u00f3nico - Noticias Radio Reflejos","isPartOf":{"@id":"https:\/\/www.noticiasradioreflejos.com.ar\/2021\/#website"},"primaryImageOfPage":{"@id":"https:\/\/www.noticiasradioreflejos.com.ar\/2021\/inauguracion-de-las-instalaciones-recreativas-del-sindicato-telefonico\/#primaryimage"},"image":{"@id":"https:\/\/www.noticiasradioreflejos.com.ar\/2021\/inauguracion-de-las-instalaciones-recreativas-del-sindicato-telefonico\/#primaryimage"},"thumbnailUrl":"https:\/\/live.staticflickr.com\/65535\/52498918242_fbe05f228a_c.jpg","datePublished":"2022-11-11T17:07:14+00:00","dateModified":"2022-11-14T15:10:50+00:00","author":{"@id":"https:\/\/www.noticiasradioreflejos.com.ar\/2021\/#\/schema\/person\/ad82545263dcc5ec0996818884fd5fb1"},"breadcrumb":{"@id":"https:\/\/www.noticiasradioreflejos.com.ar\/2021\/inauguracion-de-las-instalaciones-recreativas-del-sindicato-telefonico\/#breadcrumb"},"inLanguage":"es","potentialAction":[{"@type":"ReadAction","target":["https:\/\/www.noticiasradioreflejos.com.ar\/2021\/inauguracion-de-las-instalaciones-recreativas-del-sindicato-telefonico\/"]}]},{"@type":"ImageObject","inLanguage":"es","@id":"https:\/\/www.noticiasradioreflejos.com.ar\/2021\/inauguracion-de-las-instalaciones-recreativas-del-sindicato-telefonico\/#primaryimage","url":"https:\/\/live.staticflickr.com\/65535\/52498918242_fbe05f228a_c.jpg","contentUrl":"https:\/\/live.staticflickr.com\/65535\/52498918242_fbe05f228a_c.jpg"},{"@type":"BreadcrumbList","@id":"https:\/\/www.noticiasradioreflejos.com.ar\/2021\/inauguracion-de-las-instalaciones-recreativas-del-sindicato-telefonico\/#breadcrumb","itemListElement":[{"@type":"ListItem","position":1,"name":"Portada","item":"https:\/\/www.noticiasradioreflejos.com.ar\/2021\/"},{"@type":"ListItem","position":2,"name":"Inauguraci\u00f3n de las instalaciones recreativas del Sindicato Telef\u00f3nico"}]},{"@type":"WebSite","@id":"https:\/\/www.noticiasradioreflejos.com.ar\/2021\/#website","url":"https:\/\/www.noticiasradioreflejos.com.ar\/2021\/","name":"Noticias Radio Reflejos","description":"Las noticias de mi comarca","potentialAction":[{"@type":"SearchAction","target":{"@type":"EntryPoint","urlTemplate":"https:\/\/www.noticiasradioreflejos.com.ar\/2021\/?s={search_term_string}"},"query-input":{"@type":"PropertyValueSpecification","valueRequired":true,"valueName":"search_term_string"}}],"inLanguage":"es"},{"@type":"Person","@id":"https:\/\/www.noticiasradioreflejos.com.ar\/2021\/#\/schema\/person\/ad82545263dcc5ec0996818884fd5fb1","name":"Arnaldo Botto","image":{"@type":"ImageObject","inLanguage":"es","@id":"https:\/\/www.noticiasradioreflejos.com.ar\/2021\/#\/schema\/person\/image\/","url":"https:\/\/secure.gravatar.com\/avatar\/55cb5e37c1efa326397366e6974cb338056df65cb50e7d64d1cf314e87504837?s=96&d=mm&r=g","contentUrl":"https:\/\/secure.gravatar.com\/avatar\/55cb5e37c1efa326397366e6974cb338056df65cb50e7d64d1cf314e87504837?s=96&d=mm&r=g","caption":"Arnaldo Botto"},"url":"https:\/\/www.noticiasradioreflejos.com.ar\/2021\/author\/arnaldo\/"}]}},"_links":{"self":[{"href":"https:\/\/www.noticiasradioreflejos.com.ar\/2021\/wp-json\/wp\/v2\/posts\/80017","targetHints":{"allow":["GET"]}}],"collection":[{"href":"https:\/\/www.noticiasradioreflejos.com.ar\/2021\/wp-json\/wp\/v2\/posts"}],"about":[{"href":"https:\/\/www.noticiasradioreflejos.com.ar\/2021\/wp-json\/wp\/v2\/types\/post"}],"author":[{"embeddable":true,"href":"https:\/\/www.noticiasradioreflejos.com.ar\/2021\/wp-json\/wp\/v2\/users\/3"}],"replies":[{"embeddable":true,"href":"https:\/\/www.noticiasradioreflejos.com.ar\/2021\/wp-json\/wp\/v2\/comments?post=80017"}],"version-history":[{"count":3,"href":"https:\/\/www.noticiasradioreflejos.com.ar\/2021\/wp-json\/wp\/v2\/posts\/80017\/revisions"}],"predecessor-version":[{"id":80083,"href":"https:\/\/www.noticiasradioreflejos.com.ar\/2021\/wp-json\/wp\/v2\/posts\/80017\/revisions\/80083"}],"wp:attachment":[{"href":"https:\/\/www.noticiasradioreflejos.com.ar\/2021\/wp-json\/wp\/v2\/media?parent=80017"}],"wp:term":[{"taxonomy":"category","embeddable":true,"href":"https:\/\/www.noticiasradioreflejos.com.ar\/2021\/wp-json\/wp\/v2\/categories?post=80017"},{"taxonomy":"post_tag","embeddable":true,"href":"https:\/\/www.noticiasradioreflejos.com.ar\/2021\/wp-json\/wp\/v2\/tags?post=80017"}],"curies":[{"name":"wp","href":"https:\/\/api.w.org\/{rel}","templated":true}]}}